{"id":18378,"date":"2025-01-19T17:00:15","date_gmt":"2025-01-19T16:00:15","guid":{"rendered":"https:\/\/contactfm72.fr\/?p=18378"},"modified":"2025-01-17T11:31:40","modified_gmt":"2025-01-17T10:31:40","slug":"alban-jousse-a-fait-son-stage-de-3eme-chez-contact-fm","status":"publish","type":"post","link":"https:\/\/contactfm72.fr\/?p=18378","title":{"rendered":"Alban Jousse a fait son stage de 3\u00e8me chez Contact FM"},"content":{"rendered":"<div class=\"\" data-block=\"true\" data-editor=\"ehh3f\" data-offset-key=\"9megv-0-0\">\n<div data-offset-key=\"9megv-0-0\">Alban veut devenir journaliste sportif !<\/div>\n<div data-offset-key=\"9megv-0-0\"><\/div>\n<div class=\"_1mf _1mj\" data-offset-key=\"9megv-0-0\"><span data-offset-key=\"9megv-0-0\">Curieux de conna\u00eetre les coulisses de la radio et \u00e9l\u00e8ve au coll\u00e8ge de T\u00e9loch\u00e9, il a pass\u00e9 quatre jours \u00e0 Contact FM. Il a d\u00e9couvert les coulisses du m\u00e9dia, a assist\u00e9 aux journaux en direct, \u00e0 des enregistrements de magazines en studio et est \u00e9galement all\u00e9 sur le terrain pour d\u00e9couvrir ce qu\u2019est un reportage.<\/span><\/div>\n<\/div>\n<div class=\"\" data-block=\"true\" data-editor=\"ehh3f\" data-offset-key=\"lq5l-0-0\">\n<div class=\"_1mf _1mj\" data-offset-key=\"lq5l-0-0\"><span data-offset-key=\"lq5l-0-0\">\u00a0<\/span><\/div>\n<\/div>\n<div class=\"\" data-block=\"true\" data-editor=\"ehh3f\" data-offset-key=\"308vf-0-0\">\n<div class=\"_1mf _1mj\" data-offset-key=\"308vf-0-0\"><span data-offset-key=\"308vf-0-0\">Alban est passionn\u00e9 par le sport mais \u00e9galement par la culture geek (cin\u00e9mas, jeux-vid\u00e9o, s\u00e9ries, mangas), il a con\u00e7u, enregistr\u00e9 sa chronique et il vous parle du Geek Life Festival qui s&#8217;est d\u00e9roul\u00e9 le week-end du 18 et 19 janvier au Mans. Il teste aussi vos connaissances avec un quiz musical. Le coll\u00e9gien en parle dans \u201cL\u2019\u00e9cho de la jeunesse\u201d dimanche 19 janvier \u00e0 19h et mercredi 22 janvier \u00e0 14h.<\/span><\/div>\n<\/div>\n<div data-offset-key=\"308vf-0-0\"><\/div>\n<div data-offset-key=\"308vf-0-0\"><div id=\"audioigniter-299\" class=\"audioigniter-root \" data-player-type=\"full\" data-tracks-url=\"https:\/\/contactfm72.fr\/?audioigniter_playlist_id=299\" data-display-track-no=\"false\" data-reverse-track-order=\"false\" data-display-tracklist-covers=\"false\" data-display-active-cover=\"false\" data-display-artist-names=\"false\" data-display-buy-buttons=\"true\" data-buy-buttons-target=\"false\" data-cycle-tracks=\"false\" data-display-credits=\"false\" data-display-tracklist=\"true\" data-allow-tracklist-toggle=\"true\" data-allow-tracklist-loop=\"true\" data-limit-tracklist-height=\"true\" data-volume=\"100\" data-tracklist-height=\"185\" data-allow-track-loop=\"false\" ><\/div><\/div>\n<!-- AddThis Advanced Settings generic via filter on the_content --><!-- AddThis Share Buttons generic via filter on the_content -->","protected":false},"excerpt":{"rendered":"<p>Alban veut devenir journaliste sportif ! Curieux de conna\u00eetre les coulisses de la radio et \u00e9l\u00e8ve au coll\u00e8ge de T\u00e9loch\u00e9, il a pass\u00e9 quatre jours \u00e0 Contact FM. Il a d\u00e9couvert les coulisses du m\u00e9dia, a assist\u00e9 aux journaux en direct, \u00e0 des enregistrements de magazines en studio et est \u00e9galement all\u00e9 sur le terrain&hellip;<!-- AddThis Advanced Settings generic via filter on get_the_excerpt --><!-- AddThis Share Buttons generic via filter on get_the_excerpt --><\/p>\n","protected":false},"author":5,"featured_media":18380,"comment_status":"closed","ping_status":"open","sticky":false,"template":"","format":"standard","meta":{"footnotes":""},"categories":[1,7],"tags":[],"class_list":["post-18378","post","type-post","status-publish","format-standard","has-post-thumbnail","hentry","category-contact-fm-72","category-lecho-de-la-jeunesse","category-1","category-7","description-off"],"yoast_head":"<!-- This site is optimized with the Yoast SEO plugin v27.4 - https:\/\/yoast.com\/product\/yoast-seo-wordpress\/ -->\n<title>Alban Jousse a fait son stage de 3\u00e8me chez Contact FM - Contact FM 99.3<\/title>\n<meta name=\"description\" content=\"Alban veut devenir journaliste sportif !Curieux de conna\u00eetre les coulisses de la radio et \u00e9l\u00e8ve au coll\u00e8ge de T\u00e9loch\u00e9, il a pass\u00e9 quatre jours \u00e0 Contact FM. Il a d\u00e9couvert les coulisses du m\u00e9dia, a assist\u00e9 aux journaux en direct, \u00e0 des enregistrements de magazines en studio et est \u00e9galement all\u00e9 sur le terrain pour d\u00e9couvrir ce qu\u2019est un reportage.\u00a0Alban est passionn\u00e9 par le sport mais \u00e9galement par la culture geek (cin\u00e9mas, jeux-vid\u00e9o, s\u00e9ries, mangas), il a con\u00e7u, enregistr\u00e9 sa chronique et il vous parle du Geek Life Festival qui r\u00e9unit toutes les formes de la pop-culture et teste aussi vos connaissances avec un quiz musical. Le coll\u00e9gien en parle dans \u201cL\u2019\u00e9cho de la jeunesse\u201d dimanche 19 janvier \u00e0 19h et mercredi 22 novembre \u00e0 14h.\" \/>\n<meta name=\"robots\" content=\"index, follow, max-snippet:-1, max-image-preview:large, max-video-preview:-1\" \/>\n<link rel=\"canonical\" href=\"https:\/\/contactfm72.fr\/?p=18378\" \/>\n<meta property=\"og:locale\" content=\"fr_FR\" \/>\n<meta property=\"og:type\" content=\"article\" \/>\n<meta property=\"og:title\" content=\"Alban Jousse a fait son stage de 3\u00e8me chez Contact FM - Contact FM 99.3\" \/>\n<meta property=\"og:description\" content=\"Alban veut devenir journaliste sportif !Curieux de conna\u00eetre les coulisses de la radio et \u00e9l\u00e8ve au coll\u00e8ge de T\u00e9loch\u00e9, il a pass\u00e9 quatre jours \u00e0 Contact FM. Il a d\u00e9couvert les coulisses du m\u00e9dia, a assist\u00e9 aux journaux en direct, \u00e0 des enregistrements de magazines en studio et est \u00e9galement all\u00e9 sur le terrain pour d\u00e9couvrir ce qu\u2019est un reportage.\u00a0Alban est passionn\u00e9 par le sport mais \u00e9galement par la culture geek (cin\u00e9mas, jeux-vid\u00e9o, s\u00e9ries, mangas), il a con\u00e7u, enregistr\u00e9 sa chronique et il vous parle du Geek Life Festival qui r\u00e9unit toutes les formes de la pop-culture et teste aussi vos connaissances avec un quiz musical. Le coll\u00e9gien en parle dans \u201cL\u2019\u00e9cho de la jeunesse\u201d dimanche 19 janvier \u00e0 19h et mercredi 22 novembre \u00e0 14h.\" \/>\n<meta property=\"og:url\" content=\"https:\/\/contactfm72.fr\/?p=18378\" \/>\n<meta property=\"og:site_name\" content=\"Contact FM 99.3\" \/>\n<meta property=\"article:publisher\" content=\"https:\/\/www.facebook.com\/Contactfm.Chateauduloir\" \/>\n<meta property=\"article:published_time\" content=\"2025-01-19T16:00:15+00:00\" \/>\n<meta property=\"og:image\" content=\"https:\/\/contactfm72.fr\/wp-content\/uploads\/2025\/01\/Visuel-Contact-FM-2-2.png\" \/>\n\t<meta property=\"og:image:width\" content=\"1024\" \/>\n\t<meta property=\"og:image:height\" content=\"768\" \/>\n\t<meta property=\"og:image:type\" content=\"image\/png\" \/>\n<meta name=\"author\" content=\"redaction2@contactfm72.fr\" \/>\n<meta name=\"twitter:card\" content=\"summary_large_image\" \/>\n<meta name=\"twitter:creator\" content=\"@contactfm72\" \/>\n<meta name=\"twitter:site\" content=\"@contactfm72\" \/>\n<meta name=\"twitter:label1\" content=\"\u00c9crit par\" \/>\n\t<meta name=\"twitter:data1\" content=\"redaction2@contactfm72.fr\" \/>\n\t<meta name=\"twitter:label2\" content=\"Dur\u00e9e de lecture estim\u00e9e\" \/>\n\t<meta name=\"twitter:data2\" content=\"1 minute\" \/>\n<script type=\"application\/ld+json\" class=\"yoast-schema-graph\">{\"@context\":\"https:\\\/\\\/schema.org\",\"@graph\":[{\"@type\":\"Article\",\"@id\":\"https:\\\/\\\/contactfm72.fr\\\/?p=18378#article\",\"isPartOf\":{\"@id\":\"https:\\\/\\\/contactfm72.fr\\\/?p=18378\"},\"author\":{\"name\":\"redaction2@contactfm72.fr\",\"@id\":\"https:\\\/\\\/contactfm72.fr\\\/#\\\/schema\\\/person\\\/d2ef09cdea7331b185acaddc4d14dda8\"},\"headline\":\"Alban Jousse a fait son stage de 3\u00e8me chez Contact FM\",\"datePublished\":\"2025-01-19T16:00:15+00:00\",\"mainEntityOfPage\":{\"@id\":\"https:\\\/\\\/contactfm72.fr\\\/?p=18378\"},\"wordCount\":153,\"publisher\":{\"@id\":\"https:\\\/\\\/contactfm72.fr\\\/#organization\"},\"image\":{\"@id\":\"https:\\\/\\\/contactfm72.fr\\\/?p=18378#primaryimage\"},\"thumbnailUrl\":\"https:\\\/\\\/contactfm72.fr\\\/wp-content\\\/uploads\\\/2025\\\/01\\\/Visuel-Contact-FM-2-2.png\",\"articleSection\":[\"Contact FM 72\",\"L\u2019\u00e9cho de la Jeunesse\"],\"inLanguage\":\"fr-FR\"},{\"@type\":\"WebPage\",\"@id\":\"https:\\\/\\\/contactfm72.fr\\\/?p=18378\",\"url\":\"https:\\\/\\\/contactfm72.fr\\\/?p=18378\",\"name\":\"Alban Jousse a fait son stage de 3\u00e8me chez Contact FM - Contact FM 99.3\",\"isPartOf\":{\"@id\":\"https:\\\/\\\/contactfm72.fr\\\/#website\"},\"primaryImageOfPage\":{\"@id\":\"https:\\\/\\\/contactfm72.fr\\\/?p=18378#primaryimage\"},\"image\":{\"@id\":\"https:\\\/\\\/contactfm72.fr\\\/?p=18378#primaryimage\"},\"thumbnailUrl\":\"https:\\\/\\\/contactfm72.fr\\\/wp-content\\\/uploads\\\/2025\\\/01\\\/Visuel-Contact-FM-2-2.png\",\"datePublished\":\"2025-01-19T16:00:15+00:00\",\"description\":\"Alban veut devenir journaliste sportif !Curieux de conna\u00eetre les coulisses de la radio et \u00e9l\u00e8ve au coll\u00e8ge de T\u00e9loch\u00e9, il a pass\u00e9 quatre jours \u00e0 Contact FM. Il a d\u00e9couvert les coulisses du m\u00e9dia, a assist\u00e9 aux journaux en direct, \u00e0 des enregistrements de magazines en studio et est \u00e9galement all\u00e9 sur le terrain pour d\u00e9couvrir ce qu\u2019est un reportage.\u00a0Alban est passionn\u00e9 par le sport mais \u00e9galement par la culture geek (cin\u00e9mas, jeux-vid\u00e9o, s\u00e9ries, mangas), il a con\u00e7u, enregistr\u00e9 sa chronique et il vous parle du Geek Life Festival qui r\u00e9unit toutes les formes de la pop-culture et teste aussi vos connaissances avec un quiz musical. Le coll\u00e9gien en parle dans \u201cL\u2019\u00e9cho de la jeunesse\u201d dimanche 19 janvier \u00e0 19h et mercredi 22 novembre \u00e0 14h.\",\"breadcrumb\":{\"@id\":\"https:\\\/\\\/contactfm72.fr\\\/?p=18378#breadcrumb\"},\"inLanguage\":\"fr-FR\",\"potentialAction\":[{\"@type\":\"ReadAction\",\"target\":[\"https:\\\/\\\/contactfm72.fr\\\/?p=18378\"]}]},{\"@type\":\"ImageObject\",\"inLanguage\":\"fr-FR\",\"@id\":\"https:\\\/\\\/contactfm72.fr\\\/?p=18378#primaryimage\",\"url\":\"https:\\\/\\\/contactfm72.fr\\\/wp-content\\\/uploads\\\/2025\\\/01\\\/Visuel-Contact-FM-2-2.png\",\"contentUrl\":\"https:\\\/\\\/contactfm72.fr\\\/wp-content\\\/uploads\\\/2025\\\/01\\\/Visuel-Contact-FM-2-2.png\",\"width\":2016,\"height\":1512},{\"@type\":\"BreadcrumbList\",\"@id\":\"https:\\\/\\\/contactfm72.fr\\\/?p=18378#breadcrumb\",\"itemListElement\":[{\"@type\":\"ListItem\",\"position\":1,\"name\":\"Accueil\",\"item\":\"https:\\\/\\\/contactfm72.fr\\\/\"},{\"@type\":\"ListItem\",\"position\":2,\"name\":\"Alban Jousse a fait son stage de 3\u00e8me chez Contact FM\"}]},{\"@type\":\"WebSite\",\"@id\":\"https:\\\/\\\/contactfm72.fr\\\/#website\",\"url\":\"https:\\\/\\\/contactfm72.fr\\\/\",\"name\":\"Contact FM 99.3\",\"description\":\"Votre radio en vall\u00e9e du Loir\",\"publisher\":{\"@id\":\"https:\\\/\\\/contactfm72.fr\\\/#organization\"},\"potentialAction\":[{\"@type\":\"SearchAction\",\"target\":{\"@type\":\"EntryPoint\",\"urlTemplate\":\"https:\\\/\\\/contactfm72.fr\\\/?s={search_term_string}\"},\"query-input\":{\"@type\":\"PropertyValueSpecification\",\"valueRequired\":true,\"valueName\":\"search_term_string\"}}],\"inLanguage\":\"fr-FR\"},{\"@type\":\"Organization\",\"@id\":\"https:\\\/\\\/contactfm72.fr\\\/#organization\",\"name\":\"Contact FM 99.3\",\"url\":\"https:\\\/\\\/contactfm72.fr\\\/\",\"logo\":{\"@type\":\"ImageObject\",\"inLanguage\":\"fr-FR\",\"@id\":\"https:\\\/\\\/contactfm72.fr\\\/#\\\/schema\\\/logo\\\/image\\\/\",\"url\":\"https:\\\/\\\/contactfm72.fr\\\/wp-content\\\/uploads\\\/2025\\\/04\\\/2025-04-18-2.jpg\",\"contentUrl\":\"https:\\\/\\\/contactfm72.fr\\\/wp-content\\\/uploads\\\/2025\\\/04\\\/2025-04-18-2.jpg\",\"width\":680,\"height\":307,\"caption\":\"Contact FM 99.3\"},\"image\":{\"@id\":\"https:\\\/\\\/contactfm72.fr\\\/#\\\/schema\\\/logo\\\/image\\\/\"},\"sameAs\":[\"https:\\\/\\\/www.facebook.com\\\/Contactfm.Chateauduloir\",\"https:\\\/\\\/x.com\\\/contactfm72\",\"https:\\\/\\\/www.instagram.com\\\/contact.fm.72?igsh=cGhlMHQ5N2JlNnpp\",\"https:\\\/\\\/www.tiktok.com\\\/@contact.fm\"]},{\"@type\":\"Person\",\"@id\":\"https:\\\/\\\/contactfm72.fr\\\/#\\\/schema\\\/person\\\/d2ef09cdea7331b185acaddc4d14dda8\",\"name\":\"redaction2@contactfm72.fr\",\"image\":{\"@type\":\"ImageObject\",\"inLanguage\":\"fr-FR\",\"@id\":\"https:\\\/\\\/secure.gravatar.com\\\/avatar\\\/897f3d57289c1f4c62cade1c2606ba6ded18d5f1676845e668a9f21cb751c06b?s=96&d=mm&r=g\",\"url\":\"https:\\\/\\\/secure.gravatar.com\\\/avatar\\\/897f3d57289c1f4c62cade1c2606ba6ded18d5f1676845e668a9f21cb751c06b?s=96&d=mm&r=g\",\"contentUrl\":\"https:\\\/\\\/secure.gravatar.com\\\/avatar\\\/897f3d57289c1f4c62cade1c2606ba6ded18d5f1676845e668a9f21cb751c06b?s=96&d=mm&r=g\",\"caption\":\"redaction2@contactfm72.fr\"},\"url\":\"https:\\\/\\\/contactfm72.fr\\\/?author=5\"}]}<\/script>\n<!-- \/ Yoast SEO plugin. -->","yoast_head_json":{"title":"Alban Jousse a fait son stage de 3\u00e8me chez Contact FM - Contact FM 99.3","description":"Alban veut devenir journaliste sportif !Curieux de conna\u00eetre les coulisses de la radio et \u00e9l\u00e8ve au coll\u00e8ge de T\u00e9loch\u00e9, il a pass\u00e9 quatre jours \u00e0 Contact FM. Il a d\u00e9couvert les coulisses du m\u00e9dia, a assist\u00e9 aux journaux en direct, \u00e0 des enregistrements de magazines en studio et est \u00e9galement all\u00e9 sur le terrain pour d\u00e9couvrir ce qu\u2019est un reportage.\u00a0Alban est passionn\u00e9 par le sport mais \u00e9galement par la culture geek (cin\u00e9mas, jeux-vid\u00e9o, s\u00e9ries, mangas), il a con\u00e7u, enregistr\u00e9 sa chronique et il vous parle du Geek Life Festival qui r\u00e9unit toutes les formes de la pop-culture et teste aussi vos connaissances avec un quiz musical. Le coll\u00e9gien en parle dans \u201cL\u2019\u00e9cho de la jeunesse\u201d dimanche 19 janvier \u00e0 19h et mercredi 22 novembre \u00e0 14h.","robots":{"index":"index","follow":"follow","max-snippet":"max-snippet:-1","max-image-preview":"max-image-preview:large","max-video-preview":"max-video-preview:-1"},"canonical":"https:\/\/contactfm72.fr\/?p=18378","og_locale":"fr_FR","og_type":"article","og_title":"Alban Jousse a fait son stage de 3\u00e8me chez Contact FM - Contact FM 99.3","og_description":"Alban veut devenir journaliste sportif !Curieux de conna\u00eetre les coulisses de la radio et \u00e9l\u00e8ve au coll\u00e8ge de T\u00e9loch\u00e9, il a pass\u00e9 quatre jours \u00e0 Contact FM. Il a d\u00e9couvert les coulisses du m\u00e9dia, a assist\u00e9 aux journaux en direct, \u00e0 des enregistrements de magazines en studio et est \u00e9galement all\u00e9 sur le terrain pour d\u00e9couvrir ce qu\u2019est un reportage.\u00a0Alban est passionn\u00e9 par le sport mais \u00e9galement par la culture geek (cin\u00e9mas, jeux-vid\u00e9o, s\u00e9ries, mangas), il a con\u00e7u, enregistr\u00e9 sa chronique et il vous parle du Geek Life Festival qui r\u00e9unit toutes les formes de la pop-culture et teste aussi vos connaissances avec un quiz musical. Le coll\u00e9gien en parle dans \u201cL\u2019\u00e9cho de la jeunesse\u201d dimanche 19 janvier \u00e0 19h et mercredi 22 novembre \u00e0 14h.","og_url":"https:\/\/contactfm72.fr\/?p=18378","og_site_name":"Contact FM 99.3","article_publisher":"https:\/\/www.facebook.com\/Contactfm.Chateauduloir","article_published_time":"2025-01-19T16:00:15+00:00","og_image":[{"url":"https:\/\/contactfm72.fr\/wp-content\/uploads\/2025\/01\/Visuel-Contact-FM-2-2.png","width":1024,"height":768,"type":"image\/png"}],"author":"redaction2@contactfm72.fr","twitter_card":"summary_large_image","twitter_creator":"@contactfm72","twitter_site":"@contactfm72","twitter_misc":{"\u00c9crit par":"redaction2@contactfm72.fr","Dur\u00e9e de lecture estim\u00e9e":"1 minute"},"schema":{"@context":"https:\/\/schema.org","@graph":[{"@type":"Article","@id":"https:\/\/contactfm72.fr\/?p=18378#article","isPartOf":{"@id":"https:\/\/contactfm72.fr\/?p=18378"},"author":{"name":"redaction2@contactfm72.fr","@id":"https:\/\/contactfm72.fr\/#\/schema\/person\/d2ef09cdea7331b185acaddc4d14dda8"},"headline":"Alban Jousse a fait son stage de 3\u00e8me chez Contact FM","datePublished":"2025-01-19T16:00:15+00:00","mainEntityOfPage":{"@id":"https:\/\/contactfm72.fr\/?p=18378"},"wordCount":153,"publisher":{"@id":"https:\/\/contactfm72.fr\/#organization"},"image":{"@id":"https:\/\/contactfm72.fr\/?p=18378#primaryimage"},"thumbnailUrl":"https:\/\/contactfm72.fr\/wp-content\/uploads\/2025\/01\/Visuel-Contact-FM-2-2.png","articleSection":["Contact FM 72","L\u2019\u00e9cho de la Jeunesse"],"inLanguage":"fr-FR"},{"@type":"WebPage","@id":"https:\/\/contactfm72.fr\/?p=18378","url":"https:\/\/contactfm72.fr\/?p=18378","name":"Alban Jousse a fait son stage de 3\u00e8me chez Contact FM - Contact FM 99.3","isPartOf":{"@id":"https:\/\/contactfm72.fr\/#website"},"primaryImageOfPage":{"@id":"https:\/\/contactfm72.fr\/?p=18378#primaryimage"},"image":{"@id":"https:\/\/contactfm72.fr\/?p=18378#primaryimage"},"thumbnailUrl":"https:\/\/contactfm72.fr\/wp-content\/uploads\/2025\/01\/Visuel-Contact-FM-2-2.png","datePublished":"2025-01-19T16:00:15+00:00","description":"Alban veut devenir journaliste sportif !Curieux de conna\u00eetre les coulisses de la radio et \u00e9l\u00e8ve au coll\u00e8ge de T\u00e9loch\u00e9, il a pass\u00e9 quatre jours \u00e0 Contact FM. Il a d\u00e9couvert les coulisses du m\u00e9dia, a assist\u00e9 aux journaux en direct, \u00e0 des enregistrements de magazines en studio et est \u00e9galement all\u00e9 sur le terrain pour d\u00e9couvrir ce qu\u2019est un reportage.\u00a0Alban est passionn\u00e9 par le sport mais \u00e9galement par la culture geek (cin\u00e9mas, jeux-vid\u00e9o, s\u00e9ries, mangas), il a con\u00e7u, enregistr\u00e9 sa chronique et il vous parle du Geek Life Festival qui r\u00e9unit toutes les formes de la pop-culture et teste aussi vos connaissances avec un quiz musical. Le coll\u00e9gien en parle dans \u201cL\u2019\u00e9cho de la jeunesse\u201d dimanche 19 janvier \u00e0 19h et mercredi 22 novembre \u00e0 14h.","breadcrumb":{"@id":"https:\/\/contactfm72.fr\/?p=18378#breadcrumb"},"inLanguage":"fr-FR","potentialAction":[{"@type":"ReadAction","target":["https:\/\/contactfm72.fr\/?p=18378"]}]},{"@type":"ImageObject","inLanguage":"fr-FR","@id":"https:\/\/contactfm72.fr\/?p=18378#primaryimage","url":"https:\/\/contactfm72.fr\/wp-content\/uploads\/2025\/01\/Visuel-Contact-FM-2-2.png","contentUrl":"https:\/\/contactfm72.fr\/wp-content\/uploads\/2025\/01\/Visuel-Contact-FM-2-2.png","width":2016,"height":1512},{"@type":"BreadcrumbList","@id":"https:\/\/contactfm72.fr\/?p=18378#breadcrumb","itemListElement":[{"@type":"ListItem","position":1,"name":"Accueil","item":"https:\/\/contactfm72.fr\/"},{"@type":"ListItem","position":2,"name":"Alban Jousse a fait son stage de 3\u00e8me chez Contact FM"}]},{"@type":"WebSite","@id":"https:\/\/contactfm72.fr\/#website","url":"https:\/\/contactfm72.fr\/","name":"Contact FM 99.3","description":"Votre radio en vall\u00e9e du Loir","publisher":{"@id":"https:\/\/contactfm72.fr\/#organization"},"potentialAction":[{"@type":"SearchAction","target":{"@type":"EntryPoint","urlTemplate":"https:\/\/contactfm72.fr\/?s={search_term_string}"},"query-input":{"@type":"PropertyValueSpecification","valueRequired":true,"valueName":"search_term_string"}}],"inLanguage":"fr-FR"},{"@type":"Organization","@id":"https:\/\/contactfm72.fr\/#organization","name":"Contact FM 99.3","url":"https:\/\/contactfm72.fr\/","logo":{"@type":"ImageObject","inLanguage":"fr-FR","@id":"https:\/\/contactfm72.fr\/#\/schema\/logo\/image\/","url":"https:\/\/contactfm72.fr\/wp-content\/uploads\/2025\/04\/2025-04-18-2.jpg","contentUrl":"https:\/\/contactfm72.fr\/wp-content\/uploads\/2025\/04\/2025-04-18-2.jpg","width":680,"height":307,"caption":"Contact FM 99.3"},"image":{"@id":"https:\/\/contactfm72.fr\/#\/schema\/logo\/image\/"},"sameAs":["https:\/\/www.facebook.com\/Contactfm.Chateauduloir","https:\/\/x.com\/contactfm72","https:\/\/www.instagram.com\/contact.fm.72?igsh=cGhlMHQ5N2JlNnpp","https:\/\/www.tiktok.com\/@contact.fm"]},{"@type":"Person","@id":"https:\/\/contactfm72.fr\/#\/schema\/person\/d2ef09cdea7331b185acaddc4d14dda8","name":"redaction2@contactfm72.fr","image":{"@type":"ImageObject","inLanguage":"fr-FR","@id":"https:\/\/secure.gravatar.com\/avatar\/897f3d57289c1f4c62cade1c2606ba6ded18d5f1676845e668a9f21cb751c06b?s=96&d=mm&r=g","url":"https:\/\/secure.gravatar.com\/avatar\/897f3d57289c1f4c62cade1c2606ba6ded18d5f1676845e668a9f21cb751c06b?s=96&d=mm&r=g","contentUrl":"https:\/\/secure.gravatar.com\/avatar\/897f3d57289c1f4c62cade1c2606ba6ded18d5f1676845e668a9f21cb751c06b?s=96&d=mm&r=g","caption":"redaction2@contactfm72.fr"},"url":"https:\/\/contactfm72.fr\/?author=5"}]}},"_links":{"self":[{"href":"https:\/\/contactfm72.fr\/index.php?rest_route=\/wp\/v2\/posts\/18378","targetHints":{"allow":["GET"]}}],"collection":[{"href":"https:\/\/contactfm72.fr\/index.php?rest_route=\/wp\/v2\/posts"}],"about":[{"href":"https:\/\/contactfm72.fr\/index.php?rest_route=\/wp\/v2\/types\/post"}],"author":[{"embeddable":true,"href":"https:\/\/contactfm72.fr\/index.php?rest_route=\/wp\/v2\/users\/5"}],"replies":[{"embeddable":true,"href":"https:\/\/contactfm72.fr\/index.php?rest_route=%2Fwp%2Fv2%2Fcomments&post=18378"}],"version-history":[{"count":1,"href":"https:\/\/contactfm72.fr\/index.php?rest_route=\/wp\/v2\/posts\/18378\/revisions"}],"predecessor-version":[{"id":18381,"href":"https:\/\/contactfm72.fr\/index.php?rest_route=\/wp\/v2\/posts\/18378\/revisions\/18381"}],"wp:featuredmedia":[{"embeddable":true,"href":"https:\/\/contactfm72.fr\/index.php?rest_route=\/wp\/v2\/media\/18380"}],"wp:attachment":[{"href":"https:\/\/contactfm72.fr\/index.php?rest_route=%2Fwp%2Fv2%2Fmedia&parent=18378"}],"wp:term":[{"taxonomy":"category","embeddable":true,"href":"https:\/\/contactfm72.fr\/index.php?rest_route=%2Fwp%2Fv2%2Fcategories&post=18378"},{"taxonomy":"post_tag","embeddable":true,"href":"https:\/\/contactfm72.fr\/index.php?rest_route=%2Fwp%2Fv2%2Ftags&post=18378"}],"curies":[{"name":"wp","href":"https:\/\/api.w.org\/{rel}","templated":true}]}}