{"id":18374,"date":"2025-01-17T16:15:13","date_gmt":"2025-01-17T15:15:13","guid":{"rendered":"https:\/\/contactfm72.fr\/?p=18374"},"modified":"2025-01-17T16:30:08","modified_gmt":"2025-01-17T15:30:08","slug":"le-21eme-salon-de-la-feerie-du-parfum-a-vouvray-sur-loir","status":"publish","type":"post","link":"https:\/\/contactfm72.fr\/?p=18374","title":{"rendered":"Le 21\u00e8me salon de la &#8220;F\u00e9\u00e9rie du Parfum&#8221; \u00e0 Vouvray-sur-Loir"},"content":{"rendered":"<p>Si vous collectionnez des miniatures et des parfums, ce salon est fait pour vous !<\/p>\n<p>Jacques Corvaisier, collectionneur et \u00e0 l&#8217;origine de plusieurs manifestations revient ce mois de janvier pour la nouvelle \u00e9dition du salon qui met en avant les parfums et les miniature. Un rendez-vous devenu incontournable dans la vall\u00e9e du loir pour les collectionneurs, les amateurs et les curieux. Mais cette ann\u00e9e, il y a un changement de lieu, c&#8217;est \u00e0 la salle des f\u00eates de Vouvray sur Loir rue Oscar Moneris le dimanche 26 janvier de 9h \u00e0 17h.<\/p>\n<p>L&#8217;organisateur est dans &#8220;L&#8217;interview du jour&#8221; le vendredi 17 \u00e0 18h, le samedi 18 \u00e0 14h, le dimanche 19 \u00e0 11h et le lundi 20 \u00e0 13h.<\/p>\n<div id=\"audioigniter-283\" class=\"audioigniter-root \" data-player-type=\"full\" data-tracks-url=\"https:\/\/contactfm72.fr\/?audioigniter_playlist_id=283\" data-display-track-no=\"false\" data-reverse-track-order=\"false\" data-display-tracklist-covers=\"false\" data-display-active-cover=\"false\" data-display-artist-names=\"false\" data-display-buy-buttons=\"true\" data-buy-buttons-target=\"false\" data-cycle-tracks=\"false\" data-display-credits=\"false\" data-display-tracklist=\"true\" data-allow-tracklist-toggle=\"false\" data-allow-tracklist-loop=\"true\" data-limit-tracklist-height=\"true\" data-volume=\"100\" data-tracklist-height=\"185\" data-allow-track-loop=\"false\" ><\/div>\n<!-- AddThis Advanced Settings generic via filter on the_content --><!-- AddThis Share Buttons generic via filter on the_content -->","protected":false},"excerpt":{"rendered":"<p>Si vous collectionnez des miniatures et des parfums, ce salon est fait pour vous ! Jacques Corvaisier, collectionneur et \u00e0 l&#8217;origine de plusieurs manifestations revient ce mois de janvier pour la nouvelle \u00e9dition du salon qui met en avant les parfums et les miniature. Un rendez-vous devenu incontournable dans la vall\u00e9e du loir pour les&hellip;<!-- AddThis Advanced Settings generic via filter on get_the_excerpt --><!-- AddThis Share Buttons generic via filter on get_the_excerpt --><\/p>\n","protected":false},"author":5,"featured_media":18376,"comment_status":"closed","ping_status":"open","sticky":false,"template":"","format":"standard","meta":{"footnotes":""},"categories":[1,5],"tags":[],"class_list":["post-18374","post","type-post","status-publish","format-standard","has-post-thumbnail","hentry","category-contact-fm-72","category-linterview-du-jour","category-1","category-5","description-off"],"yoast_head":"<!-- This site is optimized with the Yoast SEO plugin v27.4 - https:\/\/yoast.com\/product\/yoast-seo-wordpress\/ -->\n<title>Le 21\u00e8me salon de la &quot;F\u00e9\u00e9rie du Parfum&quot; \u00e0 Vouvray-sur-Loir - Contact FM 99.3<\/title>\n<meta name=\"description\" content=\"Si vous collectionnez des miniatures et des parfums, ce salon est fait pour vous !\u00a0Jacques Corvaisier, collectionneur et \u00e0 l&#039;origine de plusieurs manifestations revient ce mois de janvier pour la nouvelle \u00e9dition du salon qui met en avant les parfums et les miniature. Un rendez-vous devenu incontournable dans la vall\u00e9e du loir pour les collectionneurs, les amateurs et les curieux. Mais cette ann\u00e9e, il y a un changement de lieu, c&#039;est \u00e0 la salle des f\u00eates de Vouvray sur Loir rue Oscar Moneris le dimanche 26 janvier de 9h \u00e0 17h.L&#039;organisateur est dans &quot;L&#039;interview du jour&quot; le vendredi 17 \u00e0 18h, le samedi 18 \u00e0 14h, le dimanche 19 \u00e0 11h et le lundi 20 \u00e0 13h.\" \/>\n<meta name=\"robots\" content=\"index, follow, max-snippet:-1, max-image-preview:large, max-video-preview:-1\" \/>\n<link rel=\"canonical\" href=\"https:\/\/contactfm72.fr\/?p=18374\" \/>\n<meta property=\"og:locale\" content=\"fr_FR\" \/>\n<meta property=\"og:type\" content=\"article\" \/>\n<meta property=\"og:title\" content=\"Le 21\u00e8me salon de la &quot;F\u00e9\u00e9rie du Parfum&quot; \u00e0 Vouvray-sur-Loir - Contact FM 99.3\" \/>\n<meta property=\"og:description\" content=\"Si vous collectionnez des miniatures et des parfums, ce salon est fait pour vous !\u00a0Jacques Corvaisier, collectionneur et \u00e0 l&#039;origine de plusieurs manifestations revient ce mois de janvier pour la nouvelle \u00e9dition du salon qui met en avant les parfums et les miniature. Un rendez-vous devenu incontournable dans la vall\u00e9e du loir pour les collectionneurs, les amateurs et les curieux. Mais cette ann\u00e9e, il y a un changement de lieu, c&#039;est \u00e0 la salle des f\u00eates de Vouvray sur Loir rue Oscar Moneris le dimanche 26 janvier de 9h \u00e0 17h.L&#039;organisateur est dans &quot;L&#039;interview du jour&quot; le vendredi 17 \u00e0 18h, le samedi 18 \u00e0 14h, le dimanche 19 \u00e0 11h et le lundi 20 \u00e0 13h.\" \/>\n<meta property=\"og:url\" content=\"https:\/\/contactfm72.fr\/?p=18374\" \/>\n<meta property=\"og:site_name\" content=\"Contact FM 99.3\" \/>\n<meta property=\"article:publisher\" content=\"https:\/\/www.facebook.com\/Contactfm.Chateauduloir\" \/>\n<meta property=\"article:published_time\" content=\"2025-01-17T15:15:13+00:00\" \/>\n<meta property=\"article:modified_time\" content=\"2025-01-17T15:30:08+00:00\" \/>\n<meta property=\"og:image\" content=\"http:\/\/contactfm72.fr\/wp-content\/uploads\/2025\/01\/Visuel-Contact-FM-1-2.png\" \/>\n\t<meta property=\"og:image:width\" content=\"1024\" \/>\n\t<meta property=\"og:image:height\" content=\"768\" \/>\n\t<meta property=\"og:image:type\" content=\"image\/png\" \/>\n<meta name=\"author\" content=\"redaction2@contactfm72.fr\" \/>\n<meta name=\"twitter:card\" content=\"summary_large_image\" \/>\n<meta name=\"twitter:creator\" content=\"@contactfm72\" \/>\n<meta name=\"twitter:site\" content=\"@contactfm72\" \/>\n<meta name=\"twitter:label1\" content=\"\u00c9crit par\" \/>\n\t<meta name=\"twitter:data1\" content=\"redaction2@contactfm72.fr\" \/>\n\t<meta name=\"twitter:label2\" content=\"Dur\u00e9e de lecture estim\u00e9e\" \/>\n\t<meta name=\"twitter:data2\" content=\"1 minute\" \/>\n<script type=\"application\/ld+json\" class=\"yoast-schema-graph\">{\"@context\":\"https:\\\/\\\/schema.org\",\"@graph\":[{\"@type\":\"Article\",\"@id\":\"https:\\\/\\\/contactfm72.fr\\\/?p=18374#article\",\"isPartOf\":{\"@id\":\"https:\\\/\\\/contactfm72.fr\\\/?p=18374\"},\"author\":{\"name\":\"redaction2@contactfm72.fr\",\"@id\":\"https:\\\/\\\/contactfm72.fr\\\/#\\\/schema\\\/person\\\/d2ef09cdea7331b185acaddc4d14dda8\"},\"headline\":\"Le 21\u00e8me salon de la &#8220;F\u00e9\u00e9rie du Parfum&#8221; \u00e0 Vouvray-sur-Loir\",\"datePublished\":\"2025-01-17T15:15:13+00:00\",\"dateModified\":\"2025-01-17T15:30:08+00:00\",\"mainEntityOfPage\":{\"@id\":\"https:\\\/\\\/contactfm72.fr\\\/?p=18374\"},\"wordCount\":126,\"publisher\":{\"@id\":\"https:\\\/\\\/contactfm72.fr\\\/#organization\"},\"image\":{\"@id\":\"https:\\\/\\\/contactfm72.fr\\\/?p=18374#primaryimage\"},\"thumbnailUrl\":\"https:\\\/\\\/contactfm72.fr\\\/wp-content\\\/uploads\\\/2025\\\/01\\\/Visuel-Contact-FM-1-2.png\",\"articleSection\":[\"Contact FM 72\",\"L'interview du jour\"],\"inLanguage\":\"fr-FR\"},{\"@type\":\"WebPage\",\"@id\":\"https:\\\/\\\/contactfm72.fr\\\/?p=18374\",\"url\":\"https:\\\/\\\/contactfm72.fr\\\/?p=18374\",\"name\":\"Le 21\u00e8me salon de la \\\"F\u00e9\u00e9rie du Parfum\\\" \u00e0 Vouvray-sur-Loir - Contact FM 99.3\",\"isPartOf\":{\"@id\":\"https:\\\/\\\/contactfm72.fr\\\/#website\"},\"primaryImageOfPage\":{\"@id\":\"https:\\\/\\\/contactfm72.fr\\\/?p=18374#primaryimage\"},\"image\":{\"@id\":\"https:\\\/\\\/contactfm72.fr\\\/?p=18374#primaryimage\"},\"thumbnailUrl\":\"https:\\\/\\\/contactfm72.fr\\\/wp-content\\\/uploads\\\/2025\\\/01\\\/Visuel-Contact-FM-1-2.png\",\"datePublished\":\"2025-01-17T15:15:13+00:00\",\"dateModified\":\"2025-01-17T15:30:08+00:00\",\"description\":\"Si vous collectionnez des miniatures et des parfums, ce salon est fait pour vous !\u00a0Jacques Corvaisier, collectionneur et \u00e0 l'origine de plusieurs manifestations revient ce mois de janvier pour la nouvelle \u00e9dition du salon qui met en avant les parfums et les miniature. Un rendez-vous devenu incontournable dans la vall\u00e9e du loir pour les collectionneurs, les amateurs et les curieux. Mais cette ann\u00e9e, il y a un changement de lieu, c'est \u00e0 la salle des f\u00eates de Vouvray sur Loir rue Oscar Moneris le dimanche 26 janvier de 9h \u00e0 17h.L'organisateur est dans \\\"L'interview du jour\\\" le vendredi 17 \u00e0 18h, le samedi 18 \u00e0 14h, le dimanche 19 \u00e0 11h et le lundi 20 \u00e0 13h.\",\"breadcrumb\":{\"@id\":\"https:\\\/\\\/contactfm72.fr\\\/?p=18374#breadcrumb\"},\"inLanguage\":\"fr-FR\",\"potentialAction\":[{\"@type\":\"ReadAction\",\"target\":[\"https:\\\/\\\/contactfm72.fr\\\/?p=18374\"]}]},{\"@type\":\"ImageObject\",\"inLanguage\":\"fr-FR\",\"@id\":\"https:\\\/\\\/contactfm72.fr\\\/?p=18374#primaryimage\",\"url\":\"https:\\\/\\\/contactfm72.fr\\\/wp-content\\\/uploads\\\/2025\\\/01\\\/Visuel-Contact-FM-1-2.png\",\"contentUrl\":\"https:\\\/\\\/contactfm72.fr\\\/wp-content\\\/uploads\\\/2025\\\/01\\\/Visuel-Contact-FM-1-2.png\",\"width\":2016,\"height\":1512},{\"@type\":\"BreadcrumbList\",\"@id\":\"https:\\\/\\\/contactfm72.fr\\\/?p=18374#breadcrumb\",\"itemListElement\":[{\"@type\":\"ListItem\",\"position\":1,\"name\":\"Accueil\",\"item\":\"https:\\\/\\\/contactfm72.fr\\\/\"},{\"@type\":\"ListItem\",\"position\":2,\"name\":\"Le 21\u00e8me salon de la &#8220;F\u00e9\u00e9rie du Parfum&#8221; \u00e0 Vouvray-sur-Loir\"}]},{\"@type\":\"WebSite\",\"@id\":\"https:\\\/\\\/contactfm72.fr\\\/#website\",\"url\":\"https:\\\/\\\/contactfm72.fr\\\/\",\"name\":\"Contact FM 99.3\",\"description\":\"Votre radio en vall\u00e9e du Loir\",\"publisher\":{\"@id\":\"https:\\\/\\\/contactfm72.fr\\\/#organization\"},\"potentialAction\":[{\"@type\":\"SearchAction\",\"target\":{\"@type\":\"EntryPoint\",\"urlTemplate\":\"https:\\\/\\\/contactfm72.fr\\\/?s={search_term_string}\"},\"query-input\":{\"@type\":\"PropertyValueSpecification\",\"valueRequired\":true,\"valueName\":\"search_term_string\"}}],\"inLanguage\":\"fr-FR\"},{\"@type\":\"Organization\",\"@id\":\"https:\\\/\\\/contactfm72.fr\\\/#organization\",\"name\":\"Contact FM 99.3\",\"url\":\"https:\\\/\\\/contactfm72.fr\\\/\",\"logo\":{\"@type\":\"ImageObject\",\"inLanguage\":\"fr-FR\",\"@id\":\"https:\\\/\\\/contactfm72.fr\\\/#\\\/schema\\\/logo\\\/image\\\/\",\"url\":\"https:\\\/\\\/contactfm72.fr\\\/wp-content\\\/uploads\\\/2025\\\/04\\\/2025-04-18-2.jpg\",\"contentUrl\":\"https:\\\/\\\/contactfm72.fr\\\/wp-content\\\/uploads\\\/2025\\\/04\\\/2025-04-18-2.jpg\",\"width\":680,\"height\":307,\"caption\":\"Contact FM 99.3\"},\"image\":{\"@id\":\"https:\\\/\\\/contactfm72.fr\\\/#\\\/schema\\\/logo\\\/image\\\/\"},\"sameAs\":[\"https:\\\/\\\/www.facebook.com\\\/Contactfm.Chateauduloir\",\"https:\\\/\\\/x.com\\\/contactfm72\",\"https:\\\/\\\/www.instagram.com\\\/contact.fm.72?igsh=cGhlMHQ5N2JlNnpp\",\"https:\\\/\\\/www.tiktok.com\\\/@contact.fm\"]},{\"@type\":\"Person\",\"@id\":\"https:\\\/\\\/contactfm72.fr\\\/#\\\/schema\\\/person\\\/d2ef09cdea7331b185acaddc4d14dda8\",\"name\":\"redaction2@contactfm72.fr\",\"image\":{\"@type\":\"ImageObject\",\"inLanguage\":\"fr-FR\",\"@id\":\"https:\\\/\\\/secure.gravatar.com\\\/avatar\\\/897f3d57289c1f4c62cade1c2606ba6ded18d5f1676845e668a9f21cb751c06b?s=96&d=mm&r=g\",\"url\":\"https:\\\/\\\/secure.gravatar.com\\\/avatar\\\/897f3d57289c1f4c62cade1c2606ba6ded18d5f1676845e668a9f21cb751c06b?s=96&d=mm&r=g\",\"contentUrl\":\"https:\\\/\\\/secure.gravatar.com\\\/avatar\\\/897f3d57289c1f4c62cade1c2606ba6ded18d5f1676845e668a9f21cb751c06b?s=96&d=mm&r=g\",\"caption\":\"redaction2@contactfm72.fr\"},\"url\":\"https:\\\/\\\/contactfm72.fr\\\/?author=5\"}]}<\/script>\n<!-- \/ Yoast SEO plugin. -->","yoast_head_json":{"title":"Le 21\u00e8me salon de la \"F\u00e9\u00e9rie du Parfum\" \u00e0 Vouvray-sur-Loir - Contact FM 99.3","description":"Si vous collectionnez des miniatures et des parfums, ce salon est fait pour vous !\u00a0Jacques Corvaisier, collectionneur et \u00e0 l'origine de plusieurs manifestations revient ce mois de janvier pour la nouvelle \u00e9dition du salon qui met en avant les parfums et les miniature. Un rendez-vous devenu incontournable dans la vall\u00e9e du loir pour les collectionneurs, les amateurs et les curieux. Mais cette ann\u00e9e, il y a un changement de lieu, c'est \u00e0 la salle des f\u00eates de Vouvray sur Loir rue Oscar Moneris le dimanche 26 janvier de 9h \u00e0 17h.L'organisateur est dans \"L'interview du jour\" le vendredi 17 \u00e0 18h, le samedi 18 \u00e0 14h, le dimanche 19 \u00e0 11h et le lundi 20 \u00e0 13h.","robots":{"index":"index","follow":"follow","max-snippet":"max-snippet:-1","max-image-preview":"max-image-preview:large","max-video-preview":"max-video-preview:-1"},"canonical":"https:\/\/contactfm72.fr\/?p=18374","og_locale":"fr_FR","og_type":"article","og_title":"Le 21\u00e8me salon de la \"F\u00e9\u00e9rie du Parfum\" \u00e0 Vouvray-sur-Loir - Contact FM 99.3","og_description":"Si vous collectionnez des miniatures et des parfums, ce salon est fait pour vous !\u00a0Jacques Corvaisier, collectionneur et \u00e0 l'origine de plusieurs manifestations revient ce mois de janvier pour la nouvelle \u00e9dition du salon qui met en avant les parfums et les miniature. Un rendez-vous devenu incontournable dans la vall\u00e9e du loir pour les collectionneurs, les amateurs et les curieux. Mais cette ann\u00e9e, il y a un changement de lieu, c'est \u00e0 la salle des f\u00eates de Vouvray sur Loir rue Oscar Moneris le dimanche 26 janvier de 9h \u00e0 17h.L'organisateur est dans \"L'interview du jour\" le vendredi 17 \u00e0 18h, le samedi 18 \u00e0 14h, le dimanche 19 \u00e0 11h et le lundi 20 \u00e0 13h.","og_url":"https:\/\/contactfm72.fr\/?p=18374","og_site_name":"Contact FM 99.3","article_publisher":"https:\/\/www.facebook.com\/Contactfm.Chateauduloir","article_published_time":"2025-01-17T15:15:13+00:00","article_modified_time":"2025-01-17T15:30:08+00:00","og_image":[{"url":"http:\/\/contactfm72.fr\/wp-content\/uploads\/2025\/01\/Visuel-Contact-FM-1-2.png","width":1024,"height":768,"type":"image\/png"}],"author":"redaction2@contactfm72.fr","twitter_card":"summary_large_image","twitter_creator":"@contactfm72","twitter_site":"@contactfm72","twitter_misc":{"\u00c9crit par":"redaction2@contactfm72.fr","Dur\u00e9e de lecture estim\u00e9e":"1 minute"},"schema":{"@context":"https:\/\/schema.org","@graph":[{"@type":"Article","@id":"https:\/\/contactfm72.fr\/?p=18374#article","isPartOf":{"@id":"https:\/\/contactfm72.fr\/?p=18374"},"author":{"name":"redaction2@contactfm72.fr","@id":"https:\/\/contactfm72.fr\/#\/schema\/person\/d2ef09cdea7331b185acaddc4d14dda8"},"headline":"Le 21\u00e8me salon de la &#8220;F\u00e9\u00e9rie du Parfum&#8221; \u00e0 Vouvray-sur-Loir","datePublished":"2025-01-17T15:15:13+00:00","dateModified":"2025-01-17T15:30:08+00:00","mainEntityOfPage":{"@id":"https:\/\/contactfm72.fr\/?p=18374"},"wordCount":126,"publisher":{"@id":"https:\/\/contactfm72.fr\/#organization"},"image":{"@id":"https:\/\/contactfm72.fr\/?p=18374#primaryimage"},"thumbnailUrl":"https:\/\/contactfm72.fr\/wp-content\/uploads\/2025\/01\/Visuel-Contact-FM-1-2.png","articleSection":["Contact FM 72","L'interview du jour"],"inLanguage":"fr-FR"},{"@type":"WebPage","@id":"https:\/\/contactfm72.fr\/?p=18374","url":"https:\/\/contactfm72.fr\/?p=18374","name":"Le 21\u00e8me salon de la \"F\u00e9\u00e9rie du Parfum\" \u00e0 Vouvray-sur-Loir - Contact FM 99.3","isPartOf":{"@id":"https:\/\/contactfm72.fr\/#website"},"primaryImageOfPage":{"@id":"https:\/\/contactfm72.fr\/?p=18374#primaryimage"},"image":{"@id":"https:\/\/contactfm72.fr\/?p=18374#primaryimage"},"thumbnailUrl":"https:\/\/contactfm72.fr\/wp-content\/uploads\/2025\/01\/Visuel-Contact-FM-1-2.png","datePublished":"2025-01-17T15:15:13+00:00","dateModified":"2025-01-17T15:30:08+00:00","description":"Si vous collectionnez des miniatures et des parfums, ce salon est fait pour vous !\u00a0Jacques Corvaisier, collectionneur et \u00e0 l'origine de plusieurs manifestations revient ce mois de janvier pour la nouvelle \u00e9dition du salon qui met en avant les parfums et les miniature. Un rendez-vous devenu incontournable dans la vall\u00e9e du loir pour les collectionneurs, les amateurs et les curieux. Mais cette ann\u00e9e, il y a un changement de lieu, c'est \u00e0 la salle des f\u00eates de Vouvray sur Loir rue Oscar Moneris le dimanche 26 janvier de 9h \u00e0 17h.L'organisateur est dans \"L'interview du jour\" le vendredi 17 \u00e0 18h, le samedi 18 \u00e0 14h, le dimanche 19 \u00e0 11h et le lundi 20 \u00e0 13h.","breadcrumb":{"@id":"https:\/\/contactfm72.fr\/?p=18374#breadcrumb"},"inLanguage":"fr-FR","potentialAction":[{"@type":"ReadAction","target":["https:\/\/contactfm72.fr\/?p=18374"]}]},{"@type":"ImageObject","inLanguage":"fr-FR","@id":"https:\/\/contactfm72.fr\/?p=18374#primaryimage","url":"https:\/\/contactfm72.fr\/wp-content\/uploads\/2025\/01\/Visuel-Contact-FM-1-2.png","contentUrl":"https:\/\/contactfm72.fr\/wp-content\/uploads\/2025\/01\/Visuel-Contact-FM-1-2.png","width":2016,"height":1512},{"@type":"BreadcrumbList","@id":"https:\/\/contactfm72.fr\/?p=18374#breadcrumb","itemListElement":[{"@type":"ListItem","position":1,"name":"Accueil","item":"https:\/\/contactfm72.fr\/"},{"@type":"ListItem","position":2,"name":"Le 21\u00e8me salon de la &#8220;F\u00e9\u00e9rie du Parfum&#8221; \u00e0 Vouvray-sur-Loir"}]},{"@type":"WebSite","@id":"https:\/\/contactfm72.fr\/#website","url":"https:\/\/contactfm72.fr\/","name":"Contact FM 99.3","description":"Votre radio en vall\u00e9e du Loir","publisher":{"@id":"https:\/\/contactfm72.fr\/#organization"},"potentialAction":[{"@type":"SearchAction","target":{"@type":"EntryPoint","urlTemplate":"https:\/\/contactfm72.fr\/?s={search_term_string}"},"query-input":{"@type":"PropertyValueSpecification","valueRequired":true,"valueName":"search_term_string"}}],"inLanguage":"fr-FR"},{"@type":"Organization","@id":"https:\/\/contactfm72.fr\/#organization","name":"Contact FM 99.3","url":"https:\/\/contactfm72.fr\/","logo":{"@type":"ImageObject","inLanguage":"fr-FR","@id":"https:\/\/contactfm72.fr\/#\/schema\/logo\/image\/","url":"https:\/\/contactfm72.fr\/wp-content\/uploads\/2025\/04\/2025-04-18-2.jpg","contentUrl":"https:\/\/contactfm72.fr\/wp-content\/uploads\/2025\/04\/2025-04-18-2.jpg","width":680,"height":307,"caption":"Contact FM 99.3"},"image":{"@id":"https:\/\/contactfm72.fr\/#\/schema\/logo\/image\/"},"sameAs":["https:\/\/www.facebook.com\/Contactfm.Chateauduloir","https:\/\/x.com\/contactfm72","https:\/\/www.instagram.com\/contact.fm.72?igsh=cGhlMHQ5N2JlNnpp","https:\/\/www.tiktok.com\/@contact.fm"]},{"@type":"Person","@id":"https:\/\/contactfm72.fr\/#\/schema\/person\/d2ef09cdea7331b185acaddc4d14dda8","name":"redaction2@contactfm72.fr","image":{"@type":"ImageObject","inLanguage":"fr-FR","@id":"https:\/\/secure.gravatar.com\/avatar\/897f3d57289c1f4c62cade1c2606ba6ded18d5f1676845e668a9f21cb751c06b?s=96&d=mm&r=g","url":"https:\/\/secure.gravatar.com\/avatar\/897f3d57289c1f4c62cade1c2606ba6ded18d5f1676845e668a9f21cb751c06b?s=96&d=mm&r=g","contentUrl":"https:\/\/secure.gravatar.com\/avatar\/897f3d57289c1f4c62cade1c2606ba6ded18d5f1676845e668a9f21cb751c06b?s=96&d=mm&r=g","caption":"redaction2@contactfm72.fr"},"url":"https:\/\/contactfm72.fr\/?author=5"}]}},"_links":{"self":[{"href":"https:\/\/contactfm72.fr\/index.php?rest_route=\/wp\/v2\/posts\/18374","targetHints":{"allow":["GET"]}}],"collection":[{"href":"https:\/\/contactfm72.fr\/index.php?rest_route=\/wp\/v2\/posts"}],"about":[{"href":"https:\/\/contactfm72.fr\/index.php?rest_route=\/wp\/v2\/types\/post"}],"author":[{"embeddable":true,"href":"https:\/\/contactfm72.fr\/index.php?rest_route=\/wp\/v2\/users\/5"}],"replies":[{"embeddable":true,"href":"https:\/\/contactfm72.fr\/index.php?rest_route=%2Fwp%2Fv2%2Fcomments&post=18374"}],"version-history":[{"count":1,"href":"https:\/\/contactfm72.fr\/index.php?rest_route=\/wp\/v2\/posts\/18374\/revisions"}],"predecessor-version":[{"id":18377,"href":"https:\/\/contactfm72.fr\/index.php?rest_route=\/wp\/v2\/posts\/18374\/revisions\/18377"}],"wp:featuredmedia":[{"embeddable":true,"href":"https:\/\/contactfm72.fr\/index.php?rest_route=\/wp\/v2\/media\/18376"}],"wp:attachment":[{"href":"https:\/\/contactfm72.fr\/index.php?rest_route=%2Fwp%2Fv2%2Fmedia&parent=18374"}],"wp:term":[{"taxonomy":"category","embeddable":true,"href":"https:\/\/contactfm72.fr\/index.php?rest_route=%2Fwp%2Fv2%2Fcategories&post=18374"},{"taxonomy":"post_tag","embeddable":true,"href":"https:\/\/contactfm72.fr\/index.php?rest_route=%2Fwp%2Fv2%2Ftags&post=18374"}],"curies":[{"name":"wp","href":"https:\/\/api.w.org\/{rel}","templated":true}]}}