{"id":18367,"date":"2025-01-16T16:07:16","date_gmt":"2025-01-16T15:07:16","guid":{"rendered":"https:\/\/contactfm72.fr\/?p=18367"},"modified":"2025-01-16T16:07:16","modified_gmt":"2025-01-16T15:07:16","slug":"ledition-2025-des-nuits-de-la-lecture","status":"publish","type":"post","link":"https:\/\/contactfm72.fr\/?p=18367","title":{"rendered":"L&#8217;\u00e9dition 2025 des &#8220;Nuits de la lecture&#8221;"},"content":{"rendered":"<p>Les nuits de la lecture reviennent !<\/p>\n<p>Pendant 4 jours, la culture, la litt\u00e9rature, les contes et le patois seront au c\u0153ur de plusieurs communes de la communaut\u00e9 de communes Sud-Sarthe gr\u00e2ce au r\u00e9seau de biblioth\u00e8ques &#8220;Odyss\u00e9e&#8221;. Un \u00e9v\u00e9nement 100% gratuit mais qui se fait uniquement sur inscriptions. Camille B\u00e9nard du r\u00e9seau de biblioth\u00e8ques &#8220;Odyss\u00e9e&#8221; et le musicien et chanteur Jules Moreau sont les invit\u00e9s de &#8220;L&#8217;interview du jour&#8221; le jeudi 16 \u00e0 18h, le vendredi 17 \u00e0 13h, le samedi 18 \u00e0 14h et le dimanche 19 \u00e0 11h.<\/p>\n<p>Pour vous inscrire et voir la programmation : <a href=\"https:\/\/odyssee.reseaubibli.fr\/\">odyssee.reseaubibli.fr\/\u00a0<\/a><\/p>\n<div id=\"audioigniter-283\" class=\"audioigniter-root \" data-player-type=\"full\" data-tracks-url=\"https:\/\/contactfm72.fr\/?audioigniter_playlist_id=283\" data-display-track-no=\"false\" data-reverse-track-order=\"false\" data-display-tracklist-covers=\"false\" data-display-active-cover=\"false\" data-display-artist-names=\"false\" data-display-buy-buttons=\"true\" data-buy-buttons-target=\"false\" data-cycle-tracks=\"false\" data-display-credits=\"false\" data-display-tracklist=\"true\" data-allow-tracklist-toggle=\"false\" data-allow-tracklist-loop=\"true\" data-limit-tracklist-height=\"true\" data-volume=\"100\" data-tracklist-height=\"185\" data-allow-track-loop=\"false\" ><\/div>\n<!-- AddThis Advanced Settings generic via filter on the_content --><!-- AddThis Share Buttons generic via filter on the_content -->","protected":false},"excerpt":{"rendered":"<p>Les nuits de la lecture reviennent ! Pendant 4 jours, la culture, la litt\u00e9rature, les contes et le patois seront au c\u0153ur de plusieurs communes de la communaut\u00e9 de communes Sud-Sarthe gr\u00e2ce au r\u00e9seau de biblioth\u00e8ques &#8220;Odyss\u00e9e&#8221;. Un \u00e9v\u00e9nement 100% gratuit mais qui se fait uniquement sur inscriptions. Camille B\u00e9nard du r\u00e9seau de biblioth\u00e8ques &#8220;Odyss\u00e9e&#8221;&hellip;<!-- AddThis Advanced Settings generic via filter on get_the_excerpt --><!-- AddThis Share Buttons generic via filter on get_the_excerpt --><\/p>\n","protected":false},"author":5,"featured_media":18368,"comment_status":"closed","ping_status":"open","sticky":false,"template":"","format":"standard","meta":{"footnotes":""},"categories":[1,5],"tags":[],"class_list":["post-18367","post","type-post","status-publish","format-standard","has-post-thumbnail","hentry","category-contact-fm-72","category-linterview-du-jour","category-1","category-5","description-off"],"yoast_head":"<!-- This site is optimized with the Yoast SEO plugin v27.4 - https:\/\/yoast.com\/product\/yoast-seo-wordpress\/ -->\n<title>L&#039;\u00e9dition 2025 des &quot;Nuits de la lecture&quot; - Contact FM 99.3<\/title>\n<meta name=\"description\" content=\"Les nuits de la lecture reviennent !\u00a0Pendant 4 jours, la culture, la litt\u00e9rature, les contes et le patois seront au c\u0153ur de plusieurs communes de la communaut\u00e9 de communes Sud-Sarthe gr\u00e2ce au r\u00e9seau de biblioth\u00e8ques &quot;Odyss\u00e9e&quot;. Un \u00e9v\u00e9nement 100% gratuit mais qui se fait uniquement sur inscriptions. Camille B\u00e9nard du r\u00e9seau de biblioth\u00e8ques &quot;Odyss\u00e9e&quot; et le musicien et chanteur Jules Moreau sont les invit\u00e9s de &quot;L&#039;interview du jour&quot; le jeudi 16 \u00e0 18h, le vendredi 17 \u00e0 13h, le samedi 18 \u00e0 14h et le dimanche 19 \u00e0 11h.Pour vous inscrire et voir la programmation : odyssee.reseaubibli.fr\/\u00a0\" \/>\n<meta name=\"robots\" content=\"index, follow, max-snippet:-1, max-image-preview:large, max-video-preview:-1\" \/>\n<link rel=\"canonical\" href=\"https:\/\/contactfm72.fr\/?p=18367\" \/>\n<meta property=\"og:locale\" content=\"fr_FR\" \/>\n<meta property=\"og:type\" content=\"article\" \/>\n<meta property=\"og:title\" content=\"L&#039;\u00e9dition 2025 des &quot;Nuits de la lecture&quot; - Contact FM 99.3\" \/>\n<meta property=\"og:description\" content=\"Les nuits de la lecture reviennent !\u00a0Pendant 4 jours, la culture, la litt\u00e9rature, les contes et le patois seront au c\u0153ur de plusieurs communes de la communaut\u00e9 de communes Sud-Sarthe gr\u00e2ce au r\u00e9seau de biblioth\u00e8ques &quot;Odyss\u00e9e&quot;. Un \u00e9v\u00e9nement 100% gratuit mais qui se fait uniquement sur inscriptions. Camille B\u00e9nard du r\u00e9seau de biblioth\u00e8ques &quot;Odyss\u00e9e&quot; et le musicien et chanteur Jules Moreau sont les invit\u00e9s de &quot;L&#039;interview du jour&quot; le jeudi 16 \u00e0 18h, le vendredi 17 \u00e0 13h, le samedi 18 \u00e0 14h et le dimanche 19 \u00e0 11h.Pour vous inscrire et voir la programmation : odyssee.reseaubibli.fr\/\u00a0\" \/>\n<meta property=\"og:url\" content=\"https:\/\/contactfm72.fr\/?p=18367\" \/>\n<meta property=\"og:site_name\" content=\"Contact FM 99.3\" \/>\n<meta property=\"article:publisher\" content=\"https:\/\/www.facebook.com\/Contactfm.Chateauduloir\" \/>\n<meta property=\"article:published_time\" content=\"2025-01-16T15:07:16+00:00\" \/>\n<meta property=\"og:image\" content=\"http:\/\/contactfm72.fr\/wp-content\/uploads\/2025\/01\/Visuel-Contact-FM.png\" \/>\n\t<meta property=\"og:image:width\" content=\"1024\" \/>\n\t<meta property=\"og:image:height\" content=\"768\" \/>\n\t<meta property=\"og:image:type\" content=\"image\/png\" \/>\n<meta name=\"author\" content=\"redaction2@contactfm72.fr\" \/>\n<meta name=\"twitter:card\" content=\"summary_large_image\" \/>\n<meta name=\"twitter:creator\" content=\"@contactfm72\" \/>\n<meta name=\"twitter:site\" content=\"@contactfm72\" \/>\n<meta name=\"twitter:label1\" content=\"\u00c9crit par\" \/>\n\t<meta name=\"twitter:data1\" content=\"redaction2@contactfm72.fr\" \/>\n\t<meta name=\"twitter:label2\" content=\"Dur\u00e9e de lecture estim\u00e9e\" \/>\n\t<meta name=\"twitter:data2\" content=\"1 minute\" \/>\n<script type=\"application\/ld+json\" class=\"yoast-schema-graph\">{\"@context\":\"https:\\\/\\\/schema.org\",\"@graph\":[{\"@type\":\"Article\",\"@id\":\"https:\\\/\\\/contactfm72.fr\\\/?p=18367#article\",\"isPartOf\":{\"@id\":\"https:\\\/\\\/contactfm72.fr\\\/?p=18367\"},\"author\":{\"name\":\"redaction2@contactfm72.fr\",\"@id\":\"https:\\\/\\\/contactfm72.fr\\\/#\\\/schema\\\/person\\\/d2ef09cdea7331b185acaddc4d14dda8\"},\"headline\":\"L&#8217;\u00e9dition 2025 des &#8220;Nuits de la lecture&#8221;\",\"datePublished\":\"2025-01-16T15:07:16+00:00\",\"mainEntityOfPage\":{\"@id\":\"https:\\\/\\\/contactfm72.fr\\\/?p=18367\"},\"wordCount\":112,\"publisher\":{\"@id\":\"https:\\\/\\\/contactfm72.fr\\\/#organization\"},\"image\":{\"@id\":\"https:\\\/\\\/contactfm72.fr\\\/?p=18367#primaryimage\"},\"thumbnailUrl\":\"https:\\\/\\\/contactfm72.fr\\\/wp-content\\\/uploads\\\/2025\\\/01\\\/Visuel-Contact-FM.png\",\"articleSection\":[\"Contact FM 72\",\"L'interview du jour\"],\"inLanguage\":\"fr-FR\"},{\"@type\":\"WebPage\",\"@id\":\"https:\\\/\\\/contactfm72.fr\\\/?p=18367\",\"url\":\"https:\\\/\\\/contactfm72.fr\\\/?p=18367\",\"name\":\"L'\u00e9dition 2025 des \\\"Nuits de la lecture\\\" - Contact FM 99.3\",\"isPartOf\":{\"@id\":\"https:\\\/\\\/contactfm72.fr\\\/#website\"},\"primaryImageOfPage\":{\"@id\":\"https:\\\/\\\/contactfm72.fr\\\/?p=18367#primaryimage\"},\"image\":{\"@id\":\"https:\\\/\\\/contactfm72.fr\\\/?p=18367#primaryimage\"},\"thumbnailUrl\":\"https:\\\/\\\/contactfm72.fr\\\/wp-content\\\/uploads\\\/2025\\\/01\\\/Visuel-Contact-FM.png\",\"datePublished\":\"2025-01-16T15:07:16+00:00\",\"description\":\"Les nuits de la lecture reviennent !\u00a0Pendant 4 jours, la culture, la litt\u00e9rature, les contes et le patois seront au c\u0153ur de plusieurs communes de la communaut\u00e9 de communes Sud-Sarthe gr\u00e2ce au r\u00e9seau de biblioth\u00e8ques \\\"Odyss\u00e9e\\\". Un \u00e9v\u00e9nement 100% gratuit mais qui se fait uniquement sur inscriptions. Camille B\u00e9nard du r\u00e9seau de biblioth\u00e8ques \\\"Odyss\u00e9e\\\" et le musicien et chanteur Jules Moreau sont les invit\u00e9s de \\\"L'interview du jour\\\" le jeudi 16 \u00e0 18h, le vendredi 17 \u00e0 13h, le samedi 18 \u00e0 14h et le dimanche 19 \u00e0 11h.Pour vous inscrire et voir la programmation : odyssee.reseaubibli.fr\\\/\u00a0\",\"breadcrumb\":{\"@id\":\"https:\\\/\\\/contactfm72.fr\\\/?p=18367#breadcrumb\"},\"inLanguage\":\"fr-FR\",\"potentialAction\":[{\"@type\":\"ReadAction\",\"target\":[\"https:\\\/\\\/contactfm72.fr\\\/?p=18367\"]}]},{\"@type\":\"ImageObject\",\"inLanguage\":\"fr-FR\",\"@id\":\"https:\\\/\\\/contactfm72.fr\\\/?p=18367#primaryimage\",\"url\":\"https:\\\/\\\/contactfm72.fr\\\/wp-content\\\/uploads\\\/2025\\\/01\\\/Visuel-Contact-FM.png\",\"contentUrl\":\"https:\\\/\\\/contactfm72.fr\\\/wp-content\\\/uploads\\\/2025\\\/01\\\/Visuel-Contact-FM.png\",\"width\":2016,\"height\":1512},{\"@type\":\"BreadcrumbList\",\"@id\":\"https:\\\/\\\/contactfm72.fr\\\/?p=18367#breadcrumb\",\"itemListElement\":[{\"@type\":\"ListItem\",\"position\":1,\"name\":\"Accueil\",\"item\":\"https:\\\/\\\/contactfm72.fr\\\/\"},{\"@type\":\"ListItem\",\"position\":2,\"name\":\"L&#8217;\u00e9dition 2025 des &#8220;Nuits de la lecture&#8221;\"}]},{\"@type\":\"WebSite\",\"@id\":\"https:\\\/\\\/contactfm72.fr\\\/#website\",\"url\":\"https:\\\/\\\/contactfm72.fr\\\/\",\"name\":\"Contact FM 99.3\",\"description\":\"Votre radio en vall\u00e9e du Loir\",\"publisher\":{\"@id\":\"https:\\\/\\\/contactfm72.fr\\\/#organization\"},\"potentialAction\":[{\"@type\":\"SearchAction\",\"target\":{\"@type\":\"EntryPoint\",\"urlTemplate\":\"https:\\\/\\\/contactfm72.fr\\\/?s={search_term_string}\"},\"query-input\":{\"@type\":\"PropertyValueSpecification\",\"valueRequired\":true,\"valueName\":\"search_term_string\"}}],\"inLanguage\":\"fr-FR\"},{\"@type\":\"Organization\",\"@id\":\"https:\\\/\\\/contactfm72.fr\\\/#organization\",\"name\":\"Contact FM 99.3\",\"url\":\"https:\\\/\\\/contactfm72.fr\\\/\",\"logo\":{\"@type\":\"ImageObject\",\"inLanguage\":\"fr-FR\",\"@id\":\"https:\\\/\\\/contactfm72.fr\\\/#\\\/schema\\\/logo\\\/image\\\/\",\"url\":\"https:\\\/\\\/contactfm72.fr\\\/wp-content\\\/uploads\\\/2025\\\/04\\\/2025-04-18-2.jpg\",\"contentUrl\":\"https:\\\/\\\/contactfm72.fr\\\/wp-content\\\/uploads\\\/2025\\\/04\\\/2025-04-18-2.jpg\",\"width\":680,\"height\":307,\"caption\":\"Contact FM 99.3\"},\"image\":{\"@id\":\"https:\\\/\\\/contactfm72.fr\\\/#\\\/schema\\\/logo\\\/image\\\/\"},\"sameAs\":[\"https:\\\/\\\/www.facebook.com\\\/Contactfm.Chateauduloir\",\"https:\\\/\\\/x.com\\\/contactfm72\",\"https:\\\/\\\/www.instagram.com\\\/contact.fm.72?igsh=cGhlMHQ5N2JlNnpp\",\"https:\\\/\\\/www.tiktok.com\\\/@contact.fm\"]},{\"@type\":\"Person\",\"@id\":\"https:\\\/\\\/contactfm72.fr\\\/#\\\/schema\\\/person\\\/d2ef09cdea7331b185acaddc4d14dda8\",\"name\":\"redaction2@contactfm72.fr\",\"image\":{\"@type\":\"ImageObject\",\"inLanguage\":\"fr-FR\",\"@id\":\"https:\\\/\\\/secure.gravatar.com\\\/avatar\\\/897f3d57289c1f4c62cade1c2606ba6ded18d5f1676845e668a9f21cb751c06b?s=96&d=mm&r=g\",\"url\":\"https:\\\/\\\/secure.gravatar.com\\\/avatar\\\/897f3d57289c1f4c62cade1c2606ba6ded18d5f1676845e668a9f21cb751c06b?s=96&d=mm&r=g\",\"contentUrl\":\"https:\\\/\\\/secure.gravatar.com\\\/avatar\\\/897f3d57289c1f4c62cade1c2606ba6ded18d5f1676845e668a9f21cb751c06b?s=96&d=mm&r=g\",\"caption\":\"redaction2@contactfm72.fr\"},\"url\":\"https:\\\/\\\/contactfm72.fr\\\/?author=5\"}]}<\/script>\n<!-- \/ Yoast SEO plugin. -->","yoast_head_json":{"title":"L'\u00e9dition 2025 des \"Nuits de la lecture\" - Contact FM 99.3","description":"Les nuits de la lecture reviennent !\u00a0Pendant 4 jours, la culture, la litt\u00e9rature, les contes et le patois seront au c\u0153ur de plusieurs communes de la communaut\u00e9 de communes Sud-Sarthe gr\u00e2ce au r\u00e9seau de biblioth\u00e8ques \"Odyss\u00e9e\". Un \u00e9v\u00e9nement 100% gratuit mais qui se fait uniquement sur inscriptions. Camille B\u00e9nard du r\u00e9seau de biblioth\u00e8ques \"Odyss\u00e9e\" et le musicien et chanteur Jules Moreau sont les invit\u00e9s de \"L'interview du jour\" le jeudi 16 \u00e0 18h, le vendredi 17 \u00e0 13h, le samedi 18 \u00e0 14h et le dimanche 19 \u00e0 11h.Pour vous inscrire et voir la programmation : odyssee.reseaubibli.fr\/\u00a0","robots":{"index":"index","follow":"follow","max-snippet":"max-snippet:-1","max-image-preview":"max-image-preview:large","max-video-preview":"max-video-preview:-1"},"canonical":"https:\/\/contactfm72.fr\/?p=18367","og_locale":"fr_FR","og_type":"article","og_title":"L'\u00e9dition 2025 des \"Nuits de la lecture\" - Contact FM 99.3","og_description":"Les nuits de la lecture reviennent !\u00a0Pendant 4 jours, la culture, la litt\u00e9rature, les contes et le patois seront au c\u0153ur de plusieurs communes de la communaut\u00e9 de communes Sud-Sarthe gr\u00e2ce au r\u00e9seau de biblioth\u00e8ques \"Odyss\u00e9e\". Un \u00e9v\u00e9nement 100% gratuit mais qui se fait uniquement sur inscriptions. Camille B\u00e9nard du r\u00e9seau de biblioth\u00e8ques \"Odyss\u00e9e\" et le musicien et chanteur Jules Moreau sont les invit\u00e9s de \"L'interview du jour\" le jeudi 16 \u00e0 18h, le vendredi 17 \u00e0 13h, le samedi 18 \u00e0 14h et le dimanche 19 \u00e0 11h.Pour vous inscrire et voir la programmation : odyssee.reseaubibli.fr\/\u00a0","og_url":"https:\/\/contactfm72.fr\/?p=18367","og_site_name":"Contact FM 99.3","article_publisher":"https:\/\/www.facebook.com\/Contactfm.Chateauduloir","article_published_time":"2025-01-16T15:07:16+00:00","og_image":[{"url":"http:\/\/contactfm72.fr\/wp-content\/uploads\/2025\/01\/Visuel-Contact-FM.png","width":1024,"height":768,"type":"image\/png"}],"author":"redaction2@contactfm72.fr","twitter_card":"summary_large_image","twitter_creator":"@contactfm72","twitter_site":"@contactfm72","twitter_misc":{"\u00c9crit par":"redaction2@contactfm72.fr","Dur\u00e9e de lecture estim\u00e9e":"1 minute"},"schema":{"@context":"https:\/\/schema.org","@graph":[{"@type":"Article","@id":"https:\/\/contactfm72.fr\/?p=18367#article","isPartOf":{"@id":"https:\/\/contactfm72.fr\/?p=18367"},"author":{"name":"redaction2@contactfm72.fr","@id":"https:\/\/contactfm72.fr\/#\/schema\/person\/d2ef09cdea7331b185acaddc4d14dda8"},"headline":"L&#8217;\u00e9dition 2025 des &#8220;Nuits de la lecture&#8221;","datePublished":"2025-01-16T15:07:16+00:00","mainEntityOfPage":{"@id":"https:\/\/contactfm72.fr\/?p=18367"},"wordCount":112,"publisher":{"@id":"https:\/\/contactfm72.fr\/#organization"},"image":{"@id":"https:\/\/contactfm72.fr\/?p=18367#primaryimage"},"thumbnailUrl":"https:\/\/contactfm72.fr\/wp-content\/uploads\/2025\/01\/Visuel-Contact-FM.png","articleSection":["Contact FM 72","L'interview du jour"],"inLanguage":"fr-FR"},{"@type":"WebPage","@id":"https:\/\/contactfm72.fr\/?p=18367","url":"https:\/\/contactfm72.fr\/?p=18367","name":"L'\u00e9dition 2025 des \"Nuits de la lecture\" - Contact FM 99.3","isPartOf":{"@id":"https:\/\/contactfm72.fr\/#website"},"primaryImageOfPage":{"@id":"https:\/\/contactfm72.fr\/?p=18367#primaryimage"},"image":{"@id":"https:\/\/contactfm72.fr\/?p=18367#primaryimage"},"thumbnailUrl":"https:\/\/contactfm72.fr\/wp-content\/uploads\/2025\/01\/Visuel-Contact-FM.png","datePublished":"2025-01-16T15:07:16+00:00","description":"Les nuits de la lecture reviennent !\u00a0Pendant 4 jours, la culture, la litt\u00e9rature, les contes et le patois seront au c\u0153ur de plusieurs communes de la communaut\u00e9 de communes Sud-Sarthe gr\u00e2ce au r\u00e9seau de biblioth\u00e8ques \"Odyss\u00e9e\". Un \u00e9v\u00e9nement 100% gratuit mais qui se fait uniquement sur inscriptions. Camille B\u00e9nard du r\u00e9seau de biblioth\u00e8ques \"Odyss\u00e9e\" et le musicien et chanteur Jules Moreau sont les invit\u00e9s de \"L'interview du jour\" le jeudi 16 \u00e0 18h, le vendredi 17 \u00e0 13h, le samedi 18 \u00e0 14h et le dimanche 19 \u00e0 11h.Pour vous inscrire et voir la programmation : odyssee.reseaubibli.fr\/\u00a0","breadcrumb":{"@id":"https:\/\/contactfm72.fr\/?p=18367#breadcrumb"},"inLanguage":"fr-FR","potentialAction":[{"@type":"ReadAction","target":["https:\/\/contactfm72.fr\/?p=18367"]}]},{"@type":"ImageObject","inLanguage":"fr-FR","@id":"https:\/\/contactfm72.fr\/?p=18367#primaryimage","url":"https:\/\/contactfm72.fr\/wp-content\/uploads\/2025\/01\/Visuel-Contact-FM.png","contentUrl":"https:\/\/contactfm72.fr\/wp-content\/uploads\/2025\/01\/Visuel-Contact-FM.png","width":2016,"height":1512},{"@type":"BreadcrumbList","@id":"https:\/\/contactfm72.fr\/?p=18367#breadcrumb","itemListElement":[{"@type":"ListItem","position":1,"name":"Accueil","item":"https:\/\/contactfm72.fr\/"},{"@type":"ListItem","position":2,"name":"L&#8217;\u00e9dition 2025 des &#8220;Nuits de la lecture&#8221;"}]},{"@type":"WebSite","@id":"https:\/\/contactfm72.fr\/#website","url":"https:\/\/contactfm72.fr\/","name":"Contact FM 99.3","description":"Votre radio en vall\u00e9e du Loir","publisher":{"@id":"https:\/\/contactfm72.fr\/#organization"},"potentialAction":[{"@type":"SearchAction","target":{"@type":"EntryPoint","urlTemplate":"https:\/\/contactfm72.fr\/?s={search_term_string}"},"query-input":{"@type":"PropertyValueSpecification","valueRequired":true,"valueName":"search_term_string"}}],"inLanguage":"fr-FR"},{"@type":"Organization","@id":"https:\/\/contactfm72.fr\/#organization","name":"Contact FM 99.3","url":"https:\/\/contactfm72.fr\/","logo":{"@type":"ImageObject","inLanguage":"fr-FR","@id":"https:\/\/contactfm72.fr\/#\/schema\/logo\/image\/","url":"https:\/\/contactfm72.fr\/wp-content\/uploads\/2025\/04\/2025-04-18-2.jpg","contentUrl":"https:\/\/contactfm72.fr\/wp-content\/uploads\/2025\/04\/2025-04-18-2.jpg","width":680,"height":307,"caption":"Contact FM 99.3"},"image":{"@id":"https:\/\/contactfm72.fr\/#\/schema\/logo\/image\/"},"sameAs":["https:\/\/www.facebook.com\/Contactfm.Chateauduloir","https:\/\/x.com\/contactfm72","https:\/\/www.instagram.com\/contact.fm.72?igsh=cGhlMHQ5N2JlNnpp","https:\/\/www.tiktok.com\/@contact.fm"]},{"@type":"Person","@id":"https:\/\/contactfm72.fr\/#\/schema\/person\/d2ef09cdea7331b185acaddc4d14dda8","name":"redaction2@contactfm72.fr","image":{"@type":"ImageObject","inLanguage":"fr-FR","@id":"https:\/\/secure.gravatar.com\/avatar\/897f3d57289c1f4c62cade1c2606ba6ded18d5f1676845e668a9f21cb751c06b?s=96&d=mm&r=g","url":"https:\/\/secure.gravatar.com\/avatar\/897f3d57289c1f4c62cade1c2606ba6ded18d5f1676845e668a9f21cb751c06b?s=96&d=mm&r=g","contentUrl":"https:\/\/secure.gravatar.com\/avatar\/897f3d57289c1f4c62cade1c2606ba6ded18d5f1676845e668a9f21cb751c06b?s=96&d=mm&r=g","caption":"redaction2@contactfm72.fr"},"url":"https:\/\/contactfm72.fr\/?author=5"}]}},"_links":{"self":[{"href":"https:\/\/contactfm72.fr\/index.php?rest_route=\/wp\/v2\/posts\/18367","targetHints":{"allow":["GET"]}}],"collection":[{"href":"https:\/\/contactfm72.fr\/index.php?rest_route=\/wp\/v2\/posts"}],"about":[{"href":"https:\/\/contactfm72.fr\/index.php?rest_route=\/wp\/v2\/types\/post"}],"author":[{"embeddable":true,"href":"https:\/\/contactfm72.fr\/index.php?rest_route=\/wp\/v2\/users\/5"}],"replies":[{"embeddable":true,"href":"https:\/\/contactfm72.fr\/index.php?rest_route=%2Fwp%2Fv2%2Fcomments&post=18367"}],"version-history":[{"count":2,"href":"https:\/\/contactfm72.fr\/index.php?rest_route=\/wp\/v2\/posts\/18367\/revisions"}],"predecessor-version":[{"id":18370,"href":"https:\/\/contactfm72.fr\/index.php?rest_route=\/wp\/v2\/posts\/18367\/revisions\/18370"}],"wp:featuredmedia":[{"embeddable":true,"href":"https:\/\/contactfm72.fr\/index.php?rest_route=\/wp\/v2\/media\/18368"}],"wp:attachment":[{"href":"https:\/\/contactfm72.fr\/index.php?rest_route=%2Fwp%2Fv2%2Fmedia&parent=18367"}],"wp:term":[{"taxonomy":"category","embeddable":true,"href":"https:\/\/contactfm72.fr\/index.php?rest_route=%2Fwp%2Fv2%2Fcategories&post=18367"},{"taxonomy":"post_tag","embeddable":true,"href":"https:\/\/contactfm72.fr\/index.php?rest_route=%2Fwp%2Fv2%2Ftags&post=18367"}],"curies":[{"name":"wp","href":"https:\/\/api.w.org\/{rel}","templated":true}]}}