{"id":18347,"date":"2025-01-15T15:45:59","date_gmt":"2025-01-15T14:45:59","guid":{"rendered":"https:\/\/contactfm72.fr\/?p=18347"},"modified":"2025-01-15T15:23:21","modified_gmt":"2025-01-15T14:23:21","slug":"les-voeux-de-lannee-2025-du-president-de-la-communaute-de-communes-sud-sarthe","status":"publish","type":"post","link":"https:\/\/contactfm72.fr\/?p=18347","title":{"rendered":"Les v\u0153ux de l&#8217;ann\u00e9e 2025 du Pr\u00e9sident de la Communaut\u00e9 de Communes Sud-Sarthe"},"content":{"rendered":"<p>Fran\u00e7ois Boussard pr\u00e9sente ses v\u0153ux !<\/p>\n<p>Le pr\u00e9sident de la communaut\u00e9 de communes Sud-Sarthe est le premier invit\u00e9 du magazine &#8220;Actu Sud-Sarthe&#8221; de l&#8217;ann\u00e9e 2025. Il revient sur les moments forts de l&#8217;ann\u00e9e derni\u00e8re comme l&#8217;arriv\u00e9e des trois m\u00e9decins, les actions mises en place par les \u00e9lus et l&#8217;importance des b\u00e9n\u00e9voles.<\/p>\n<p>Il nous parle \u00e9galement des projets de 2025, du contexte \u00e9conomique et du contrat territoire sant\u00e9. Fran\u00e7ois Boussard est \u00e0 retrouver dans &#8220;Actu Sud-Sarthe&#8221; le mercredi 15 janvier \u00e0 17h30 et le lundi 20 janvier \u00e0 12h30.<\/p>\n<div id=\"audioigniter-290\" class=\"audioigniter-root \" data-player-type=\"full\" data-tracks-url=\"https:\/\/contactfm72.fr\/?audioigniter_playlist_id=290\" data-display-track-no=\"false\" data-reverse-track-order=\"false\" data-display-tracklist-covers=\"false\" data-display-active-cover=\"false\" data-display-artist-names=\"false\" data-display-buy-buttons=\"true\" data-buy-buttons-target=\"false\" data-cycle-tracks=\"false\" data-display-credits=\"false\" data-display-tracklist=\"true\" data-allow-tracklist-toggle=\"true\" data-allow-tracklist-loop=\"true\" data-limit-tracklist-height=\"true\" data-volume=\"100\" data-tracklist-height=\"185\" data-allow-track-loop=\"false\" ><\/div>\n<!-- AddThis Advanced Settings generic via filter on the_content --><!-- AddThis Share Buttons generic via filter on the_content -->","protected":false},"excerpt":{"rendered":"<p>Fran\u00e7ois Boussard pr\u00e9sente ses v\u0153ux ! Le pr\u00e9sident de la communaut\u00e9 de communes Sud-Sarthe est le premier invit\u00e9 du magazine &#8220;Actu Sud-Sarthe&#8221; de l&#8217;ann\u00e9e 2025. Il revient sur les moments forts de l&#8217;ann\u00e9e derni\u00e8re comme l&#8217;arriv\u00e9e des trois m\u00e9decins, les actions mises en place par les \u00e9lus et l&#8217;importance des b\u00e9n\u00e9voles. Il nous parle \u00e9galement&hellip;<!-- AddThis Advanced Settings generic via filter on get_the_excerpt --><!-- AddThis Share Buttons generic via filter on get_the_excerpt --><\/p>\n","protected":false},"author":5,"featured_media":18353,"comment_status":"closed","ping_status":"open","sticky":false,"template":"","format":"standard","meta":{"footnotes":""},"categories":[15,1],"tags":[],"class_list":["post-18347","post","type-post","status-publish","format-standard","has-post-thumbnail","hentry","category-actu-sud-sarthe","category-contact-fm-72","category-15","category-1","description-off"],"yoast_head":"<!-- This site is optimized with the Yoast SEO plugin v27.4 - https:\/\/yoast.com\/product\/yoast-seo-wordpress\/ -->\n<title>Les v\u0153ux de l&#039;ann\u00e9e 2025 du Pr\u00e9sident de la Communaut\u00e9 de Communes Sud-Sarthe - Contact FM 99.3<\/title>\n<meta name=\"description\" content=\"Fran\u00e7ois Boussard pr\u00e9sente ses v\u0153ux !\u00a0Le pr\u00e9sident de la communaut\u00e9 de communes Sud-Sarthe est le premier invit\u00e9 du magazine &quot;Actu Sud-Sarthe&quot; de l&#039;ann\u00e9e 2025. Il revient sur les moments forts de l&#039;ann\u00e9e derni\u00e8re comme l&#039;arriv\u00e9e des trois m\u00e9decins, sur les actions mises en place par les \u00e9lus et l&#039;importance des b\u00e9n\u00e9voles sur les \u00e9v\u00e9nements mit en place.Il nous parle \u00e9galement des projets de 2025, du contexte \u00e9conomique et du contrat territoire sant\u00e9. Fran\u00e7ois Boussard est \u00e0 retrouver dans &quot;Actu Sud-Sarthe&quot; le mercredi 15 janvier \u00e0 17h30 et le lundi 20 janvier \u00e0 12h30.\" \/>\n<meta name=\"robots\" content=\"index, follow, max-snippet:-1, max-image-preview:large, max-video-preview:-1\" \/>\n<link rel=\"canonical\" href=\"https:\/\/contactfm72.fr\/?p=18347\" \/>\n<meta property=\"og:locale\" content=\"fr_FR\" \/>\n<meta property=\"og:type\" content=\"article\" \/>\n<meta property=\"og:title\" content=\"Les v\u0153ux de l&#039;ann\u00e9e 2025 du Pr\u00e9sident de la Communaut\u00e9 de Communes Sud-Sarthe - Contact FM 99.3\" \/>\n<meta property=\"og:description\" content=\"Fran\u00e7ois Boussard pr\u00e9sente ses v\u0153ux !\u00a0Le pr\u00e9sident de la communaut\u00e9 de communes Sud-Sarthe est le premier invit\u00e9 du magazine &quot;Actu Sud-Sarthe&quot; de l&#039;ann\u00e9e 2025. Il revient sur les moments forts de l&#039;ann\u00e9e derni\u00e8re comme l&#039;arriv\u00e9e des trois m\u00e9decins, sur les actions mises en place par les \u00e9lus et l&#039;importance des b\u00e9n\u00e9voles sur les \u00e9v\u00e9nements mit en place.Il nous parle \u00e9galement des projets de 2025, du contexte \u00e9conomique et du contrat territoire sant\u00e9. Fran\u00e7ois Boussard est \u00e0 retrouver dans &quot;Actu Sud-Sarthe&quot; le mercredi 15 janvier \u00e0 17h30 et le lundi 20 janvier \u00e0 12h30.\" \/>\n<meta property=\"og:url\" content=\"https:\/\/contactfm72.fr\/?p=18347\" \/>\n<meta property=\"og:site_name\" content=\"Contact FM 99.3\" \/>\n<meta property=\"article:publisher\" content=\"https:\/\/www.facebook.com\/Contactfm.Chateauduloir\" \/>\n<meta property=\"article:published_time\" content=\"2025-01-15T14:45:59+00:00\" \/>\n<meta property=\"og:image\" content=\"https:\/\/contactfm72.fr\/wp-content\/uploads\/2025\/01\/Visuel-Contact-FM-1-1.png\" \/>\n\t<meta property=\"og:image:width\" content=\"1024\" \/>\n\t<meta property=\"og:image:height\" content=\"768\" \/>\n\t<meta property=\"og:image:type\" content=\"image\/png\" \/>\n<meta name=\"author\" content=\"redaction2@contactfm72.fr\" \/>\n<meta name=\"twitter:card\" content=\"summary_large_image\" \/>\n<meta name=\"twitter:creator\" content=\"@contactfm72\" \/>\n<meta name=\"twitter:site\" content=\"@contactfm72\" \/>\n<meta name=\"twitter:label1\" content=\"\u00c9crit par\" \/>\n\t<meta name=\"twitter:data1\" content=\"redaction2@contactfm72.fr\" \/>\n\t<meta name=\"twitter:label2\" content=\"Dur\u00e9e de lecture estim\u00e9e\" \/>\n\t<meta name=\"twitter:data2\" content=\"1 minute\" \/>\n<script type=\"application\/ld+json\" class=\"yoast-schema-graph\">{\"@context\":\"https:\\\/\\\/schema.org\",\"@graph\":[{\"@type\":\"Article\",\"@id\":\"https:\\\/\\\/contactfm72.fr\\\/?p=18347#article\",\"isPartOf\":{\"@id\":\"https:\\\/\\\/contactfm72.fr\\\/?p=18347\"},\"author\":{\"name\":\"redaction2@contactfm72.fr\",\"@id\":\"https:\\\/\\\/contactfm72.fr\\\/#\\\/schema\\\/person\\\/d2ef09cdea7331b185acaddc4d14dda8\"},\"headline\":\"Les v\u0153ux de l&#8217;ann\u00e9e 2025 du Pr\u00e9sident de la Communaut\u00e9 de Communes Sud-Sarthe\",\"datePublished\":\"2025-01-15T14:45:59+00:00\",\"mainEntityOfPage\":{\"@id\":\"https:\\\/\\\/contactfm72.fr\\\/?p=18347\"},\"wordCount\":115,\"publisher\":{\"@id\":\"https:\\\/\\\/contactfm72.fr\\\/#organization\"},\"image\":{\"@id\":\"https:\\\/\\\/contactfm72.fr\\\/?p=18347#primaryimage\"},\"thumbnailUrl\":\"https:\\\/\\\/contactfm72.fr\\\/wp-content\\\/uploads\\\/2025\\\/01\\\/Visuel-Contact-FM-1-1.png\",\"articleSection\":[\"Actu sud Sarthe\",\"Contact FM 72\"],\"inLanguage\":\"fr-FR\"},{\"@type\":\"WebPage\",\"@id\":\"https:\\\/\\\/contactfm72.fr\\\/?p=18347\",\"url\":\"https:\\\/\\\/contactfm72.fr\\\/?p=18347\",\"name\":\"Les v\u0153ux de l'ann\u00e9e 2025 du Pr\u00e9sident de la Communaut\u00e9 de Communes Sud-Sarthe - Contact FM 99.3\",\"isPartOf\":{\"@id\":\"https:\\\/\\\/contactfm72.fr\\\/#website\"},\"primaryImageOfPage\":{\"@id\":\"https:\\\/\\\/contactfm72.fr\\\/?p=18347#primaryimage\"},\"image\":{\"@id\":\"https:\\\/\\\/contactfm72.fr\\\/?p=18347#primaryimage\"},\"thumbnailUrl\":\"https:\\\/\\\/contactfm72.fr\\\/wp-content\\\/uploads\\\/2025\\\/01\\\/Visuel-Contact-FM-1-1.png\",\"datePublished\":\"2025-01-15T14:45:59+00:00\",\"description\":\"Fran\u00e7ois Boussard pr\u00e9sente ses v\u0153ux !\u00a0Le pr\u00e9sident de la communaut\u00e9 de communes Sud-Sarthe est le premier invit\u00e9 du magazine \\\"Actu Sud-Sarthe\\\" de l'ann\u00e9e 2025. Il revient sur les moments forts de l'ann\u00e9e derni\u00e8re comme l'arriv\u00e9e des trois m\u00e9decins, sur les actions mises en place par les \u00e9lus et l'importance des b\u00e9n\u00e9voles sur les \u00e9v\u00e9nements mit en place.Il nous parle \u00e9galement des projets de 2025, du contexte \u00e9conomique et du contrat territoire sant\u00e9. Fran\u00e7ois Boussard est \u00e0 retrouver dans \\\"Actu Sud-Sarthe\\\" le mercredi 15 janvier \u00e0 17h30 et le lundi 20 janvier \u00e0 12h30.\",\"breadcrumb\":{\"@id\":\"https:\\\/\\\/contactfm72.fr\\\/?p=18347#breadcrumb\"},\"inLanguage\":\"fr-FR\",\"potentialAction\":[{\"@type\":\"ReadAction\",\"target\":[\"https:\\\/\\\/contactfm72.fr\\\/?p=18347\"]}]},{\"@type\":\"ImageObject\",\"inLanguage\":\"fr-FR\",\"@id\":\"https:\\\/\\\/contactfm72.fr\\\/?p=18347#primaryimage\",\"url\":\"https:\\\/\\\/contactfm72.fr\\\/wp-content\\\/uploads\\\/2025\\\/01\\\/Visuel-Contact-FM-1-1.png\",\"contentUrl\":\"https:\\\/\\\/contactfm72.fr\\\/wp-content\\\/uploads\\\/2025\\\/01\\\/Visuel-Contact-FM-1-1.png\",\"width\":2016,\"height\":1512},{\"@type\":\"BreadcrumbList\",\"@id\":\"https:\\\/\\\/contactfm72.fr\\\/?p=18347#breadcrumb\",\"itemListElement\":[{\"@type\":\"ListItem\",\"position\":1,\"name\":\"Accueil\",\"item\":\"https:\\\/\\\/contactfm72.fr\\\/\"},{\"@type\":\"ListItem\",\"position\":2,\"name\":\"Les v\u0153ux de l&#8217;ann\u00e9e 2025 du Pr\u00e9sident de la Communaut\u00e9 de Communes Sud-Sarthe\"}]},{\"@type\":\"WebSite\",\"@id\":\"https:\\\/\\\/contactfm72.fr\\\/#website\",\"url\":\"https:\\\/\\\/contactfm72.fr\\\/\",\"name\":\"Contact FM 99.3\",\"description\":\"Votre radio en vall\u00e9e du Loir\",\"publisher\":{\"@id\":\"https:\\\/\\\/contactfm72.fr\\\/#organization\"},\"potentialAction\":[{\"@type\":\"SearchAction\",\"target\":{\"@type\":\"EntryPoint\",\"urlTemplate\":\"https:\\\/\\\/contactfm72.fr\\\/?s={search_term_string}\"},\"query-input\":{\"@type\":\"PropertyValueSpecification\",\"valueRequired\":true,\"valueName\":\"search_term_string\"}}],\"inLanguage\":\"fr-FR\"},{\"@type\":\"Organization\",\"@id\":\"https:\\\/\\\/contactfm72.fr\\\/#organization\",\"name\":\"Contact FM 99.3\",\"url\":\"https:\\\/\\\/contactfm72.fr\\\/\",\"logo\":{\"@type\":\"ImageObject\",\"inLanguage\":\"fr-FR\",\"@id\":\"https:\\\/\\\/contactfm72.fr\\\/#\\\/schema\\\/logo\\\/image\\\/\",\"url\":\"https:\\\/\\\/contactfm72.fr\\\/wp-content\\\/uploads\\\/2025\\\/04\\\/2025-04-18-2.jpg\",\"contentUrl\":\"https:\\\/\\\/contactfm72.fr\\\/wp-content\\\/uploads\\\/2025\\\/04\\\/2025-04-18-2.jpg\",\"width\":680,\"height\":307,\"caption\":\"Contact FM 99.3\"},\"image\":{\"@id\":\"https:\\\/\\\/contactfm72.fr\\\/#\\\/schema\\\/logo\\\/image\\\/\"},\"sameAs\":[\"https:\\\/\\\/www.facebook.com\\\/Contactfm.Chateauduloir\",\"https:\\\/\\\/x.com\\\/contactfm72\",\"https:\\\/\\\/www.instagram.com\\\/contact.fm.72?igsh=cGhlMHQ5N2JlNnpp\",\"https:\\\/\\\/www.tiktok.com\\\/@contact.fm\"]},{\"@type\":\"Person\",\"@id\":\"https:\\\/\\\/contactfm72.fr\\\/#\\\/schema\\\/person\\\/d2ef09cdea7331b185acaddc4d14dda8\",\"name\":\"redaction2@contactfm72.fr\",\"image\":{\"@type\":\"ImageObject\",\"inLanguage\":\"fr-FR\",\"@id\":\"https:\\\/\\\/secure.gravatar.com\\\/avatar\\\/897f3d57289c1f4c62cade1c2606ba6ded18d5f1676845e668a9f21cb751c06b?s=96&d=mm&r=g\",\"url\":\"https:\\\/\\\/secure.gravatar.com\\\/avatar\\\/897f3d57289c1f4c62cade1c2606ba6ded18d5f1676845e668a9f21cb751c06b?s=96&d=mm&r=g\",\"contentUrl\":\"https:\\\/\\\/secure.gravatar.com\\\/avatar\\\/897f3d57289c1f4c62cade1c2606ba6ded18d5f1676845e668a9f21cb751c06b?s=96&d=mm&r=g\",\"caption\":\"redaction2@contactfm72.fr\"},\"url\":\"https:\\\/\\\/contactfm72.fr\\\/?author=5\"}]}<\/script>\n<!-- \/ Yoast SEO plugin. -->","yoast_head_json":{"title":"Les v\u0153ux de l'ann\u00e9e 2025 du Pr\u00e9sident de la Communaut\u00e9 de Communes Sud-Sarthe - Contact FM 99.3","description":"Fran\u00e7ois Boussard pr\u00e9sente ses v\u0153ux !\u00a0Le pr\u00e9sident de la communaut\u00e9 de communes Sud-Sarthe est le premier invit\u00e9 du magazine \"Actu Sud-Sarthe\" de l'ann\u00e9e 2025. Il revient sur les moments forts de l'ann\u00e9e derni\u00e8re comme l'arriv\u00e9e des trois m\u00e9decins, sur les actions mises en place par les \u00e9lus et l'importance des b\u00e9n\u00e9voles sur les \u00e9v\u00e9nements mit en place.Il nous parle \u00e9galement des projets de 2025, du contexte \u00e9conomique et du contrat territoire sant\u00e9. Fran\u00e7ois Boussard est \u00e0 retrouver dans \"Actu Sud-Sarthe\" le mercredi 15 janvier \u00e0 17h30 et le lundi 20 janvier \u00e0 12h30.","robots":{"index":"index","follow":"follow","max-snippet":"max-snippet:-1","max-image-preview":"max-image-preview:large","max-video-preview":"max-video-preview:-1"},"canonical":"https:\/\/contactfm72.fr\/?p=18347","og_locale":"fr_FR","og_type":"article","og_title":"Les v\u0153ux de l'ann\u00e9e 2025 du Pr\u00e9sident de la Communaut\u00e9 de Communes Sud-Sarthe - Contact FM 99.3","og_description":"Fran\u00e7ois Boussard pr\u00e9sente ses v\u0153ux !\u00a0Le pr\u00e9sident de la communaut\u00e9 de communes Sud-Sarthe est le premier invit\u00e9 du magazine \"Actu Sud-Sarthe\" de l'ann\u00e9e 2025. Il revient sur les moments forts de l'ann\u00e9e derni\u00e8re comme l'arriv\u00e9e des trois m\u00e9decins, sur les actions mises en place par les \u00e9lus et l'importance des b\u00e9n\u00e9voles sur les \u00e9v\u00e9nements mit en place.Il nous parle \u00e9galement des projets de 2025, du contexte \u00e9conomique et du contrat territoire sant\u00e9. Fran\u00e7ois Boussard est \u00e0 retrouver dans \"Actu Sud-Sarthe\" le mercredi 15 janvier \u00e0 17h30 et le lundi 20 janvier \u00e0 12h30.","og_url":"https:\/\/contactfm72.fr\/?p=18347","og_site_name":"Contact FM 99.3","article_publisher":"https:\/\/www.facebook.com\/Contactfm.Chateauduloir","article_published_time":"2025-01-15T14:45:59+00:00","og_image":[{"url":"https:\/\/contactfm72.fr\/wp-content\/uploads\/2025\/01\/Visuel-Contact-FM-1-1.png","width":1024,"height":768,"type":"image\/png"}],"author":"redaction2@contactfm72.fr","twitter_card":"summary_large_image","twitter_creator":"@contactfm72","twitter_site":"@contactfm72","twitter_misc":{"\u00c9crit par":"redaction2@contactfm72.fr","Dur\u00e9e de lecture estim\u00e9e":"1 minute"},"schema":{"@context":"https:\/\/schema.org","@graph":[{"@type":"Article","@id":"https:\/\/contactfm72.fr\/?p=18347#article","isPartOf":{"@id":"https:\/\/contactfm72.fr\/?p=18347"},"author":{"name":"redaction2@contactfm72.fr","@id":"https:\/\/contactfm72.fr\/#\/schema\/person\/d2ef09cdea7331b185acaddc4d14dda8"},"headline":"Les v\u0153ux de l&#8217;ann\u00e9e 2025 du Pr\u00e9sident de la Communaut\u00e9 de Communes Sud-Sarthe","datePublished":"2025-01-15T14:45:59+00:00","mainEntityOfPage":{"@id":"https:\/\/contactfm72.fr\/?p=18347"},"wordCount":115,"publisher":{"@id":"https:\/\/contactfm72.fr\/#organization"},"image":{"@id":"https:\/\/contactfm72.fr\/?p=18347#primaryimage"},"thumbnailUrl":"https:\/\/contactfm72.fr\/wp-content\/uploads\/2025\/01\/Visuel-Contact-FM-1-1.png","articleSection":["Actu sud Sarthe","Contact FM 72"],"inLanguage":"fr-FR"},{"@type":"WebPage","@id":"https:\/\/contactfm72.fr\/?p=18347","url":"https:\/\/contactfm72.fr\/?p=18347","name":"Les v\u0153ux de l'ann\u00e9e 2025 du Pr\u00e9sident de la Communaut\u00e9 de Communes Sud-Sarthe - Contact FM 99.3","isPartOf":{"@id":"https:\/\/contactfm72.fr\/#website"},"primaryImageOfPage":{"@id":"https:\/\/contactfm72.fr\/?p=18347#primaryimage"},"image":{"@id":"https:\/\/contactfm72.fr\/?p=18347#primaryimage"},"thumbnailUrl":"https:\/\/contactfm72.fr\/wp-content\/uploads\/2025\/01\/Visuel-Contact-FM-1-1.png","datePublished":"2025-01-15T14:45:59+00:00","description":"Fran\u00e7ois Boussard pr\u00e9sente ses v\u0153ux !\u00a0Le pr\u00e9sident de la communaut\u00e9 de communes Sud-Sarthe est le premier invit\u00e9 du magazine \"Actu Sud-Sarthe\" de l'ann\u00e9e 2025. Il revient sur les moments forts de l'ann\u00e9e derni\u00e8re comme l'arriv\u00e9e des trois m\u00e9decins, sur les actions mises en place par les \u00e9lus et l'importance des b\u00e9n\u00e9voles sur les \u00e9v\u00e9nements mit en place.Il nous parle \u00e9galement des projets de 2025, du contexte \u00e9conomique et du contrat territoire sant\u00e9. Fran\u00e7ois Boussard est \u00e0 retrouver dans \"Actu Sud-Sarthe\" le mercredi 15 janvier \u00e0 17h30 et le lundi 20 janvier \u00e0 12h30.","breadcrumb":{"@id":"https:\/\/contactfm72.fr\/?p=18347#breadcrumb"},"inLanguage":"fr-FR","potentialAction":[{"@type":"ReadAction","target":["https:\/\/contactfm72.fr\/?p=18347"]}]},{"@type":"ImageObject","inLanguage":"fr-FR","@id":"https:\/\/contactfm72.fr\/?p=18347#primaryimage","url":"https:\/\/contactfm72.fr\/wp-content\/uploads\/2025\/01\/Visuel-Contact-FM-1-1.png","contentUrl":"https:\/\/contactfm72.fr\/wp-content\/uploads\/2025\/01\/Visuel-Contact-FM-1-1.png","width":2016,"height":1512},{"@type":"BreadcrumbList","@id":"https:\/\/contactfm72.fr\/?p=18347#breadcrumb","itemListElement":[{"@type":"ListItem","position":1,"name":"Accueil","item":"https:\/\/contactfm72.fr\/"},{"@type":"ListItem","position":2,"name":"Les v\u0153ux de l&#8217;ann\u00e9e 2025 du Pr\u00e9sident de la Communaut\u00e9 de Communes Sud-Sarthe"}]},{"@type":"WebSite","@id":"https:\/\/contactfm72.fr\/#website","url":"https:\/\/contactfm72.fr\/","name":"Contact FM 99.3","description":"Votre radio en vall\u00e9e du Loir","publisher":{"@id":"https:\/\/contactfm72.fr\/#organization"},"potentialAction":[{"@type":"SearchAction","target":{"@type":"EntryPoint","urlTemplate":"https:\/\/contactfm72.fr\/?s={search_term_string}"},"query-input":{"@type":"PropertyValueSpecification","valueRequired":true,"valueName":"search_term_string"}}],"inLanguage":"fr-FR"},{"@type":"Organization","@id":"https:\/\/contactfm72.fr\/#organization","name":"Contact FM 99.3","url":"https:\/\/contactfm72.fr\/","logo":{"@type":"ImageObject","inLanguage":"fr-FR","@id":"https:\/\/contactfm72.fr\/#\/schema\/logo\/image\/","url":"https:\/\/contactfm72.fr\/wp-content\/uploads\/2025\/04\/2025-04-18-2.jpg","contentUrl":"https:\/\/contactfm72.fr\/wp-content\/uploads\/2025\/04\/2025-04-18-2.jpg","width":680,"height":307,"caption":"Contact FM 99.3"},"image":{"@id":"https:\/\/contactfm72.fr\/#\/schema\/logo\/image\/"},"sameAs":["https:\/\/www.facebook.com\/Contactfm.Chateauduloir","https:\/\/x.com\/contactfm72","https:\/\/www.instagram.com\/contact.fm.72?igsh=cGhlMHQ5N2JlNnpp","https:\/\/www.tiktok.com\/@contact.fm"]},{"@type":"Person","@id":"https:\/\/contactfm72.fr\/#\/schema\/person\/d2ef09cdea7331b185acaddc4d14dda8","name":"redaction2@contactfm72.fr","image":{"@type":"ImageObject","inLanguage":"fr-FR","@id":"https:\/\/secure.gravatar.com\/avatar\/897f3d57289c1f4c62cade1c2606ba6ded18d5f1676845e668a9f21cb751c06b?s=96&d=mm&r=g","url":"https:\/\/secure.gravatar.com\/avatar\/897f3d57289c1f4c62cade1c2606ba6ded18d5f1676845e668a9f21cb751c06b?s=96&d=mm&r=g","contentUrl":"https:\/\/secure.gravatar.com\/avatar\/897f3d57289c1f4c62cade1c2606ba6ded18d5f1676845e668a9f21cb751c06b?s=96&d=mm&r=g","caption":"redaction2@contactfm72.fr"},"url":"https:\/\/contactfm72.fr\/?author=5"}]}},"_links":{"self":[{"href":"https:\/\/contactfm72.fr\/index.php?rest_route=\/wp\/v2\/posts\/18347","targetHints":{"allow":["GET"]}}],"collection":[{"href":"https:\/\/contactfm72.fr\/index.php?rest_route=\/wp\/v2\/posts"}],"about":[{"href":"https:\/\/contactfm72.fr\/index.php?rest_route=\/wp\/v2\/types\/post"}],"author":[{"embeddable":true,"href":"https:\/\/contactfm72.fr\/index.php?rest_route=\/wp\/v2\/users\/5"}],"replies":[{"embeddable":true,"href":"https:\/\/contactfm72.fr\/index.php?rest_route=%2Fwp%2Fv2%2Fcomments&post=18347"}],"version-history":[{"count":1,"href":"https:\/\/contactfm72.fr\/index.php?rest_route=\/wp\/v2\/posts\/18347\/revisions"}],"predecessor-version":[{"id":18354,"href":"https:\/\/contactfm72.fr\/index.php?rest_route=\/wp\/v2\/posts\/18347\/revisions\/18354"}],"wp:featuredmedia":[{"embeddable":true,"href":"https:\/\/contactfm72.fr\/index.php?rest_route=\/wp\/v2\/media\/18353"}],"wp:attachment":[{"href":"https:\/\/contactfm72.fr\/index.php?rest_route=%2Fwp%2Fv2%2Fmedia&parent=18347"}],"wp:term":[{"taxonomy":"category","embeddable":true,"href":"https:\/\/contactfm72.fr\/index.php?rest_route=%2Fwp%2Fv2%2Fcategories&post=18347"},{"taxonomy":"post_tag","embeddable":true,"href":"https:\/\/contactfm72.fr\/index.php?rest_route=%2Fwp%2Fv2%2Ftags&post=18347"}],"curies":[{"name":"wp","href":"https:\/\/api.w.org\/{rel}","templated":true}]}}