{"id":18209,"date":"2024-12-27T12:00:11","date_gmt":"2024-12-27T11:00:11","guid":{"rendered":"https:\/\/contactfm72.fr\/?p=18209"},"modified":"2024-12-29T11:14:27","modified_gmt":"2024-12-29T10:14:27","slug":"les-pirates-fascinent-les-enfants-de-lime-du-val-de-loir","status":"publish","type":"post","link":"https:\/\/contactfm72.fr\/?p=18209","title":{"rendered":"Les pirates fascinent les enfants de l&#8217;IME du Val de Loir"},"content":{"rendered":"<div dir=\"auto\">Les aventures de la Calypso du Loir continuent avec la dispositif inclusif du Val de Loir (ex IME), en partenariat avec l&#8217;Adapei de la Sarthe.<\/div>\n<div dir=\"auto\"><\/div>\n<div dir=\"auto\">Toujours en lien avec le Vend\u00e9e Globe que suit la classe bas\u00e9e \u00e0 l&#8217;\u00e9cole Gabrielle Legras \u00e0 Montval-sur-Loir, le num\u00e9ro de d\u00e9cembre s&#8217;int\u00e9resse aux pirates.<\/div>\n<div dir=\"auto\"><\/div>\n<div dir=\"auto\">Jean-Baptiste Poirrier, l&#8217;enseignant, a interview\u00e9 Th\u00e9o, Thibaud, Math\u00e9o et Tristan sur ce th\u00e8me.<\/div>\n<div dir=\"auto\">Ils sont tous dans l&#8217;\u00e9mission &#8220;Un autre regard&#8221; vendredi 27 d\u00e9cembre \u00e0 14h et lundi 30 \u00e0 10h.<\/div>\n<p>&nbsp;<\/p>\n<p>&nbsp;<\/p>\n<div id=\"audioigniter-14509\" class=\"audioigniter-root \" data-player-type=\"full\" data-tracks-url=\"https:\/\/contactfm72.fr\/?audioigniter_playlist_id=14509\" data-display-track-no=\"true\" data-reverse-track-order=\"false\" data-display-tracklist-covers=\"true\" data-display-active-cover=\"true\" data-display-artist-names=\"true\" data-display-buy-buttons=\"true\" data-buy-buttons-target=\"true\" data-cycle-tracks=\"false\" data-display-credits=\"false\" data-display-tracklist=\"true\" data-allow-tracklist-toggle=\"true\" data-allow-tracklist-loop=\"true\" data-limit-tracklist-height=\"true\" data-volume=\"100\" data-tracklist-height=\"185\" data-allow-track-loop=\"false\" ><\/div>\n<!-- AddThis Advanced Settings generic via filter on the_content --><!-- AddThis Share Buttons generic via filter on the_content -->","protected":false},"excerpt":{"rendered":"<p>Les aventures de la Calypso du Loir continuent avec la dispositif inclusif du Val de Loir (ex IME), en partenariat avec l&#8217;Adapei de la Sarthe. Toujours en lien avec le Vend\u00e9e Globe que suit la classe bas\u00e9e \u00e0 l&#8217;\u00e9cole Gabrielle Legras \u00e0 Montval-sur-Loir, le num\u00e9ro de d\u00e9cembre s&#8217;int\u00e9resse aux pirates. Jean-Baptiste Poirrier, l&#8217;enseignant, a interview\u00e9&hellip;<!-- AddThis Advanced Settings generic via filter on get_the_excerpt --><!-- AddThis Share Buttons generic via filter on get_the_excerpt --><\/p>\n","protected":false},"author":4,"featured_media":18210,"comment_status":"closed","ping_status":"open","sticky":false,"template":"","format":"standard","meta":{"footnotes":""},"categories":[1,87],"tags":[],"class_list":["post-18209","post","type-post","status-publish","format-standard","has-post-thumbnail","hentry","category-contact-fm-72","category-un-autre-regard","category-1","category-87","description-off"],"yoast_head":"<!-- This site is optimized with the Yoast SEO plugin v27.4 - https:\/\/yoast.com\/product\/yoast-seo-wordpress\/ -->\n<title>Les pirates fascinent les enfants de l&#039;IME du Val de Loir - Contact FM 99.3<\/title>\n<meta name=\"robots\" content=\"index, follow, max-snippet:-1, max-image-preview:large, max-video-preview:-1\" \/>\n<link rel=\"canonical\" href=\"https:\/\/contactfm72.fr\/?p=18209\" \/>\n<meta property=\"og:locale\" content=\"fr_FR\" \/>\n<meta property=\"og:type\" content=\"article\" \/>\n<meta property=\"og:title\" content=\"Les pirates fascinent les enfants de l&#039;IME du Val de Loir - Contact FM 99.3\" \/>\n<meta property=\"og:description\" content=\"Les aventures de la Calypso du Loir continuent avec la dispositif inclusif du Val de Loir (ex IME), en partenariat avec l&#8217;Adapei de la Sarthe. Toujours en lien avec le Vend\u00e9e Globe que suit la classe bas\u00e9e \u00e0 l&#8217;\u00e9cole Gabrielle Legras \u00e0 Montval-sur-Loir, le num\u00e9ro de d\u00e9cembre s&#8217;int\u00e9resse aux pirates. Jean-Baptiste Poirrier, l&#8217;enseignant, a interview\u00e9&hellip;\" \/>\n<meta property=\"og:url\" content=\"https:\/\/contactfm72.fr\/?p=18209\" \/>\n<meta property=\"og:site_name\" content=\"Contact FM 99.3\" \/>\n<meta property=\"article:publisher\" content=\"https:\/\/www.facebook.com\/Contactfm.Chateauduloir\" \/>\n<meta property=\"article:published_time\" content=\"2024-12-27T11:00:11+00:00\" \/>\n<meta property=\"article:modified_time\" content=\"2024-12-29T10:14:27+00:00\" \/>\n<meta property=\"og:image\" content=\"http:\/\/contactfm72.fr\/wp-content\/uploads\/2024\/12\/1000002843.jpg\" \/>\n\t<meta property=\"og:image:width\" content=\"2946\" \/>\n\t<meta property=\"og:image:height\" content=\"2609\" \/>\n\t<meta property=\"og:image:type\" content=\"image\/jpeg\" \/>\n<meta name=\"author\" content=\"Val\u00e9rie C.\" \/>\n<meta name=\"twitter:card\" content=\"summary_large_image\" \/>\n<meta name=\"twitter:creator\" content=\"@contactfm72\" \/>\n<meta name=\"twitter:site\" content=\"@contactfm72\" \/>\n<meta name=\"twitter:label1\" content=\"\u00c9crit par\" \/>\n\t<meta name=\"twitter:data1\" content=\"Val\u00e9rie C.\" \/>\n\t<meta name=\"twitter:label2\" content=\"Dur\u00e9e de lecture estim\u00e9e\" \/>\n\t<meta name=\"twitter:data2\" content=\"1 minute\" \/>\n<script type=\"application\/ld+json\" class=\"yoast-schema-graph\">{\"@context\":\"https:\\\/\\\/schema.org\",\"@graph\":[{\"@type\":\"Article\",\"@id\":\"https:\\\/\\\/contactfm72.fr\\\/?p=18209#article\",\"isPartOf\":{\"@id\":\"https:\\\/\\\/contactfm72.fr\\\/?p=18209\"},\"author\":{\"name\":\"Val\u00e9rie C.\",\"@id\":\"https:\\\/\\\/contactfm72.fr\\\/#\\\/schema\\\/person\\\/9fdc9d1c2eb029354a4f1535b90ba82d\"},\"headline\":\"Les pirates fascinent les enfants de l&#8217;IME du Val de Loir\",\"datePublished\":\"2024-12-27T11:00:11+00:00\",\"dateModified\":\"2024-12-29T10:14:27+00:00\",\"mainEntityOfPage\":{\"@id\":\"https:\\\/\\\/contactfm72.fr\\\/?p=18209\"},\"wordCount\":106,\"publisher\":{\"@id\":\"https:\\\/\\\/contactfm72.fr\\\/#organization\"},\"image\":{\"@id\":\"https:\\\/\\\/contactfm72.fr\\\/?p=18209#primaryimage\"},\"thumbnailUrl\":\"https:\\\/\\\/contactfm72.fr\\\/wp-content\\\/uploads\\\/2024\\\/12\\\/1000002843.jpg\",\"articleSection\":[\"Contact FM 72\",\"Un autre regard\"],\"inLanguage\":\"fr-FR\"},{\"@type\":\"WebPage\",\"@id\":\"https:\\\/\\\/contactfm72.fr\\\/?p=18209\",\"url\":\"https:\\\/\\\/contactfm72.fr\\\/?p=18209\",\"name\":\"Les pirates fascinent les enfants de l'IME du Val de Loir - Contact FM 99.3\",\"isPartOf\":{\"@id\":\"https:\\\/\\\/contactfm72.fr\\\/#website\"},\"primaryImageOfPage\":{\"@id\":\"https:\\\/\\\/contactfm72.fr\\\/?p=18209#primaryimage\"},\"image\":{\"@id\":\"https:\\\/\\\/contactfm72.fr\\\/?p=18209#primaryimage\"},\"thumbnailUrl\":\"https:\\\/\\\/contactfm72.fr\\\/wp-content\\\/uploads\\\/2024\\\/12\\\/1000002843.jpg\",\"datePublished\":\"2024-12-27T11:00:11+00:00\",\"dateModified\":\"2024-12-29T10:14:27+00:00\",\"breadcrumb\":{\"@id\":\"https:\\\/\\\/contactfm72.fr\\\/?p=18209#breadcrumb\"},\"inLanguage\":\"fr-FR\",\"potentialAction\":[{\"@type\":\"ReadAction\",\"target\":[\"https:\\\/\\\/contactfm72.fr\\\/?p=18209\"]}]},{\"@type\":\"ImageObject\",\"inLanguage\":\"fr-FR\",\"@id\":\"https:\\\/\\\/contactfm72.fr\\\/?p=18209#primaryimage\",\"url\":\"https:\\\/\\\/contactfm72.fr\\\/wp-content\\\/uploads\\\/2024\\\/12\\\/1000002843.jpg\",\"contentUrl\":\"https:\\\/\\\/contactfm72.fr\\\/wp-content\\\/uploads\\\/2024\\\/12\\\/1000002843.jpg\",\"width\":2946,\"height\":2609},{\"@type\":\"BreadcrumbList\",\"@id\":\"https:\\\/\\\/contactfm72.fr\\\/?p=18209#breadcrumb\",\"itemListElement\":[{\"@type\":\"ListItem\",\"position\":1,\"name\":\"Accueil\",\"item\":\"https:\\\/\\\/contactfm72.fr\\\/\"},{\"@type\":\"ListItem\",\"position\":2,\"name\":\"Les pirates fascinent les enfants de l&#8217;IME du Val de Loir\"}]},{\"@type\":\"WebSite\",\"@id\":\"https:\\\/\\\/contactfm72.fr\\\/#website\",\"url\":\"https:\\\/\\\/contactfm72.fr\\\/\",\"name\":\"Contact FM 99.3\",\"description\":\"Votre radio en vall\u00e9e du Loir\",\"publisher\":{\"@id\":\"https:\\\/\\\/contactfm72.fr\\\/#organization\"},\"potentialAction\":[{\"@type\":\"SearchAction\",\"target\":{\"@type\":\"EntryPoint\",\"urlTemplate\":\"https:\\\/\\\/contactfm72.fr\\\/?s={search_term_string}\"},\"query-input\":{\"@type\":\"PropertyValueSpecification\",\"valueRequired\":true,\"valueName\":\"search_term_string\"}}],\"inLanguage\":\"fr-FR\"},{\"@type\":\"Organization\",\"@id\":\"https:\\\/\\\/contactfm72.fr\\\/#organization\",\"name\":\"Contact FM 99.3\",\"url\":\"https:\\\/\\\/contactfm72.fr\\\/\",\"logo\":{\"@type\":\"ImageObject\",\"inLanguage\":\"fr-FR\",\"@id\":\"https:\\\/\\\/contactfm72.fr\\\/#\\\/schema\\\/logo\\\/image\\\/\",\"url\":\"https:\\\/\\\/contactfm72.fr\\\/wp-content\\\/uploads\\\/2025\\\/04\\\/2025-04-18-2.jpg\",\"contentUrl\":\"https:\\\/\\\/contactfm72.fr\\\/wp-content\\\/uploads\\\/2025\\\/04\\\/2025-04-18-2.jpg\",\"width\":680,\"height\":307,\"caption\":\"Contact FM 99.3\"},\"image\":{\"@id\":\"https:\\\/\\\/contactfm72.fr\\\/#\\\/schema\\\/logo\\\/image\\\/\"},\"sameAs\":[\"https:\\\/\\\/www.facebook.com\\\/Contactfm.Chateauduloir\",\"https:\\\/\\\/x.com\\\/contactfm72\",\"https:\\\/\\\/www.instagram.com\\\/contact.fm.72?igsh=cGhlMHQ5N2JlNnpp\",\"https:\\\/\\\/www.tiktok.com\\\/@contact.fm\"]},{\"@type\":\"Person\",\"@id\":\"https:\\\/\\\/contactfm72.fr\\\/#\\\/schema\\\/person\\\/9fdc9d1c2eb029354a4f1535b90ba82d\",\"name\":\"Val\u00e9rie C.\",\"image\":{\"@type\":\"ImageObject\",\"inLanguage\":\"fr-FR\",\"@id\":\"https:\\\/\\\/secure.gravatar.com\\\/avatar\\\/2f8aa28f8dfbd7d4420afd1fdcdd0a349923e2c8a38ab28198b0f9d0601e4737?s=96&d=mm&r=g\",\"url\":\"https:\\\/\\\/secure.gravatar.com\\\/avatar\\\/2f8aa28f8dfbd7d4420afd1fdcdd0a349923e2c8a38ab28198b0f9d0601e4737?s=96&d=mm&r=g\",\"contentUrl\":\"https:\\\/\\\/secure.gravatar.com\\\/avatar\\\/2f8aa28f8dfbd7d4420afd1fdcdd0a349923e2c8a38ab28198b0f9d0601e4737?s=96&d=mm&r=g\",\"caption\":\"Val\u00e9rie C.\"},\"url\":\"https:\\\/\\\/contactfm72.fr\\\/?author=4\"}]}<\/script>\n<!-- \/ Yoast SEO plugin. -->","yoast_head_json":{"title":"Les pirates fascinent les enfants de l'IME du Val de Loir - Contact FM 99.3","robots":{"index":"index","follow":"follow","max-snippet":"max-snippet:-1","max-image-preview":"max-image-preview:large","max-video-preview":"max-video-preview:-1"},"canonical":"https:\/\/contactfm72.fr\/?p=18209","og_locale":"fr_FR","og_type":"article","og_title":"Les pirates fascinent les enfants de l'IME du Val de Loir - Contact FM 99.3","og_description":"Les aventures de la Calypso du Loir continuent avec la dispositif inclusif du Val de Loir (ex IME), en partenariat avec l&#8217;Adapei de la Sarthe. Toujours en lien avec le Vend\u00e9e Globe que suit la classe bas\u00e9e \u00e0 l&#8217;\u00e9cole Gabrielle Legras \u00e0 Montval-sur-Loir, le num\u00e9ro de d\u00e9cembre s&#8217;int\u00e9resse aux pirates. Jean-Baptiste Poirrier, l&#8217;enseignant, a interview\u00e9&hellip;","og_url":"https:\/\/contactfm72.fr\/?p=18209","og_site_name":"Contact FM 99.3","article_publisher":"https:\/\/www.facebook.com\/Contactfm.Chateauduloir","article_published_time":"2024-12-27T11:00:11+00:00","article_modified_time":"2024-12-29T10:14:27+00:00","og_image":[{"width":2946,"height":2609,"url":"http:\/\/contactfm72.fr\/wp-content\/uploads\/2024\/12\/1000002843.jpg","type":"image\/jpeg"}],"author":"Val\u00e9rie C.","twitter_card":"summary_large_image","twitter_creator":"@contactfm72","twitter_site":"@contactfm72","twitter_misc":{"\u00c9crit par":"Val\u00e9rie C.","Dur\u00e9e de lecture estim\u00e9e":"1 minute"},"schema":{"@context":"https:\/\/schema.org","@graph":[{"@type":"Article","@id":"https:\/\/contactfm72.fr\/?p=18209#article","isPartOf":{"@id":"https:\/\/contactfm72.fr\/?p=18209"},"author":{"name":"Val\u00e9rie C.","@id":"https:\/\/contactfm72.fr\/#\/schema\/person\/9fdc9d1c2eb029354a4f1535b90ba82d"},"headline":"Les pirates fascinent les enfants de l&#8217;IME du Val de Loir","datePublished":"2024-12-27T11:00:11+00:00","dateModified":"2024-12-29T10:14:27+00:00","mainEntityOfPage":{"@id":"https:\/\/contactfm72.fr\/?p=18209"},"wordCount":106,"publisher":{"@id":"https:\/\/contactfm72.fr\/#organization"},"image":{"@id":"https:\/\/contactfm72.fr\/?p=18209#primaryimage"},"thumbnailUrl":"https:\/\/contactfm72.fr\/wp-content\/uploads\/2024\/12\/1000002843.jpg","articleSection":["Contact FM 72","Un autre regard"],"inLanguage":"fr-FR"},{"@type":"WebPage","@id":"https:\/\/contactfm72.fr\/?p=18209","url":"https:\/\/contactfm72.fr\/?p=18209","name":"Les pirates fascinent les enfants de l'IME du Val de Loir - Contact FM 99.3","isPartOf":{"@id":"https:\/\/contactfm72.fr\/#website"},"primaryImageOfPage":{"@id":"https:\/\/contactfm72.fr\/?p=18209#primaryimage"},"image":{"@id":"https:\/\/contactfm72.fr\/?p=18209#primaryimage"},"thumbnailUrl":"https:\/\/contactfm72.fr\/wp-content\/uploads\/2024\/12\/1000002843.jpg","datePublished":"2024-12-27T11:00:11+00:00","dateModified":"2024-12-29T10:14:27+00:00","breadcrumb":{"@id":"https:\/\/contactfm72.fr\/?p=18209#breadcrumb"},"inLanguage":"fr-FR","potentialAction":[{"@type":"ReadAction","target":["https:\/\/contactfm72.fr\/?p=18209"]}]},{"@type":"ImageObject","inLanguage":"fr-FR","@id":"https:\/\/contactfm72.fr\/?p=18209#primaryimage","url":"https:\/\/contactfm72.fr\/wp-content\/uploads\/2024\/12\/1000002843.jpg","contentUrl":"https:\/\/contactfm72.fr\/wp-content\/uploads\/2024\/12\/1000002843.jpg","width":2946,"height":2609},{"@type":"BreadcrumbList","@id":"https:\/\/contactfm72.fr\/?p=18209#breadcrumb","itemListElement":[{"@type":"ListItem","position":1,"name":"Accueil","item":"https:\/\/contactfm72.fr\/"},{"@type":"ListItem","position":2,"name":"Les pirates fascinent les enfants de l&#8217;IME du Val de Loir"}]},{"@type":"WebSite","@id":"https:\/\/contactfm72.fr\/#website","url":"https:\/\/contactfm72.fr\/","name":"Contact FM 99.3","description":"Votre radio en vall\u00e9e du Loir","publisher":{"@id":"https:\/\/contactfm72.fr\/#organization"},"potentialAction":[{"@type":"SearchAction","target":{"@type":"EntryPoint","urlTemplate":"https:\/\/contactfm72.fr\/?s={search_term_string}"},"query-input":{"@type":"PropertyValueSpecification","valueRequired":true,"valueName":"search_term_string"}}],"inLanguage":"fr-FR"},{"@type":"Organization","@id":"https:\/\/contactfm72.fr\/#organization","name":"Contact FM 99.3","url":"https:\/\/contactfm72.fr\/","logo":{"@type":"ImageObject","inLanguage":"fr-FR","@id":"https:\/\/contactfm72.fr\/#\/schema\/logo\/image\/","url":"https:\/\/contactfm72.fr\/wp-content\/uploads\/2025\/04\/2025-04-18-2.jpg","contentUrl":"https:\/\/contactfm72.fr\/wp-content\/uploads\/2025\/04\/2025-04-18-2.jpg","width":680,"height":307,"caption":"Contact FM 99.3"},"image":{"@id":"https:\/\/contactfm72.fr\/#\/schema\/logo\/image\/"},"sameAs":["https:\/\/www.facebook.com\/Contactfm.Chateauduloir","https:\/\/x.com\/contactfm72","https:\/\/www.instagram.com\/contact.fm.72?igsh=cGhlMHQ5N2JlNnpp","https:\/\/www.tiktok.com\/@contact.fm"]},{"@type":"Person","@id":"https:\/\/contactfm72.fr\/#\/schema\/person\/9fdc9d1c2eb029354a4f1535b90ba82d","name":"Val\u00e9rie C.","image":{"@type":"ImageObject","inLanguage":"fr-FR","@id":"https:\/\/secure.gravatar.com\/avatar\/2f8aa28f8dfbd7d4420afd1fdcdd0a349923e2c8a38ab28198b0f9d0601e4737?s=96&d=mm&r=g","url":"https:\/\/secure.gravatar.com\/avatar\/2f8aa28f8dfbd7d4420afd1fdcdd0a349923e2c8a38ab28198b0f9d0601e4737?s=96&d=mm&r=g","contentUrl":"https:\/\/secure.gravatar.com\/avatar\/2f8aa28f8dfbd7d4420afd1fdcdd0a349923e2c8a38ab28198b0f9d0601e4737?s=96&d=mm&r=g","caption":"Val\u00e9rie C."},"url":"https:\/\/contactfm72.fr\/?author=4"}]}},"_links":{"self":[{"href":"https:\/\/contactfm72.fr\/index.php?rest_route=\/wp\/v2\/posts\/18209","targetHints":{"allow":["GET"]}}],"collection":[{"href":"https:\/\/contactfm72.fr\/index.php?rest_route=\/wp\/v2\/posts"}],"about":[{"href":"https:\/\/contactfm72.fr\/index.php?rest_route=\/wp\/v2\/types\/post"}],"author":[{"embeddable":true,"href":"https:\/\/contactfm72.fr\/index.php?rest_route=\/wp\/v2\/users\/4"}],"replies":[{"embeddable":true,"href":"https:\/\/contactfm72.fr\/index.php?rest_route=%2Fwp%2Fv2%2Fcomments&post=18209"}],"version-history":[{"count":5,"href":"https:\/\/contactfm72.fr\/index.php?rest_route=\/wp\/v2\/posts\/18209\/revisions"}],"predecessor-version":[{"id":18241,"href":"https:\/\/contactfm72.fr\/index.php?rest_route=\/wp\/v2\/posts\/18209\/revisions\/18241"}],"wp:featuredmedia":[{"embeddable":true,"href":"https:\/\/contactfm72.fr\/index.php?rest_route=\/wp\/v2\/media\/18210"}],"wp:attachment":[{"href":"https:\/\/contactfm72.fr\/index.php?rest_route=%2Fwp%2Fv2%2Fmedia&parent=18209"}],"wp:term":[{"taxonomy":"category","embeddable":true,"href":"https:\/\/contactfm72.fr\/index.php?rest_route=%2Fwp%2Fv2%2Fcategories&post=18209"},{"taxonomy":"post_tag","embeddable":true,"href":"https:\/\/contactfm72.fr\/index.php?rest_route=%2Fwp%2Fv2%2Ftags&post=18209"}],"curies":[{"name":"wp","href":"https:\/\/api.w.org\/{rel}","templated":true}]}}