{"id":18150,"date":"2024-12-16T16:25:53","date_gmt":"2024-12-16T15:25:53","guid":{"rendered":"https:\/\/contactfm72.fr\/?p=18150"},"modified":"2024-12-17T11:46:56","modified_gmt":"2024-12-17T10:46:56","slug":"le-marche-de-noel-daubigne-racan","status":"publish","type":"post","link":"https:\/\/contactfm72.fr\/?p=18150","title":{"rendered":"Le programme du march\u00e9 de No\u00ebl d&#8217;Aubign\u00e9-Racan"},"content":{"rendered":"<p>Aubign\u00e9-Racan pr\u00e9pare son march\u00e9 de No\u00ebl !<\/p>\n<p>La fin d&#8217;ann\u00e9e approche \u00e0 grands pas, la commune d&#8217;Aubign\u00e9-Racan met les petits plats dans les grands pour proposer au public un march\u00e9 de No\u00ebl qui se veut magique. Entre la vingtaine d&#8217;exposants, l&#8217;arriv\u00e9e du P\u00e8re No\u00ebl, le concours de pulls moches de No\u00ebl pour les enfants et les interm\u00e8des musicaux, il va falloir arriver de bonne heure !<\/p>\n<p>Pour pr\u00e9senter cet \u00e9v\u00e9nement et les surprises de ce march\u00e9, Solange Tripon, chanteuse lyrique, en parle dans &#8220;L&#8217;interview du jour&#8221; le lundi 16 d\u00e9cembre \u00e0 18h et le mardi 17 d\u00e9cembre \u00e0 13h.<\/p>\n<div id=\"audioigniter-283\" class=\"audioigniter-root \" data-player-type=\"full\" data-tracks-url=\"https:\/\/contactfm72.fr\/?audioigniter_playlist_id=283\" data-display-track-no=\"false\" data-reverse-track-order=\"false\" data-display-tracklist-covers=\"false\" data-display-active-cover=\"false\" data-display-artist-names=\"false\" data-display-buy-buttons=\"true\" data-buy-buttons-target=\"false\" data-cycle-tracks=\"false\" data-display-credits=\"false\" data-display-tracklist=\"true\" data-allow-tracklist-toggle=\"false\" data-allow-tracklist-loop=\"true\" data-limit-tracklist-height=\"true\" data-volume=\"100\" data-tracklist-height=\"185\" data-allow-track-loop=\"false\" ><\/div>\n<!-- AddThis Advanced Settings generic via filter on the_content --><!-- AddThis Share Buttons generic via filter on the_content -->","protected":false},"excerpt":{"rendered":"<p>Aubign\u00e9-Racan pr\u00e9pare son march\u00e9 de No\u00ebl ! La fin d&#8217;ann\u00e9e approche \u00e0 grands pas, la commune d&#8217;Aubign\u00e9-Racan met les petits plats dans les grands pour proposer au public un march\u00e9 de No\u00ebl qui se veut magique. Entre la vingtaine d&#8217;exposants, l&#8217;arriv\u00e9e du P\u00e8re No\u00ebl, le concours de pulls moches de No\u00ebl pour les enfants et&hellip;<!-- AddThis Advanced Settings generic via filter on get_the_excerpt --><!-- AddThis Share Buttons generic via filter on get_the_excerpt --><\/p>\n","protected":false},"author":5,"featured_media":18151,"comment_status":"closed","ping_status":"open","sticky":false,"template":"","format":"standard","meta":{"footnotes":""},"categories":[1,5],"tags":[],"class_list":["post-18150","post","type-post","status-publish","format-standard","has-post-thumbnail","hentry","category-contact-fm-72","category-linterview-du-jour","category-1","category-5","description-off"],"yoast_head":"<!-- This site is optimized with the Yoast SEO plugin v27.4 - https:\/\/yoast.com\/product\/yoast-seo-wordpress\/ -->\n<title>Le programme du march\u00e9 de No\u00ebl d&#039;Aubign\u00e9-Racan - Contact FM 99.3<\/title>\n<meta name=\"description\" content=\"Aubign\u00e9-Racan pr\u00e9pare son march\u00e9 de No\u00ebl !\u00a0La fin d&#039;ann\u00e9e approche \u00e0 grands pas, la commune d&#039;Aubign\u00e9-Racan met les petits plats dans les grands pour proposer au public un march\u00e9 de No\u00ebl qui se veut magique. Entre la vingtaine d&#039;exposants, l&#039;arriv\u00e9e du P\u00e8re No\u00ebl, le concours de pulls moches de No\u00ebl pour les enfants et les interm\u00e8des musicaux, il va falloir arriver de bonne heure !\u00a0Pour parler de cet \u00e9v\u00e9nement et des surprises de ce march\u00e9, Solange Tripon, chanteuse lyrique en parle dans &quot;L&#039;interview du jour&quot; le lundi 16 d\u00e9cembre \u00e0 18h et le mardi 17 d\u00e9cembre \u00e0 13h.\" \/>\n<meta name=\"robots\" content=\"index, follow, max-snippet:-1, max-image-preview:large, max-video-preview:-1\" \/>\n<link rel=\"canonical\" href=\"https:\/\/contactfm72.fr\/?p=18150\" \/>\n<meta property=\"og:locale\" content=\"fr_FR\" \/>\n<meta property=\"og:type\" content=\"article\" \/>\n<meta property=\"og:title\" content=\"Le programme du march\u00e9 de No\u00ebl d&#039;Aubign\u00e9-Racan - Contact FM 99.3\" \/>\n<meta property=\"og:description\" content=\"Aubign\u00e9-Racan pr\u00e9pare son march\u00e9 de No\u00ebl !\u00a0La fin d&#039;ann\u00e9e approche \u00e0 grands pas, la commune d&#039;Aubign\u00e9-Racan met les petits plats dans les grands pour proposer au public un march\u00e9 de No\u00ebl qui se veut magique. Entre la vingtaine d&#039;exposants, l&#039;arriv\u00e9e du P\u00e8re No\u00ebl, le concours de pulls moches de No\u00ebl pour les enfants et les interm\u00e8des musicaux, il va falloir arriver de bonne heure !\u00a0Pour parler de cet \u00e9v\u00e9nement et des surprises de ce march\u00e9, Solange Tripon, chanteuse lyrique en parle dans &quot;L&#039;interview du jour&quot; le lundi 16 d\u00e9cembre \u00e0 18h et le mardi 17 d\u00e9cembre \u00e0 13h.\" \/>\n<meta property=\"og:url\" content=\"https:\/\/contactfm72.fr\/?p=18150\" \/>\n<meta property=\"og:site_name\" content=\"Contact FM 99.3\" \/>\n<meta property=\"article:publisher\" content=\"https:\/\/www.facebook.com\/Contactfm.Chateauduloir\" \/>\n<meta property=\"article:published_time\" content=\"2024-12-16T15:25:53+00:00\" \/>\n<meta property=\"article:modified_time\" content=\"2024-12-17T10:46:56+00:00\" \/>\n<meta property=\"og:image\" content=\"http:\/\/contactfm72.fr\/wp-content\/uploads\/2024\/12\/Visuel-Contact-FM-41.jpg\" \/>\n\t<meta property=\"og:image:width\" content=\"2016\" \/>\n\t<meta property=\"og:image:height\" content=\"1512\" \/>\n\t<meta property=\"og:image:type\" content=\"image\/jpeg\" \/>\n<meta name=\"author\" content=\"redaction2@contactfm72.fr\" \/>\n<meta name=\"twitter:card\" content=\"summary_large_image\" \/>\n<meta name=\"twitter:creator\" content=\"@contactfm72\" \/>\n<meta name=\"twitter:site\" content=\"@contactfm72\" \/>\n<meta name=\"twitter:label1\" content=\"\u00c9crit par\" \/>\n\t<meta name=\"twitter:data1\" content=\"redaction2@contactfm72.fr\" \/>\n\t<meta name=\"twitter:label2\" content=\"Dur\u00e9e de lecture estim\u00e9e\" \/>\n\t<meta name=\"twitter:data2\" content=\"1 minute\" \/>\n<script type=\"application\/ld+json\" class=\"yoast-schema-graph\">{\"@context\":\"https:\\\/\\\/schema.org\",\"@graph\":[{\"@type\":\"Article\",\"@id\":\"https:\\\/\\\/contactfm72.fr\\\/?p=18150#article\",\"isPartOf\":{\"@id\":\"https:\\\/\\\/contactfm72.fr\\\/?p=18150\"},\"author\":{\"name\":\"redaction2@contactfm72.fr\",\"@id\":\"https:\\\/\\\/contactfm72.fr\\\/#\\\/schema\\\/person\\\/d2ef09cdea7331b185acaddc4d14dda8\"},\"headline\":\"Le programme du march\u00e9 de No\u00ebl d&#8217;Aubign\u00e9-Racan\",\"datePublished\":\"2024-12-16T15:25:53+00:00\",\"dateModified\":\"2024-12-17T10:46:56+00:00\",\"mainEntityOfPage\":{\"@id\":\"https:\\\/\\\/contactfm72.fr\\\/?p=18150\"},\"wordCount\":125,\"publisher\":{\"@id\":\"https:\\\/\\\/contactfm72.fr\\\/#organization\"},\"image\":{\"@id\":\"https:\\\/\\\/contactfm72.fr\\\/?p=18150#primaryimage\"},\"thumbnailUrl\":\"https:\\\/\\\/contactfm72.fr\\\/wp-content\\\/uploads\\\/2024\\\/12\\\/Visuel-Contact-FM-41.jpg\",\"articleSection\":[\"Contact FM 72\",\"L'interview du jour\"],\"inLanguage\":\"fr-FR\"},{\"@type\":\"WebPage\",\"@id\":\"https:\\\/\\\/contactfm72.fr\\\/?p=18150\",\"url\":\"https:\\\/\\\/contactfm72.fr\\\/?p=18150\",\"name\":\"Le programme du march\u00e9 de No\u00ebl d'Aubign\u00e9-Racan - Contact FM 99.3\",\"isPartOf\":{\"@id\":\"https:\\\/\\\/contactfm72.fr\\\/#website\"},\"primaryImageOfPage\":{\"@id\":\"https:\\\/\\\/contactfm72.fr\\\/?p=18150#primaryimage\"},\"image\":{\"@id\":\"https:\\\/\\\/contactfm72.fr\\\/?p=18150#primaryimage\"},\"thumbnailUrl\":\"https:\\\/\\\/contactfm72.fr\\\/wp-content\\\/uploads\\\/2024\\\/12\\\/Visuel-Contact-FM-41.jpg\",\"datePublished\":\"2024-12-16T15:25:53+00:00\",\"dateModified\":\"2024-12-17T10:46:56+00:00\",\"description\":\"Aubign\u00e9-Racan pr\u00e9pare son march\u00e9 de No\u00ebl !\u00a0La fin d'ann\u00e9e approche \u00e0 grands pas, la commune d'Aubign\u00e9-Racan met les petits plats dans les grands pour proposer au public un march\u00e9 de No\u00ebl qui se veut magique. Entre la vingtaine d'exposants, l'arriv\u00e9e du P\u00e8re No\u00ebl, le concours de pulls moches de No\u00ebl pour les enfants et les interm\u00e8des musicaux, il va falloir arriver de bonne heure !\u00a0Pour parler de cet \u00e9v\u00e9nement et des surprises de ce march\u00e9, Solange Tripon, chanteuse lyrique en parle dans \\\"L'interview du jour\\\" le lundi 16 d\u00e9cembre \u00e0 18h et le mardi 17 d\u00e9cembre \u00e0 13h.\",\"breadcrumb\":{\"@id\":\"https:\\\/\\\/contactfm72.fr\\\/?p=18150#breadcrumb\"},\"inLanguage\":\"fr-FR\",\"potentialAction\":[{\"@type\":\"ReadAction\",\"target\":[\"https:\\\/\\\/contactfm72.fr\\\/?p=18150\"]}]},{\"@type\":\"ImageObject\",\"inLanguage\":\"fr-FR\",\"@id\":\"https:\\\/\\\/contactfm72.fr\\\/?p=18150#primaryimage\",\"url\":\"https:\\\/\\\/contactfm72.fr\\\/wp-content\\\/uploads\\\/2024\\\/12\\\/Visuel-Contact-FM-41.jpg\",\"contentUrl\":\"https:\\\/\\\/contactfm72.fr\\\/wp-content\\\/uploads\\\/2024\\\/12\\\/Visuel-Contact-FM-41.jpg\",\"width\":2016,\"height\":1512},{\"@type\":\"BreadcrumbList\",\"@id\":\"https:\\\/\\\/contactfm72.fr\\\/?p=18150#breadcrumb\",\"itemListElement\":[{\"@type\":\"ListItem\",\"position\":1,\"name\":\"Accueil\",\"item\":\"https:\\\/\\\/contactfm72.fr\\\/\"},{\"@type\":\"ListItem\",\"position\":2,\"name\":\"Le programme du march\u00e9 de No\u00ebl d&#8217;Aubign\u00e9-Racan\"}]},{\"@type\":\"WebSite\",\"@id\":\"https:\\\/\\\/contactfm72.fr\\\/#website\",\"url\":\"https:\\\/\\\/contactfm72.fr\\\/\",\"name\":\"Contact FM 99.3\",\"description\":\"Votre radio en vall\u00e9e du Loir\",\"publisher\":{\"@id\":\"https:\\\/\\\/contactfm72.fr\\\/#organization\"},\"potentialAction\":[{\"@type\":\"SearchAction\",\"target\":{\"@type\":\"EntryPoint\",\"urlTemplate\":\"https:\\\/\\\/contactfm72.fr\\\/?s={search_term_string}\"},\"query-input\":{\"@type\":\"PropertyValueSpecification\",\"valueRequired\":true,\"valueName\":\"search_term_string\"}}],\"inLanguage\":\"fr-FR\"},{\"@type\":\"Organization\",\"@id\":\"https:\\\/\\\/contactfm72.fr\\\/#organization\",\"name\":\"Contact FM 99.3\",\"url\":\"https:\\\/\\\/contactfm72.fr\\\/\",\"logo\":{\"@type\":\"ImageObject\",\"inLanguage\":\"fr-FR\",\"@id\":\"https:\\\/\\\/contactfm72.fr\\\/#\\\/schema\\\/logo\\\/image\\\/\",\"url\":\"https:\\\/\\\/contactfm72.fr\\\/wp-content\\\/uploads\\\/2025\\\/04\\\/2025-04-18-2.jpg\",\"contentUrl\":\"https:\\\/\\\/contactfm72.fr\\\/wp-content\\\/uploads\\\/2025\\\/04\\\/2025-04-18-2.jpg\",\"width\":680,\"height\":307,\"caption\":\"Contact FM 99.3\"},\"image\":{\"@id\":\"https:\\\/\\\/contactfm72.fr\\\/#\\\/schema\\\/logo\\\/image\\\/\"},\"sameAs\":[\"https:\\\/\\\/www.facebook.com\\\/Contactfm.Chateauduloir\",\"https:\\\/\\\/x.com\\\/contactfm72\",\"https:\\\/\\\/www.instagram.com\\\/contact.fm.72?igsh=cGhlMHQ5N2JlNnpp\",\"https:\\\/\\\/www.tiktok.com\\\/@contact.fm\"]},{\"@type\":\"Person\",\"@id\":\"https:\\\/\\\/contactfm72.fr\\\/#\\\/schema\\\/person\\\/d2ef09cdea7331b185acaddc4d14dda8\",\"name\":\"redaction2@contactfm72.fr\",\"image\":{\"@type\":\"ImageObject\",\"inLanguage\":\"fr-FR\",\"@id\":\"https:\\\/\\\/secure.gravatar.com\\\/avatar\\\/897f3d57289c1f4c62cade1c2606ba6ded18d5f1676845e668a9f21cb751c06b?s=96&d=mm&r=g\",\"url\":\"https:\\\/\\\/secure.gravatar.com\\\/avatar\\\/897f3d57289c1f4c62cade1c2606ba6ded18d5f1676845e668a9f21cb751c06b?s=96&d=mm&r=g\",\"contentUrl\":\"https:\\\/\\\/secure.gravatar.com\\\/avatar\\\/897f3d57289c1f4c62cade1c2606ba6ded18d5f1676845e668a9f21cb751c06b?s=96&d=mm&r=g\",\"caption\":\"redaction2@contactfm72.fr\"},\"url\":\"https:\\\/\\\/contactfm72.fr\\\/?author=5\"}]}<\/script>\n<!-- \/ Yoast SEO plugin. -->","yoast_head_json":{"title":"Le programme du march\u00e9 de No\u00ebl d'Aubign\u00e9-Racan - Contact FM 99.3","description":"Aubign\u00e9-Racan pr\u00e9pare son march\u00e9 de No\u00ebl !\u00a0La fin d'ann\u00e9e approche \u00e0 grands pas, la commune d'Aubign\u00e9-Racan met les petits plats dans les grands pour proposer au public un march\u00e9 de No\u00ebl qui se veut magique. Entre la vingtaine d'exposants, l'arriv\u00e9e du P\u00e8re No\u00ebl, le concours de pulls moches de No\u00ebl pour les enfants et les interm\u00e8des musicaux, il va falloir arriver de bonne heure !\u00a0Pour parler de cet \u00e9v\u00e9nement et des surprises de ce march\u00e9, Solange Tripon, chanteuse lyrique en parle dans \"L'interview du jour\" le lundi 16 d\u00e9cembre \u00e0 18h et le mardi 17 d\u00e9cembre \u00e0 13h.","robots":{"index":"index","follow":"follow","max-snippet":"max-snippet:-1","max-image-preview":"max-image-preview:large","max-video-preview":"max-video-preview:-1"},"canonical":"https:\/\/contactfm72.fr\/?p=18150","og_locale":"fr_FR","og_type":"article","og_title":"Le programme du march\u00e9 de No\u00ebl d'Aubign\u00e9-Racan - Contact FM 99.3","og_description":"Aubign\u00e9-Racan pr\u00e9pare son march\u00e9 de No\u00ebl !\u00a0La fin d'ann\u00e9e approche \u00e0 grands pas, la commune d'Aubign\u00e9-Racan met les petits plats dans les grands pour proposer au public un march\u00e9 de No\u00ebl qui se veut magique. Entre la vingtaine d'exposants, l'arriv\u00e9e du P\u00e8re No\u00ebl, le concours de pulls moches de No\u00ebl pour les enfants et les interm\u00e8des musicaux, il va falloir arriver de bonne heure !\u00a0Pour parler de cet \u00e9v\u00e9nement et des surprises de ce march\u00e9, Solange Tripon, chanteuse lyrique en parle dans \"L'interview du jour\" le lundi 16 d\u00e9cembre \u00e0 18h et le mardi 17 d\u00e9cembre \u00e0 13h.","og_url":"https:\/\/contactfm72.fr\/?p=18150","og_site_name":"Contact FM 99.3","article_publisher":"https:\/\/www.facebook.com\/Contactfm.Chateauduloir","article_published_time":"2024-12-16T15:25:53+00:00","article_modified_time":"2024-12-17T10:46:56+00:00","og_image":[{"width":2016,"height":1512,"url":"http:\/\/contactfm72.fr\/wp-content\/uploads\/2024\/12\/Visuel-Contact-FM-41.jpg","type":"image\/jpeg"}],"author":"redaction2@contactfm72.fr","twitter_card":"summary_large_image","twitter_creator":"@contactfm72","twitter_site":"@contactfm72","twitter_misc":{"\u00c9crit par":"redaction2@contactfm72.fr","Dur\u00e9e de lecture estim\u00e9e":"1 minute"},"schema":{"@context":"https:\/\/schema.org","@graph":[{"@type":"Article","@id":"https:\/\/contactfm72.fr\/?p=18150#article","isPartOf":{"@id":"https:\/\/contactfm72.fr\/?p=18150"},"author":{"name":"redaction2@contactfm72.fr","@id":"https:\/\/contactfm72.fr\/#\/schema\/person\/d2ef09cdea7331b185acaddc4d14dda8"},"headline":"Le programme du march\u00e9 de No\u00ebl d&#8217;Aubign\u00e9-Racan","datePublished":"2024-12-16T15:25:53+00:00","dateModified":"2024-12-17T10:46:56+00:00","mainEntityOfPage":{"@id":"https:\/\/contactfm72.fr\/?p=18150"},"wordCount":125,"publisher":{"@id":"https:\/\/contactfm72.fr\/#organization"},"image":{"@id":"https:\/\/contactfm72.fr\/?p=18150#primaryimage"},"thumbnailUrl":"https:\/\/contactfm72.fr\/wp-content\/uploads\/2024\/12\/Visuel-Contact-FM-41.jpg","articleSection":["Contact FM 72","L'interview du jour"],"inLanguage":"fr-FR"},{"@type":"WebPage","@id":"https:\/\/contactfm72.fr\/?p=18150","url":"https:\/\/contactfm72.fr\/?p=18150","name":"Le programme du march\u00e9 de No\u00ebl d'Aubign\u00e9-Racan - Contact FM 99.3","isPartOf":{"@id":"https:\/\/contactfm72.fr\/#website"},"primaryImageOfPage":{"@id":"https:\/\/contactfm72.fr\/?p=18150#primaryimage"},"image":{"@id":"https:\/\/contactfm72.fr\/?p=18150#primaryimage"},"thumbnailUrl":"https:\/\/contactfm72.fr\/wp-content\/uploads\/2024\/12\/Visuel-Contact-FM-41.jpg","datePublished":"2024-12-16T15:25:53+00:00","dateModified":"2024-12-17T10:46:56+00:00","description":"Aubign\u00e9-Racan pr\u00e9pare son march\u00e9 de No\u00ebl !\u00a0La fin d'ann\u00e9e approche \u00e0 grands pas, la commune d'Aubign\u00e9-Racan met les petits plats dans les grands pour proposer au public un march\u00e9 de No\u00ebl qui se veut magique. Entre la vingtaine d'exposants, l'arriv\u00e9e du P\u00e8re No\u00ebl, le concours de pulls moches de No\u00ebl pour les enfants et les interm\u00e8des musicaux, il va falloir arriver de bonne heure !\u00a0Pour parler de cet \u00e9v\u00e9nement et des surprises de ce march\u00e9, Solange Tripon, chanteuse lyrique en parle dans \"L'interview du jour\" le lundi 16 d\u00e9cembre \u00e0 18h et le mardi 17 d\u00e9cembre \u00e0 13h.","breadcrumb":{"@id":"https:\/\/contactfm72.fr\/?p=18150#breadcrumb"},"inLanguage":"fr-FR","potentialAction":[{"@type":"ReadAction","target":["https:\/\/contactfm72.fr\/?p=18150"]}]},{"@type":"ImageObject","inLanguage":"fr-FR","@id":"https:\/\/contactfm72.fr\/?p=18150#primaryimage","url":"https:\/\/contactfm72.fr\/wp-content\/uploads\/2024\/12\/Visuel-Contact-FM-41.jpg","contentUrl":"https:\/\/contactfm72.fr\/wp-content\/uploads\/2024\/12\/Visuel-Contact-FM-41.jpg","width":2016,"height":1512},{"@type":"BreadcrumbList","@id":"https:\/\/contactfm72.fr\/?p=18150#breadcrumb","itemListElement":[{"@type":"ListItem","position":1,"name":"Accueil","item":"https:\/\/contactfm72.fr\/"},{"@type":"ListItem","position":2,"name":"Le programme du march\u00e9 de No\u00ebl d&#8217;Aubign\u00e9-Racan"}]},{"@type":"WebSite","@id":"https:\/\/contactfm72.fr\/#website","url":"https:\/\/contactfm72.fr\/","name":"Contact FM 99.3","description":"Votre radio en vall\u00e9e du Loir","publisher":{"@id":"https:\/\/contactfm72.fr\/#organization"},"potentialAction":[{"@type":"SearchAction","target":{"@type":"EntryPoint","urlTemplate":"https:\/\/contactfm72.fr\/?s={search_term_string}"},"query-input":{"@type":"PropertyValueSpecification","valueRequired":true,"valueName":"search_term_string"}}],"inLanguage":"fr-FR"},{"@type":"Organization","@id":"https:\/\/contactfm72.fr\/#organization","name":"Contact FM 99.3","url":"https:\/\/contactfm72.fr\/","logo":{"@type":"ImageObject","inLanguage":"fr-FR","@id":"https:\/\/contactfm72.fr\/#\/schema\/logo\/image\/","url":"https:\/\/contactfm72.fr\/wp-content\/uploads\/2025\/04\/2025-04-18-2.jpg","contentUrl":"https:\/\/contactfm72.fr\/wp-content\/uploads\/2025\/04\/2025-04-18-2.jpg","width":680,"height":307,"caption":"Contact FM 99.3"},"image":{"@id":"https:\/\/contactfm72.fr\/#\/schema\/logo\/image\/"},"sameAs":["https:\/\/www.facebook.com\/Contactfm.Chateauduloir","https:\/\/x.com\/contactfm72","https:\/\/www.instagram.com\/contact.fm.72?igsh=cGhlMHQ5N2JlNnpp","https:\/\/www.tiktok.com\/@contact.fm"]},{"@type":"Person","@id":"https:\/\/contactfm72.fr\/#\/schema\/person\/d2ef09cdea7331b185acaddc4d14dda8","name":"redaction2@contactfm72.fr","image":{"@type":"ImageObject","inLanguage":"fr-FR","@id":"https:\/\/secure.gravatar.com\/avatar\/897f3d57289c1f4c62cade1c2606ba6ded18d5f1676845e668a9f21cb751c06b?s=96&d=mm&r=g","url":"https:\/\/secure.gravatar.com\/avatar\/897f3d57289c1f4c62cade1c2606ba6ded18d5f1676845e668a9f21cb751c06b?s=96&d=mm&r=g","contentUrl":"https:\/\/secure.gravatar.com\/avatar\/897f3d57289c1f4c62cade1c2606ba6ded18d5f1676845e668a9f21cb751c06b?s=96&d=mm&r=g","caption":"redaction2@contactfm72.fr"},"url":"https:\/\/contactfm72.fr\/?author=5"}]}},"_links":{"self":[{"href":"https:\/\/contactfm72.fr\/index.php?rest_route=\/wp\/v2\/posts\/18150","targetHints":{"allow":["GET"]}}],"collection":[{"href":"https:\/\/contactfm72.fr\/index.php?rest_route=\/wp\/v2\/posts"}],"about":[{"href":"https:\/\/contactfm72.fr\/index.php?rest_route=\/wp\/v2\/types\/post"}],"author":[{"embeddable":true,"href":"https:\/\/contactfm72.fr\/index.php?rest_route=\/wp\/v2\/users\/5"}],"replies":[{"embeddable":true,"href":"https:\/\/contactfm72.fr\/index.php?rest_route=%2Fwp%2Fv2%2Fcomments&post=18150"}],"version-history":[{"count":3,"href":"https:\/\/contactfm72.fr\/index.php?rest_route=\/wp\/v2\/posts\/18150\/revisions"}],"predecessor-version":[{"id":18156,"href":"https:\/\/contactfm72.fr\/index.php?rest_route=\/wp\/v2\/posts\/18150\/revisions\/18156"}],"wp:featuredmedia":[{"embeddable":true,"href":"https:\/\/contactfm72.fr\/index.php?rest_route=\/wp\/v2\/media\/18151"}],"wp:attachment":[{"href":"https:\/\/contactfm72.fr\/index.php?rest_route=%2Fwp%2Fv2%2Fmedia&parent=18150"}],"wp:term":[{"taxonomy":"category","embeddable":true,"href":"https:\/\/contactfm72.fr\/index.php?rest_route=%2Fwp%2Fv2%2Fcategories&post=18150"},{"taxonomy":"post_tag","embeddable":true,"href":"https:\/\/contactfm72.fr\/index.php?rest_route=%2Fwp%2Fv2%2Ftags&post=18150"}],"curies":[{"name":"wp","href":"https:\/\/api.w.org\/{rel}","templated":true}]}}