{"id":18029,"date":"2024-12-05T10:41:19","date_gmt":"2024-12-05T09:41:19","guid":{"rendered":"https:\/\/contactfm72.fr\/?p=18029"},"modified":"2024-12-05T10:41:19","modified_gmt":"2024-12-05T09:41:19","slug":"noel-se-prepare-avec-le-reseau-de-bibliotheques-odyssee-dans-des-livres-et-vous","status":"publish","type":"post","link":"https:\/\/contactfm72.fr\/?p=18029","title":{"rendered":"No\u00ebl se pr\u00e9pare avec le r\u00e9seau de biblioth\u00e8ques Odyss\u00e9e dans \u201cDes livres et vous\u201d"},"content":{"rendered":"<p>No\u00ebl se pr\u00e9pare pour le r\u00e9seau de biblioth\u00e8ques &#8220;Odyss\u00e9e&#8221;<\/p>\n<p>Camille B\u00e9nard du r\u00e9seau de biblioth\u00e8ques de la communaut\u00e9 de communes Sud-Sarthe \u201cOdyss\u00e9e\u201d nous pr\u00e9pare pour les f\u00eates de fin d&#8217;ann\u00e9e avec sa s\u00e9lection de livres, jeux, magazine et \u00e9galement des \u00e9v\u00e9nements \u00e0 ne pas rater sur le territoire. Voici sa s\u00e9lection :<\/p>\n<p>\ud83c\udccf Le jeu Ch\u00e2teau Combo jouable \u00e0 partir de 10 ans<\/p>\n<p>\ud83d\udcd5 Le livre pour enfants : Le livre de l&#8217;hiver de Suzanne Rotraut Berner<\/p>\n<p>\ud83d\udcd8 La collection de mangas : Les carnets de l&#8217;apothicaire<\/p>\n<p>\ud83d\udcd6 Le magazine : Epsiloon<\/p>\n<p>C\u2019est \u00e0 d\u00e9couvrir dans \u201cDes livres et vous\u201d le jeudi 5 d\u00e9cembre \u00e0 12h30 et le lundi 9 d\u00e9cembre \u00e0 17h30.<\/p>\n<div id=\"audioigniter-292\" class=\"audioigniter-root \" data-player-type=\"full\" data-tracks-url=\"https:\/\/contactfm72.fr\/?audioigniter_playlist_id=292\" data-display-track-no=\"false\" data-reverse-track-order=\"false\" data-display-tracklist-covers=\"false\" data-display-active-cover=\"false\" data-display-artist-names=\"false\" data-display-buy-buttons=\"true\" data-buy-buttons-target=\"false\" data-cycle-tracks=\"false\" data-display-credits=\"false\" data-display-tracklist=\"true\" data-allow-tracklist-toggle=\"true\" data-allow-tracklist-loop=\"true\" data-limit-tracklist-height=\"true\" data-volume=\"100\" data-tracklist-height=\"185\" data-allow-track-loop=\"false\" ><\/div>\n<!-- AddThis Advanced Settings generic via filter on the_content --><!-- AddThis Share Buttons generic via filter on the_content -->","protected":false},"excerpt":{"rendered":"<p>No\u00ebl se pr\u00e9pare pour le r\u00e9seau de biblioth\u00e8ques &#8220;Odyss\u00e9e&#8221; Camille B\u00e9nard du r\u00e9seau de biblioth\u00e8ques de la communaut\u00e9 de communes Sud-Sarthe \u201cOdyss\u00e9e\u201d nous pr\u00e9pare pour les f\u00eates de fin d&#8217;ann\u00e9e avec sa s\u00e9lection de livres, jeux, magazine et \u00e9galement des \u00e9v\u00e9nements \u00e0 ne pas rater sur le territoire. Voici sa s\u00e9lection : \ud83c\udccf Le jeu&hellip;<!-- AddThis Advanced Settings generic via filter on get_the_excerpt --><!-- AddThis Share Buttons generic via filter on get_the_excerpt --><\/p>\n","protected":false},"author":5,"featured_media":18030,"comment_status":"closed","ping_status":"open","sticky":false,"template":"","format":"standard","meta":{"footnotes":""},"categories":[1,20],"tags":[],"class_list":["post-18029","post","type-post","status-publish","format-standard","has-post-thumbnail","hentry","category-contact-fm-72","category-des-livres-et-vous","category-1","category-20","description-off"],"yoast_head":"<!-- This site is optimized with the Yoast SEO plugin v27.4 - https:\/\/yoast.com\/product\/yoast-seo-wordpress\/ -->\n<title>No\u00ebl se pr\u00e9pare avec le r\u00e9seau de biblioth\u00e8ques Odyss\u00e9e dans \u201cDes livres et vous\u201d - Contact FM 99.3<\/title>\n<meta name=\"description\" content=\"No\u00ebl se pr\u00e9pare pour le r\u00e9seau de biblioth\u00e8ques Odyss\u00e9e !Camille B\u00e9nard du r\u00e9seau de biblioth\u00e8ques de la communaut\u00e9 de communes Sud-Sarthe \u201cOdyss\u00e9e\u201d nous pr\u00e9pare pour les f\u00eates de fin d&#039;ann\u00e9e avec sa s\u00e9lection de livres, jeux, magazines et \u00e9galement des \u00e9v\u00e9nements \u00e0 ne pas rater sur le territoire. Voici sa s\u00e9lection :\u00a0\ud83c\udccf Le jeu Ch\u00e2teau Combo jouable \u00e0 partir de 10 ans\ud83d\udcd5 Le livre pour enfants : Le livre de l&#039;hiver de Suzanne Rotraut Berner\ud83d\udcd8 La collection de mangas : Les carnets de l&#039;apothicaire\ud83d\udcd6 Le magazine : EpsiloonC\u2019est \u00e0 d\u00e9couvrir dans \u201cDes livres et vous\u201d le jeudi 5 d\u00e9cembre \u00e0 12h30 et le lundi 9 d\u00e9cembre \u00e0 17h30.\" \/>\n<meta name=\"robots\" content=\"index, follow, max-snippet:-1, max-image-preview:large, max-video-preview:-1\" \/>\n<link rel=\"canonical\" href=\"https:\/\/contactfm72.fr\/?p=18029\" \/>\n<meta property=\"og:locale\" content=\"fr_FR\" \/>\n<meta property=\"og:type\" content=\"article\" \/>\n<meta property=\"og:title\" content=\"No\u00ebl se pr\u00e9pare avec le r\u00e9seau de biblioth\u00e8ques Odyss\u00e9e dans \u201cDes livres et vous\u201d - Contact FM 99.3\" \/>\n<meta property=\"og:description\" content=\"No\u00ebl se pr\u00e9pare pour le r\u00e9seau de biblioth\u00e8ques Odyss\u00e9e !Camille B\u00e9nard du r\u00e9seau de biblioth\u00e8ques de la communaut\u00e9 de communes Sud-Sarthe \u201cOdyss\u00e9e\u201d nous pr\u00e9pare pour les f\u00eates de fin d&#039;ann\u00e9e avec sa s\u00e9lection de livres, jeux, magazines et \u00e9galement des \u00e9v\u00e9nements \u00e0 ne pas rater sur le territoire. Voici sa s\u00e9lection :\u00a0\ud83c\udccf Le jeu Ch\u00e2teau Combo jouable \u00e0 partir de 10 ans\ud83d\udcd5 Le livre pour enfants : Le livre de l&#039;hiver de Suzanne Rotraut Berner\ud83d\udcd8 La collection de mangas : Les carnets de l&#039;apothicaire\ud83d\udcd6 Le magazine : EpsiloonC\u2019est \u00e0 d\u00e9couvrir dans \u201cDes livres et vous\u201d le jeudi 5 d\u00e9cembre \u00e0 12h30 et le lundi 9 d\u00e9cembre \u00e0 17h30.\" \/>\n<meta property=\"og:url\" content=\"https:\/\/contactfm72.fr\/?p=18029\" \/>\n<meta property=\"og:site_name\" content=\"Contact FM 99.3\" \/>\n<meta property=\"article:publisher\" content=\"https:\/\/www.facebook.com\/Contactfm.Chateauduloir\" \/>\n<meta property=\"article:published_time\" content=\"2024-12-05T09:41:19+00:00\" \/>\n<meta property=\"og:image\" content=\"http:\/\/contactfm72.fr\/wp-content\/uploads\/2024\/12\/Visuel-Contact-FM-35.jpg\" \/>\n\t<meta property=\"og:image:width\" content=\"2016\" \/>\n\t<meta property=\"og:image:height\" content=\"1512\" \/>\n\t<meta property=\"og:image:type\" content=\"image\/jpeg\" \/>\n<meta name=\"author\" content=\"redaction2@contactfm72.fr\" \/>\n<meta name=\"twitter:card\" content=\"summary_large_image\" \/>\n<meta name=\"twitter:creator\" content=\"@contactfm72\" \/>\n<meta name=\"twitter:site\" content=\"@contactfm72\" \/>\n<meta name=\"twitter:label1\" content=\"\u00c9crit par\" \/>\n\t<meta name=\"twitter:data1\" content=\"redaction2@contactfm72.fr\" \/>\n\t<meta name=\"twitter:label2\" content=\"Dur\u00e9e de lecture estim\u00e9e\" \/>\n\t<meta name=\"twitter:data2\" content=\"1 minute\" \/>\n<script type=\"application\/ld+json\" class=\"yoast-schema-graph\">{\"@context\":\"https:\\\/\\\/schema.org\",\"@graph\":[{\"@type\":\"Article\",\"@id\":\"https:\\\/\\\/contactfm72.fr\\\/?p=18029#article\",\"isPartOf\":{\"@id\":\"https:\\\/\\\/contactfm72.fr\\\/?p=18029\"},\"author\":{\"name\":\"redaction2@contactfm72.fr\",\"@id\":\"https:\\\/\\\/contactfm72.fr\\\/#\\\/schema\\\/person\\\/d2ef09cdea7331b185acaddc4d14dda8\"},\"headline\":\"No\u00ebl se pr\u00e9pare avec le r\u00e9seau de biblioth\u00e8ques Odyss\u00e9e dans \u201cDes livres et vous\u201d\",\"datePublished\":\"2024-12-05T09:41:19+00:00\",\"mainEntityOfPage\":{\"@id\":\"https:\\\/\\\/contactfm72.fr\\\/?p=18029\"},\"wordCount\":142,\"publisher\":{\"@id\":\"https:\\\/\\\/contactfm72.fr\\\/#organization\"},\"image\":{\"@id\":\"https:\\\/\\\/contactfm72.fr\\\/?p=18029#primaryimage\"},\"thumbnailUrl\":\"https:\\\/\\\/contactfm72.fr\\\/wp-content\\\/uploads\\\/2024\\\/12\\\/Visuel-Contact-FM-35.jpg\",\"articleSection\":[\"Contact FM 72\",\"Des livres et vous\"],\"inLanguage\":\"fr-FR\"},{\"@type\":\"WebPage\",\"@id\":\"https:\\\/\\\/contactfm72.fr\\\/?p=18029\",\"url\":\"https:\\\/\\\/contactfm72.fr\\\/?p=18029\",\"name\":\"No\u00ebl se pr\u00e9pare avec le r\u00e9seau de biblioth\u00e8ques Odyss\u00e9e dans \u201cDes livres et vous\u201d - Contact FM 99.3\",\"isPartOf\":{\"@id\":\"https:\\\/\\\/contactfm72.fr\\\/#website\"},\"primaryImageOfPage\":{\"@id\":\"https:\\\/\\\/contactfm72.fr\\\/?p=18029#primaryimage\"},\"image\":{\"@id\":\"https:\\\/\\\/contactfm72.fr\\\/?p=18029#primaryimage\"},\"thumbnailUrl\":\"https:\\\/\\\/contactfm72.fr\\\/wp-content\\\/uploads\\\/2024\\\/12\\\/Visuel-Contact-FM-35.jpg\",\"datePublished\":\"2024-12-05T09:41:19+00:00\",\"description\":\"No\u00ebl se pr\u00e9pare pour le r\u00e9seau de biblioth\u00e8ques Odyss\u00e9e !Camille B\u00e9nard du r\u00e9seau de biblioth\u00e8ques de la communaut\u00e9 de communes Sud-Sarthe \u201cOdyss\u00e9e\u201d nous pr\u00e9pare pour les f\u00eates de fin d'ann\u00e9e avec sa s\u00e9lection de livres, jeux, magazines et \u00e9galement des \u00e9v\u00e9nements \u00e0 ne pas rater sur le territoire. Voici sa s\u00e9lection :\u00a0\ud83c\udccf Le jeu Ch\u00e2teau Combo jouable \u00e0 partir de 10 ans\ud83d\udcd5 Le livre pour enfants : Le livre de l'hiver de Suzanne Rotraut Berner\ud83d\udcd8 La collection de mangas : Les carnets de l'apothicaire\ud83d\udcd6 Le magazine : EpsiloonC\u2019est \u00e0 d\u00e9couvrir dans \u201cDes livres et vous\u201d le jeudi 5 d\u00e9cembre \u00e0 12h30 et le lundi 9 d\u00e9cembre \u00e0 17h30.\",\"breadcrumb\":{\"@id\":\"https:\\\/\\\/contactfm72.fr\\\/?p=18029#breadcrumb\"},\"inLanguage\":\"fr-FR\",\"potentialAction\":[{\"@type\":\"ReadAction\",\"target\":[\"https:\\\/\\\/contactfm72.fr\\\/?p=18029\"]}]},{\"@type\":\"ImageObject\",\"inLanguage\":\"fr-FR\",\"@id\":\"https:\\\/\\\/contactfm72.fr\\\/?p=18029#primaryimage\",\"url\":\"https:\\\/\\\/contactfm72.fr\\\/wp-content\\\/uploads\\\/2024\\\/12\\\/Visuel-Contact-FM-35.jpg\",\"contentUrl\":\"https:\\\/\\\/contactfm72.fr\\\/wp-content\\\/uploads\\\/2024\\\/12\\\/Visuel-Contact-FM-35.jpg\",\"width\":2016,\"height\":1512},{\"@type\":\"BreadcrumbList\",\"@id\":\"https:\\\/\\\/contactfm72.fr\\\/?p=18029#breadcrumb\",\"itemListElement\":[{\"@type\":\"ListItem\",\"position\":1,\"name\":\"Accueil\",\"item\":\"https:\\\/\\\/contactfm72.fr\\\/\"},{\"@type\":\"ListItem\",\"position\":2,\"name\":\"No\u00ebl se pr\u00e9pare avec le r\u00e9seau de biblioth\u00e8ques Odyss\u00e9e dans \u201cDes livres et vous\u201d\"}]},{\"@type\":\"WebSite\",\"@id\":\"https:\\\/\\\/contactfm72.fr\\\/#website\",\"url\":\"https:\\\/\\\/contactfm72.fr\\\/\",\"name\":\"Contact FM 99.3\",\"description\":\"Votre radio en vall\u00e9e du Loir\",\"publisher\":{\"@id\":\"https:\\\/\\\/contactfm72.fr\\\/#organization\"},\"potentialAction\":[{\"@type\":\"SearchAction\",\"target\":{\"@type\":\"EntryPoint\",\"urlTemplate\":\"https:\\\/\\\/contactfm72.fr\\\/?s={search_term_string}\"},\"query-input\":{\"@type\":\"PropertyValueSpecification\",\"valueRequired\":true,\"valueName\":\"search_term_string\"}}],\"inLanguage\":\"fr-FR\"},{\"@type\":\"Organization\",\"@id\":\"https:\\\/\\\/contactfm72.fr\\\/#organization\",\"name\":\"Contact FM 99.3\",\"url\":\"https:\\\/\\\/contactfm72.fr\\\/\",\"logo\":{\"@type\":\"ImageObject\",\"inLanguage\":\"fr-FR\",\"@id\":\"https:\\\/\\\/contactfm72.fr\\\/#\\\/schema\\\/logo\\\/image\\\/\",\"url\":\"https:\\\/\\\/contactfm72.fr\\\/wp-content\\\/uploads\\\/2025\\\/04\\\/2025-04-18-2.jpg\",\"contentUrl\":\"https:\\\/\\\/contactfm72.fr\\\/wp-content\\\/uploads\\\/2025\\\/04\\\/2025-04-18-2.jpg\",\"width\":680,\"height\":307,\"caption\":\"Contact FM 99.3\"},\"image\":{\"@id\":\"https:\\\/\\\/contactfm72.fr\\\/#\\\/schema\\\/logo\\\/image\\\/\"},\"sameAs\":[\"https:\\\/\\\/www.facebook.com\\\/Contactfm.Chateauduloir\",\"https:\\\/\\\/x.com\\\/contactfm72\",\"https:\\\/\\\/www.instagram.com\\\/contact.fm.72?igsh=cGhlMHQ5N2JlNnpp\",\"https:\\\/\\\/www.tiktok.com\\\/@contact.fm\"]},{\"@type\":\"Person\",\"@id\":\"https:\\\/\\\/contactfm72.fr\\\/#\\\/schema\\\/person\\\/d2ef09cdea7331b185acaddc4d14dda8\",\"name\":\"redaction2@contactfm72.fr\",\"image\":{\"@type\":\"ImageObject\",\"inLanguage\":\"fr-FR\",\"@id\":\"https:\\\/\\\/secure.gravatar.com\\\/avatar\\\/897f3d57289c1f4c62cade1c2606ba6ded18d5f1676845e668a9f21cb751c06b?s=96&d=mm&r=g\",\"url\":\"https:\\\/\\\/secure.gravatar.com\\\/avatar\\\/897f3d57289c1f4c62cade1c2606ba6ded18d5f1676845e668a9f21cb751c06b?s=96&d=mm&r=g\",\"contentUrl\":\"https:\\\/\\\/secure.gravatar.com\\\/avatar\\\/897f3d57289c1f4c62cade1c2606ba6ded18d5f1676845e668a9f21cb751c06b?s=96&d=mm&r=g\",\"caption\":\"redaction2@contactfm72.fr\"},\"url\":\"https:\\\/\\\/contactfm72.fr\\\/?author=5\"}]}<\/script>\n<!-- \/ Yoast SEO plugin. -->","yoast_head_json":{"title":"No\u00ebl se pr\u00e9pare avec le r\u00e9seau de biblioth\u00e8ques Odyss\u00e9e dans \u201cDes livres et vous\u201d - Contact FM 99.3","description":"No\u00ebl se pr\u00e9pare pour le r\u00e9seau de biblioth\u00e8ques Odyss\u00e9e !Camille B\u00e9nard du r\u00e9seau de biblioth\u00e8ques de la communaut\u00e9 de communes Sud-Sarthe \u201cOdyss\u00e9e\u201d nous pr\u00e9pare pour les f\u00eates de fin d'ann\u00e9e avec sa s\u00e9lection de livres, jeux, magazines et \u00e9galement des \u00e9v\u00e9nements \u00e0 ne pas rater sur le territoire. Voici sa s\u00e9lection :\u00a0\ud83c\udccf Le jeu Ch\u00e2teau Combo jouable \u00e0 partir de 10 ans\ud83d\udcd5 Le livre pour enfants : Le livre de l'hiver de Suzanne Rotraut Berner\ud83d\udcd8 La collection de mangas : Les carnets de l'apothicaire\ud83d\udcd6 Le magazine : EpsiloonC\u2019est \u00e0 d\u00e9couvrir dans \u201cDes livres et vous\u201d le jeudi 5 d\u00e9cembre \u00e0 12h30 et le lundi 9 d\u00e9cembre \u00e0 17h30.","robots":{"index":"index","follow":"follow","max-snippet":"max-snippet:-1","max-image-preview":"max-image-preview:large","max-video-preview":"max-video-preview:-1"},"canonical":"https:\/\/contactfm72.fr\/?p=18029","og_locale":"fr_FR","og_type":"article","og_title":"No\u00ebl se pr\u00e9pare avec le r\u00e9seau de biblioth\u00e8ques Odyss\u00e9e dans \u201cDes livres et vous\u201d - Contact FM 99.3","og_description":"No\u00ebl se pr\u00e9pare pour le r\u00e9seau de biblioth\u00e8ques Odyss\u00e9e !Camille B\u00e9nard du r\u00e9seau de biblioth\u00e8ques de la communaut\u00e9 de communes Sud-Sarthe \u201cOdyss\u00e9e\u201d nous pr\u00e9pare pour les f\u00eates de fin d'ann\u00e9e avec sa s\u00e9lection de livres, jeux, magazines et \u00e9galement des \u00e9v\u00e9nements \u00e0 ne pas rater sur le territoire. Voici sa s\u00e9lection :\u00a0\ud83c\udccf Le jeu Ch\u00e2teau Combo jouable \u00e0 partir de 10 ans\ud83d\udcd5 Le livre pour enfants : Le livre de l'hiver de Suzanne Rotraut Berner\ud83d\udcd8 La collection de mangas : Les carnets de l'apothicaire\ud83d\udcd6 Le magazine : EpsiloonC\u2019est \u00e0 d\u00e9couvrir dans \u201cDes livres et vous\u201d le jeudi 5 d\u00e9cembre \u00e0 12h30 et le lundi 9 d\u00e9cembre \u00e0 17h30.","og_url":"https:\/\/contactfm72.fr\/?p=18029","og_site_name":"Contact FM 99.3","article_publisher":"https:\/\/www.facebook.com\/Contactfm.Chateauduloir","article_published_time":"2024-12-05T09:41:19+00:00","og_image":[{"width":2016,"height":1512,"url":"http:\/\/contactfm72.fr\/wp-content\/uploads\/2024\/12\/Visuel-Contact-FM-35.jpg","type":"image\/jpeg"}],"author":"redaction2@contactfm72.fr","twitter_card":"summary_large_image","twitter_creator":"@contactfm72","twitter_site":"@contactfm72","twitter_misc":{"\u00c9crit par":"redaction2@contactfm72.fr","Dur\u00e9e de lecture estim\u00e9e":"1 minute"},"schema":{"@context":"https:\/\/schema.org","@graph":[{"@type":"Article","@id":"https:\/\/contactfm72.fr\/?p=18029#article","isPartOf":{"@id":"https:\/\/contactfm72.fr\/?p=18029"},"author":{"name":"redaction2@contactfm72.fr","@id":"https:\/\/contactfm72.fr\/#\/schema\/person\/d2ef09cdea7331b185acaddc4d14dda8"},"headline":"No\u00ebl se pr\u00e9pare avec le r\u00e9seau de biblioth\u00e8ques Odyss\u00e9e dans \u201cDes livres et vous\u201d","datePublished":"2024-12-05T09:41:19+00:00","mainEntityOfPage":{"@id":"https:\/\/contactfm72.fr\/?p=18029"},"wordCount":142,"publisher":{"@id":"https:\/\/contactfm72.fr\/#organization"},"image":{"@id":"https:\/\/contactfm72.fr\/?p=18029#primaryimage"},"thumbnailUrl":"https:\/\/contactfm72.fr\/wp-content\/uploads\/2024\/12\/Visuel-Contact-FM-35.jpg","articleSection":["Contact FM 72","Des livres et vous"],"inLanguage":"fr-FR"},{"@type":"WebPage","@id":"https:\/\/contactfm72.fr\/?p=18029","url":"https:\/\/contactfm72.fr\/?p=18029","name":"No\u00ebl se pr\u00e9pare avec le r\u00e9seau de biblioth\u00e8ques Odyss\u00e9e dans \u201cDes livres et vous\u201d - Contact FM 99.3","isPartOf":{"@id":"https:\/\/contactfm72.fr\/#website"},"primaryImageOfPage":{"@id":"https:\/\/contactfm72.fr\/?p=18029#primaryimage"},"image":{"@id":"https:\/\/contactfm72.fr\/?p=18029#primaryimage"},"thumbnailUrl":"https:\/\/contactfm72.fr\/wp-content\/uploads\/2024\/12\/Visuel-Contact-FM-35.jpg","datePublished":"2024-12-05T09:41:19+00:00","description":"No\u00ebl se pr\u00e9pare pour le r\u00e9seau de biblioth\u00e8ques Odyss\u00e9e !Camille B\u00e9nard du r\u00e9seau de biblioth\u00e8ques de la communaut\u00e9 de communes Sud-Sarthe \u201cOdyss\u00e9e\u201d nous pr\u00e9pare pour les f\u00eates de fin d'ann\u00e9e avec sa s\u00e9lection de livres, jeux, magazines et \u00e9galement des \u00e9v\u00e9nements \u00e0 ne pas rater sur le territoire. Voici sa s\u00e9lection :\u00a0\ud83c\udccf Le jeu Ch\u00e2teau Combo jouable \u00e0 partir de 10 ans\ud83d\udcd5 Le livre pour enfants : Le livre de l'hiver de Suzanne Rotraut Berner\ud83d\udcd8 La collection de mangas : Les carnets de l'apothicaire\ud83d\udcd6 Le magazine : EpsiloonC\u2019est \u00e0 d\u00e9couvrir dans \u201cDes livres et vous\u201d le jeudi 5 d\u00e9cembre \u00e0 12h30 et le lundi 9 d\u00e9cembre \u00e0 17h30.","breadcrumb":{"@id":"https:\/\/contactfm72.fr\/?p=18029#breadcrumb"},"inLanguage":"fr-FR","potentialAction":[{"@type":"ReadAction","target":["https:\/\/contactfm72.fr\/?p=18029"]}]},{"@type":"ImageObject","inLanguage":"fr-FR","@id":"https:\/\/contactfm72.fr\/?p=18029#primaryimage","url":"https:\/\/contactfm72.fr\/wp-content\/uploads\/2024\/12\/Visuel-Contact-FM-35.jpg","contentUrl":"https:\/\/contactfm72.fr\/wp-content\/uploads\/2024\/12\/Visuel-Contact-FM-35.jpg","width":2016,"height":1512},{"@type":"BreadcrumbList","@id":"https:\/\/contactfm72.fr\/?p=18029#breadcrumb","itemListElement":[{"@type":"ListItem","position":1,"name":"Accueil","item":"https:\/\/contactfm72.fr\/"},{"@type":"ListItem","position":2,"name":"No\u00ebl se pr\u00e9pare avec le r\u00e9seau de biblioth\u00e8ques Odyss\u00e9e dans \u201cDes livres et vous\u201d"}]},{"@type":"WebSite","@id":"https:\/\/contactfm72.fr\/#website","url":"https:\/\/contactfm72.fr\/","name":"Contact FM 99.3","description":"Votre radio en vall\u00e9e du Loir","publisher":{"@id":"https:\/\/contactfm72.fr\/#organization"},"potentialAction":[{"@type":"SearchAction","target":{"@type":"EntryPoint","urlTemplate":"https:\/\/contactfm72.fr\/?s={search_term_string}"},"query-input":{"@type":"PropertyValueSpecification","valueRequired":true,"valueName":"search_term_string"}}],"inLanguage":"fr-FR"},{"@type":"Organization","@id":"https:\/\/contactfm72.fr\/#organization","name":"Contact FM 99.3","url":"https:\/\/contactfm72.fr\/","logo":{"@type":"ImageObject","inLanguage":"fr-FR","@id":"https:\/\/contactfm72.fr\/#\/schema\/logo\/image\/","url":"https:\/\/contactfm72.fr\/wp-content\/uploads\/2025\/04\/2025-04-18-2.jpg","contentUrl":"https:\/\/contactfm72.fr\/wp-content\/uploads\/2025\/04\/2025-04-18-2.jpg","width":680,"height":307,"caption":"Contact FM 99.3"},"image":{"@id":"https:\/\/contactfm72.fr\/#\/schema\/logo\/image\/"},"sameAs":["https:\/\/www.facebook.com\/Contactfm.Chateauduloir","https:\/\/x.com\/contactfm72","https:\/\/www.instagram.com\/contact.fm.72?igsh=cGhlMHQ5N2JlNnpp","https:\/\/www.tiktok.com\/@contact.fm"]},{"@type":"Person","@id":"https:\/\/contactfm72.fr\/#\/schema\/person\/d2ef09cdea7331b185acaddc4d14dda8","name":"redaction2@contactfm72.fr","image":{"@type":"ImageObject","inLanguage":"fr-FR","@id":"https:\/\/secure.gravatar.com\/avatar\/897f3d57289c1f4c62cade1c2606ba6ded18d5f1676845e668a9f21cb751c06b?s=96&d=mm&r=g","url":"https:\/\/secure.gravatar.com\/avatar\/897f3d57289c1f4c62cade1c2606ba6ded18d5f1676845e668a9f21cb751c06b?s=96&d=mm&r=g","contentUrl":"https:\/\/secure.gravatar.com\/avatar\/897f3d57289c1f4c62cade1c2606ba6ded18d5f1676845e668a9f21cb751c06b?s=96&d=mm&r=g","caption":"redaction2@contactfm72.fr"},"url":"https:\/\/contactfm72.fr\/?author=5"}]}},"_links":{"self":[{"href":"https:\/\/contactfm72.fr\/index.php?rest_route=\/wp\/v2\/posts\/18029","targetHints":{"allow":["GET"]}}],"collection":[{"href":"https:\/\/contactfm72.fr\/index.php?rest_route=\/wp\/v2\/posts"}],"about":[{"href":"https:\/\/contactfm72.fr\/index.php?rest_route=\/wp\/v2\/types\/post"}],"author":[{"embeddable":true,"href":"https:\/\/contactfm72.fr\/index.php?rest_route=\/wp\/v2\/users\/5"}],"replies":[{"embeddable":true,"href":"https:\/\/contactfm72.fr\/index.php?rest_route=%2Fwp%2Fv2%2Fcomments&post=18029"}],"version-history":[{"count":1,"href":"https:\/\/contactfm72.fr\/index.php?rest_route=\/wp\/v2\/posts\/18029\/revisions"}],"predecessor-version":[{"id":18031,"href":"https:\/\/contactfm72.fr\/index.php?rest_route=\/wp\/v2\/posts\/18029\/revisions\/18031"}],"wp:featuredmedia":[{"embeddable":true,"href":"https:\/\/contactfm72.fr\/index.php?rest_route=\/wp\/v2\/media\/18030"}],"wp:attachment":[{"href":"https:\/\/contactfm72.fr\/index.php?rest_route=%2Fwp%2Fv2%2Fmedia&parent=18029"}],"wp:term":[{"taxonomy":"category","embeddable":true,"href":"https:\/\/contactfm72.fr\/index.php?rest_route=%2Fwp%2Fv2%2Fcategories&post=18029"},{"taxonomy":"post_tag","embeddable":true,"href":"https:\/\/contactfm72.fr\/index.php?rest_route=%2Fwp%2Fv2%2Ftags&post=18029"}],"curies":[{"name":"wp","href":"https:\/\/api.w.org\/{rel}","templated":true}]}}