{"id":17921,"date":"2024-11-20T16:18:14","date_gmt":"2024-11-20T15:18:14","guid":{"rendered":"https:\/\/contactfm72.fr\/?p=17921"},"modified":"2024-11-21T07:27:17","modified_gmt":"2024-11-21T06:27:17","slug":"les-confidences-de-remi-larousse","status":"publish","type":"post","link":"https:\/\/contactfm72.fr\/?p=17921","title":{"rendered":"Les confidences de l&#8217;illusionniste R\u00e9mi Larousse en spectacle en G\u00e2tine-Racan"},"content":{"rendered":"<p>Les confidences d&#8217;un illusionniste !<\/p>\n<p>C&#8217;est la suite de la saison pour l&#8217;espace culturel &#8220;Les Quatre vents&#8221; situ\u00e9 \u00e0 Rouziers-de-Touraine, le prochain rendez-vous \u00e0 ne pas rater; c&#8217;est celui de R\u00e9mi Larousse, illusionniste, mentaliste, conf\u00e9rencier. Actuellement en tourn\u00e9e dans toute la France, il pr\u00e9sente son nouveau spectacle ce vendredi 22 novembre en Indre-et-Loire.<\/p>\n<p>L&#8217;artiste revient sur son parcours, ses \u00e9tudes aux \u00c9tats-Unis, sa passion de la sc\u00e8ne, ses projets mais surtout son amour pour le public dans &#8220;L&#8217;interview du jour&#8221; le mercredi 20 novembre \u00e0 18h et le jeudi 21 novembre \u00e0 13h.<\/p>\n<div id=\"audioigniter-283\" class=\"audioigniter-root \" data-player-type=\"full\" data-tracks-url=\"https:\/\/contactfm72.fr\/?audioigniter_playlist_id=283\" data-display-track-no=\"false\" data-reverse-track-order=\"false\" data-display-tracklist-covers=\"false\" data-display-active-cover=\"false\" data-display-artist-names=\"false\" data-display-buy-buttons=\"true\" data-buy-buttons-target=\"false\" data-cycle-tracks=\"false\" data-display-credits=\"false\" data-display-tracklist=\"true\" data-allow-tracklist-toggle=\"false\" data-allow-tracklist-loop=\"true\" data-limit-tracklist-height=\"true\" data-volume=\"100\" data-tracklist-height=\"185\" data-allow-track-loop=\"false\" ><\/div>\n<!-- AddThis Advanced Settings generic via filter on the_content --><!-- AddThis Share Buttons generic via filter on the_content -->","protected":false},"excerpt":{"rendered":"<p>Les confidences d&#8217;un illusionniste ! C&#8217;est la suite de la saison pour l&#8217;espace culturel &#8220;Les Quatre vents&#8221; situ\u00e9 \u00e0 Rouziers-de-Touraine, le prochain rendez-vous \u00e0 ne pas rater; c&#8217;est celui de R\u00e9mi Larousse, illusionniste, mentaliste, conf\u00e9rencier. Actuellement en tourn\u00e9e dans toute la France, il pr\u00e9sente son nouveau spectacle ce vendredi 22 novembre en Indre-et-Loire. L&#8217;artiste revient&hellip;<!-- AddThis Advanced Settings generic via filter on get_the_excerpt --><!-- AddThis Share Buttons generic via filter on get_the_excerpt --><\/p>\n","protected":false},"author":5,"featured_media":17923,"comment_status":"closed","ping_status":"open","sticky":false,"template":"","format":"standard","meta":{"footnotes":""},"categories":[1,5],"tags":[],"class_list":["post-17921","post","type-post","status-publish","format-standard","has-post-thumbnail","hentry","category-contact-fm-72","category-linterview-du-jour","category-1","category-5","description-off"],"yoast_head":"<!-- This site is optimized with the Yoast SEO plugin v27.4 - https:\/\/yoast.com\/product\/yoast-seo-wordpress\/ -->\n<title>Les confidences de l&#039;illusionniste R\u00e9mi Larousse en spectacle en G\u00e2tine-Racan - Contact FM 99.3<\/title>\n<meta name=\"description\" content=\"Les confidences d&#039;un illusionniste !C&#039;est la suite de la saison culturelle pour la salle des 4 vents situ\u00e9 \u00e0 Rouziers-de-Touraine, la prochain spectacle \u00e0 ne pas rater est celui de R\u00e9mi Larousse : illusionniste, mentaliste, conf\u00e9rencier. Il est actuellement en tourn\u00e9e dans toute la France et il pr\u00e9sente son nouveau spectacle. L&#039;artiste revient sur son parcours, ses \u00e9tudes aux Etats-Unis, sur sa passion de la sc\u00e8ne, ses projet mais surtout son amour pour le public.L&#039;interview du jour est diffus\u00e9 le mercredi 20 novembre \u00e0 18h et le jeudi 21 novembre \u00e0 13h.\" \/>\n<meta name=\"robots\" content=\"index, follow, max-snippet:-1, max-image-preview:large, max-video-preview:-1\" \/>\n<link rel=\"canonical\" href=\"https:\/\/contactfm72.fr\/?p=17921\" \/>\n<meta property=\"og:locale\" content=\"fr_FR\" \/>\n<meta property=\"og:type\" content=\"article\" \/>\n<meta property=\"og:title\" content=\"Les confidences de l&#039;illusionniste R\u00e9mi Larousse en spectacle en G\u00e2tine-Racan - Contact FM 99.3\" \/>\n<meta property=\"og:description\" content=\"Les confidences d&#039;un illusionniste !C&#039;est la suite de la saison culturelle pour la salle des 4 vents situ\u00e9 \u00e0 Rouziers-de-Touraine, la prochain spectacle \u00e0 ne pas rater est celui de R\u00e9mi Larousse : illusionniste, mentaliste, conf\u00e9rencier. Il est actuellement en tourn\u00e9e dans toute la France et il pr\u00e9sente son nouveau spectacle. L&#039;artiste revient sur son parcours, ses \u00e9tudes aux Etats-Unis, sur sa passion de la sc\u00e8ne, ses projet mais surtout son amour pour le public.L&#039;interview du jour est diffus\u00e9 le mercredi 20 novembre \u00e0 18h et le jeudi 21 novembre \u00e0 13h.\" \/>\n<meta property=\"og:url\" content=\"https:\/\/contactfm72.fr\/?p=17921\" \/>\n<meta property=\"og:site_name\" content=\"Contact FM 99.3\" \/>\n<meta property=\"article:publisher\" content=\"https:\/\/www.facebook.com\/Contactfm.Chateauduloir\" \/>\n<meta property=\"article:published_time\" content=\"2024-11-20T15:18:14+00:00\" \/>\n<meta property=\"article:modified_time\" content=\"2024-11-21T06:27:17+00:00\" \/>\n<meta property=\"og:image\" content=\"http:\/\/contactfm72.fr\/wp-content\/uploads\/2024\/11\/Visuel-Contact-FM-28.jpg\" \/>\n\t<meta property=\"og:image:width\" content=\"2016\" \/>\n\t<meta property=\"og:image:height\" content=\"1512\" \/>\n\t<meta property=\"og:image:type\" content=\"image\/jpeg\" \/>\n<meta name=\"author\" content=\"redaction2@contactfm72.fr\" \/>\n<meta name=\"twitter:card\" content=\"summary_large_image\" \/>\n<meta name=\"twitter:creator\" content=\"@contactfm72\" \/>\n<meta name=\"twitter:site\" content=\"@contactfm72\" \/>\n<meta name=\"twitter:label1\" content=\"\u00c9crit par\" \/>\n\t<meta name=\"twitter:data1\" content=\"redaction2@contactfm72.fr\" \/>\n\t<meta name=\"twitter:label2\" content=\"Dur\u00e9e de lecture estim\u00e9e\" \/>\n\t<meta name=\"twitter:data2\" content=\"1 minute\" \/>\n<script type=\"application\/ld+json\" class=\"yoast-schema-graph\">{\"@context\":\"https:\\\/\\\/schema.org\",\"@graph\":[{\"@type\":\"Article\",\"@id\":\"https:\\\/\\\/contactfm72.fr\\\/?p=17921#article\",\"isPartOf\":{\"@id\":\"https:\\\/\\\/contactfm72.fr\\\/?p=17921\"},\"author\":{\"name\":\"redaction2@contactfm72.fr\",\"@id\":\"https:\\\/\\\/contactfm72.fr\\\/#\\\/schema\\\/person\\\/d2ef09cdea7331b185acaddc4d14dda8\"},\"headline\":\"Les confidences de l&#8217;illusionniste R\u00e9mi Larousse en spectacle en G\u00e2tine-Racan\",\"datePublished\":\"2024-11-20T15:18:14+00:00\",\"dateModified\":\"2024-11-21T06:27:17+00:00\",\"mainEntityOfPage\":{\"@id\":\"https:\\\/\\\/contactfm72.fr\\\/?p=17921\"},\"wordCount\":112,\"publisher\":{\"@id\":\"https:\\\/\\\/contactfm72.fr\\\/#organization\"},\"image\":{\"@id\":\"https:\\\/\\\/contactfm72.fr\\\/?p=17921#primaryimage\"},\"thumbnailUrl\":\"https:\\\/\\\/contactfm72.fr\\\/wp-content\\\/uploads\\\/2024\\\/11\\\/Visuel-Contact-FM-28.jpg\",\"articleSection\":[\"Contact FM 72\",\"L'interview du jour\"],\"inLanguage\":\"fr-FR\"},{\"@type\":\"WebPage\",\"@id\":\"https:\\\/\\\/contactfm72.fr\\\/?p=17921\",\"url\":\"https:\\\/\\\/contactfm72.fr\\\/?p=17921\",\"name\":\"Les confidences de l'illusionniste R\u00e9mi Larousse en spectacle en G\u00e2tine-Racan - Contact FM 99.3\",\"isPartOf\":{\"@id\":\"https:\\\/\\\/contactfm72.fr\\\/#website\"},\"primaryImageOfPage\":{\"@id\":\"https:\\\/\\\/contactfm72.fr\\\/?p=17921#primaryimage\"},\"image\":{\"@id\":\"https:\\\/\\\/contactfm72.fr\\\/?p=17921#primaryimage\"},\"thumbnailUrl\":\"https:\\\/\\\/contactfm72.fr\\\/wp-content\\\/uploads\\\/2024\\\/11\\\/Visuel-Contact-FM-28.jpg\",\"datePublished\":\"2024-11-20T15:18:14+00:00\",\"dateModified\":\"2024-11-21T06:27:17+00:00\",\"description\":\"Les confidences d'un illusionniste !C'est la suite de la saison culturelle pour la salle des 4 vents situ\u00e9 \u00e0 Rouziers-de-Touraine, la prochain spectacle \u00e0 ne pas rater est celui de R\u00e9mi Larousse : illusionniste, mentaliste, conf\u00e9rencier. Il est actuellement en tourn\u00e9e dans toute la France et il pr\u00e9sente son nouveau spectacle. L'artiste revient sur son parcours, ses \u00e9tudes aux Etats-Unis, sur sa passion de la sc\u00e8ne, ses projet mais surtout son amour pour le public.L'interview du jour est diffus\u00e9 le mercredi 20 novembre \u00e0 18h et le jeudi 21 novembre \u00e0 13h.\",\"breadcrumb\":{\"@id\":\"https:\\\/\\\/contactfm72.fr\\\/?p=17921#breadcrumb\"},\"inLanguage\":\"fr-FR\",\"potentialAction\":[{\"@type\":\"ReadAction\",\"target\":[\"https:\\\/\\\/contactfm72.fr\\\/?p=17921\"]}]},{\"@type\":\"ImageObject\",\"inLanguage\":\"fr-FR\",\"@id\":\"https:\\\/\\\/contactfm72.fr\\\/?p=17921#primaryimage\",\"url\":\"https:\\\/\\\/contactfm72.fr\\\/wp-content\\\/uploads\\\/2024\\\/11\\\/Visuel-Contact-FM-28.jpg\",\"contentUrl\":\"https:\\\/\\\/contactfm72.fr\\\/wp-content\\\/uploads\\\/2024\\\/11\\\/Visuel-Contact-FM-28.jpg\",\"width\":2016,\"height\":1512},{\"@type\":\"BreadcrumbList\",\"@id\":\"https:\\\/\\\/contactfm72.fr\\\/?p=17921#breadcrumb\",\"itemListElement\":[{\"@type\":\"ListItem\",\"position\":1,\"name\":\"Accueil\",\"item\":\"https:\\\/\\\/contactfm72.fr\\\/\"},{\"@type\":\"ListItem\",\"position\":2,\"name\":\"Les confidences de l&#8217;illusionniste R\u00e9mi Larousse en spectacle en G\u00e2tine-Racan\"}]},{\"@type\":\"WebSite\",\"@id\":\"https:\\\/\\\/contactfm72.fr\\\/#website\",\"url\":\"https:\\\/\\\/contactfm72.fr\\\/\",\"name\":\"Contact FM 99.3\",\"description\":\"Votre radio en vall\u00e9e du Loir\",\"publisher\":{\"@id\":\"https:\\\/\\\/contactfm72.fr\\\/#organization\"},\"potentialAction\":[{\"@type\":\"SearchAction\",\"target\":{\"@type\":\"EntryPoint\",\"urlTemplate\":\"https:\\\/\\\/contactfm72.fr\\\/?s={search_term_string}\"},\"query-input\":{\"@type\":\"PropertyValueSpecification\",\"valueRequired\":true,\"valueName\":\"search_term_string\"}}],\"inLanguage\":\"fr-FR\"},{\"@type\":\"Organization\",\"@id\":\"https:\\\/\\\/contactfm72.fr\\\/#organization\",\"name\":\"Contact FM 99.3\",\"url\":\"https:\\\/\\\/contactfm72.fr\\\/\",\"logo\":{\"@type\":\"ImageObject\",\"inLanguage\":\"fr-FR\",\"@id\":\"https:\\\/\\\/contactfm72.fr\\\/#\\\/schema\\\/logo\\\/image\\\/\",\"url\":\"https:\\\/\\\/contactfm72.fr\\\/wp-content\\\/uploads\\\/2025\\\/04\\\/2025-04-18-2.jpg\",\"contentUrl\":\"https:\\\/\\\/contactfm72.fr\\\/wp-content\\\/uploads\\\/2025\\\/04\\\/2025-04-18-2.jpg\",\"width\":680,\"height\":307,\"caption\":\"Contact FM 99.3\"},\"image\":{\"@id\":\"https:\\\/\\\/contactfm72.fr\\\/#\\\/schema\\\/logo\\\/image\\\/\"},\"sameAs\":[\"https:\\\/\\\/www.facebook.com\\\/Contactfm.Chateauduloir\",\"https:\\\/\\\/x.com\\\/contactfm72\",\"https:\\\/\\\/www.instagram.com\\\/contact.fm.72?igsh=cGhlMHQ5N2JlNnpp\",\"https:\\\/\\\/www.tiktok.com\\\/@contact.fm\"]},{\"@type\":\"Person\",\"@id\":\"https:\\\/\\\/contactfm72.fr\\\/#\\\/schema\\\/person\\\/d2ef09cdea7331b185acaddc4d14dda8\",\"name\":\"redaction2@contactfm72.fr\",\"image\":{\"@type\":\"ImageObject\",\"inLanguage\":\"fr-FR\",\"@id\":\"https:\\\/\\\/secure.gravatar.com\\\/avatar\\\/897f3d57289c1f4c62cade1c2606ba6ded18d5f1676845e668a9f21cb751c06b?s=96&d=mm&r=g\",\"url\":\"https:\\\/\\\/secure.gravatar.com\\\/avatar\\\/897f3d57289c1f4c62cade1c2606ba6ded18d5f1676845e668a9f21cb751c06b?s=96&d=mm&r=g\",\"contentUrl\":\"https:\\\/\\\/secure.gravatar.com\\\/avatar\\\/897f3d57289c1f4c62cade1c2606ba6ded18d5f1676845e668a9f21cb751c06b?s=96&d=mm&r=g\",\"caption\":\"redaction2@contactfm72.fr\"},\"url\":\"https:\\\/\\\/contactfm72.fr\\\/?author=5\"}]}<\/script>\n<!-- \/ Yoast SEO plugin. -->","yoast_head_json":{"title":"Les confidences de l'illusionniste R\u00e9mi Larousse en spectacle en G\u00e2tine-Racan - Contact FM 99.3","description":"Les confidences d'un illusionniste !C'est la suite de la saison culturelle pour la salle des 4 vents situ\u00e9 \u00e0 Rouziers-de-Touraine, la prochain spectacle \u00e0 ne pas rater est celui de R\u00e9mi Larousse : illusionniste, mentaliste, conf\u00e9rencier. Il est actuellement en tourn\u00e9e dans toute la France et il pr\u00e9sente son nouveau spectacle. L'artiste revient sur son parcours, ses \u00e9tudes aux Etats-Unis, sur sa passion de la sc\u00e8ne, ses projet mais surtout son amour pour le public.L'interview du jour est diffus\u00e9 le mercredi 20 novembre \u00e0 18h et le jeudi 21 novembre \u00e0 13h.","robots":{"index":"index","follow":"follow","max-snippet":"max-snippet:-1","max-image-preview":"max-image-preview:large","max-video-preview":"max-video-preview:-1"},"canonical":"https:\/\/contactfm72.fr\/?p=17921","og_locale":"fr_FR","og_type":"article","og_title":"Les confidences de l'illusionniste R\u00e9mi Larousse en spectacle en G\u00e2tine-Racan - Contact FM 99.3","og_description":"Les confidences d'un illusionniste !C'est la suite de la saison culturelle pour la salle des 4 vents situ\u00e9 \u00e0 Rouziers-de-Touraine, la prochain spectacle \u00e0 ne pas rater est celui de R\u00e9mi Larousse : illusionniste, mentaliste, conf\u00e9rencier. Il est actuellement en tourn\u00e9e dans toute la France et il pr\u00e9sente son nouveau spectacle. L'artiste revient sur son parcours, ses \u00e9tudes aux Etats-Unis, sur sa passion de la sc\u00e8ne, ses projet mais surtout son amour pour le public.L'interview du jour est diffus\u00e9 le mercredi 20 novembre \u00e0 18h et le jeudi 21 novembre \u00e0 13h.","og_url":"https:\/\/contactfm72.fr\/?p=17921","og_site_name":"Contact FM 99.3","article_publisher":"https:\/\/www.facebook.com\/Contactfm.Chateauduloir","article_published_time":"2024-11-20T15:18:14+00:00","article_modified_time":"2024-11-21T06:27:17+00:00","og_image":[{"width":2016,"height":1512,"url":"http:\/\/contactfm72.fr\/wp-content\/uploads\/2024\/11\/Visuel-Contact-FM-28.jpg","type":"image\/jpeg"}],"author":"redaction2@contactfm72.fr","twitter_card":"summary_large_image","twitter_creator":"@contactfm72","twitter_site":"@contactfm72","twitter_misc":{"\u00c9crit par":"redaction2@contactfm72.fr","Dur\u00e9e de lecture estim\u00e9e":"1 minute"},"schema":{"@context":"https:\/\/schema.org","@graph":[{"@type":"Article","@id":"https:\/\/contactfm72.fr\/?p=17921#article","isPartOf":{"@id":"https:\/\/contactfm72.fr\/?p=17921"},"author":{"name":"redaction2@contactfm72.fr","@id":"https:\/\/contactfm72.fr\/#\/schema\/person\/d2ef09cdea7331b185acaddc4d14dda8"},"headline":"Les confidences de l&#8217;illusionniste R\u00e9mi Larousse en spectacle en G\u00e2tine-Racan","datePublished":"2024-11-20T15:18:14+00:00","dateModified":"2024-11-21T06:27:17+00:00","mainEntityOfPage":{"@id":"https:\/\/contactfm72.fr\/?p=17921"},"wordCount":112,"publisher":{"@id":"https:\/\/contactfm72.fr\/#organization"},"image":{"@id":"https:\/\/contactfm72.fr\/?p=17921#primaryimage"},"thumbnailUrl":"https:\/\/contactfm72.fr\/wp-content\/uploads\/2024\/11\/Visuel-Contact-FM-28.jpg","articleSection":["Contact FM 72","L'interview du jour"],"inLanguage":"fr-FR"},{"@type":"WebPage","@id":"https:\/\/contactfm72.fr\/?p=17921","url":"https:\/\/contactfm72.fr\/?p=17921","name":"Les confidences de l'illusionniste R\u00e9mi Larousse en spectacle en G\u00e2tine-Racan - Contact FM 99.3","isPartOf":{"@id":"https:\/\/contactfm72.fr\/#website"},"primaryImageOfPage":{"@id":"https:\/\/contactfm72.fr\/?p=17921#primaryimage"},"image":{"@id":"https:\/\/contactfm72.fr\/?p=17921#primaryimage"},"thumbnailUrl":"https:\/\/contactfm72.fr\/wp-content\/uploads\/2024\/11\/Visuel-Contact-FM-28.jpg","datePublished":"2024-11-20T15:18:14+00:00","dateModified":"2024-11-21T06:27:17+00:00","description":"Les confidences d'un illusionniste !C'est la suite de la saison culturelle pour la salle des 4 vents situ\u00e9 \u00e0 Rouziers-de-Touraine, la prochain spectacle \u00e0 ne pas rater est celui de R\u00e9mi Larousse : illusionniste, mentaliste, conf\u00e9rencier. Il est actuellement en tourn\u00e9e dans toute la France et il pr\u00e9sente son nouveau spectacle. L'artiste revient sur son parcours, ses \u00e9tudes aux Etats-Unis, sur sa passion de la sc\u00e8ne, ses projet mais surtout son amour pour le public.L'interview du jour est diffus\u00e9 le mercredi 20 novembre \u00e0 18h et le jeudi 21 novembre \u00e0 13h.","breadcrumb":{"@id":"https:\/\/contactfm72.fr\/?p=17921#breadcrumb"},"inLanguage":"fr-FR","potentialAction":[{"@type":"ReadAction","target":["https:\/\/contactfm72.fr\/?p=17921"]}]},{"@type":"ImageObject","inLanguage":"fr-FR","@id":"https:\/\/contactfm72.fr\/?p=17921#primaryimage","url":"https:\/\/contactfm72.fr\/wp-content\/uploads\/2024\/11\/Visuel-Contact-FM-28.jpg","contentUrl":"https:\/\/contactfm72.fr\/wp-content\/uploads\/2024\/11\/Visuel-Contact-FM-28.jpg","width":2016,"height":1512},{"@type":"BreadcrumbList","@id":"https:\/\/contactfm72.fr\/?p=17921#breadcrumb","itemListElement":[{"@type":"ListItem","position":1,"name":"Accueil","item":"https:\/\/contactfm72.fr\/"},{"@type":"ListItem","position":2,"name":"Les confidences de l&#8217;illusionniste R\u00e9mi Larousse en spectacle en G\u00e2tine-Racan"}]},{"@type":"WebSite","@id":"https:\/\/contactfm72.fr\/#website","url":"https:\/\/contactfm72.fr\/","name":"Contact FM 99.3","description":"Votre radio en vall\u00e9e du Loir","publisher":{"@id":"https:\/\/contactfm72.fr\/#organization"},"potentialAction":[{"@type":"SearchAction","target":{"@type":"EntryPoint","urlTemplate":"https:\/\/contactfm72.fr\/?s={search_term_string}"},"query-input":{"@type":"PropertyValueSpecification","valueRequired":true,"valueName":"search_term_string"}}],"inLanguage":"fr-FR"},{"@type":"Organization","@id":"https:\/\/contactfm72.fr\/#organization","name":"Contact FM 99.3","url":"https:\/\/contactfm72.fr\/","logo":{"@type":"ImageObject","inLanguage":"fr-FR","@id":"https:\/\/contactfm72.fr\/#\/schema\/logo\/image\/","url":"https:\/\/contactfm72.fr\/wp-content\/uploads\/2025\/04\/2025-04-18-2.jpg","contentUrl":"https:\/\/contactfm72.fr\/wp-content\/uploads\/2025\/04\/2025-04-18-2.jpg","width":680,"height":307,"caption":"Contact FM 99.3"},"image":{"@id":"https:\/\/contactfm72.fr\/#\/schema\/logo\/image\/"},"sameAs":["https:\/\/www.facebook.com\/Contactfm.Chateauduloir","https:\/\/x.com\/contactfm72","https:\/\/www.instagram.com\/contact.fm.72?igsh=cGhlMHQ5N2JlNnpp","https:\/\/www.tiktok.com\/@contact.fm"]},{"@type":"Person","@id":"https:\/\/contactfm72.fr\/#\/schema\/person\/d2ef09cdea7331b185acaddc4d14dda8","name":"redaction2@contactfm72.fr","image":{"@type":"ImageObject","inLanguage":"fr-FR","@id":"https:\/\/secure.gravatar.com\/avatar\/897f3d57289c1f4c62cade1c2606ba6ded18d5f1676845e668a9f21cb751c06b?s=96&d=mm&r=g","url":"https:\/\/secure.gravatar.com\/avatar\/897f3d57289c1f4c62cade1c2606ba6ded18d5f1676845e668a9f21cb751c06b?s=96&d=mm&r=g","contentUrl":"https:\/\/secure.gravatar.com\/avatar\/897f3d57289c1f4c62cade1c2606ba6ded18d5f1676845e668a9f21cb751c06b?s=96&d=mm&r=g","caption":"redaction2@contactfm72.fr"},"url":"https:\/\/contactfm72.fr\/?author=5"}]}},"_links":{"self":[{"href":"https:\/\/contactfm72.fr\/index.php?rest_route=\/wp\/v2\/posts\/17921","targetHints":{"allow":["GET"]}}],"collection":[{"href":"https:\/\/contactfm72.fr\/index.php?rest_route=\/wp\/v2\/posts"}],"about":[{"href":"https:\/\/contactfm72.fr\/index.php?rest_route=\/wp\/v2\/types\/post"}],"author":[{"embeddable":true,"href":"https:\/\/contactfm72.fr\/index.php?rest_route=\/wp\/v2\/users\/5"}],"replies":[{"embeddable":true,"href":"https:\/\/contactfm72.fr\/index.php?rest_route=%2Fwp%2Fv2%2Fcomments&post=17921"}],"version-history":[{"count":4,"href":"https:\/\/contactfm72.fr\/index.php?rest_route=\/wp\/v2\/posts\/17921\/revisions"}],"predecessor-version":[{"id":17928,"href":"https:\/\/contactfm72.fr\/index.php?rest_route=\/wp\/v2\/posts\/17921\/revisions\/17928"}],"wp:featuredmedia":[{"embeddable":true,"href":"https:\/\/contactfm72.fr\/index.php?rest_route=\/wp\/v2\/media\/17923"}],"wp:attachment":[{"href":"https:\/\/contactfm72.fr\/index.php?rest_route=%2Fwp%2Fv2%2Fmedia&parent=17921"}],"wp:term":[{"taxonomy":"category","embeddable":true,"href":"https:\/\/contactfm72.fr\/index.php?rest_route=%2Fwp%2Fv2%2Fcategories&post=17921"},{"taxonomy":"post_tag","embeddable":true,"href":"https:\/\/contactfm72.fr\/index.php?rest_route=%2Fwp%2Fv2%2Ftags&post=17921"}],"curies":[{"name":"wp","href":"https:\/\/api.w.org\/{rel}","templated":true}]}}