{"id":17860,"date":"2024-11-14T10:57:59","date_gmt":"2024-11-14T09:57:59","guid":{"rendered":"https:\/\/contactfm72.fr\/?p=17860"},"modified":"2024-11-14T11:01:42","modified_gmt":"2024-11-14T10:01:42","slug":"de-la-strategie-de-la-creativite-et-les-100-ans-des-droits-des-enfants-dans-des-livres-et-vous","status":"publish","type":"post","link":"https:\/\/contactfm72.fr\/?p=17860","title":{"rendered":"De la strat\u00e9gie, de la cr\u00e9ativit\u00e9 et les 100 ans des droits de l&#8217;enfant dans &#8220;Des Livres et Vous&#8221;"},"content":{"rendered":"<p>Un jeu, un livre et le plein d&#8217;\u00e9v\u00e9nements !<\/p>\n<p>Ce mois-ci, la biblioth\u00e8que-ludoth\u00e8que Juliette Drouet vous propose un jeu de strat\u00e9gie &#8220;Harmonies&#8221; et un livre qui va plaire aux petits comme aux grands, c&#8217;est &#8220;Mini Mondes&#8221;. Florentine Jamin et Ang\u00e8le Alloiteau sont dans &#8220;Des Livres et Vous&#8221; le jeudi 14 novembre \u00e0 12h30 et le lundi 18 novembre \u00e0 17h30.<\/p>\n<div id=\"audioigniter-292\" class=\"audioigniter-root \" data-player-type=\"full\" data-tracks-url=\"https:\/\/contactfm72.fr\/?audioigniter_playlist_id=292\" data-display-track-no=\"false\" data-reverse-track-order=\"false\" data-display-tracklist-covers=\"false\" data-display-active-cover=\"false\" data-display-artist-names=\"false\" data-display-buy-buttons=\"true\" data-buy-buttons-target=\"false\" data-cycle-tracks=\"false\" data-display-credits=\"false\" data-display-tracklist=\"true\" data-allow-tracklist-toggle=\"true\" data-allow-tracklist-loop=\"true\" data-limit-tracklist-height=\"true\" data-volume=\"100\" data-tracklist-height=\"185\" data-allow-track-loop=\"false\" ><\/div>\n<!-- AddThis Advanced Settings generic via filter on the_content --><!-- AddThis Share Buttons generic via filter on the_content -->","protected":false},"excerpt":{"rendered":"<p>Un jeu, un livre et le plein d&#8217;\u00e9v\u00e9nements ! Ce mois-ci, la biblioth\u00e8que-ludoth\u00e8que Juliette Drouet vous propose un jeu de strat\u00e9gie &#8220;Harmonies&#8221; et un livre qui va plaire aux petits comme aux grands, c&#8217;est &#8220;Mini Mondes&#8221;. Florentine Jamin et Ang\u00e8le Alloiteau sont dans &#8220;Des Livres et Vous&#8221; le jeudi 14 novembre \u00e0 12h30 et le&hellip;<!-- AddThis Advanced Settings generic via filter on get_the_excerpt --><!-- AddThis Share Buttons generic via filter on get_the_excerpt --><\/p>\n","protected":false},"author":5,"featured_media":17862,"comment_status":"closed","ping_status":"open","sticky":false,"template":"","format":"standard","meta":{"footnotes":""},"categories":[1,20],"tags":[],"class_list":["post-17860","post","type-post","status-publish","format-standard","has-post-thumbnail","hentry","category-contact-fm-72","category-des-livres-et-vous","category-1","category-20","description-off"],"yoast_head":"<!-- This site is optimized with the Yoast SEO plugin v27.4 - https:\/\/yoast.com\/product\/yoast-seo-wordpress\/ -->\n<title>De la strat\u00e9gie, de la cr\u00e9ativit\u00e9 et les 100 ans des droits de l&#039;enfant dans &quot;Des Livres et Vous&quot; - Contact FM 99.3<\/title>\n<meta name=\"description\" content=\"Un jeu, un livre et le plein d&#039;\u00e9v\u00e9nements !\u00a0Ce mois-ci, la biblioth\u00e8que-ludoth\u00e8que Juliette Drouet vous propose un jeu de strat\u00e9gie &quot;Harmonies&quot; et un livre qui va plaire aux petits comme aux grands, c&#039;est &quot;Mini Mondes&quot;. Florentine Jamin et Ang\u00e8le Alloiteau nous en parlent dans &quot;Des Livres et Vous&quot; le jeudi 14 novembre \u00e0 12h30 et le lundi 18 novembre \u00e0 17h30.\" \/>\n<meta name=\"robots\" content=\"index, follow, max-snippet:-1, max-image-preview:large, max-video-preview:-1\" \/>\n<link rel=\"canonical\" href=\"https:\/\/contactfm72.fr\/?p=17860\" \/>\n<meta property=\"og:locale\" content=\"fr_FR\" \/>\n<meta property=\"og:type\" content=\"article\" \/>\n<meta property=\"og:title\" content=\"De la strat\u00e9gie, de la cr\u00e9ativit\u00e9 et les 100 ans des droits de l&#039;enfant dans &quot;Des Livres et Vous&quot; - Contact FM 99.3\" \/>\n<meta property=\"og:description\" content=\"Un jeu, un livre et le plein d&#039;\u00e9v\u00e9nements !\u00a0Ce mois-ci, la biblioth\u00e8que-ludoth\u00e8que Juliette Drouet vous propose un jeu de strat\u00e9gie &quot;Harmonies&quot; et un livre qui va plaire aux petits comme aux grands, c&#039;est &quot;Mini Mondes&quot;. Florentine Jamin et Ang\u00e8le Alloiteau nous en parlent dans &quot;Des Livres et Vous&quot; le jeudi 14 novembre \u00e0 12h30 et le lundi 18 novembre \u00e0 17h30.\" \/>\n<meta property=\"og:url\" content=\"https:\/\/contactfm72.fr\/?p=17860\" \/>\n<meta property=\"og:site_name\" content=\"Contact FM 99.3\" \/>\n<meta property=\"article:publisher\" content=\"https:\/\/www.facebook.com\/Contactfm.Chateauduloir\" \/>\n<meta property=\"article:published_time\" content=\"2024-11-14T09:57:59+00:00\" \/>\n<meta property=\"article:modified_time\" content=\"2024-11-14T10:01:42+00:00\" \/>\n<meta property=\"og:image\" content=\"http:\/\/contactfm72.fr\/wp-content\/uploads\/2024\/11\/Visuel-Contact-FM-25.jpg\" \/>\n\t<meta property=\"og:image:width\" content=\"2016\" \/>\n\t<meta property=\"og:image:height\" content=\"1512\" \/>\n\t<meta property=\"og:image:type\" content=\"image\/jpeg\" \/>\n<meta name=\"author\" content=\"redaction2@contactfm72.fr\" \/>\n<meta name=\"twitter:card\" content=\"summary_large_image\" \/>\n<meta name=\"twitter:creator\" content=\"@contactfm72\" \/>\n<meta name=\"twitter:site\" content=\"@contactfm72\" \/>\n<meta name=\"twitter:label1\" content=\"\u00c9crit par\" \/>\n\t<meta name=\"twitter:data1\" content=\"redaction2@contactfm72.fr\" \/>\n\t<meta name=\"twitter:label2\" content=\"Dur\u00e9e de lecture estim\u00e9e\" \/>\n\t<meta name=\"twitter:data2\" content=\"1 minute\" \/>\n<script type=\"application\/ld+json\" class=\"yoast-schema-graph\">{\"@context\":\"https:\\\/\\\/schema.org\",\"@graph\":[{\"@type\":\"Article\",\"@id\":\"https:\\\/\\\/contactfm72.fr\\\/?p=17860#article\",\"isPartOf\":{\"@id\":\"https:\\\/\\\/contactfm72.fr\\\/?p=17860\"},\"author\":{\"name\":\"redaction2@contactfm72.fr\",\"@id\":\"https:\\\/\\\/contactfm72.fr\\\/#\\\/schema\\\/person\\\/d2ef09cdea7331b185acaddc4d14dda8\"},\"headline\":\"De la strat\u00e9gie, de la cr\u00e9ativit\u00e9 et les 100 ans des droits de l&#8217;enfant dans &#8220;Des Livres et Vous&#8221;\",\"datePublished\":\"2024-11-14T09:57:59+00:00\",\"dateModified\":\"2024-11-14T10:01:42+00:00\",\"mainEntityOfPage\":{\"@id\":\"https:\\\/\\\/contactfm72.fr\\\/?p=17860\"},\"wordCount\":86,\"publisher\":{\"@id\":\"https:\\\/\\\/contactfm72.fr\\\/#organization\"},\"image\":{\"@id\":\"https:\\\/\\\/contactfm72.fr\\\/?p=17860#primaryimage\"},\"thumbnailUrl\":\"https:\\\/\\\/contactfm72.fr\\\/wp-content\\\/uploads\\\/2024\\\/11\\\/Visuel-Contact-FM-25.jpg\",\"articleSection\":[\"Contact FM 72\",\"Des livres et vous\"],\"inLanguage\":\"fr-FR\"},{\"@type\":\"WebPage\",\"@id\":\"https:\\\/\\\/contactfm72.fr\\\/?p=17860\",\"url\":\"https:\\\/\\\/contactfm72.fr\\\/?p=17860\",\"name\":\"De la strat\u00e9gie, de la cr\u00e9ativit\u00e9 et les 100 ans des droits de l'enfant dans \\\"Des Livres et Vous\\\" - Contact FM 99.3\",\"isPartOf\":{\"@id\":\"https:\\\/\\\/contactfm72.fr\\\/#website\"},\"primaryImageOfPage\":{\"@id\":\"https:\\\/\\\/contactfm72.fr\\\/?p=17860#primaryimage\"},\"image\":{\"@id\":\"https:\\\/\\\/contactfm72.fr\\\/?p=17860#primaryimage\"},\"thumbnailUrl\":\"https:\\\/\\\/contactfm72.fr\\\/wp-content\\\/uploads\\\/2024\\\/11\\\/Visuel-Contact-FM-25.jpg\",\"datePublished\":\"2024-11-14T09:57:59+00:00\",\"dateModified\":\"2024-11-14T10:01:42+00:00\",\"description\":\"Un jeu, un livre et le plein d'\u00e9v\u00e9nements !\u00a0Ce mois-ci, la biblioth\u00e8que-ludoth\u00e8que Juliette Drouet vous propose un jeu de strat\u00e9gie \\\"Harmonies\\\" et un livre qui va plaire aux petits comme aux grands, c'est \\\"Mini Mondes\\\". Florentine Jamin et Ang\u00e8le Alloiteau nous en parlent dans \\\"Des Livres et Vous\\\" le jeudi 14 novembre \u00e0 12h30 et le lundi 18 novembre \u00e0 17h30.\",\"breadcrumb\":{\"@id\":\"https:\\\/\\\/contactfm72.fr\\\/?p=17860#breadcrumb\"},\"inLanguage\":\"fr-FR\",\"potentialAction\":[{\"@type\":\"ReadAction\",\"target\":[\"https:\\\/\\\/contactfm72.fr\\\/?p=17860\"]}]},{\"@type\":\"ImageObject\",\"inLanguage\":\"fr-FR\",\"@id\":\"https:\\\/\\\/contactfm72.fr\\\/?p=17860#primaryimage\",\"url\":\"https:\\\/\\\/contactfm72.fr\\\/wp-content\\\/uploads\\\/2024\\\/11\\\/Visuel-Contact-FM-25.jpg\",\"contentUrl\":\"https:\\\/\\\/contactfm72.fr\\\/wp-content\\\/uploads\\\/2024\\\/11\\\/Visuel-Contact-FM-25.jpg\",\"width\":2016,\"height\":1512},{\"@type\":\"BreadcrumbList\",\"@id\":\"https:\\\/\\\/contactfm72.fr\\\/?p=17860#breadcrumb\",\"itemListElement\":[{\"@type\":\"ListItem\",\"position\":1,\"name\":\"Accueil\",\"item\":\"https:\\\/\\\/contactfm72.fr\\\/\"},{\"@type\":\"ListItem\",\"position\":2,\"name\":\"De la strat\u00e9gie, de la cr\u00e9ativit\u00e9 et les 100 ans des droits de l&#8217;enfant dans &#8220;Des Livres et Vous&#8221;\"}]},{\"@type\":\"WebSite\",\"@id\":\"https:\\\/\\\/contactfm72.fr\\\/#website\",\"url\":\"https:\\\/\\\/contactfm72.fr\\\/\",\"name\":\"Contact FM 99.3\",\"description\":\"Votre radio en vall\u00e9e du Loir\",\"publisher\":{\"@id\":\"https:\\\/\\\/contactfm72.fr\\\/#organization\"},\"potentialAction\":[{\"@type\":\"SearchAction\",\"target\":{\"@type\":\"EntryPoint\",\"urlTemplate\":\"https:\\\/\\\/contactfm72.fr\\\/?s={search_term_string}\"},\"query-input\":{\"@type\":\"PropertyValueSpecification\",\"valueRequired\":true,\"valueName\":\"search_term_string\"}}],\"inLanguage\":\"fr-FR\"},{\"@type\":\"Organization\",\"@id\":\"https:\\\/\\\/contactfm72.fr\\\/#organization\",\"name\":\"Contact FM 99.3\",\"url\":\"https:\\\/\\\/contactfm72.fr\\\/\",\"logo\":{\"@type\":\"ImageObject\",\"inLanguage\":\"fr-FR\",\"@id\":\"https:\\\/\\\/contactfm72.fr\\\/#\\\/schema\\\/logo\\\/image\\\/\",\"url\":\"https:\\\/\\\/contactfm72.fr\\\/wp-content\\\/uploads\\\/2025\\\/04\\\/2025-04-18-2.jpg\",\"contentUrl\":\"https:\\\/\\\/contactfm72.fr\\\/wp-content\\\/uploads\\\/2025\\\/04\\\/2025-04-18-2.jpg\",\"width\":680,\"height\":307,\"caption\":\"Contact FM 99.3\"},\"image\":{\"@id\":\"https:\\\/\\\/contactfm72.fr\\\/#\\\/schema\\\/logo\\\/image\\\/\"},\"sameAs\":[\"https:\\\/\\\/www.facebook.com\\\/Contactfm.Chateauduloir\",\"https:\\\/\\\/x.com\\\/contactfm72\",\"https:\\\/\\\/www.instagram.com\\\/contact.fm.72?igsh=cGhlMHQ5N2JlNnpp\",\"https:\\\/\\\/www.tiktok.com\\\/@contact.fm\"]},{\"@type\":\"Person\",\"@id\":\"https:\\\/\\\/contactfm72.fr\\\/#\\\/schema\\\/person\\\/d2ef09cdea7331b185acaddc4d14dda8\",\"name\":\"redaction2@contactfm72.fr\",\"image\":{\"@type\":\"ImageObject\",\"inLanguage\":\"fr-FR\",\"@id\":\"https:\\\/\\\/secure.gravatar.com\\\/avatar\\\/897f3d57289c1f4c62cade1c2606ba6ded18d5f1676845e668a9f21cb751c06b?s=96&d=mm&r=g\",\"url\":\"https:\\\/\\\/secure.gravatar.com\\\/avatar\\\/897f3d57289c1f4c62cade1c2606ba6ded18d5f1676845e668a9f21cb751c06b?s=96&d=mm&r=g\",\"contentUrl\":\"https:\\\/\\\/secure.gravatar.com\\\/avatar\\\/897f3d57289c1f4c62cade1c2606ba6ded18d5f1676845e668a9f21cb751c06b?s=96&d=mm&r=g\",\"caption\":\"redaction2@contactfm72.fr\"},\"url\":\"https:\\\/\\\/contactfm72.fr\\\/?author=5\"}]}<\/script>\n<!-- \/ Yoast SEO plugin. -->","yoast_head_json":{"title":"De la strat\u00e9gie, de la cr\u00e9ativit\u00e9 et les 100 ans des droits de l'enfant dans \"Des Livres et Vous\" - Contact FM 99.3","description":"Un jeu, un livre et le plein d'\u00e9v\u00e9nements !\u00a0Ce mois-ci, la biblioth\u00e8que-ludoth\u00e8que Juliette Drouet vous propose un jeu de strat\u00e9gie \"Harmonies\" et un livre qui va plaire aux petits comme aux grands, c'est \"Mini Mondes\". Florentine Jamin et Ang\u00e8le Alloiteau nous en parlent dans \"Des Livres et Vous\" le jeudi 14 novembre \u00e0 12h30 et le lundi 18 novembre \u00e0 17h30.","robots":{"index":"index","follow":"follow","max-snippet":"max-snippet:-1","max-image-preview":"max-image-preview:large","max-video-preview":"max-video-preview:-1"},"canonical":"https:\/\/contactfm72.fr\/?p=17860","og_locale":"fr_FR","og_type":"article","og_title":"De la strat\u00e9gie, de la cr\u00e9ativit\u00e9 et les 100 ans des droits de l'enfant dans \"Des Livres et Vous\" - Contact FM 99.3","og_description":"Un jeu, un livre et le plein d'\u00e9v\u00e9nements !\u00a0Ce mois-ci, la biblioth\u00e8que-ludoth\u00e8que Juliette Drouet vous propose un jeu de strat\u00e9gie \"Harmonies\" et un livre qui va plaire aux petits comme aux grands, c'est \"Mini Mondes\". Florentine Jamin et Ang\u00e8le Alloiteau nous en parlent dans \"Des Livres et Vous\" le jeudi 14 novembre \u00e0 12h30 et le lundi 18 novembre \u00e0 17h30.","og_url":"https:\/\/contactfm72.fr\/?p=17860","og_site_name":"Contact FM 99.3","article_publisher":"https:\/\/www.facebook.com\/Contactfm.Chateauduloir","article_published_time":"2024-11-14T09:57:59+00:00","article_modified_time":"2024-11-14T10:01:42+00:00","og_image":[{"width":2016,"height":1512,"url":"http:\/\/contactfm72.fr\/wp-content\/uploads\/2024\/11\/Visuel-Contact-FM-25.jpg","type":"image\/jpeg"}],"author":"redaction2@contactfm72.fr","twitter_card":"summary_large_image","twitter_creator":"@contactfm72","twitter_site":"@contactfm72","twitter_misc":{"\u00c9crit par":"redaction2@contactfm72.fr","Dur\u00e9e de lecture estim\u00e9e":"1 minute"},"schema":{"@context":"https:\/\/schema.org","@graph":[{"@type":"Article","@id":"https:\/\/contactfm72.fr\/?p=17860#article","isPartOf":{"@id":"https:\/\/contactfm72.fr\/?p=17860"},"author":{"name":"redaction2@contactfm72.fr","@id":"https:\/\/contactfm72.fr\/#\/schema\/person\/d2ef09cdea7331b185acaddc4d14dda8"},"headline":"De la strat\u00e9gie, de la cr\u00e9ativit\u00e9 et les 100 ans des droits de l&#8217;enfant dans &#8220;Des Livres et Vous&#8221;","datePublished":"2024-11-14T09:57:59+00:00","dateModified":"2024-11-14T10:01:42+00:00","mainEntityOfPage":{"@id":"https:\/\/contactfm72.fr\/?p=17860"},"wordCount":86,"publisher":{"@id":"https:\/\/contactfm72.fr\/#organization"},"image":{"@id":"https:\/\/contactfm72.fr\/?p=17860#primaryimage"},"thumbnailUrl":"https:\/\/contactfm72.fr\/wp-content\/uploads\/2024\/11\/Visuel-Contact-FM-25.jpg","articleSection":["Contact FM 72","Des livres et vous"],"inLanguage":"fr-FR"},{"@type":"WebPage","@id":"https:\/\/contactfm72.fr\/?p=17860","url":"https:\/\/contactfm72.fr\/?p=17860","name":"De la strat\u00e9gie, de la cr\u00e9ativit\u00e9 et les 100 ans des droits de l'enfant dans \"Des Livres et Vous\" - Contact FM 99.3","isPartOf":{"@id":"https:\/\/contactfm72.fr\/#website"},"primaryImageOfPage":{"@id":"https:\/\/contactfm72.fr\/?p=17860#primaryimage"},"image":{"@id":"https:\/\/contactfm72.fr\/?p=17860#primaryimage"},"thumbnailUrl":"https:\/\/contactfm72.fr\/wp-content\/uploads\/2024\/11\/Visuel-Contact-FM-25.jpg","datePublished":"2024-11-14T09:57:59+00:00","dateModified":"2024-11-14T10:01:42+00:00","description":"Un jeu, un livre et le plein d'\u00e9v\u00e9nements !\u00a0Ce mois-ci, la biblioth\u00e8que-ludoth\u00e8que Juliette Drouet vous propose un jeu de strat\u00e9gie \"Harmonies\" et un livre qui va plaire aux petits comme aux grands, c'est \"Mini Mondes\". Florentine Jamin et Ang\u00e8le Alloiteau nous en parlent dans \"Des Livres et Vous\" le jeudi 14 novembre \u00e0 12h30 et le lundi 18 novembre \u00e0 17h30.","breadcrumb":{"@id":"https:\/\/contactfm72.fr\/?p=17860#breadcrumb"},"inLanguage":"fr-FR","potentialAction":[{"@type":"ReadAction","target":["https:\/\/contactfm72.fr\/?p=17860"]}]},{"@type":"ImageObject","inLanguage":"fr-FR","@id":"https:\/\/contactfm72.fr\/?p=17860#primaryimage","url":"https:\/\/contactfm72.fr\/wp-content\/uploads\/2024\/11\/Visuel-Contact-FM-25.jpg","contentUrl":"https:\/\/contactfm72.fr\/wp-content\/uploads\/2024\/11\/Visuel-Contact-FM-25.jpg","width":2016,"height":1512},{"@type":"BreadcrumbList","@id":"https:\/\/contactfm72.fr\/?p=17860#breadcrumb","itemListElement":[{"@type":"ListItem","position":1,"name":"Accueil","item":"https:\/\/contactfm72.fr\/"},{"@type":"ListItem","position":2,"name":"De la strat\u00e9gie, de la cr\u00e9ativit\u00e9 et les 100 ans des droits de l&#8217;enfant dans &#8220;Des Livres et Vous&#8221;"}]},{"@type":"WebSite","@id":"https:\/\/contactfm72.fr\/#website","url":"https:\/\/contactfm72.fr\/","name":"Contact FM 99.3","description":"Votre radio en vall\u00e9e du Loir","publisher":{"@id":"https:\/\/contactfm72.fr\/#organization"},"potentialAction":[{"@type":"SearchAction","target":{"@type":"EntryPoint","urlTemplate":"https:\/\/contactfm72.fr\/?s={search_term_string}"},"query-input":{"@type":"PropertyValueSpecification","valueRequired":true,"valueName":"search_term_string"}}],"inLanguage":"fr-FR"},{"@type":"Organization","@id":"https:\/\/contactfm72.fr\/#organization","name":"Contact FM 99.3","url":"https:\/\/contactfm72.fr\/","logo":{"@type":"ImageObject","inLanguage":"fr-FR","@id":"https:\/\/contactfm72.fr\/#\/schema\/logo\/image\/","url":"https:\/\/contactfm72.fr\/wp-content\/uploads\/2025\/04\/2025-04-18-2.jpg","contentUrl":"https:\/\/contactfm72.fr\/wp-content\/uploads\/2025\/04\/2025-04-18-2.jpg","width":680,"height":307,"caption":"Contact FM 99.3"},"image":{"@id":"https:\/\/contactfm72.fr\/#\/schema\/logo\/image\/"},"sameAs":["https:\/\/www.facebook.com\/Contactfm.Chateauduloir","https:\/\/x.com\/contactfm72","https:\/\/www.instagram.com\/contact.fm.72?igsh=cGhlMHQ5N2JlNnpp","https:\/\/www.tiktok.com\/@contact.fm"]},{"@type":"Person","@id":"https:\/\/contactfm72.fr\/#\/schema\/person\/d2ef09cdea7331b185acaddc4d14dda8","name":"redaction2@contactfm72.fr","image":{"@type":"ImageObject","inLanguage":"fr-FR","@id":"https:\/\/secure.gravatar.com\/avatar\/897f3d57289c1f4c62cade1c2606ba6ded18d5f1676845e668a9f21cb751c06b?s=96&d=mm&r=g","url":"https:\/\/secure.gravatar.com\/avatar\/897f3d57289c1f4c62cade1c2606ba6ded18d5f1676845e668a9f21cb751c06b?s=96&d=mm&r=g","contentUrl":"https:\/\/secure.gravatar.com\/avatar\/897f3d57289c1f4c62cade1c2606ba6ded18d5f1676845e668a9f21cb751c06b?s=96&d=mm&r=g","caption":"redaction2@contactfm72.fr"},"url":"https:\/\/contactfm72.fr\/?author=5"}]}},"_links":{"self":[{"href":"https:\/\/contactfm72.fr\/index.php?rest_route=\/wp\/v2\/posts\/17860","targetHints":{"allow":["GET"]}}],"collection":[{"href":"https:\/\/contactfm72.fr\/index.php?rest_route=\/wp\/v2\/posts"}],"about":[{"href":"https:\/\/contactfm72.fr\/index.php?rest_route=\/wp\/v2\/types\/post"}],"author":[{"embeddable":true,"href":"https:\/\/contactfm72.fr\/index.php?rest_route=\/wp\/v2\/users\/5"}],"replies":[{"embeddable":true,"href":"https:\/\/contactfm72.fr\/index.php?rest_route=%2Fwp%2Fv2%2Fcomments&post=17860"}],"version-history":[{"count":3,"href":"https:\/\/contactfm72.fr\/index.php?rest_route=\/wp\/v2\/posts\/17860\/revisions"}],"predecessor-version":[{"id":17865,"href":"https:\/\/contactfm72.fr\/index.php?rest_route=\/wp\/v2\/posts\/17860\/revisions\/17865"}],"wp:featuredmedia":[{"embeddable":true,"href":"https:\/\/contactfm72.fr\/index.php?rest_route=\/wp\/v2\/media\/17862"}],"wp:attachment":[{"href":"https:\/\/contactfm72.fr\/index.php?rest_route=%2Fwp%2Fv2%2Fmedia&parent=17860"}],"wp:term":[{"taxonomy":"category","embeddable":true,"href":"https:\/\/contactfm72.fr\/index.php?rest_route=%2Fwp%2Fv2%2Fcategories&post=17860"},{"taxonomy":"post_tag","embeddable":true,"href":"https:\/\/contactfm72.fr\/index.php?rest_route=%2Fwp%2Fv2%2Ftags&post=17860"}],"curies":[{"name":"wp","href":"https:\/\/api.w.org\/{rel}","templated":true}]}}