{"id":17804,"date":"2024-11-06T16:45:08","date_gmt":"2024-11-06T15:45:08","guid":{"rendered":"https:\/\/contactfm72.fr\/?p=17804"},"modified":"2024-11-07T06:41:22","modified_gmt":"2024-11-07T05:41:22","slug":"la-dictee-geante-en-direct-au-lycee-professionnel-de-montval-sur-loir","status":"publish","type":"post","link":"https:\/\/contactfm72.fr\/?p=17804","title":{"rendered":"La dict\u00e9e g\u00e9ante de Contact FM en direct du lyc\u00e9e professionnel de Montval-sur-Loir"},"content":{"rendered":"<p>Sortez un stylo et une feuille !<\/p>\n<p>Le jeudi 14 novembre, c&#8217;est le moment de r\u00e9unir toutes les g\u00e9n\u00e9rations et les scolaires. Une dict\u00e9e g\u00e9ante va avoir lieu et sera diffus\u00e9e en direct \u00e0 15h30 sur Contact FM 99.3. Pourquoi et comment cet \u00e9v\u00e9nement est n\u00e9 ? Combien de personnes sont attendues ?<\/p>\n<p>Vincent Gruau, vice-pr\u00e9sident et secr\u00e9taire de la radio, en parle dans &#8220;L&#8217;interview du jour&#8221; le mercredi 6 novembre \u00e0 18h, le jeudi 7 novembre \u00e0 13h, le samedi 9 novembre \u00e0 14h et le dimanche 10 novembre \u00e0 11h.<\/p>\n<p>L&#8217;inscription est gratuite et se fait de deux fa\u00e7ons :<\/p>\n<p>\u2328 <a href=\"secretariat@contactfm72.fr\">secretariat@contactfm72.fr<\/a><\/p>\n<p>\ud83d\udcf2 02.43.79.50.15<\/p>\n<!-- AddThis Advanced Settings generic via filter on the_content --><!-- AddThis Share Buttons generic via filter on the_content -->","protected":false},"excerpt":{"rendered":"<p>Sortez un stylo et une feuille ! Le jeudi 14 novembre, c&#8217;est le moment de r\u00e9unir toutes les g\u00e9n\u00e9rations et les scolaires. Une dict\u00e9e g\u00e9ante va avoir lieu et sera diffus\u00e9e en direct \u00e0 15h30 sur Contact FM 99.3. Pourquoi et comment cet \u00e9v\u00e9nement est n\u00e9 ? Combien de personnes sont attendues ? Vincent Gruau,&hellip;<!-- AddThis Advanced Settings generic via filter on get_the_excerpt --><!-- AddThis Share Buttons generic via filter on get_the_excerpt --><\/p>\n","protected":false},"author":5,"featured_media":17806,"comment_status":"closed","ping_status":"open","sticky":false,"template":"","format":"standard","meta":{"footnotes":""},"categories":[1,5],"tags":[],"class_list":["post-17804","post","type-post","status-publish","format-standard","has-post-thumbnail","hentry","category-contact-fm-72","category-linterview-du-jour","category-1","category-5","description-off"],"yoast_head":"<!-- This site is optimized with the Yoast SEO plugin v27.4 - https:\/\/yoast.com\/product\/yoast-seo-wordpress\/ -->\n<title>La dict\u00e9e g\u00e9ante de Contact FM en direct du lyc\u00e9e professionnel de Montval-sur-Loir - Contact FM 99.3<\/title>\n<meta name=\"description\" content=\"Sortez un stylo et une feuille !\u00a0Le jeudi 14 novembre, c&#039;est le moment de r\u00e9unir toutes les g\u00e9n\u00e9rations et les scolaires, une dict\u00e9e g\u00e9ante va avoir lieu et sera diffus\u00e9e en direct sur Contact FM 99.3. Pourquoi et comment cet \u00e9v\u00e9nement est n\u00e9 ? Combien de personnes sont attendus ? Vincent Gruau : Vice-Pr\u00e9sident &amp; secr\u00e9taire de la radio associative en parle dans &quot;L&#039;interview du jour&quot; le mercredi 6 novembre \u00e0 18h, le jeudi 7 novembre \u00e0 13h, le samedi 9 novembre \u00e0 14h et le dimanche 10 novembre \u00e0 11h.L&#039;inscription est gratuite et se fait de deux fa\u00e7ons :\u00a0\u2328 secretariat@contactfm72.fr\ud83d\udcf2 02.43.79.50.15\" \/>\n<meta name=\"robots\" content=\"index, follow, max-snippet:-1, max-image-preview:large, max-video-preview:-1\" \/>\n<link rel=\"canonical\" href=\"https:\/\/contactfm72.fr\/?p=17804\" \/>\n<meta property=\"og:locale\" content=\"fr_FR\" \/>\n<meta property=\"og:type\" content=\"article\" \/>\n<meta property=\"og:title\" content=\"La dict\u00e9e g\u00e9ante de Contact FM en direct du lyc\u00e9e professionnel de Montval-sur-Loir - Contact FM 99.3\" \/>\n<meta property=\"og:description\" content=\"Sortez un stylo et une feuille !\u00a0Le jeudi 14 novembre, c&#039;est le moment de r\u00e9unir toutes les g\u00e9n\u00e9rations et les scolaires, une dict\u00e9e g\u00e9ante va avoir lieu et sera diffus\u00e9e en direct sur Contact FM 99.3. Pourquoi et comment cet \u00e9v\u00e9nement est n\u00e9 ? Combien de personnes sont attendus ? Vincent Gruau : Vice-Pr\u00e9sident &amp; secr\u00e9taire de la radio associative en parle dans &quot;L&#039;interview du jour&quot; le mercredi 6 novembre \u00e0 18h, le jeudi 7 novembre \u00e0 13h, le samedi 9 novembre \u00e0 14h et le dimanche 10 novembre \u00e0 11h.L&#039;inscription est gratuite et se fait de deux fa\u00e7ons :\u00a0\u2328 secretariat@contactfm72.fr\ud83d\udcf2 02.43.79.50.15\" \/>\n<meta property=\"og:url\" content=\"https:\/\/contactfm72.fr\/?p=17804\" \/>\n<meta property=\"og:site_name\" content=\"Contact FM 99.3\" \/>\n<meta property=\"article:publisher\" content=\"https:\/\/www.facebook.com\/Contactfm.Chateauduloir\" \/>\n<meta property=\"article:published_time\" content=\"2024-11-06T15:45:08+00:00\" \/>\n<meta property=\"article:modified_time\" content=\"2024-11-07T05:41:22+00:00\" \/>\n<meta property=\"og:image\" content=\"http:\/\/contactfm72.fr\/wp-content\/uploads\/2024\/11\/Visuel-Contact-FM-21.jpg\" \/>\n\t<meta property=\"og:image:width\" content=\"2016\" \/>\n\t<meta property=\"og:image:height\" content=\"1512\" \/>\n\t<meta property=\"og:image:type\" content=\"image\/jpeg\" \/>\n<meta name=\"author\" content=\"redaction2@contactfm72.fr\" \/>\n<meta name=\"twitter:card\" content=\"summary_large_image\" \/>\n<meta name=\"twitter:creator\" content=\"@contactfm72\" \/>\n<meta name=\"twitter:site\" content=\"@contactfm72\" \/>\n<meta name=\"twitter:label1\" content=\"\u00c9crit par\" \/>\n\t<meta name=\"twitter:data1\" content=\"redaction2@contactfm72.fr\" \/>\n\t<meta name=\"twitter:label2\" content=\"Dur\u00e9e de lecture estim\u00e9e\" \/>\n\t<meta name=\"twitter:data2\" content=\"1 minute\" \/>\n<script type=\"application\/ld+json\" class=\"yoast-schema-graph\">{\"@context\":\"https:\\\/\\\/schema.org\",\"@graph\":[{\"@type\":\"Article\",\"@id\":\"https:\\\/\\\/contactfm72.fr\\\/?p=17804#article\",\"isPartOf\":{\"@id\":\"https:\\\/\\\/contactfm72.fr\\\/?p=17804\"},\"author\":{\"name\":\"redaction2@contactfm72.fr\",\"@id\":\"https:\\\/\\\/contactfm72.fr\\\/#\\\/schema\\\/person\\\/d2ef09cdea7331b185acaddc4d14dda8\"},\"headline\":\"La dict\u00e9e g\u00e9ante de Contact FM en direct du lyc\u00e9e professionnel de Montval-sur-Loir\",\"datePublished\":\"2024-11-06T15:45:08+00:00\",\"dateModified\":\"2024-11-07T05:41:22+00:00\",\"mainEntityOfPage\":{\"@id\":\"https:\\\/\\\/contactfm72.fr\\\/?p=17804\"},\"wordCount\":119,\"publisher\":{\"@id\":\"https:\\\/\\\/contactfm72.fr\\\/#organization\"},\"image\":{\"@id\":\"https:\\\/\\\/contactfm72.fr\\\/?p=17804#primaryimage\"},\"thumbnailUrl\":\"https:\\\/\\\/contactfm72.fr\\\/wp-content\\\/uploads\\\/2024\\\/11\\\/Visuel-Contact-FM-21.jpg\",\"articleSection\":[\"Contact FM 72\",\"L'interview du jour\"],\"inLanguage\":\"fr-FR\"},{\"@type\":\"WebPage\",\"@id\":\"https:\\\/\\\/contactfm72.fr\\\/?p=17804\",\"url\":\"https:\\\/\\\/contactfm72.fr\\\/?p=17804\",\"name\":\"La dict\u00e9e g\u00e9ante de Contact FM en direct du lyc\u00e9e professionnel de Montval-sur-Loir - Contact FM 99.3\",\"isPartOf\":{\"@id\":\"https:\\\/\\\/contactfm72.fr\\\/#website\"},\"primaryImageOfPage\":{\"@id\":\"https:\\\/\\\/contactfm72.fr\\\/?p=17804#primaryimage\"},\"image\":{\"@id\":\"https:\\\/\\\/contactfm72.fr\\\/?p=17804#primaryimage\"},\"thumbnailUrl\":\"https:\\\/\\\/contactfm72.fr\\\/wp-content\\\/uploads\\\/2024\\\/11\\\/Visuel-Contact-FM-21.jpg\",\"datePublished\":\"2024-11-06T15:45:08+00:00\",\"dateModified\":\"2024-11-07T05:41:22+00:00\",\"description\":\"Sortez un stylo et une feuille !\u00a0Le jeudi 14 novembre, c'est le moment de r\u00e9unir toutes les g\u00e9n\u00e9rations et les scolaires, une dict\u00e9e g\u00e9ante va avoir lieu et sera diffus\u00e9e en direct sur Contact FM 99.3. Pourquoi et comment cet \u00e9v\u00e9nement est n\u00e9 ? Combien de personnes sont attendus ? Vincent Gruau : Vice-Pr\u00e9sident & secr\u00e9taire de la radio associative en parle dans \\\"L'interview du jour\\\" le mercredi 6 novembre \u00e0 18h, le jeudi 7 novembre \u00e0 13h, le samedi 9 novembre \u00e0 14h et le dimanche 10 novembre \u00e0 11h.L'inscription est gratuite et se fait de deux fa\u00e7ons :\u00a0\u2328 secretariat@contactfm72.fr\ud83d\udcf2 02.43.79.50.15\",\"breadcrumb\":{\"@id\":\"https:\\\/\\\/contactfm72.fr\\\/?p=17804#breadcrumb\"},\"inLanguage\":\"fr-FR\",\"potentialAction\":[{\"@type\":\"ReadAction\",\"target\":[\"https:\\\/\\\/contactfm72.fr\\\/?p=17804\"]}]},{\"@type\":\"ImageObject\",\"inLanguage\":\"fr-FR\",\"@id\":\"https:\\\/\\\/contactfm72.fr\\\/?p=17804#primaryimage\",\"url\":\"https:\\\/\\\/contactfm72.fr\\\/wp-content\\\/uploads\\\/2024\\\/11\\\/Visuel-Contact-FM-21.jpg\",\"contentUrl\":\"https:\\\/\\\/contactfm72.fr\\\/wp-content\\\/uploads\\\/2024\\\/11\\\/Visuel-Contact-FM-21.jpg\",\"width\":2016,\"height\":1512},{\"@type\":\"BreadcrumbList\",\"@id\":\"https:\\\/\\\/contactfm72.fr\\\/?p=17804#breadcrumb\",\"itemListElement\":[{\"@type\":\"ListItem\",\"position\":1,\"name\":\"Accueil\",\"item\":\"https:\\\/\\\/contactfm72.fr\\\/\"},{\"@type\":\"ListItem\",\"position\":2,\"name\":\"La dict\u00e9e g\u00e9ante de Contact FM en direct du lyc\u00e9e professionnel de Montval-sur-Loir\"}]},{\"@type\":\"WebSite\",\"@id\":\"https:\\\/\\\/contactfm72.fr\\\/#website\",\"url\":\"https:\\\/\\\/contactfm72.fr\\\/\",\"name\":\"Contact FM 99.3\",\"description\":\"Votre radio en vall\u00e9e du Loir\",\"publisher\":{\"@id\":\"https:\\\/\\\/contactfm72.fr\\\/#organization\"},\"potentialAction\":[{\"@type\":\"SearchAction\",\"target\":{\"@type\":\"EntryPoint\",\"urlTemplate\":\"https:\\\/\\\/contactfm72.fr\\\/?s={search_term_string}\"},\"query-input\":{\"@type\":\"PropertyValueSpecification\",\"valueRequired\":true,\"valueName\":\"search_term_string\"}}],\"inLanguage\":\"fr-FR\"},{\"@type\":\"Organization\",\"@id\":\"https:\\\/\\\/contactfm72.fr\\\/#organization\",\"name\":\"Contact FM 99.3\",\"url\":\"https:\\\/\\\/contactfm72.fr\\\/\",\"logo\":{\"@type\":\"ImageObject\",\"inLanguage\":\"fr-FR\",\"@id\":\"https:\\\/\\\/contactfm72.fr\\\/#\\\/schema\\\/logo\\\/image\\\/\",\"url\":\"https:\\\/\\\/contactfm72.fr\\\/wp-content\\\/uploads\\\/2025\\\/04\\\/2025-04-18-2.jpg\",\"contentUrl\":\"https:\\\/\\\/contactfm72.fr\\\/wp-content\\\/uploads\\\/2025\\\/04\\\/2025-04-18-2.jpg\",\"width\":680,\"height\":307,\"caption\":\"Contact FM 99.3\"},\"image\":{\"@id\":\"https:\\\/\\\/contactfm72.fr\\\/#\\\/schema\\\/logo\\\/image\\\/\"},\"sameAs\":[\"https:\\\/\\\/www.facebook.com\\\/Contactfm.Chateauduloir\",\"https:\\\/\\\/x.com\\\/contactfm72\",\"https:\\\/\\\/www.instagram.com\\\/contact.fm.72?igsh=cGhlMHQ5N2JlNnpp\",\"https:\\\/\\\/www.tiktok.com\\\/@contact.fm\"]},{\"@type\":\"Person\",\"@id\":\"https:\\\/\\\/contactfm72.fr\\\/#\\\/schema\\\/person\\\/d2ef09cdea7331b185acaddc4d14dda8\",\"name\":\"redaction2@contactfm72.fr\",\"image\":{\"@type\":\"ImageObject\",\"inLanguage\":\"fr-FR\",\"@id\":\"https:\\\/\\\/secure.gravatar.com\\\/avatar\\\/897f3d57289c1f4c62cade1c2606ba6ded18d5f1676845e668a9f21cb751c06b?s=96&d=mm&r=g\",\"url\":\"https:\\\/\\\/secure.gravatar.com\\\/avatar\\\/897f3d57289c1f4c62cade1c2606ba6ded18d5f1676845e668a9f21cb751c06b?s=96&d=mm&r=g\",\"contentUrl\":\"https:\\\/\\\/secure.gravatar.com\\\/avatar\\\/897f3d57289c1f4c62cade1c2606ba6ded18d5f1676845e668a9f21cb751c06b?s=96&d=mm&r=g\",\"caption\":\"redaction2@contactfm72.fr\"},\"url\":\"https:\\\/\\\/contactfm72.fr\\\/?author=5\"}]}<\/script>\n<!-- \/ Yoast SEO plugin. -->","yoast_head_json":{"title":"La dict\u00e9e g\u00e9ante de Contact FM en direct du lyc\u00e9e professionnel de Montval-sur-Loir - Contact FM 99.3","description":"Sortez un stylo et une feuille !\u00a0Le jeudi 14 novembre, c'est le moment de r\u00e9unir toutes les g\u00e9n\u00e9rations et les scolaires, une dict\u00e9e g\u00e9ante va avoir lieu et sera diffus\u00e9e en direct sur Contact FM 99.3. Pourquoi et comment cet \u00e9v\u00e9nement est n\u00e9 ? Combien de personnes sont attendus ? Vincent Gruau : Vice-Pr\u00e9sident & secr\u00e9taire de la radio associative en parle dans \"L'interview du jour\" le mercredi 6 novembre \u00e0 18h, le jeudi 7 novembre \u00e0 13h, le samedi 9 novembre \u00e0 14h et le dimanche 10 novembre \u00e0 11h.L'inscription est gratuite et se fait de deux fa\u00e7ons :\u00a0\u2328 secretariat@contactfm72.fr\ud83d\udcf2 02.43.79.50.15","robots":{"index":"index","follow":"follow","max-snippet":"max-snippet:-1","max-image-preview":"max-image-preview:large","max-video-preview":"max-video-preview:-1"},"canonical":"https:\/\/contactfm72.fr\/?p=17804","og_locale":"fr_FR","og_type":"article","og_title":"La dict\u00e9e g\u00e9ante de Contact FM en direct du lyc\u00e9e professionnel de Montval-sur-Loir - Contact FM 99.3","og_description":"Sortez un stylo et une feuille !\u00a0Le jeudi 14 novembre, c'est le moment de r\u00e9unir toutes les g\u00e9n\u00e9rations et les scolaires, une dict\u00e9e g\u00e9ante va avoir lieu et sera diffus\u00e9e en direct sur Contact FM 99.3. Pourquoi et comment cet \u00e9v\u00e9nement est n\u00e9 ? Combien de personnes sont attendus ? Vincent Gruau : Vice-Pr\u00e9sident & secr\u00e9taire de la radio associative en parle dans \"L'interview du jour\" le mercredi 6 novembre \u00e0 18h, le jeudi 7 novembre \u00e0 13h, le samedi 9 novembre \u00e0 14h et le dimanche 10 novembre \u00e0 11h.L'inscription est gratuite et se fait de deux fa\u00e7ons :\u00a0\u2328 secretariat@contactfm72.fr\ud83d\udcf2 02.43.79.50.15","og_url":"https:\/\/contactfm72.fr\/?p=17804","og_site_name":"Contact FM 99.3","article_publisher":"https:\/\/www.facebook.com\/Contactfm.Chateauduloir","article_published_time":"2024-11-06T15:45:08+00:00","article_modified_time":"2024-11-07T05:41:22+00:00","og_image":[{"width":2016,"height":1512,"url":"http:\/\/contactfm72.fr\/wp-content\/uploads\/2024\/11\/Visuel-Contact-FM-21.jpg","type":"image\/jpeg"}],"author":"redaction2@contactfm72.fr","twitter_card":"summary_large_image","twitter_creator":"@contactfm72","twitter_site":"@contactfm72","twitter_misc":{"\u00c9crit par":"redaction2@contactfm72.fr","Dur\u00e9e de lecture estim\u00e9e":"1 minute"},"schema":{"@context":"https:\/\/schema.org","@graph":[{"@type":"Article","@id":"https:\/\/contactfm72.fr\/?p=17804#article","isPartOf":{"@id":"https:\/\/contactfm72.fr\/?p=17804"},"author":{"name":"redaction2@contactfm72.fr","@id":"https:\/\/contactfm72.fr\/#\/schema\/person\/d2ef09cdea7331b185acaddc4d14dda8"},"headline":"La dict\u00e9e g\u00e9ante de Contact FM en direct du lyc\u00e9e professionnel de Montval-sur-Loir","datePublished":"2024-11-06T15:45:08+00:00","dateModified":"2024-11-07T05:41:22+00:00","mainEntityOfPage":{"@id":"https:\/\/contactfm72.fr\/?p=17804"},"wordCount":119,"publisher":{"@id":"https:\/\/contactfm72.fr\/#organization"},"image":{"@id":"https:\/\/contactfm72.fr\/?p=17804#primaryimage"},"thumbnailUrl":"https:\/\/contactfm72.fr\/wp-content\/uploads\/2024\/11\/Visuel-Contact-FM-21.jpg","articleSection":["Contact FM 72","L'interview du jour"],"inLanguage":"fr-FR"},{"@type":"WebPage","@id":"https:\/\/contactfm72.fr\/?p=17804","url":"https:\/\/contactfm72.fr\/?p=17804","name":"La dict\u00e9e g\u00e9ante de Contact FM en direct du lyc\u00e9e professionnel de Montval-sur-Loir - Contact FM 99.3","isPartOf":{"@id":"https:\/\/contactfm72.fr\/#website"},"primaryImageOfPage":{"@id":"https:\/\/contactfm72.fr\/?p=17804#primaryimage"},"image":{"@id":"https:\/\/contactfm72.fr\/?p=17804#primaryimage"},"thumbnailUrl":"https:\/\/contactfm72.fr\/wp-content\/uploads\/2024\/11\/Visuel-Contact-FM-21.jpg","datePublished":"2024-11-06T15:45:08+00:00","dateModified":"2024-11-07T05:41:22+00:00","description":"Sortez un stylo et une feuille !\u00a0Le jeudi 14 novembre, c'est le moment de r\u00e9unir toutes les g\u00e9n\u00e9rations et les scolaires, une dict\u00e9e g\u00e9ante va avoir lieu et sera diffus\u00e9e en direct sur Contact FM 99.3. Pourquoi et comment cet \u00e9v\u00e9nement est n\u00e9 ? Combien de personnes sont attendus ? Vincent Gruau : Vice-Pr\u00e9sident & secr\u00e9taire de la radio associative en parle dans \"L'interview du jour\" le mercredi 6 novembre \u00e0 18h, le jeudi 7 novembre \u00e0 13h, le samedi 9 novembre \u00e0 14h et le dimanche 10 novembre \u00e0 11h.L'inscription est gratuite et se fait de deux fa\u00e7ons :\u00a0\u2328 secretariat@contactfm72.fr\ud83d\udcf2 02.43.79.50.15","breadcrumb":{"@id":"https:\/\/contactfm72.fr\/?p=17804#breadcrumb"},"inLanguage":"fr-FR","potentialAction":[{"@type":"ReadAction","target":["https:\/\/contactfm72.fr\/?p=17804"]}]},{"@type":"ImageObject","inLanguage":"fr-FR","@id":"https:\/\/contactfm72.fr\/?p=17804#primaryimage","url":"https:\/\/contactfm72.fr\/wp-content\/uploads\/2024\/11\/Visuel-Contact-FM-21.jpg","contentUrl":"https:\/\/contactfm72.fr\/wp-content\/uploads\/2024\/11\/Visuel-Contact-FM-21.jpg","width":2016,"height":1512},{"@type":"BreadcrumbList","@id":"https:\/\/contactfm72.fr\/?p=17804#breadcrumb","itemListElement":[{"@type":"ListItem","position":1,"name":"Accueil","item":"https:\/\/contactfm72.fr\/"},{"@type":"ListItem","position":2,"name":"La dict\u00e9e g\u00e9ante de Contact FM en direct du lyc\u00e9e professionnel de Montval-sur-Loir"}]},{"@type":"WebSite","@id":"https:\/\/contactfm72.fr\/#website","url":"https:\/\/contactfm72.fr\/","name":"Contact FM 99.3","description":"Votre radio en vall\u00e9e du Loir","publisher":{"@id":"https:\/\/contactfm72.fr\/#organization"},"potentialAction":[{"@type":"SearchAction","target":{"@type":"EntryPoint","urlTemplate":"https:\/\/contactfm72.fr\/?s={search_term_string}"},"query-input":{"@type":"PropertyValueSpecification","valueRequired":true,"valueName":"search_term_string"}}],"inLanguage":"fr-FR"},{"@type":"Organization","@id":"https:\/\/contactfm72.fr\/#organization","name":"Contact FM 99.3","url":"https:\/\/contactfm72.fr\/","logo":{"@type":"ImageObject","inLanguage":"fr-FR","@id":"https:\/\/contactfm72.fr\/#\/schema\/logo\/image\/","url":"https:\/\/contactfm72.fr\/wp-content\/uploads\/2025\/04\/2025-04-18-2.jpg","contentUrl":"https:\/\/contactfm72.fr\/wp-content\/uploads\/2025\/04\/2025-04-18-2.jpg","width":680,"height":307,"caption":"Contact FM 99.3"},"image":{"@id":"https:\/\/contactfm72.fr\/#\/schema\/logo\/image\/"},"sameAs":["https:\/\/www.facebook.com\/Contactfm.Chateauduloir","https:\/\/x.com\/contactfm72","https:\/\/www.instagram.com\/contact.fm.72?igsh=cGhlMHQ5N2JlNnpp","https:\/\/www.tiktok.com\/@contact.fm"]},{"@type":"Person","@id":"https:\/\/contactfm72.fr\/#\/schema\/person\/d2ef09cdea7331b185acaddc4d14dda8","name":"redaction2@contactfm72.fr","image":{"@type":"ImageObject","inLanguage":"fr-FR","@id":"https:\/\/secure.gravatar.com\/avatar\/897f3d57289c1f4c62cade1c2606ba6ded18d5f1676845e668a9f21cb751c06b?s=96&d=mm&r=g","url":"https:\/\/secure.gravatar.com\/avatar\/897f3d57289c1f4c62cade1c2606ba6ded18d5f1676845e668a9f21cb751c06b?s=96&d=mm&r=g","contentUrl":"https:\/\/secure.gravatar.com\/avatar\/897f3d57289c1f4c62cade1c2606ba6ded18d5f1676845e668a9f21cb751c06b?s=96&d=mm&r=g","caption":"redaction2@contactfm72.fr"},"url":"https:\/\/contactfm72.fr\/?author=5"}]}},"_links":{"self":[{"href":"https:\/\/contactfm72.fr\/index.php?rest_route=\/wp\/v2\/posts\/17804","targetHints":{"allow":["GET"]}}],"collection":[{"href":"https:\/\/contactfm72.fr\/index.php?rest_route=\/wp\/v2\/posts"}],"about":[{"href":"https:\/\/contactfm72.fr\/index.php?rest_route=\/wp\/v2\/types\/post"}],"author":[{"embeddable":true,"href":"https:\/\/contactfm72.fr\/index.php?rest_route=\/wp\/v2\/users\/5"}],"replies":[{"embeddable":true,"href":"https:\/\/contactfm72.fr\/index.php?rest_route=%2Fwp%2Fv2%2Fcomments&post=17804"}],"version-history":[{"count":4,"href":"https:\/\/contactfm72.fr\/index.php?rest_route=\/wp\/v2\/posts\/17804\/revisions"}],"predecessor-version":[{"id":17810,"href":"https:\/\/contactfm72.fr\/index.php?rest_route=\/wp\/v2\/posts\/17804\/revisions\/17810"}],"wp:featuredmedia":[{"embeddable":true,"href":"https:\/\/contactfm72.fr\/index.php?rest_route=\/wp\/v2\/media\/17806"}],"wp:attachment":[{"href":"https:\/\/contactfm72.fr\/index.php?rest_route=%2Fwp%2Fv2%2Fmedia&parent=17804"}],"wp:term":[{"taxonomy":"category","embeddable":true,"href":"https:\/\/contactfm72.fr\/index.php?rest_route=%2Fwp%2Fv2%2Fcategories&post=17804"},{"taxonomy":"post_tag","embeddable":true,"href":"https:\/\/contactfm72.fr\/index.php?rest_route=%2Fwp%2Fv2%2Ftags&post=17804"}],"curies":[{"name":"wp","href":"https:\/\/api.w.org\/{rel}","templated":true}]}}