{"id":17768,"date":"2024-11-04T16:32:08","date_gmt":"2024-11-04T15:32:08","guid":{"rendered":"https:\/\/contactfm72.fr\/?p=17768"},"modified":"2024-11-05T11:49:55","modified_gmt":"2024-11-05T10:49:55","slug":"saint-pierre-du-lorouer-retrouve-son-restaurant","status":"publish","type":"post","link":"https:\/\/contactfm72.fr\/?p=17768","title":{"rendered":"Saint-Pierre-du-Lorou\u00ebr retrouve son restaurant &#8220;Le Fer \u00e0 Cheval&#8221;"},"content":{"rendered":"<p>Apr\u00e8s 5 ans de fermeture, le restaurant &#8220;Le Fer \u00e0 Cheval&#8221; rouvre \u00e0 Saint-Pierre-du-Lorou\u00ebr !<\/p>\n<p>L&#8217;\u00e9tablissement &#8220;Le Fer \u00e0 Cheval&#8221; a enfin trouv\u00e9 un repreneur. 5 ans apr\u00e8s sa fermeture et de gros travaux, il est venu le temps de s&#8217;installer dans cette nouvelle adresse qui se veut conviviale. A sa t\u00eate, St\u00e9phane Rondeau, originaire de Blois. Il a v\u00e9cu 33 ans sur Paris, g\u00e9rant de plusieurs salons de coiffure. Il est venu dans le sud du d\u00e9partement pendant la crise du Covid et est tomb\u00e9 sous le charme de la commune.<\/p>\n<p>Voulant cr\u00e9er du lien et cherchant \u00e0 animer le lieu, il est devenu le repreneur du restaurant o\u00f9 il sera accompagn\u00e9 d&#8217;un cuisinier. Il veut cr\u00e9er de l&#8217;\u00e9v\u00e9nement au &#8220;Fer \u00e0 Cheval&#8221; pour tous les \u00e2ges. Il nous en parle avec Catherine Trappler, maire de la commune, dans &#8220;L&#8217;interview du jour&#8221; le lundi 4 novembre \u00e0 18h, le mardi 5 novembre \u00e0 13h, le samedi 9 novembre \u00e0 14h et le dimanche 10 novembre \u00e0 11h.<\/p>\n<div id=\"audioigniter-283\" class=\"audioigniter-root \" data-player-type=\"full\" data-tracks-url=\"https:\/\/contactfm72.fr\/?audioigniter_playlist_id=283\" data-display-track-no=\"false\" data-reverse-track-order=\"false\" data-display-tracklist-covers=\"false\" data-display-active-cover=\"false\" data-display-artist-names=\"false\" data-display-buy-buttons=\"true\" data-buy-buttons-target=\"false\" data-cycle-tracks=\"false\" data-display-credits=\"false\" data-display-tracklist=\"true\" data-allow-tracklist-toggle=\"false\" data-allow-tracklist-loop=\"true\" data-limit-tracklist-height=\"true\" data-volume=\"100\" data-tracklist-height=\"185\" data-allow-track-loop=\"false\" ><\/div>\n<!-- AddThis Advanced Settings generic via filter on the_content --><!-- AddThis Share Buttons generic via filter on the_content -->","protected":false},"excerpt":{"rendered":"<p>Apr\u00e8s 5 ans de fermeture, le restaurant &#8220;Le Fer \u00e0 Cheval&#8221; rouvre \u00e0 Saint-Pierre-du-Lorou\u00ebr ! L&#8217;\u00e9tablissement &#8220;Le Fer \u00e0 Cheval&#8221; a enfin trouv\u00e9 un repreneur. 5 ans apr\u00e8s sa fermeture et de gros travaux, il est venu le temps de s&#8217;installer dans cette nouvelle adresse qui se veut conviviale. A sa t\u00eate, St\u00e9phane Rondeau, originaire&hellip;<!-- AddThis Advanced Settings generic via filter on get_the_excerpt --><!-- AddThis Share Buttons generic via filter on get_the_excerpt --><\/p>\n","protected":false},"author":5,"featured_media":17771,"comment_status":"closed","ping_status":"open","sticky":false,"template":"","format":"standard","meta":{"footnotes":""},"categories":[1,5],"tags":[],"class_list":["post-17768","post","type-post","status-publish","format-standard","has-post-thumbnail","hentry","category-contact-fm-72","category-linterview-du-jour","category-1","category-5","description-off"],"yoast_head":"<!-- This site is optimized with the Yoast SEO plugin v27.4 - https:\/\/yoast.com\/product\/yoast-seo-wordpress\/ -->\n<title>Saint-Pierre-du-Lorou\u00ebr retrouve son restaurant &quot;Le Fer \u00e0 Cheval&quot; - Contact FM 99.3<\/title>\n<meta name=\"description\" content=\"Apr\u00e8s 5 ans de fermeture, le restaurant &quot;Le Fer \u00e0 Cheval rouvre&quot;L&#039;\u00e9tablissement &quot;Le Fer \u00e0 Cheval&quot; a enfin trouv\u00e9 un repreneur. 5 ans apr\u00e8s sa fermeture et de gros travaux, il est venu le temps de s&#039;installer dans cette nouvelle adresse qui se veut convivial. A sa t\u00eate, c&#039;est St\u00e9phane Rondeau, originaire de Blois, il a v\u00e9cu 33 ans sur Paris, g\u00e9rant de plusieurs salons de coiffure dans la capitale. Il est venu dans le sud du d\u00e9partement pendant la crise du Covid et est tomb\u00e9 sous le charme du local de la commune.Voulant cr\u00e9er du lien et cherchant \u00e0 animer le lieu, il est devenu le repreneur du restaurant et il sera accompagn\u00e9 d&#039;un cuisinier. Il veut cr\u00e9er de l&#039;\u00e9v\u00e9nement au &quot;Fer \u00e0 Cheval&quot; pour tous les \u00e2ges. Il nous en parle avec Nadine Trappler, maire de la commune de Saint-Pierre du Lorou\u00ebr dans &quot;L&#039;interview du jour&quot; le lundi 4 novembre \u00e0 18h, le mardi 5 novembre \u00e0 13h, le samedi 9 novembre \u00e0 14h et le dimanche 10 novembre \u00e0 11h.\" \/>\n<meta name=\"robots\" content=\"index, follow, max-snippet:-1, max-image-preview:large, max-video-preview:-1\" \/>\n<link rel=\"canonical\" href=\"https:\/\/contactfm72.fr\/?p=17768\" \/>\n<meta property=\"og:locale\" content=\"fr_FR\" \/>\n<meta property=\"og:type\" content=\"article\" \/>\n<meta property=\"og:title\" content=\"Saint-Pierre-du-Lorou\u00ebr retrouve son restaurant &quot;Le Fer \u00e0 Cheval&quot; - Contact FM 99.3\" \/>\n<meta property=\"og:description\" content=\"Apr\u00e8s 5 ans de fermeture, le restaurant &quot;Le Fer \u00e0 Cheval rouvre&quot;L&#039;\u00e9tablissement &quot;Le Fer \u00e0 Cheval&quot; a enfin trouv\u00e9 un repreneur. 5 ans apr\u00e8s sa fermeture et de gros travaux, il est venu le temps de s&#039;installer dans cette nouvelle adresse qui se veut convivial. A sa t\u00eate, c&#039;est St\u00e9phane Rondeau, originaire de Blois, il a v\u00e9cu 33 ans sur Paris, g\u00e9rant de plusieurs salons de coiffure dans la capitale. Il est venu dans le sud du d\u00e9partement pendant la crise du Covid et est tomb\u00e9 sous le charme du local de la commune.Voulant cr\u00e9er du lien et cherchant \u00e0 animer le lieu, il est devenu le repreneur du restaurant et il sera accompagn\u00e9 d&#039;un cuisinier. Il veut cr\u00e9er de l&#039;\u00e9v\u00e9nement au &quot;Fer \u00e0 Cheval&quot; pour tous les \u00e2ges. Il nous en parle avec Nadine Trappler, maire de la commune de Saint-Pierre du Lorou\u00ebr dans &quot;L&#039;interview du jour&quot; le lundi 4 novembre \u00e0 18h, le mardi 5 novembre \u00e0 13h, le samedi 9 novembre \u00e0 14h et le dimanche 10 novembre \u00e0 11h.\" \/>\n<meta property=\"og:url\" content=\"https:\/\/contactfm72.fr\/?p=17768\" \/>\n<meta property=\"og:site_name\" content=\"Contact FM 99.3\" \/>\n<meta property=\"article:publisher\" content=\"https:\/\/www.facebook.com\/Contactfm.Chateauduloir\" \/>\n<meta property=\"article:published_time\" content=\"2024-11-04T15:32:08+00:00\" \/>\n<meta property=\"article:modified_time\" content=\"2024-11-05T10:49:55+00:00\" \/>\n<meta property=\"og:image\" content=\"http:\/\/contactfm72.fr\/wp-content\/uploads\/2024\/11\/Visuel-Contact-FM-19.jpg\" \/>\n\t<meta property=\"og:image:width\" content=\"2016\" \/>\n\t<meta property=\"og:image:height\" content=\"1512\" \/>\n\t<meta property=\"og:image:type\" content=\"image\/jpeg\" \/>\n<meta name=\"author\" content=\"redaction2@contactfm72.fr\" \/>\n<meta name=\"twitter:card\" content=\"summary_large_image\" \/>\n<meta name=\"twitter:creator\" content=\"@contactfm72\" \/>\n<meta name=\"twitter:site\" content=\"@contactfm72\" \/>\n<meta name=\"twitter:label1\" content=\"\u00c9crit par\" \/>\n\t<meta name=\"twitter:data1\" content=\"redaction2@contactfm72.fr\" \/>\n\t<meta name=\"twitter:label2\" content=\"Dur\u00e9e de lecture estim\u00e9e\" \/>\n\t<meta name=\"twitter:data2\" content=\"2 minutes\" \/>\n<script type=\"application\/ld+json\" class=\"yoast-schema-graph\">{\"@context\":\"https:\\\/\\\/schema.org\",\"@graph\":[{\"@type\":\"Article\",\"@id\":\"https:\\\/\\\/contactfm72.fr\\\/?p=17768#article\",\"isPartOf\":{\"@id\":\"https:\\\/\\\/contactfm72.fr\\\/?p=17768\"},\"author\":{\"name\":\"redaction2@contactfm72.fr\",\"@id\":\"https:\\\/\\\/contactfm72.fr\\\/#\\\/schema\\\/person\\\/d2ef09cdea7331b185acaddc4d14dda8\"},\"headline\":\"Saint-Pierre-du-Lorou\u00ebr retrouve son restaurant &#8220;Le Fer \u00e0 Cheval&#8221;\",\"datePublished\":\"2024-11-04T15:32:08+00:00\",\"dateModified\":\"2024-11-05T10:49:55+00:00\",\"mainEntityOfPage\":{\"@id\":\"https:\\\/\\\/contactfm72.fr\\\/?p=17768\"},\"wordCount\":178,\"publisher\":{\"@id\":\"https:\\\/\\\/contactfm72.fr\\\/#organization\"},\"image\":{\"@id\":\"https:\\\/\\\/contactfm72.fr\\\/?p=17768#primaryimage\"},\"thumbnailUrl\":\"https:\\\/\\\/contactfm72.fr\\\/wp-content\\\/uploads\\\/2024\\\/11\\\/Visuel-Contact-FM-19.jpg\",\"articleSection\":[\"Contact FM 72\",\"L'interview du jour\"],\"inLanguage\":\"fr-FR\"},{\"@type\":\"WebPage\",\"@id\":\"https:\\\/\\\/contactfm72.fr\\\/?p=17768\",\"url\":\"https:\\\/\\\/contactfm72.fr\\\/?p=17768\",\"name\":\"Saint-Pierre-du-Lorou\u00ebr retrouve son restaurant \\\"Le Fer \u00e0 Cheval\\\" - Contact FM 99.3\",\"isPartOf\":{\"@id\":\"https:\\\/\\\/contactfm72.fr\\\/#website\"},\"primaryImageOfPage\":{\"@id\":\"https:\\\/\\\/contactfm72.fr\\\/?p=17768#primaryimage\"},\"image\":{\"@id\":\"https:\\\/\\\/contactfm72.fr\\\/?p=17768#primaryimage\"},\"thumbnailUrl\":\"https:\\\/\\\/contactfm72.fr\\\/wp-content\\\/uploads\\\/2024\\\/11\\\/Visuel-Contact-FM-19.jpg\",\"datePublished\":\"2024-11-04T15:32:08+00:00\",\"dateModified\":\"2024-11-05T10:49:55+00:00\",\"description\":\"Apr\u00e8s 5 ans de fermeture, le restaurant \\\"Le Fer \u00e0 Cheval rouvre\\\"L'\u00e9tablissement \\\"Le Fer \u00e0 Cheval\\\" a enfin trouv\u00e9 un repreneur. 5 ans apr\u00e8s sa fermeture et de gros travaux, il est venu le temps de s'installer dans cette nouvelle adresse qui se veut convivial. A sa t\u00eate, c'est St\u00e9phane Rondeau, originaire de Blois, il a v\u00e9cu 33 ans sur Paris, g\u00e9rant de plusieurs salons de coiffure dans la capitale. Il est venu dans le sud du d\u00e9partement pendant la crise du Covid et est tomb\u00e9 sous le charme du local de la commune.Voulant cr\u00e9er du lien et cherchant \u00e0 animer le lieu, il est devenu le repreneur du restaurant et il sera accompagn\u00e9 d'un cuisinier. Il veut cr\u00e9er de l'\u00e9v\u00e9nement au \\\"Fer \u00e0 Cheval\\\" pour tous les \u00e2ges. Il nous en parle avec Nadine Trappler, maire de la commune de Saint-Pierre du Lorou\u00ebr dans \\\"L'interview du jour\\\" le lundi 4 novembre \u00e0 18h, le mardi 5 novembre \u00e0 13h, le samedi 9 novembre \u00e0 14h et le dimanche 10 novembre \u00e0 11h.\",\"breadcrumb\":{\"@id\":\"https:\\\/\\\/contactfm72.fr\\\/?p=17768#breadcrumb\"},\"inLanguage\":\"fr-FR\",\"potentialAction\":[{\"@type\":\"ReadAction\",\"target\":[\"https:\\\/\\\/contactfm72.fr\\\/?p=17768\"]}]},{\"@type\":\"ImageObject\",\"inLanguage\":\"fr-FR\",\"@id\":\"https:\\\/\\\/contactfm72.fr\\\/?p=17768#primaryimage\",\"url\":\"https:\\\/\\\/contactfm72.fr\\\/wp-content\\\/uploads\\\/2024\\\/11\\\/Visuel-Contact-FM-19.jpg\",\"contentUrl\":\"https:\\\/\\\/contactfm72.fr\\\/wp-content\\\/uploads\\\/2024\\\/11\\\/Visuel-Contact-FM-19.jpg\",\"width\":2016,\"height\":1512},{\"@type\":\"BreadcrumbList\",\"@id\":\"https:\\\/\\\/contactfm72.fr\\\/?p=17768#breadcrumb\",\"itemListElement\":[{\"@type\":\"ListItem\",\"position\":1,\"name\":\"Accueil\",\"item\":\"https:\\\/\\\/contactfm72.fr\\\/\"},{\"@type\":\"ListItem\",\"position\":2,\"name\":\"Saint-Pierre-du-Lorou\u00ebr retrouve son restaurant &#8220;Le Fer \u00e0 Cheval&#8221;\"}]},{\"@type\":\"WebSite\",\"@id\":\"https:\\\/\\\/contactfm72.fr\\\/#website\",\"url\":\"https:\\\/\\\/contactfm72.fr\\\/\",\"name\":\"Contact FM 99.3\",\"description\":\"Votre radio en vall\u00e9e du Loir\",\"publisher\":{\"@id\":\"https:\\\/\\\/contactfm72.fr\\\/#organization\"},\"potentialAction\":[{\"@type\":\"SearchAction\",\"target\":{\"@type\":\"EntryPoint\",\"urlTemplate\":\"https:\\\/\\\/contactfm72.fr\\\/?s={search_term_string}\"},\"query-input\":{\"@type\":\"PropertyValueSpecification\",\"valueRequired\":true,\"valueName\":\"search_term_string\"}}],\"inLanguage\":\"fr-FR\"},{\"@type\":\"Organization\",\"@id\":\"https:\\\/\\\/contactfm72.fr\\\/#organization\",\"name\":\"Contact FM 99.3\",\"url\":\"https:\\\/\\\/contactfm72.fr\\\/\",\"logo\":{\"@type\":\"ImageObject\",\"inLanguage\":\"fr-FR\",\"@id\":\"https:\\\/\\\/contactfm72.fr\\\/#\\\/schema\\\/logo\\\/image\\\/\",\"url\":\"https:\\\/\\\/contactfm72.fr\\\/wp-content\\\/uploads\\\/2025\\\/04\\\/2025-04-18-2.jpg\",\"contentUrl\":\"https:\\\/\\\/contactfm72.fr\\\/wp-content\\\/uploads\\\/2025\\\/04\\\/2025-04-18-2.jpg\",\"width\":680,\"height\":307,\"caption\":\"Contact FM 99.3\"},\"image\":{\"@id\":\"https:\\\/\\\/contactfm72.fr\\\/#\\\/schema\\\/logo\\\/image\\\/\"},\"sameAs\":[\"https:\\\/\\\/www.facebook.com\\\/Contactfm.Chateauduloir\",\"https:\\\/\\\/x.com\\\/contactfm72\",\"https:\\\/\\\/www.instagram.com\\\/contact.fm.72?igsh=cGhlMHQ5N2JlNnpp\",\"https:\\\/\\\/www.tiktok.com\\\/@contact.fm\"]},{\"@type\":\"Person\",\"@id\":\"https:\\\/\\\/contactfm72.fr\\\/#\\\/schema\\\/person\\\/d2ef09cdea7331b185acaddc4d14dda8\",\"name\":\"redaction2@contactfm72.fr\",\"image\":{\"@type\":\"ImageObject\",\"inLanguage\":\"fr-FR\",\"@id\":\"https:\\\/\\\/secure.gravatar.com\\\/avatar\\\/897f3d57289c1f4c62cade1c2606ba6ded18d5f1676845e668a9f21cb751c06b?s=96&d=mm&r=g\",\"url\":\"https:\\\/\\\/secure.gravatar.com\\\/avatar\\\/897f3d57289c1f4c62cade1c2606ba6ded18d5f1676845e668a9f21cb751c06b?s=96&d=mm&r=g\",\"contentUrl\":\"https:\\\/\\\/secure.gravatar.com\\\/avatar\\\/897f3d57289c1f4c62cade1c2606ba6ded18d5f1676845e668a9f21cb751c06b?s=96&d=mm&r=g\",\"caption\":\"redaction2@contactfm72.fr\"},\"url\":\"https:\\\/\\\/contactfm72.fr\\\/?author=5\"}]}<\/script>\n<!-- \/ Yoast SEO plugin. -->","yoast_head_json":{"title":"Saint-Pierre-du-Lorou\u00ebr retrouve son restaurant \"Le Fer \u00e0 Cheval\" - Contact FM 99.3","description":"Apr\u00e8s 5 ans de fermeture, le restaurant \"Le Fer \u00e0 Cheval rouvre\"L'\u00e9tablissement \"Le Fer \u00e0 Cheval\" a enfin trouv\u00e9 un repreneur. 5 ans apr\u00e8s sa fermeture et de gros travaux, il est venu le temps de s'installer dans cette nouvelle adresse qui se veut convivial. A sa t\u00eate, c'est St\u00e9phane Rondeau, originaire de Blois, il a v\u00e9cu 33 ans sur Paris, g\u00e9rant de plusieurs salons de coiffure dans la capitale. Il est venu dans le sud du d\u00e9partement pendant la crise du Covid et est tomb\u00e9 sous le charme du local de la commune.Voulant cr\u00e9er du lien et cherchant \u00e0 animer le lieu, il est devenu le repreneur du restaurant et il sera accompagn\u00e9 d'un cuisinier. Il veut cr\u00e9er de l'\u00e9v\u00e9nement au \"Fer \u00e0 Cheval\" pour tous les \u00e2ges. Il nous en parle avec Nadine Trappler, maire de la commune de Saint-Pierre du Lorou\u00ebr dans \"L'interview du jour\" le lundi 4 novembre \u00e0 18h, le mardi 5 novembre \u00e0 13h, le samedi 9 novembre \u00e0 14h et le dimanche 10 novembre \u00e0 11h.","robots":{"index":"index","follow":"follow","max-snippet":"max-snippet:-1","max-image-preview":"max-image-preview:large","max-video-preview":"max-video-preview:-1"},"canonical":"https:\/\/contactfm72.fr\/?p=17768","og_locale":"fr_FR","og_type":"article","og_title":"Saint-Pierre-du-Lorou\u00ebr retrouve son restaurant \"Le Fer \u00e0 Cheval\" - Contact FM 99.3","og_description":"Apr\u00e8s 5 ans de fermeture, le restaurant \"Le Fer \u00e0 Cheval rouvre\"L'\u00e9tablissement \"Le Fer \u00e0 Cheval\" a enfin trouv\u00e9 un repreneur. 5 ans apr\u00e8s sa fermeture et de gros travaux, il est venu le temps de s'installer dans cette nouvelle adresse qui se veut convivial. A sa t\u00eate, c'est St\u00e9phane Rondeau, originaire de Blois, il a v\u00e9cu 33 ans sur Paris, g\u00e9rant de plusieurs salons de coiffure dans la capitale. Il est venu dans le sud du d\u00e9partement pendant la crise du Covid et est tomb\u00e9 sous le charme du local de la commune.Voulant cr\u00e9er du lien et cherchant \u00e0 animer le lieu, il est devenu le repreneur du restaurant et il sera accompagn\u00e9 d'un cuisinier. Il veut cr\u00e9er de l'\u00e9v\u00e9nement au \"Fer \u00e0 Cheval\" pour tous les \u00e2ges. Il nous en parle avec Nadine Trappler, maire de la commune de Saint-Pierre du Lorou\u00ebr dans \"L'interview du jour\" le lundi 4 novembre \u00e0 18h, le mardi 5 novembre \u00e0 13h, le samedi 9 novembre \u00e0 14h et le dimanche 10 novembre \u00e0 11h.","og_url":"https:\/\/contactfm72.fr\/?p=17768","og_site_name":"Contact FM 99.3","article_publisher":"https:\/\/www.facebook.com\/Contactfm.Chateauduloir","article_published_time":"2024-11-04T15:32:08+00:00","article_modified_time":"2024-11-05T10:49:55+00:00","og_image":[{"width":2016,"height":1512,"url":"http:\/\/contactfm72.fr\/wp-content\/uploads\/2024\/11\/Visuel-Contact-FM-19.jpg","type":"image\/jpeg"}],"author":"redaction2@contactfm72.fr","twitter_card":"summary_large_image","twitter_creator":"@contactfm72","twitter_site":"@contactfm72","twitter_misc":{"\u00c9crit par":"redaction2@contactfm72.fr","Dur\u00e9e de lecture estim\u00e9e":"2 minutes"},"schema":{"@context":"https:\/\/schema.org","@graph":[{"@type":"Article","@id":"https:\/\/contactfm72.fr\/?p=17768#article","isPartOf":{"@id":"https:\/\/contactfm72.fr\/?p=17768"},"author":{"name":"redaction2@contactfm72.fr","@id":"https:\/\/contactfm72.fr\/#\/schema\/person\/d2ef09cdea7331b185acaddc4d14dda8"},"headline":"Saint-Pierre-du-Lorou\u00ebr retrouve son restaurant &#8220;Le Fer \u00e0 Cheval&#8221;","datePublished":"2024-11-04T15:32:08+00:00","dateModified":"2024-11-05T10:49:55+00:00","mainEntityOfPage":{"@id":"https:\/\/contactfm72.fr\/?p=17768"},"wordCount":178,"publisher":{"@id":"https:\/\/contactfm72.fr\/#organization"},"image":{"@id":"https:\/\/contactfm72.fr\/?p=17768#primaryimage"},"thumbnailUrl":"https:\/\/contactfm72.fr\/wp-content\/uploads\/2024\/11\/Visuel-Contact-FM-19.jpg","articleSection":["Contact FM 72","L'interview du jour"],"inLanguage":"fr-FR"},{"@type":"WebPage","@id":"https:\/\/contactfm72.fr\/?p=17768","url":"https:\/\/contactfm72.fr\/?p=17768","name":"Saint-Pierre-du-Lorou\u00ebr retrouve son restaurant \"Le Fer \u00e0 Cheval\" - Contact FM 99.3","isPartOf":{"@id":"https:\/\/contactfm72.fr\/#website"},"primaryImageOfPage":{"@id":"https:\/\/contactfm72.fr\/?p=17768#primaryimage"},"image":{"@id":"https:\/\/contactfm72.fr\/?p=17768#primaryimage"},"thumbnailUrl":"https:\/\/contactfm72.fr\/wp-content\/uploads\/2024\/11\/Visuel-Contact-FM-19.jpg","datePublished":"2024-11-04T15:32:08+00:00","dateModified":"2024-11-05T10:49:55+00:00","description":"Apr\u00e8s 5 ans de fermeture, le restaurant \"Le Fer \u00e0 Cheval rouvre\"L'\u00e9tablissement \"Le Fer \u00e0 Cheval\" a enfin trouv\u00e9 un repreneur. 5 ans apr\u00e8s sa fermeture et de gros travaux, il est venu le temps de s'installer dans cette nouvelle adresse qui se veut convivial. A sa t\u00eate, c'est St\u00e9phane Rondeau, originaire de Blois, il a v\u00e9cu 33 ans sur Paris, g\u00e9rant de plusieurs salons de coiffure dans la capitale. Il est venu dans le sud du d\u00e9partement pendant la crise du Covid et est tomb\u00e9 sous le charme du local de la commune.Voulant cr\u00e9er du lien et cherchant \u00e0 animer le lieu, il est devenu le repreneur du restaurant et il sera accompagn\u00e9 d'un cuisinier. Il veut cr\u00e9er de l'\u00e9v\u00e9nement au \"Fer \u00e0 Cheval\" pour tous les \u00e2ges. Il nous en parle avec Nadine Trappler, maire de la commune de Saint-Pierre du Lorou\u00ebr dans \"L'interview du jour\" le lundi 4 novembre \u00e0 18h, le mardi 5 novembre \u00e0 13h, le samedi 9 novembre \u00e0 14h et le dimanche 10 novembre \u00e0 11h.","breadcrumb":{"@id":"https:\/\/contactfm72.fr\/?p=17768#breadcrumb"},"inLanguage":"fr-FR","potentialAction":[{"@type":"ReadAction","target":["https:\/\/contactfm72.fr\/?p=17768"]}]},{"@type":"ImageObject","inLanguage":"fr-FR","@id":"https:\/\/contactfm72.fr\/?p=17768#primaryimage","url":"https:\/\/contactfm72.fr\/wp-content\/uploads\/2024\/11\/Visuel-Contact-FM-19.jpg","contentUrl":"https:\/\/contactfm72.fr\/wp-content\/uploads\/2024\/11\/Visuel-Contact-FM-19.jpg","width":2016,"height":1512},{"@type":"BreadcrumbList","@id":"https:\/\/contactfm72.fr\/?p=17768#breadcrumb","itemListElement":[{"@type":"ListItem","position":1,"name":"Accueil","item":"https:\/\/contactfm72.fr\/"},{"@type":"ListItem","position":2,"name":"Saint-Pierre-du-Lorou\u00ebr retrouve son restaurant &#8220;Le Fer \u00e0 Cheval&#8221;"}]},{"@type":"WebSite","@id":"https:\/\/contactfm72.fr\/#website","url":"https:\/\/contactfm72.fr\/","name":"Contact FM 99.3","description":"Votre radio en vall\u00e9e du Loir","publisher":{"@id":"https:\/\/contactfm72.fr\/#organization"},"potentialAction":[{"@type":"SearchAction","target":{"@type":"EntryPoint","urlTemplate":"https:\/\/contactfm72.fr\/?s={search_term_string}"},"query-input":{"@type":"PropertyValueSpecification","valueRequired":true,"valueName":"search_term_string"}}],"inLanguage":"fr-FR"},{"@type":"Organization","@id":"https:\/\/contactfm72.fr\/#organization","name":"Contact FM 99.3","url":"https:\/\/contactfm72.fr\/","logo":{"@type":"ImageObject","inLanguage":"fr-FR","@id":"https:\/\/contactfm72.fr\/#\/schema\/logo\/image\/","url":"https:\/\/contactfm72.fr\/wp-content\/uploads\/2025\/04\/2025-04-18-2.jpg","contentUrl":"https:\/\/contactfm72.fr\/wp-content\/uploads\/2025\/04\/2025-04-18-2.jpg","width":680,"height":307,"caption":"Contact FM 99.3"},"image":{"@id":"https:\/\/contactfm72.fr\/#\/schema\/logo\/image\/"},"sameAs":["https:\/\/www.facebook.com\/Contactfm.Chateauduloir","https:\/\/x.com\/contactfm72","https:\/\/www.instagram.com\/contact.fm.72?igsh=cGhlMHQ5N2JlNnpp","https:\/\/www.tiktok.com\/@contact.fm"]},{"@type":"Person","@id":"https:\/\/contactfm72.fr\/#\/schema\/person\/d2ef09cdea7331b185acaddc4d14dda8","name":"redaction2@contactfm72.fr","image":{"@type":"ImageObject","inLanguage":"fr-FR","@id":"https:\/\/secure.gravatar.com\/avatar\/897f3d57289c1f4c62cade1c2606ba6ded18d5f1676845e668a9f21cb751c06b?s=96&d=mm&r=g","url":"https:\/\/secure.gravatar.com\/avatar\/897f3d57289c1f4c62cade1c2606ba6ded18d5f1676845e668a9f21cb751c06b?s=96&d=mm&r=g","contentUrl":"https:\/\/secure.gravatar.com\/avatar\/897f3d57289c1f4c62cade1c2606ba6ded18d5f1676845e668a9f21cb751c06b?s=96&d=mm&r=g","caption":"redaction2@contactfm72.fr"},"url":"https:\/\/contactfm72.fr\/?author=5"}]}},"_links":{"self":[{"href":"https:\/\/contactfm72.fr\/index.php?rest_route=\/wp\/v2\/posts\/17768","targetHints":{"allow":["GET"]}}],"collection":[{"href":"https:\/\/contactfm72.fr\/index.php?rest_route=\/wp\/v2\/posts"}],"about":[{"href":"https:\/\/contactfm72.fr\/index.php?rest_route=\/wp\/v2\/types\/post"}],"author":[{"embeddable":true,"href":"https:\/\/contactfm72.fr\/index.php?rest_route=\/wp\/v2\/users\/5"}],"replies":[{"embeddable":true,"href":"https:\/\/contactfm72.fr\/index.php?rest_route=%2Fwp%2Fv2%2Fcomments&post=17768"}],"version-history":[{"count":5,"href":"https:\/\/contactfm72.fr\/index.php?rest_route=\/wp\/v2\/posts\/17768\/revisions"}],"predecessor-version":[{"id":17777,"href":"https:\/\/contactfm72.fr\/index.php?rest_route=\/wp\/v2\/posts\/17768\/revisions\/17777"}],"wp:featuredmedia":[{"embeddable":true,"href":"https:\/\/contactfm72.fr\/index.php?rest_route=\/wp\/v2\/media\/17771"}],"wp:attachment":[{"href":"https:\/\/contactfm72.fr\/index.php?rest_route=%2Fwp%2Fv2%2Fmedia&parent=17768"}],"wp:term":[{"taxonomy":"category","embeddable":true,"href":"https:\/\/contactfm72.fr\/index.php?rest_route=%2Fwp%2Fv2%2Fcategories&post=17768"},{"taxonomy":"post_tag","embeddable":true,"href":"https:\/\/contactfm72.fr\/index.php?rest_route=%2Fwp%2Fv2%2Ftags&post=17768"}],"curies":[{"name":"wp","href":"https:\/\/api.w.org\/{rel}","templated":true}]}}