{"id":17726,"date":"2024-10-24T16:46:10","date_gmt":"2024-10-24T14:46:10","guid":{"rendered":"https:\/\/contactfm72.fr\/?p=17726"},"modified":"2024-11-06T07:10:27","modified_gmt":"2024-11-06T06:10:27","slug":"le-chantier-argent-de-poche-reunit-11-jeunes","status":"publish","type":"post","link":"https:\/\/contactfm72.fr\/?p=17726","title":{"rendered":"Le chantier &#8220;Argent de poche&#8221; \u00e0 Mayet r\u00e9unit 11 jeunes"},"content":{"rendered":"<p>No\u00ebl se pr\u00e9pare d\u00e9j\u00e0 !!<\/p>\n<p>11 jeunes en provenance des communes de Mayet et de Pontvallain ont rejoint l&#8217;initiative &#8220;argent de poche&#8221; qui permet d&#8217;effectuer un service dans le cadre d&#8217;une action \u00e9ducative et d&#8217;une d\u00e9marche citoyenne et participative tout en \u00e9tant r\u00e9mun\u00e9r\u00e9. Cr\u00e9er du lien, \u00eatre r\u00e9mun\u00e9r\u00e9 et avoir une premi\u00e8re ligne sur leur futur CV.<\/p>\n<p>Pour parler de cette action qui a lieu pendant les vacances d&#8217; automne, Gr\u00e9gory, Amandine, Maud, In\u00e8s et l&#8217;animatrice Info-jeunes, Laure Caignart, sont dans &#8220;L&#8217;interview du jour&#8221; diffus\u00e9 le jeudi 24 octobre \u00e0 18h, le vendredi 25 octobre \u00e0 13h, le samedi 26 octobre \u00e0 14h et le dimanche 27 octobre \u00e0 11h.<\/p>\n<div id=\"audioigniter-283\" class=\"audioigniter-root \" data-player-type=\"full\" data-tracks-url=\"https:\/\/contactfm72.fr\/?audioigniter_playlist_id=283\" data-display-track-no=\"false\" data-reverse-track-order=\"false\" data-display-tracklist-covers=\"false\" data-display-active-cover=\"false\" data-display-artist-names=\"false\" data-display-buy-buttons=\"true\" data-buy-buttons-target=\"false\" data-cycle-tracks=\"false\" data-display-credits=\"false\" data-display-tracklist=\"true\" data-allow-tracklist-toggle=\"false\" data-allow-tracklist-loop=\"true\" data-limit-tracklist-height=\"true\" data-volume=\"100\" data-tracklist-height=\"185\" data-allow-track-loop=\"false\" ><\/div>\n<!-- AddThis Advanced Settings generic via filter on the_content --><!-- AddThis Share Buttons generic via filter on the_content -->","protected":false},"excerpt":{"rendered":"<p>No\u00ebl se pr\u00e9pare d\u00e9j\u00e0 !! 11 jeunes en provenance des communes de Mayet et de Pontvallain ont rejoint l&#8217;initiative &#8220;argent de poche&#8221; qui permet d&#8217;effectuer un service dans le cadre d&#8217;une action \u00e9ducative et d&#8217;une d\u00e9marche citoyenne et participative tout en \u00e9tant r\u00e9mun\u00e9r\u00e9. Cr\u00e9er du lien, \u00eatre r\u00e9mun\u00e9r\u00e9 et avoir une premi\u00e8re ligne sur leur&hellip;<!-- AddThis Advanced Settings generic via filter on get_the_excerpt --><!-- AddThis Share Buttons generic via filter on get_the_excerpt --><\/p>\n","protected":false},"author":5,"featured_media":17728,"comment_status":"closed","ping_status":"open","sticky":false,"template":"","format":"standard","meta":{"footnotes":""},"categories":[1,5],"tags":[],"class_list":["post-17726","post","type-post","status-publish","format-standard","has-post-thumbnail","hentry","category-contact-fm-72","category-linterview-du-jour","category-1","category-5","description-off"],"yoast_head":"<!-- This site is optimized with the Yoast SEO plugin v27.4 - https:\/\/yoast.com\/product\/yoast-seo-wordpress\/ -->\n<title>Le chantier &quot;Argent de poche&quot; \u00e0 Mayet r\u00e9unit 11 jeunes - Contact FM 99.3<\/title>\n<meta name=\"description\" content=\"No\u00ebl se pr\u00e9pare d\u00e9j\u00e0 !!\u00a011 jeunes en provenance des communes de Mayet et de Pontvallain ont rejoint l&#039;action &quot;argent de poche&quot; qui permet d&#039;effectuer un travail dans le cadre d&#039;une action \u00e9ducative et d&#039;une d\u00e9marche citoyenne et participative tout en \u00e9tant r\u00e9mun\u00e9r\u00e9. Ils cr\u00e9ent du lien et commencent \u00e0 avoir une premi\u00e8re ligne sur leur futur CV.\" \/>\n<meta name=\"robots\" content=\"index, follow, max-snippet:-1, max-image-preview:large, max-video-preview:-1\" \/>\n<link rel=\"canonical\" href=\"https:\/\/contactfm72.fr\/?p=17726\" \/>\n<meta property=\"og:locale\" content=\"fr_FR\" \/>\n<meta property=\"og:type\" content=\"article\" \/>\n<meta property=\"og:title\" content=\"Le chantier &quot;Argent de poche&quot; \u00e0 Mayet r\u00e9unit 11 jeunes - Contact FM 99.3\" \/>\n<meta property=\"og:description\" content=\"No\u00ebl se pr\u00e9pare d\u00e9j\u00e0 !!\u00a011 jeunes en provenance des communes de Mayet et de Pontvallain ont rejoint l&#039;action &quot;argent de poche&quot; qui permet d&#039;effectuer un travail dans le cadre d&#039;une action \u00e9ducative et d&#039;une d\u00e9marche citoyenne et participative tout en \u00e9tant r\u00e9mun\u00e9r\u00e9. Ils cr\u00e9ent du lien et commencent \u00e0 avoir une premi\u00e8re ligne sur leur futur CV.\" \/>\n<meta property=\"og:url\" content=\"https:\/\/contactfm72.fr\/?p=17726\" \/>\n<meta property=\"og:site_name\" content=\"Contact FM 99.3\" \/>\n<meta property=\"article:publisher\" content=\"https:\/\/www.facebook.com\/Contactfm.Chateauduloir\" \/>\n<meta property=\"article:published_time\" content=\"2024-10-24T14:46:10+00:00\" \/>\n<meta property=\"article:modified_time\" content=\"2024-11-06T06:10:27+00:00\" \/>\n<meta property=\"og:image\" content=\"http:\/\/contactfm72.fr\/wp-content\/uploads\/2024\/10\/Visuel-Contact-FM-16.jpg\" \/>\n\t<meta property=\"og:image:width\" content=\"2016\" \/>\n\t<meta property=\"og:image:height\" content=\"1512\" \/>\n\t<meta property=\"og:image:type\" content=\"image\/jpeg\" \/>\n<meta name=\"author\" content=\"redaction2@contactfm72.fr\" \/>\n<meta name=\"twitter:card\" content=\"summary_large_image\" \/>\n<meta name=\"twitter:creator\" content=\"@contactfm72\" \/>\n<meta name=\"twitter:site\" content=\"@contactfm72\" \/>\n<meta name=\"twitter:label1\" content=\"\u00c9crit par\" \/>\n\t<meta name=\"twitter:data1\" content=\"redaction2@contactfm72.fr\" \/>\n\t<meta name=\"twitter:label2\" content=\"Dur\u00e9e de lecture estim\u00e9e\" \/>\n\t<meta name=\"twitter:data2\" content=\"1 minute\" \/>\n<script type=\"application\/ld+json\" class=\"yoast-schema-graph\">{\"@context\":\"https:\\\/\\\/schema.org\",\"@graph\":[{\"@type\":\"Article\",\"@id\":\"https:\\\/\\\/contactfm72.fr\\\/?p=17726#article\",\"isPartOf\":{\"@id\":\"https:\\\/\\\/contactfm72.fr\\\/?p=17726\"},\"author\":{\"name\":\"redaction2@contactfm72.fr\",\"@id\":\"https:\\\/\\\/contactfm72.fr\\\/#\\\/schema\\\/person\\\/d2ef09cdea7331b185acaddc4d14dda8\"},\"headline\":\"Le chantier &#8220;Argent de poche&#8221; \u00e0 Mayet r\u00e9unit 11 jeunes\",\"datePublished\":\"2024-10-24T14:46:10+00:00\",\"dateModified\":\"2024-11-06T06:10:27+00:00\",\"mainEntityOfPage\":{\"@id\":\"https:\\\/\\\/contactfm72.fr\\\/?p=17726\"},\"wordCount\":130,\"publisher\":{\"@id\":\"https:\\\/\\\/contactfm72.fr\\\/#organization\"},\"image\":{\"@id\":\"https:\\\/\\\/contactfm72.fr\\\/?p=17726#primaryimage\"},\"thumbnailUrl\":\"https:\\\/\\\/contactfm72.fr\\\/wp-content\\\/uploads\\\/2024\\\/10\\\/Visuel-Contact-FM-16.jpg\",\"articleSection\":[\"Contact FM 72\",\"L'interview du jour\"],\"inLanguage\":\"fr-FR\"},{\"@type\":\"WebPage\",\"@id\":\"https:\\\/\\\/contactfm72.fr\\\/?p=17726\",\"url\":\"https:\\\/\\\/contactfm72.fr\\\/?p=17726\",\"name\":\"Le chantier \\\"Argent de poche\\\" \u00e0 Mayet r\u00e9unit 11 jeunes - Contact FM 99.3\",\"isPartOf\":{\"@id\":\"https:\\\/\\\/contactfm72.fr\\\/#website\"},\"primaryImageOfPage\":{\"@id\":\"https:\\\/\\\/contactfm72.fr\\\/?p=17726#primaryimage\"},\"image\":{\"@id\":\"https:\\\/\\\/contactfm72.fr\\\/?p=17726#primaryimage\"},\"thumbnailUrl\":\"https:\\\/\\\/contactfm72.fr\\\/wp-content\\\/uploads\\\/2024\\\/10\\\/Visuel-Contact-FM-16.jpg\",\"datePublished\":\"2024-10-24T14:46:10+00:00\",\"dateModified\":\"2024-11-06T06:10:27+00:00\",\"description\":\"No\u00ebl se pr\u00e9pare d\u00e9j\u00e0 !!\u00a011 jeunes en provenance des communes de Mayet et de Pontvallain ont rejoint l'action \\\"argent de poche\\\" qui permet d'effectuer un travail dans le cadre d'une action \u00e9ducative et d'une d\u00e9marche citoyenne et participative tout en \u00e9tant r\u00e9mun\u00e9r\u00e9. Ils cr\u00e9ent du lien et commencent \u00e0 avoir une premi\u00e8re ligne sur leur futur CV.\",\"breadcrumb\":{\"@id\":\"https:\\\/\\\/contactfm72.fr\\\/?p=17726#breadcrumb\"},\"inLanguage\":\"fr-FR\",\"potentialAction\":[{\"@type\":\"ReadAction\",\"target\":[\"https:\\\/\\\/contactfm72.fr\\\/?p=17726\"]}]},{\"@type\":\"ImageObject\",\"inLanguage\":\"fr-FR\",\"@id\":\"https:\\\/\\\/contactfm72.fr\\\/?p=17726#primaryimage\",\"url\":\"https:\\\/\\\/contactfm72.fr\\\/wp-content\\\/uploads\\\/2024\\\/10\\\/Visuel-Contact-FM-16.jpg\",\"contentUrl\":\"https:\\\/\\\/contactfm72.fr\\\/wp-content\\\/uploads\\\/2024\\\/10\\\/Visuel-Contact-FM-16.jpg\",\"width\":2016,\"height\":1512},{\"@type\":\"BreadcrumbList\",\"@id\":\"https:\\\/\\\/contactfm72.fr\\\/?p=17726#breadcrumb\",\"itemListElement\":[{\"@type\":\"ListItem\",\"position\":1,\"name\":\"Accueil\",\"item\":\"https:\\\/\\\/contactfm72.fr\\\/\"},{\"@type\":\"ListItem\",\"position\":2,\"name\":\"Le chantier &#8220;Argent de poche&#8221; \u00e0 Mayet r\u00e9unit 11 jeunes\"}]},{\"@type\":\"WebSite\",\"@id\":\"https:\\\/\\\/contactfm72.fr\\\/#website\",\"url\":\"https:\\\/\\\/contactfm72.fr\\\/\",\"name\":\"Contact FM 99.3\",\"description\":\"Votre radio en vall\u00e9e du Loir\",\"publisher\":{\"@id\":\"https:\\\/\\\/contactfm72.fr\\\/#organization\"},\"potentialAction\":[{\"@type\":\"SearchAction\",\"target\":{\"@type\":\"EntryPoint\",\"urlTemplate\":\"https:\\\/\\\/contactfm72.fr\\\/?s={search_term_string}\"},\"query-input\":{\"@type\":\"PropertyValueSpecification\",\"valueRequired\":true,\"valueName\":\"search_term_string\"}}],\"inLanguage\":\"fr-FR\"},{\"@type\":\"Organization\",\"@id\":\"https:\\\/\\\/contactfm72.fr\\\/#organization\",\"name\":\"Contact FM 99.3\",\"url\":\"https:\\\/\\\/contactfm72.fr\\\/\",\"logo\":{\"@type\":\"ImageObject\",\"inLanguage\":\"fr-FR\",\"@id\":\"https:\\\/\\\/contactfm72.fr\\\/#\\\/schema\\\/logo\\\/image\\\/\",\"url\":\"https:\\\/\\\/contactfm72.fr\\\/wp-content\\\/uploads\\\/2025\\\/04\\\/2025-04-18-2.jpg\",\"contentUrl\":\"https:\\\/\\\/contactfm72.fr\\\/wp-content\\\/uploads\\\/2025\\\/04\\\/2025-04-18-2.jpg\",\"width\":680,\"height\":307,\"caption\":\"Contact FM 99.3\"},\"image\":{\"@id\":\"https:\\\/\\\/contactfm72.fr\\\/#\\\/schema\\\/logo\\\/image\\\/\"},\"sameAs\":[\"https:\\\/\\\/www.facebook.com\\\/Contactfm.Chateauduloir\",\"https:\\\/\\\/x.com\\\/contactfm72\",\"https:\\\/\\\/www.instagram.com\\\/contact.fm.72?igsh=cGhlMHQ5N2JlNnpp\",\"https:\\\/\\\/www.tiktok.com\\\/@contact.fm\"]},{\"@type\":\"Person\",\"@id\":\"https:\\\/\\\/contactfm72.fr\\\/#\\\/schema\\\/person\\\/d2ef09cdea7331b185acaddc4d14dda8\",\"name\":\"redaction2@contactfm72.fr\",\"image\":{\"@type\":\"ImageObject\",\"inLanguage\":\"fr-FR\",\"@id\":\"https:\\\/\\\/secure.gravatar.com\\\/avatar\\\/897f3d57289c1f4c62cade1c2606ba6ded18d5f1676845e668a9f21cb751c06b?s=96&d=mm&r=g\",\"url\":\"https:\\\/\\\/secure.gravatar.com\\\/avatar\\\/897f3d57289c1f4c62cade1c2606ba6ded18d5f1676845e668a9f21cb751c06b?s=96&d=mm&r=g\",\"contentUrl\":\"https:\\\/\\\/secure.gravatar.com\\\/avatar\\\/897f3d57289c1f4c62cade1c2606ba6ded18d5f1676845e668a9f21cb751c06b?s=96&d=mm&r=g\",\"caption\":\"redaction2@contactfm72.fr\"},\"url\":\"https:\\\/\\\/contactfm72.fr\\\/?author=5\"}]}<\/script>\n<!-- \/ Yoast SEO plugin. -->","yoast_head_json":{"title":"Le chantier \"Argent de poche\" \u00e0 Mayet r\u00e9unit 11 jeunes - Contact FM 99.3","description":"No\u00ebl se pr\u00e9pare d\u00e9j\u00e0 !!\u00a011 jeunes en provenance des communes de Mayet et de Pontvallain ont rejoint l'action \"argent de poche\" qui permet d'effectuer un travail dans le cadre d'une action \u00e9ducative et d'une d\u00e9marche citoyenne et participative tout en \u00e9tant r\u00e9mun\u00e9r\u00e9. Ils cr\u00e9ent du lien et commencent \u00e0 avoir une premi\u00e8re ligne sur leur futur CV.","robots":{"index":"index","follow":"follow","max-snippet":"max-snippet:-1","max-image-preview":"max-image-preview:large","max-video-preview":"max-video-preview:-1"},"canonical":"https:\/\/contactfm72.fr\/?p=17726","og_locale":"fr_FR","og_type":"article","og_title":"Le chantier \"Argent de poche\" \u00e0 Mayet r\u00e9unit 11 jeunes - Contact FM 99.3","og_description":"No\u00ebl se pr\u00e9pare d\u00e9j\u00e0 !!\u00a011 jeunes en provenance des communes de Mayet et de Pontvallain ont rejoint l'action \"argent de poche\" qui permet d'effectuer un travail dans le cadre d'une action \u00e9ducative et d'une d\u00e9marche citoyenne et participative tout en \u00e9tant r\u00e9mun\u00e9r\u00e9. Ils cr\u00e9ent du lien et commencent \u00e0 avoir une premi\u00e8re ligne sur leur futur CV.","og_url":"https:\/\/contactfm72.fr\/?p=17726","og_site_name":"Contact FM 99.3","article_publisher":"https:\/\/www.facebook.com\/Contactfm.Chateauduloir","article_published_time":"2024-10-24T14:46:10+00:00","article_modified_time":"2024-11-06T06:10:27+00:00","og_image":[{"width":2016,"height":1512,"url":"http:\/\/contactfm72.fr\/wp-content\/uploads\/2024\/10\/Visuel-Contact-FM-16.jpg","type":"image\/jpeg"}],"author":"redaction2@contactfm72.fr","twitter_card":"summary_large_image","twitter_creator":"@contactfm72","twitter_site":"@contactfm72","twitter_misc":{"\u00c9crit par":"redaction2@contactfm72.fr","Dur\u00e9e de lecture estim\u00e9e":"1 minute"},"schema":{"@context":"https:\/\/schema.org","@graph":[{"@type":"Article","@id":"https:\/\/contactfm72.fr\/?p=17726#article","isPartOf":{"@id":"https:\/\/contactfm72.fr\/?p=17726"},"author":{"name":"redaction2@contactfm72.fr","@id":"https:\/\/contactfm72.fr\/#\/schema\/person\/d2ef09cdea7331b185acaddc4d14dda8"},"headline":"Le chantier &#8220;Argent de poche&#8221; \u00e0 Mayet r\u00e9unit 11 jeunes","datePublished":"2024-10-24T14:46:10+00:00","dateModified":"2024-11-06T06:10:27+00:00","mainEntityOfPage":{"@id":"https:\/\/contactfm72.fr\/?p=17726"},"wordCount":130,"publisher":{"@id":"https:\/\/contactfm72.fr\/#organization"},"image":{"@id":"https:\/\/contactfm72.fr\/?p=17726#primaryimage"},"thumbnailUrl":"https:\/\/contactfm72.fr\/wp-content\/uploads\/2024\/10\/Visuel-Contact-FM-16.jpg","articleSection":["Contact FM 72","L'interview du jour"],"inLanguage":"fr-FR"},{"@type":"WebPage","@id":"https:\/\/contactfm72.fr\/?p=17726","url":"https:\/\/contactfm72.fr\/?p=17726","name":"Le chantier \"Argent de poche\" \u00e0 Mayet r\u00e9unit 11 jeunes - Contact FM 99.3","isPartOf":{"@id":"https:\/\/contactfm72.fr\/#website"},"primaryImageOfPage":{"@id":"https:\/\/contactfm72.fr\/?p=17726#primaryimage"},"image":{"@id":"https:\/\/contactfm72.fr\/?p=17726#primaryimage"},"thumbnailUrl":"https:\/\/contactfm72.fr\/wp-content\/uploads\/2024\/10\/Visuel-Contact-FM-16.jpg","datePublished":"2024-10-24T14:46:10+00:00","dateModified":"2024-11-06T06:10:27+00:00","description":"No\u00ebl se pr\u00e9pare d\u00e9j\u00e0 !!\u00a011 jeunes en provenance des communes de Mayet et de Pontvallain ont rejoint l'action \"argent de poche\" qui permet d'effectuer un travail dans le cadre d'une action \u00e9ducative et d'une d\u00e9marche citoyenne et participative tout en \u00e9tant r\u00e9mun\u00e9r\u00e9. Ils cr\u00e9ent du lien et commencent \u00e0 avoir une premi\u00e8re ligne sur leur futur CV.","breadcrumb":{"@id":"https:\/\/contactfm72.fr\/?p=17726#breadcrumb"},"inLanguage":"fr-FR","potentialAction":[{"@type":"ReadAction","target":["https:\/\/contactfm72.fr\/?p=17726"]}]},{"@type":"ImageObject","inLanguage":"fr-FR","@id":"https:\/\/contactfm72.fr\/?p=17726#primaryimage","url":"https:\/\/contactfm72.fr\/wp-content\/uploads\/2024\/10\/Visuel-Contact-FM-16.jpg","contentUrl":"https:\/\/contactfm72.fr\/wp-content\/uploads\/2024\/10\/Visuel-Contact-FM-16.jpg","width":2016,"height":1512},{"@type":"BreadcrumbList","@id":"https:\/\/contactfm72.fr\/?p=17726#breadcrumb","itemListElement":[{"@type":"ListItem","position":1,"name":"Accueil","item":"https:\/\/contactfm72.fr\/"},{"@type":"ListItem","position":2,"name":"Le chantier &#8220;Argent de poche&#8221; \u00e0 Mayet r\u00e9unit 11 jeunes"}]},{"@type":"WebSite","@id":"https:\/\/contactfm72.fr\/#website","url":"https:\/\/contactfm72.fr\/","name":"Contact FM 99.3","description":"Votre radio en vall\u00e9e du Loir","publisher":{"@id":"https:\/\/contactfm72.fr\/#organization"},"potentialAction":[{"@type":"SearchAction","target":{"@type":"EntryPoint","urlTemplate":"https:\/\/contactfm72.fr\/?s={search_term_string}"},"query-input":{"@type":"PropertyValueSpecification","valueRequired":true,"valueName":"search_term_string"}}],"inLanguage":"fr-FR"},{"@type":"Organization","@id":"https:\/\/contactfm72.fr\/#organization","name":"Contact FM 99.3","url":"https:\/\/contactfm72.fr\/","logo":{"@type":"ImageObject","inLanguage":"fr-FR","@id":"https:\/\/contactfm72.fr\/#\/schema\/logo\/image\/","url":"https:\/\/contactfm72.fr\/wp-content\/uploads\/2025\/04\/2025-04-18-2.jpg","contentUrl":"https:\/\/contactfm72.fr\/wp-content\/uploads\/2025\/04\/2025-04-18-2.jpg","width":680,"height":307,"caption":"Contact FM 99.3"},"image":{"@id":"https:\/\/contactfm72.fr\/#\/schema\/logo\/image\/"},"sameAs":["https:\/\/www.facebook.com\/Contactfm.Chateauduloir","https:\/\/x.com\/contactfm72","https:\/\/www.instagram.com\/contact.fm.72?igsh=cGhlMHQ5N2JlNnpp","https:\/\/www.tiktok.com\/@contact.fm"]},{"@type":"Person","@id":"https:\/\/contactfm72.fr\/#\/schema\/person\/d2ef09cdea7331b185acaddc4d14dda8","name":"redaction2@contactfm72.fr","image":{"@type":"ImageObject","inLanguage":"fr-FR","@id":"https:\/\/secure.gravatar.com\/avatar\/897f3d57289c1f4c62cade1c2606ba6ded18d5f1676845e668a9f21cb751c06b?s=96&d=mm&r=g","url":"https:\/\/secure.gravatar.com\/avatar\/897f3d57289c1f4c62cade1c2606ba6ded18d5f1676845e668a9f21cb751c06b?s=96&d=mm&r=g","contentUrl":"https:\/\/secure.gravatar.com\/avatar\/897f3d57289c1f4c62cade1c2606ba6ded18d5f1676845e668a9f21cb751c06b?s=96&d=mm&r=g","caption":"redaction2@contactfm72.fr"},"url":"https:\/\/contactfm72.fr\/?author=5"}]}},"_links":{"self":[{"href":"https:\/\/contactfm72.fr\/index.php?rest_route=\/wp\/v2\/posts\/17726","targetHints":{"allow":["GET"]}}],"collection":[{"href":"https:\/\/contactfm72.fr\/index.php?rest_route=\/wp\/v2\/posts"}],"about":[{"href":"https:\/\/contactfm72.fr\/index.php?rest_route=\/wp\/v2\/types\/post"}],"author":[{"embeddable":true,"href":"https:\/\/contactfm72.fr\/index.php?rest_route=\/wp\/v2\/users\/5"}],"replies":[{"embeddable":true,"href":"https:\/\/contactfm72.fr\/index.php?rest_route=%2Fwp%2Fv2%2Fcomments&post=17726"}],"version-history":[{"count":3,"href":"https:\/\/contactfm72.fr\/index.php?rest_route=\/wp\/v2\/posts\/17726\/revisions"}],"predecessor-version":[{"id":17791,"href":"https:\/\/contactfm72.fr\/index.php?rest_route=\/wp\/v2\/posts\/17726\/revisions\/17791"}],"wp:featuredmedia":[{"embeddable":true,"href":"https:\/\/contactfm72.fr\/index.php?rest_route=\/wp\/v2\/media\/17728"}],"wp:attachment":[{"href":"https:\/\/contactfm72.fr\/index.php?rest_route=%2Fwp%2Fv2%2Fmedia&parent=17726"}],"wp:term":[{"taxonomy":"category","embeddable":true,"href":"https:\/\/contactfm72.fr\/index.php?rest_route=%2Fwp%2Fv2%2Fcategories&post=17726"},{"taxonomy":"post_tag","embeddable":true,"href":"https:\/\/contactfm72.fr\/index.php?rest_route=%2Fwp%2Fv2%2Ftags&post=17726"}],"curies":[{"name":"wp","href":"https:\/\/api.w.org\/{rel}","templated":true}]}}