{"id":17707,"date":"2024-10-23T16:30:20","date_gmt":"2024-10-23T14:30:20","guid":{"rendered":"https:\/\/contactfm72.fr\/?p=17707"},"modified":"2024-10-24T12:43:04","modified_gmt":"2024-10-24T10:43:04","slug":"la-conseillere-numerique-de-la-communaute-de-communes-gatine-racan","status":"publish","type":"post","link":"https:\/\/contactfm72.fr\/?p=17707","title":{"rendered":"Barbara Haie est la conseill\u00e8re num\u00e9rique de la communaut\u00e9 de communes G\u00e2tine-Racan"},"content":{"rendered":"<p>Des ateliers gratuits et pour tout le monde !<\/p>\n<p>Depuis la mi-janvier 2024, Barbara Haie est devenue la conseill\u00e8re num\u00e9rique de la communaut\u00e9 de communes G\u00e2tine-Racan. Avec des ateliers collectifs, des rendez-vous personnalis\u00e9s, elle initie la population \u00e0 bien utiliser son t\u00e9l\u00e9phone, son ordinateur, l&#8217;aide \u00e0 la cr\u00e9ation d&#8217;un CV, faire un PDF ou m\u00eame savoir utiliser l&#8217;application des lyc\u00e9ens : ProNote. Un service gratuit pour tous les \u00e2ges, de l&#8217;enfance au troisi\u00e8me \u00e2ge en passant par les actifs, elle propose ces rendez-vous dans 17 communes du territoire.<\/p>\n<p>Barbara Haie nous parle de son r\u00f4le et des ateliers num\u00e9riques dans &#8220;L&#8217;interview du jour&#8221; le mercredi 23 octobre \u00e0 18h, le jeudi 24 octobre \u00e0 13h, le samedi 26 octobre \u00e0 14h et le dimanche 27 octobre \u00e0 11h.<\/p>\n<div id=\"audioigniter-283\" class=\"audioigniter-root \" data-player-type=\"full\" data-tracks-url=\"https:\/\/contactfm72.fr\/?audioigniter_playlist_id=283\" data-display-track-no=\"false\" data-reverse-track-order=\"false\" data-display-tracklist-covers=\"false\" data-display-active-cover=\"false\" data-display-artist-names=\"false\" data-display-buy-buttons=\"true\" data-buy-buttons-target=\"false\" data-cycle-tracks=\"false\" data-display-credits=\"false\" data-display-tracklist=\"true\" data-allow-tracklist-toggle=\"false\" data-allow-tracklist-loop=\"true\" data-limit-tracklist-height=\"true\" data-volume=\"100\" data-tracklist-height=\"185\" data-allow-track-loop=\"false\" ><\/div>\n<p>&nbsp;<\/p>\n<!-- AddThis Advanced Settings generic via filter on the_content --><!-- AddThis Share Buttons generic via filter on the_content -->","protected":false},"excerpt":{"rendered":"<p>Des ateliers gratuits et pour tout le monde ! Depuis la mi-janvier 2024, Barbara Haie est devenue la conseill\u00e8re num\u00e9rique de la communaut\u00e9 de communes G\u00e2tine-Racan. Avec des ateliers collectifs, des rendez-vous personnalis\u00e9s, elle initie la population \u00e0 bien utiliser son t\u00e9l\u00e9phone, son ordinateur, l&#8217;aide \u00e0 la cr\u00e9ation d&#8217;un CV, faire un PDF ou m\u00eame&hellip;<!-- AddThis Advanced Settings generic via filter on get_the_excerpt --><!-- AddThis Share Buttons generic via filter on get_the_excerpt --><\/p>\n","protected":false},"author":5,"featured_media":17708,"comment_status":"closed","ping_status":"open","sticky":false,"template":"","format":"standard","meta":{"footnotes":""},"categories":[1,5],"tags":[],"class_list":["post-17707","post","type-post","status-publish","format-standard","has-post-thumbnail","hentry","category-contact-fm-72","category-linterview-du-jour","category-1","category-5","description-off"],"yoast_head":"<!-- This site is optimized with the Yoast SEO plugin v27.4 - https:\/\/yoast.com\/product\/yoast-seo-wordpress\/ -->\n<title>Barbara Haie est la conseill\u00e8re num\u00e9rique de la communaut\u00e9 de communes G\u00e2tine-Racan - Contact FM 99.3<\/title>\n<meta name=\"description\" content=\"Des ateliers gratuits et pour tout le monde !\u00a0Depuis la mi-janvier 2024, Barbara Haye est devenue la conseill\u00e8re num\u00e9rique de la communaut\u00e9 de communes G\u00e2tine-Racan. Avec des ateliers collectifs, des RDV personnalis\u00e9s, elle initie la population \u00e0 bien utiliser son t\u00e9l\u00e9phone, son ordinateur, l&#039;aide \u00e0 la cr\u00e9ation d&#039;un CV, faire un PDF ou m\u00eame savoir utiliser l&#039;application des lyc\u00e9ens : Pronote. Un service gratuits pour tous les \u00e2ges, de l&#039;enfance au troisi\u00e8me \u00e2ge en passant par les actifs, elle propose ces rendez-vous dans 17 communes du territoire.\u00a0\" \/>\n<meta name=\"robots\" content=\"index, follow, max-snippet:-1, max-image-preview:large, max-video-preview:-1\" \/>\n<link rel=\"canonical\" href=\"https:\/\/contactfm72.fr\/?p=17707\" \/>\n<meta property=\"og:locale\" content=\"fr_FR\" \/>\n<meta property=\"og:type\" content=\"article\" \/>\n<meta property=\"og:title\" content=\"Barbara Haie est la conseill\u00e8re num\u00e9rique de la communaut\u00e9 de communes G\u00e2tine-Racan - Contact FM 99.3\" \/>\n<meta property=\"og:description\" content=\"Des ateliers gratuits et pour tout le monde !\u00a0Depuis la mi-janvier 2024, Barbara Haye est devenue la conseill\u00e8re num\u00e9rique de la communaut\u00e9 de communes G\u00e2tine-Racan. Avec des ateliers collectifs, des RDV personnalis\u00e9s, elle initie la population \u00e0 bien utiliser son t\u00e9l\u00e9phone, son ordinateur, l&#039;aide \u00e0 la cr\u00e9ation d&#039;un CV, faire un PDF ou m\u00eame savoir utiliser l&#039;application des lyc\u00e9ens : Pronote. Un service gratuits pour tous les \u00e2ges, de l&#039;enfance au troisi\u00e8me \u00e2ge en passant par les actifs, elle propose ces rendez-vous dans 17 communes du territoire.\u00a0\" \/>\n<meta property=\"og:url\" content=\"https:\/\/contactfm72.fr\/?p=17707\" \/>\n<meta property=\"og:site_name\" content=\"Contact FM 99.3\" \/>\n<meta property=\"article:publisher\" content=\"https:\/\/www.facebook.com\/Contactfm.Chateauduloir\" \/>\n<meta property=\"article:published_time\" content=\"2024-10-23T14:30:20+00:00\" \/>\n<meta property=\"article:modified_time\" content=\"2024-10-24T10:43:04+00:00\" \/>\n<meta property=\"og:image\" content=\"http:\/\/contactfm72.fr\/wp-content\/uploads\/2024\/10\/Visuel-Contact-FM-15.jpg\" \/>\n\t<meta property=\"og:image:width\" content=\"2016\" \/>\n\t<meta property=\"og:image:height\" content=\"1512\" \/>\n\t<meta property=\"og:image:type\" content=\"image\/jpeg\" \/>\n<meta name=\"author\" content=\"redaction2@contactfm72.fr\" \/>\n<meta name=\"twitter:card\" content=\"summary_large_image\" \/>\n<meta name=\"twitter:creator\" content=\"@contactfm72\" \/>\n<meta name=\"twitter:site\" content=\"@contactfm72\" \/>\n<meta name=\"twitter:label1\" content=\"\u00c9crit par\" \/>\n\t<meta name=\"twitter:data1\" content=\"redaction2@contactfm72.fr\" \/>\n\t<meta name=\"twitter:label2\" content=\"Dur\u00e9e de lecture estim\u00e9e\" \/>\n\t<meta name=\"twitter:data2\" content=\"1 minute\" \/>\n<script type=\"application\/ld+json\" class=\"yoast-schema-graph\">{\"@context\":\"https:\\\/\\\/schema.org\",\"@graph\":[{\"@type\":\"Article\",\"@id\":\"https:\\\/\\\/contactfm72.fr\\\/?p=17707#article\",\"isPartOf\":{\"@id\":\"https:\\\/\\\/contactfm72.fr\\\/?p=17707\"},\"author\":{\"name\":\"redaction2@contactfm72.fr\",\"@id\":\"https:\\\/\\\/contactfm72.fr\\\/#\\\/schema\\\/person\\\/d2ef09cdea7331b185acaddc4d14dda8\"},\"headline\":\"Barbara Haie est la conseill\u00e8re num\u00e9rique de la communaut\u00e9 de communes G\u00e2tine-Racan\",\"datePublished\":\"2024-10-23T14:30:20+00:00\",\"dateModified\":\"2024-10-24T10:43:04+00:00\",\"mainEntityOfPage\":{\"@id\":\"https:\\\/\\\/contactfm72.fr\\\/?p=17707\"},\"wordCount\":150,\"publisher\":{\"@id\":\"https:\\\/\\\/contactfm72.fr\\\/#organization\"},\"image\":{\"@id\":\"https:\\\/\\\/contactfm72.fr\\\/?p=17707#primaryimage\"},\"thumbnailUrl\":\"https:\\\/\\\/contactfm72.fr\\\/wp-content\\\/uploads\\\/2024\\\/10\\\/Visuel-Contact-FM-15.jpg\",\"articleSection\":[\"Contact FM 72\",\"L'interview du jour\"],\"inLanguage\":\"fr-FR\"},{\"@type\":\"WebPage\",\"@id\":\"https:\\\/\\\/contactfm72.fr\\\/?p=17707\",\"url\":\"https:\\\/\\\/contactfm72.fr\\\/?p=17707\",\"name\":\"Barbara Haie est la conseill\u00e8re num\u00e9rique de la communaut\u00e9 de communes G\u00e2tine-Racan - Contact FM 99.3\",\"isPartOf\":{\"@id\":\"https:\\\/\\\/contactfm72.fr\\\/#website\"},\"primaryImageOfPage\":{\"@id\":\"https:\\\/\\\/contactfm72.fr\\\/?p=17707#primaryimage\"},\"image\":{\"@id\":\"https:\\\/\\\/contactfm72.fr\\\/?p=17707#primaryimage\"},\"thumbnailUrl\":\"https:\\\/\\\/contactfm72.fr\\\/wp-content\\\/uploads\\\/2024\\\/10\\\/Visuel-Contact-FM-15.jpg\",\"datePublished\":\"2024-10-23T14:30:20+00:00\",\"dateModified\":\"2024-10-24T10:43:04+00:00\",\"description\":\"Des ateliers gratuits et pour tout le monde !\u00a0Depuis la mi-janvier 2024, Barbara Haye est devenue la conseill\u00e8re num\u00e9rique de la communaut\u00e9 de communes G\u00e2tine-Racan. Avec des ateliers collectifs, des RDV personnalis\u00e9s, elle initie la population \u00e0 bien utiliser son t\u00e9l\u00e9phone, son ordinateur, l'aide \u00e0 la cr\u00e9ation d'un CV, faire un PDF ou m\u00eame savoir utiliser l'application des lyc\u00e9ens : Pronote. Un service gratuits pour tous les \u00e2ges, de l'enfance au troisi\u00e8me \u00e2ge en passant par les actifs, elle propose ces rendez-vous dans 17 communes du territoire.\u00a0\",\"breadcrumb\":{\"@id\":\"https:\\\/\\\/contactfm72.fr\\\/?p=17707#breadcrumb\"},\"inLanguage\":\"fr-FR\",\"potentialAction\":[{\"@type\":\"ReadAction\",\"target\":[\"https:\\\/\\\/contactfm72.fr\\\/?p=17707\"]}]},{\"@type\":\"ImageObject\",\"inLanguage\":\"fr-FR\",\"@id\":\"https:\\\/\\\/contactfm72.fr\\\/?p=17707#primaryimage\",\"url\":\"https:\\\/\\\/contactfm72.fr\\\/wp-content\\\/uploads\\\/2024\\\/10\\\/Visuel-Contact-FM-15.jpg\",\"contentUrl\":\"https:\\\/\\\/contactfm72.fr\\\/wp-content\\\/uploads\\\/2024\\\/10\\\/Visuel-Contact-FM-15.jpg\",\"width\":2016,\"height\":1512},{\"@type\":\"BreadcrumbList\",\"@id\":\"https:\\\/\\\/contactfm72.fr\\\/?p=17707#breadcrumb\",\"itemListElement\":[{\"@type\":\"ListItem\",\"position\":1,\"name\":\"Accueil\",\"item\":\"https:\\\/\\\/contactfm72.fr\\\/\"},{\"@type\":\"ListItem\",\"position\":2,\"name\":\"Barbara Haie est la conseill\u00e8re num\u00e9rique de la communaut\u00e9 de communes G\u00e2tine-Racan\"}]},{\"@type\":\"WebSite\",\"@id\":\"https:\\\/\\\/contactfm72.fr\\\/#website\",\"url\":\"https:\\\/\\\/contactfm72.fr\\\/\",\"name\":\"Contact FM 99.3\",\"description\":\"Votre radio en vall\u00e9e du Loir\",\"publisher\":{\"@id\":\"https:\\\/\\\/contactfm72.fr\\\/#organization\"},\"potentialAction\":[{\"@type\":\"SearchAction\",\"target\":{\"@type\":\"EntryPoint\",\"urlTemplate\":\"https:\\\/\\\/contactfm72.fr\\\/?s={search_term_string}\"},\"query-input\":{\"@type\":\"PropertyValueSpecification\",\"valueRequired\":true,\"valueName\":\"search_term_string\"}}],\"inLanguage\":\"fr-FR\"},{\"@type\":\"Organization\",\"@id\":\"https:\\\/\\\/contactfm72.fr\\\/#organization\",\"name\":\"Contact FM 99.3\",\"url\":\"https:\\\/\\\/contactfm72.fr\\\/\",\"logo\":{\"@type\":\"ImageObject\",\"inLanguage\":\"fr-FR\",\"@id\":\"https:\\\/\\\/contactfm72.fr\\\/#\\\/schema\\\/logo\\\/image\\\/\",\"url\":\"https:\\\/\\\/contactfm72.fr\\\/wp-content\\\/uploads\\\/2025\\\/04\\\/2025-04-18-2.jpg\",\"contentUrl\":\"https:\\\/\\\/contactfm72.fr\\\/wp-content\\\/uploads\\\/2025\\\/04\\\/2025-04-18-2.jpg\",\"width\":680,\"height\":307,\"caption\":\"Contact FM 99.3\"},\"image\":{\"@id\":\"https:\\\/\\\/contactfm72.fr\\\/#\\\/schema\\\/logo\\\/image\\\/\"},\"sameAs\":[\"https:\\\/\\\/www.facebook.com\\\/Contactfm.Chateauduloir\",\"https:\\\/\\\/x.com\\\/contactfm72\",\"https:\\\/\\\/www.instagram.com\\\/contact.fm.72?igsh=cGhlMHQ5N2JlNnpp\",\"https:\\\/\\\/www.tiktok.com\\\/@contact.fm\"]},{\"@type\":\"Person\",\"@id\":\"https:\\\/\\\/contactfm72.fr\\\/#\\\/schema\\\/person\\\/d2ef09cdea7331b185acaddc4d14dda8\",\"name\":\"redaction2@contactfm72.fr\",\"image\":{\"@type\":\"ImageObject\",\"inLanguage\":\"fr-FR\",\"@id\":\"https:\\\/\\\/secure.gravatar.com\\\/avatar\\\/897f3d57289c1f4c62cade1c2606ba6ded18d5f1676845e668a9f21cb751c06b?s=96&d=mm&r=g\",\"url\":\"https:\\\/\\\/secure.gravatar.com\\\/avatar\\\/897f3d57289c1f4c62cade1c2606ba6ded18d5f1676845e668a9f21cb751c06b?s=96&d=mm&r=g\",\"contentUrl\":\"https:\\\/\\\/secure.gravatar.com\\\/avatar\\\/897f3d57289c1f4c62cade1c2606ba6ded18d5f1676845e668a9f21cb751c06b?s=96&d=mm&r=g\",\"caption\":\"redaction2@contactfm72.fr\"},\"url\":\"https:\\\/\\\/contactfm72.fr\\\/?author=5\"}]}<\/script>\n<!-- \/ Yoast SEO plugin. -->","yoast_head_json":{"title":"Barbara Haie est la conseill\u00e8re num\u00e9rique de la communaut\u00e9 de communes G\u00e2tine-Racan - Contact FM 99.3","description":"Des ateliers gratuits et pour tout le monde !\u00a0Depuis la mi-janvier 2024, Barbara Haye est devenue la conseill\u00e8re num\u00e9rique de la communaut\u00e9 de communes G\u00e2tine-Racan. Avec des ateliers collectifs, des RDV personnalis\u00e9s, elle initie la population \u00e0 bien utiliser son t\u00e9l\u00e9phone, son ordinateur, l'aide \u00e0 la cr\u00e9ation d'un CV, faire un PDF ou m\u00eame savoir utiliser l'application des lyc\u00e9ens : Pronote. Un service gratuits pour tous les \u00e2ges, de l'enfance au troisi\u00e8me \u00e2ge en passant par les actifs, elle propose ces rendez-vous dans 17 communes du territoire.\u00a0","robots":{"index":"index","follow":"follow","max-snippet":"max-snippet:-1","max-image-preview":"max-image-preview:large","max-video-preview":"max-video-preview:-1"},"canonical":"https:\/\/contactfm72.fr\/?p=17707","og_locale":"fr_FR","og_type":"article","og_title":"Barbara Haie est la conseill\u00e8re num\u00e9rique de la communaut\u00e9 de communes G\u00e2tine-Racan - Contact FM 99.3","og_description":"Des ateliers gratuits et pour tout le monde !\u00a0Depuis la mi-janvier 2024, Barbara Haye est devenue la conseill\u00e8re num\u00e9rique de la communaut\u00e9 de communes G\u00e2tine-Racan. Avec des ateliers collectifs, des RDV personnalis\u00e9s, elle initie la population \u00e0 bien utiliser son t\u00e9l\u00e9phone, son ordinateur, l'aide \u00e0 la cr\u00e9ation d'un CV, faire un PDF ou m\u00eame savoir utiliser l'application des lyc\u00e9ens : Pronote. Un service gratuits pour tous les \u00e2ges, de l'enfance au troisi\u00e8me \u00e2ge en passant par les actifs, elle propose ces rendez-vous dans 17 communes du territoire.\u00a0","og_url":"https:\/\/contactfm72.fr\/?p=17707","og_site_name":"Contact FM 99.3","article_publisher":"https:\/\/www.facebook.com\/Contactfm.Chateauduloir","article_published_time":"2024-10-23T14:30:20+00:00","article_modified_time":"2024-10-24T10:43:04+00:00","og_image":[{"width":2016,"height":1512,"url":"http:\/\/contactfm72.fr\/wp-content\/uploads\/2024\/10\/Visuel-Contact-FM-15.jpg","type":"image\/jpeg"}],"author":"redaction2@contactfm72.fr","twitter_card":"summary_large_image","twitter_creator":"@contactfm72","twitter_site":"@contactfm72","twitter_misc":{"\u00c9crit par":"redaction2@contactfm72.fr","Dur\u00e9e de lecture estim\u00e9e":"1 minute"},"schema":{"@context":"https:\/\/schema.org","@graph":[{"@type":"Article","@id":"https:\/\/contactfm72.fr\/?p=17707#article","isPartOf":{"@id":"https:\/\/contactfm72.fr\/?p=17707"},"author":{"name":"redaction2@contactfm72.fr","@id":"https:\/\/contactfm72.fr\/#\/schema\/person\/d2ef09cdea7331b185acaddc4d14dda8"},"headline":"Barbara Haie est la conseill\u00e8re num\u00e9rique de la communaut\u00e9 de communes G\u00e2tine-Racan","datePublished":"2024-10-23T14:30:20+00:00","dateModified":"2024-10-24T10:43:04+00:00","mainEntityOfPage":{"@id":"https:\/\/contactfm72.fr\/?p=17707"},"wordCount":150,"publisher":{"@id":"https:\/\/contactfm72.fr\/#organization"},"image":{"@id":"https:\/\/contactfm72.fr\/?p=17707#primaryimage"},"thumbnailUrl":"https:\/\/contactfm72.fr\/wp-content\/uploads\/2024\/10\/Visuel-Contact-FM-15.jpg","articleSection":["Contact FM 72","L'interview du jour"],"inLanguage":"fr-FR"},{"@type":"WebPage","@id":"https:\/\/contactfm72.fr\/?p=17707","url":"https:\/\/contactfm72.fr\/?p=17707","name":"Barbara Haie est la conseill\u00e8re num\u00e9rique de la communaut\u00e9 de communes G\u00e2tine-Racan - Contact FM 99.3","isPartOf":{"@id":"https:\/\/contactfm72.fr\/#website"},"primaryImageOfPage":{"@id":"https:\/\/contactfm72.fr\/?p=17707#primaryimage"},"image":{"@id":"https:\/\/contactfm72.fr\/?p=17707#primaryimage"},"thumbnailUrl":"https:\/\/contactfm72.fr\/wp-content\/uploads\/2024\/10\/Visuel-Contact-FM-15.jpg","datePublished":"2024-10-23T14:30:20+00:00","dateModified":"2024-10-24T10:43:04+00:00","description":"Des ateliers gratuits et pour tout le monde !\u00a0Depuis la mi-janvier 2024, Barbara Haye est devenue la conseill\u00e8re num\u00e9rique de la communaut\u00e9 de communes G\u00e2tine-Racan. Avec des ateliers collectifs, des RDV personnalis\u00e9s, elle initie la population \u00e0 bien utiliser son t\u00e9l\u00e9phone, son ordinateur, l'aide \u00e0 la cr\u00e9ation d'un CV, faire un PDF ou m\u00eame savoir utiliser l'application des lyc\u00e9ens : Pronote. Un service gratuits pour tous les \u00e2ges, de l'enfance au troisi\u00e8me \u00e2ge en passant par les actifs, elle propose ces rendez-vous dans 17 communes du territoire.\u00a0","breadcrumb":{"@id":"https:\/\/contactfm72.fr\/?p=17707#breadcrumb"},"inLanguage":"fr-FR","potentialAction":[{"@type":"ReadAction","target":["https:\/\/contactfm72.fr\/?p=17707"]}]},{"@type":"ImageObject","inLanguage":"fr-FR","@id":"https:\/\/contactfm72.fr\/?p=17707#primaryimage","url":"https:\/\/contactfm72.fr\/wp-content\/uploads\/2024\/10\/Visuel-Contact-FM-15.jpg","contentUrl":"https:\/\/contactfm72.fr\/wp-content\/uploads\/2024\/10\/Visuel-Contact-FM-15.jpg","width":2016,"height":1512},{"@type":"BreadcrumbList","@id":"https:\/\/contactfm72.fr\/?p=17707#breadcrumb","itemListElement":[{"@type":"ListItem","position":1,"name":"Accueil","item":"https:\/\/contactfm72.fr\/"},{"@type":"ListItem","position":2,"name":"Barbara Haie est la conseill\u00e8re num\u00e9rique de la communaut\u00e9 de communes G\u00e2tine-Racan"}]},{"@type":"WebSite","@id":"https:\/\/contactfm72.fr\/#website","url":"https:\/\/contactfm72.fr\/","name":"Contact FM 99.3","description":"Votre radio en vall\u00e9e du Loir","publisher":{"@id":"https:\/\/contactfm72.fr\/#organization"},"potentialAction":[{"@type":"SearchAction","target":{"@type":"EntryPoint","urlTemplate":"https:\/\/contactfm72.fr\/?s={search_term_string}"},"query-input":{"@type":"PropertyValueSpecification","valueRequired":true,"valueName":"search_term_string"}}],"inLanguage":"fr-FR"},{"@type":"Organization","@id":"https:\/\/contactfm72.fr\/#organization","name":"Contact FM 99.3","url":"https:\/\/contactfm72.fr\/","logo":{"@type":"ImageObject","inLanguage":"fr-FR","@id":"https:\/\/contactfm72.fr\/#\/schema\/logo\/image\/","url":"https:\/\/contactfm72.fr\/wp-content\/uploads\/2025\/04\/2025-04-18-2.jpg","contentUrl":"https:\/\/contactfm72.fr\/wp-content\/uploads\/2025\/04\/2025-04-18-2.jpg","width":680,"height":307,"caption":"Contact FM 99.3"},"image":{"@id":"https:\/\/contactfm72.fr\/#\/schema\/logo\/image\/"},"sameAs":["https:\/\/www.facebook.com\/Contactfm.Chateauduloir","https:\/\/x.com\/contactfm72","https:\/\/www.instagram.com\/contact.fm.72?igsh=cGhlMHQ5N2JlNnpp","https:\/\/www.tiktok.com\/@contact.fm"]},{"@type":"Person","@id":"https:\/\/contactfm72.fr\/#\/schema\/person\/d2ef09cdea7331b185acaddc4d14dda8","name":"redaction2@contactfm72.fr","image":{"@type":"ImageObject","inLanguage":"fr-FR","@id":"https:\/\/secure.gravatar.com\/avatar\/897f3d57289c1f4c62cade1c2606ba6ded18d5f1676845e668a9f21cb751c06b?s=96&d=mm&r=g","url":"https:\/\/secure.gravatar.com\/avatar\/897f3d57289c1f4c62cade1c2606ba6ded18d5f1676845e668a9f21cb751c06b?s=96&d=mm&r=g","contentUrl":"https:\/\/secure.gravatar.com\/avatar\/897f3d57289c1f4c62cade1c2606ba6ded18d5f1676845e668a9f21cb751c06b?s=96&d=mm&r=g","caption":"redaction2@contactfm72.fr"},"url":"https:\/\/contactfm72.fr\/?author=5"}]}},"_links":{"self":[{"href":"https:\/\/contactfm72.fr\/index.php?rest_route=\/wp\/v2\/posts\/17707","targetHints":{"allow":["GET"]}}],"collection":[{"href":"https:\/\/contactfm72.fr\/index.php?rest_route=\/wp\/v2\/posts"}],"about":[{"href":"https:\/\/contactfm72.fr\/index.php?rest_route=\/wp\/v2\/types\/post"}],"author":[{"embeddable":true,"href":"https:\/\/contactfm72.fr\/index.php?rest_route=\/wp\/v2\/users\/5"}],"replies":[{"embeddable":true,"href":"https:\/\/contactfm72.fr\/index.php?rest_route=%2Fwp%2Fv2%2Fcomments&post=17707"}],"version-history":[{"count":3,"href":"https:\/\/contactfm72.fr\/index.php?rest_route=\/wp\/v2\/posts\/17707\/revisions"}],"predecessor-version":[{"id":17724,"href":"https:\/\/contactfm72.fr\/index.php?rest_route=\/wp\/v2\/posts\/17707\/revisions\/17724"}],"wp:featuredmedia":[{"embeddable":true,"href":"https:\/\/contactfm72.fr\/index.php?rest_route=\/wp\/v2\/media\/17708"}],"wp:attachment":[{"href":"https:\/\/contactfm72.fr\/index.php?rest_route=%2Fwp%2Fv2%2Fmedia&parent=17707"}],"wp:term":[{"taxonomy":"category","embeddable":true,"href":"https:\/\/contactfm72.fr\/index.php?rest_route=%2Fwp%2Fv2%2Fcategories&post=17707"},{"taxonomy":"post_tag","embeddable":true,"href":"https:\/\/contactfm72.fr\/index.php?rest_route=%2Fwp%2Fv2%2Ftags&post=17707"}],"curies":[{"name":"wp","href":"https:\/\/api.w.org\/{rel}","templated":true}]}}