{"id":17700,"date":"2024-10-23T15:30:47","date_gmt":"2024-10-23T13:30:47","guid":{"rendered":"https:\/\/contactfm72.fr\/?p=17700"},"modified":"2024-10-24T08:54:42","modified_gmt":"2024-10-24T06:54:42","slug":"le-declic-quest-ce-que-l-escale-artisanale","status":"publish","type":"post","link":"https:\/\/contactfm72.fr\/?p=17700","title":{"rendered":"Le D\u00e9clic &#8211; Qu&#8217;est-ce que l&#8217;association Escale Artisanale ?"},"content":{"rendered":"<p>L&#8217;association f\u00eate son 1er anniversaire !<\/p>\n<p>R\u00e9unir des artisans cr\u00e9ateurs dans des boutiques \u00e9ph\u00e9m\u00e8res, cr\u00e9er du lien, mais vivre de sa passion, comment faire ?<\/p>\n<p>Julie Ras et Philippine Carcenat, respectivement les g\u00e9rantes de &#8220;<span class=\"xv78j7m\" spellcheck=\"false\">L&#8217;atelier de nounou<\/span>&#8221; et &#8220;<span class=\"xv78j7m\" spellcheck=\"false\">Native bijoux<\/span>&#8220;, sont les cr\u00e9atrices de l&#8217;association &#8220;<span class=\"xv78j7m\" spellcheck=\"false\">Escale Artisanale<\/span>&#8220;. Elles nous parlent du d\u00e9clic de cr\u00e9er une entreprise, de g\u00e9rer sa vie professionnelle et sa vie personnelle, mais aussi de leur routine matinale pour bien commencer une journ\u00e9e et des futures dates de la boutique \u00e9ph\u00e9m\u00e8re.<\/p>\n<p>C&#8217;est dans &#8220;Le D\u00e9clic&#8221; diffus\u00e9 le mercredi 23 octobre \u00e0 17h30 et le mardi 29 octobre \u00e0 12h30.<\/p>\n<div id=\"audioigniter-17427\" class=\"audioigniter-root \" data-player-type=\"full\" data-tracks-url=\"https:\/\/contactfm72.fr\/?audioigniter_playlist_id=17427\" data-display-track-no=\"true\" data-reverse-track-order=\"false\" data-display-tracklist-covers=\"true\" data-display-active-cover=\"true\" data-display-artist-names=\"true\" data-display-buy-buttons=\"true\" data-buy-buttons-target=\"true\" data-cycle-tracks=\"false\" data-display-credits=\"false\" data-display-tracklist=\"true\" data-allow-tracklist-toggle=\"true\" data-allow-tracklist-loop=\"true\" data-limit-tracklist-height=\"true\" data-volume=\"100\" data-tracklist-height=\"185\" data-allow-track-loop=\"false\" ><\/div>\n<!-- AddThis Advanced Settings generic via filter on the_content --><!-- AddThis Share Buttons generic via filter on the_content -->","protected":false},"excerpt":{"rendered":"<p>L&#8217;association f\u00eate son 1er anniversaire ! R\u00e9unir des artisans cr\u00e9ateurs dans des boutiques \u00e9ph\u00e9m\u00e8res, cr\u00e9er du lien, mais vivre de sa passion, comment faire ? Julie Ras et Philippine Carcenat, respectivement les g\u00e9rantes de &#8220;L&#8217;atelier de nounou&#8221; et &#8220;Native bijoux&#8220;, sont les cr\u00e9atrices de l&#8217;association &#8220;Escale Artisanale&#8220;. Elles nous parlent du d\u00e9clic de cr\u00e9er une&hellip;<!-- AddThis Advanced Settings generic via filter on get_the_excerpt --><!-- AddThis Share Buttons generic via filter on get_the_excerpt --><\/p>\n","protected":false},"author":5,"featured_media":17702,"comment_status":"closed","ping_status":"open","sticky":false,"template":"","format":"standard","meta":{"footnotes":""},"categories":[1],"tags":[],"class_list":["post-17700","post","type-post","status-publish","format-standard","has-post-thumbnail","hentry","category-contact-fm-72","category-1","description-off"],"yoast_head":"<!-- This site is optimized with the Yoast SEO plugin v27.4 - https:\/\/yoast.com\/product\/yoast-seo-wordpress\/ -->\n<title>Le D\u00e9clic - Qu&#039;est-ce que l&#039;association Escale Artisanale ? - Contact FM 99.3<\/title>\n<meta name=\"description\" content=\"L&#039;association f\u00eate son anniversaire !R\u00e9unir des artisans dans des boutiques \u00e9ph\u00e9m\u00e8re, cr\u00e9er, se r\u00e9unir mais vivre de sa passion, comment faire ? Julie et Philippine, respectivement les g\u00e9rante de &quot;L&#039;atelier de Nounou&quot; et &quot;Native Cr\u00e9ations&quot; sont les cr\u00e9atrices de l&#039;association &quot;Escale Artisanale&quot;. Elles nous parlent du d\u00e9clic de cr\u00e9er une entreprise, de g\u00e9rer sa vie professionnelle, sa vie personnelle mais aussi de leur routine matinale pour bien commencer une journ\u00e9e.\" \/>\n<meta name=\"robots\" content=\"index, follow, max-snippet:-1, max-image-preview:large, max-video-preview:-1\" \/>\n<link rel=\"canonical\" href=\"https:\/\/contactfm72.fr\/?p=17700\" \/>\n<meta property=\"og:locale\" content=\"fr_FR\" \/>\n<meta property=\"og:type\" content=\"article\" \/>\n<meta property=\"og:title\" content=\"Le D\u00e9clic - Qu&#039;est-ce que l&#039;association Escale Artisanale ? - Contact FM 99.3\" \/>\n<meta property=\"og:description\" content=\"L&#039;association f\u00eate son anniversaire !R\u00e9unir des artisans dans des boutiques \u00e9ph\u00e9m\u00e8re, cr\u00e9er, se r\u00e9unir mais vivre de sa passion, comment faire ? Julie et Philippine, respectivement les g\u00e9rante de &quot;L&#039;atelier de Nounou&quot; et &quot;Native Cr\u00e9ations&quot; sont les cr\u00e9atrices de l&#039;association &quot;Escale Artisanale&quot;. Elles nous parlent du d\u00e9clic de cr\u00e9er une entreprise, de g\u00e9rer sa vie professionnelle, sa vie personnelle mais aussi de leur routine matinale pour bien commencer une journ\u00e9e.\" \/>\n<meta property=\"og:url\" content=\"https:\/\/contactfm72.fr\/?p=17700\" \/>\n<meta property=\"og:site_name\" content=\"Contact FM 99.3\" \/>\n<meta property=\"article:publisher\" content=\"https:\/\/www.facebook.com\/Contactfm.Chateauduloir\" \/>\n<meta property=\"article:published_time\" content=\"2024-10-23T13:30:47+00:00\" \/>\n<meta property=\"article:modified_time\" content=\"2024-10-24T06:54:42+00:00\" \/>\n<meta property=\"og:image\" content=\"http:\/\/contactfm72.fr\/wp-content\/uploads\/2024\/10\/Visuel-Contact-FM-14.jpg\" \/>\n\t<meta property=\"og:image:width\" content=\"2016\" \/>\n\t<meta property=\"og:image:height\" content=\"1512\" \/>\n\t<meta property=\"og:image:type\" content=\"image\/jpeg\" \/>\n<meta name=\"author\" content=\"redaction2@contactfm72.fr\" \/>\n<meta name=\"twitter:card\" content=\"summary_large_image\" \/>\n<meta name=\"twitter:creator\" content=\"@contactfm72\" \/>\n<meta name=\"twitter:site\" content=\"@contactfm72\" \/>\n<meta name=\"twitter:label1\" content=\"\u00c9crit par\" \/>\n\t<meta name=\"twitter:data1\" content=\"redaction2@contactfm72.fr\" \/>\n\t<meta name=\"twitter:label2\" content=\"Dur\u00e9e de lecture estim\u00e9e\" \/>\n\t<meta name=\"twitter:data2\" content=\"1 minute\" \/>\n<script type=\"application\/ld+json\" class=\"yoast-schema-graph\">{\"@context\":\"https:\\\/\\\/schema.org\",\"@graph\":[{\"@type\":\"Article\",\"@id\":\"https:\\\/\\\/contactfm72.fr\\\/?p=17700#article\",\"isPartOf\":{\"@id\":\"https:\\\/\\\/contactfm72.fr\\\/?p=17700\"},\"author\":{\"name\":\"redaction2@contactfm72.fr\",\"@id\":\"https:\\\/\\\/contactfm72.fr\\\/#\\\/schema\\\/person\\\/d2ef09cdea7331b185acaddc4d14dda8\"},\"headline\":\"Le D\u00e9clic &#8211; Qu&#8217;est-ce que l&#8217;association Escale Artisanale ?\",\"datePublished\":\"2024-10-23T13:30:47+00:00\",\"dateModified\":\"2024-10-24T06:54:42+00:00\",\"mainEntityOfPage\":{\"@id\":\"https:\\\/\\\/contactfm72.fr\\\/?p=17700\"},\"wordCount\":129,\"publisher\":{\"@id\":\"https:\\\/\\\/contactfm72.fr\\\/#organization\"},\"image\":{\"@id\":\"https:\\\/\\\/contactfm72.fr\\\/?p=17700#primaryimage\"},\"thumbnailUrl\":\"https:\\\/\\\/contactfm72.fr\\\/wp-content\\\/uploads\\\/2024\\\/10\\\/Visuel-Contact-FM-14.jpg\",\"articleSection\":[\"Contact FM 72\"],\"inLanguage\":\"fr-FR\"},{\"@type\":\"WebPage\",\"@id\":\"https:\\\/\\\/contactfm72.fr\\\/?p=17700\",\"url\":\"https:\\\/\\\/contactfm72.fr\\\/?p=17700\",\"name\":\"Le D\u00e9clic - Qu'est-ce que l'association Escale Artisanale ? - Contact FM 99.3\",\"isPartOf\":{\"@id\":\"https:\\\/\\\/contactfm72.fr\\\/#website\"},\"primaryImageOfPage\":{\"@id\":\"https:\\\/\\\/contactfm72.fr\\\/?p=17700#primaryimage\"},\"image\":{\"@id\":\"https:\\\/\\\/contactfm72.fr\\\/?p=17700#primaryimage\"},\"thumbnailUrl\":\"https:\\\/\\\/contactfm72.fr\\\/wp-content\\\/uploads\\\/2024\\\/10\\\/Visuel-Contact-FM-14.jpg\",\"datePublished\":\"2024-10-23T13:30:47+00:00\",\"dateModified\":\"2024-10-24T06:54:42+00:00\",\"description\":\"L'association f\u00eate son anniversaire !R\u00e9unir des artisans dans des boutiques \u00e9ph\u00e9m\u00e8re, cr\u00e9er, se r\u00e9unir mais vivre de sa passion, comment faire ? Julie et Philippine, respectivement les g\u00e9rante de \\\"L'atelier de Nounou\\\" et \\\"Native Cr\u00e9ations\\\" sont les cr\u00e9atrices de l'association \\\"Escale Artisanale\\\". Elles nous parlent du d\u00e9clic de cr\u00e9er une entreprise, de g\u00e9rer sa vie professionnelle, sa vie personnelle mais aussi de leur routine matinale pour bien commencer une journ\u00e9e.\",\"breadcrumb\":{\"@id\":\"https:\\\/\\\/contactfm72.fr\\\/?p=17700#breadcrumb\"},\"inLanguage\":\"fr-FR\",\"potentialAction\":[{\"@type\":\"ReadAction\",\"target\":[\"https:\\\/\\\/contactfm72.fr\\\/?p=17700\"]}]},{\"@type\":\"ImageObject\",\"inLanguage\":\"fr-FR\",\"@id\":\"https:\\\/\\\/contactfm72.fr\\\/?p=17700#primaryimage\",\"url\":\"https:\\\/\\\/contactfm72.fr\\\/wp-content\\\/uploads\\\/2024\\\/10\\\/Visuel-Contact-FM-14.jpg\",\"contentUrl\":\"https:\\\/\\\/contactfm72.fr\\\/wp-content\\\/uploads\\\/2024\\\/10\\\/Visuel-Contact-FM-14.jpg\",\"width\":2016,\"height\":1512},{\"@type\":\"BreadcrumbList\",\"@id\":\"https:\\\/\\\/contactfm72.fr\\\/?p=17700#breadcrumb\",\"itemListElement\":[{\"@type\":\"ListItem\",\"position\":1,\"name\":\"Accueil\",\"item\":\"https:\\\/\\\/contactfm72.fr\\\/\"},{\"@type\":\"ListItem\",\"position\":2,\"name\":\"Le D\u00e9clic &#8211; Qu&#8217;est-ce que l&#8217;association Escale Artisanale ?\"}]},{\"@type\":\"WebSite\",\"@id\":\"https:\\\/\\\/contactfm72.fr\\\/#website\",\"url\":\"https:\\\/\\\/contactfm72.fr\\\/\",\"name\":\"Contact FM 99.3\",\"description\":\"Votre radio en vall\u00e9e du Loir\",\"publisher\":{\"@id\":\"https:\\\/\\\/contactfm72.fr\\\/#organization\"},\"potentialAction\":[{\"@type\":\"SearchAction\",\"target\":{\"@type\":\"EntryPoint\",\"urlTemplate\":\"https:\\\/\\\/contactfm72.fr\\\/?s={search_term_string}\"},\"query-input\":{\"@type\":\"PropertyValueSpecification\",\"valueRequired\":true,\"valueName\":\"search_term_string\"}}],\"inLanguage\":\"fr-FR\"},{\"@type\":\"Organization\",\"@id\":\"https:\\\/\\\/contactfm72.fr\\\/#organization\",\"name\":\"Contact FM 99.3\",\"url\":\"https:\\\/\\\/contactfm72.fr\\\/\",\"logo\":{\"@type\":\"ImageObject\",\"inLanguage\":\"fr-FR\",\"@id\":\"https:\\\/\\\/contactfm72.fr\\\/#\\\/schema\\\/logo\\\/image\\\/\",\"url\":\"https:\\\/\\\/contactfm72.fr\\\/wp-content\\\/uploads\\\/2025\\\/04\\\/2025-04-18-2.jpg\",\"contentUrl\":\"https:\\\/\\\/contactfm72.fr\\\/wp-content\\\/uploads\\\/2025\\\/04\\\/2025-04-18-2.jpg\",\"width\":680,\"height\":307,\"caption\":\"Contact FM 99.3\"},\"image\":{\"@id\":\"https:\\\/\\\/contactfm72.fr\\\/#\\\/schema\\\/logo\\\/image\\\/\"},\"sameAs\":[\"https:\\\/\\\/www.facebook.com\\\/Contactfm.Chateauduloir\",\"https:\\\/\\\/x.com\\\/contactfm72\",\"https:\\\/\\\/www.instagram.com\\\/contact.fm.72?igsh=cGhlMHQ5N2JlNnpp\",\"https:\\\/\\\/www.tiktok.com\\\/@contact.fm\"]},{\"@type\":\"Person\",\"@id\":\"https:\\\/\\\/contactfm72.fr\\\/#\\\/schema\\\/person\\\/d2ef09cdea7331b185acaddc4d14dda8\",\"name\":\"redaction2@contactfm72.fr\",\"image\":{\"@type\":\"ImageObject\",\"inLanguage\":\"fr-FR\",\"@id\":\"https:\\\/\\\/secure.gravatar.com\\\/avatar\\\/897f3d57289c1f4c62cade1c2606ba6ded18d5f1676845e668a9f21cb751c06b?s=96&d=mm&r=g\",\"url\":\"https:\\\/\\\/secure.gravatar.com\\\/avatar\\\/897f3d57289c1f4c62cade1c2606ba6ded18d5f1676845e668a9f21cb751c06b?s=96&d=mm&r=g\",\"contentUrl\":\"https:\\\/\\\/secure.gravatar.com\\\/avatar\\\/897f3d57289c1f4c62cade1c2606ba6ded18d5f1676845e668a9f21cb751c06b?s=96&d=mm&r=g\",\"caption\":\"redaction2@contactfm72.fr\"},\"url\":\"https:\\\/\\\/contactfm72.fr\\\/?author=5\"}]}<\/script>\n<!-- \/ Yoast SEO plugin. -->","yoast_head_json":{"title":"Le D\u00e9clic - Qu'est-ce que l'association Escale Artisanale ? - Contact FM 99.3","description":"L'association f\u00eate son anniversaire !R\u00e9unir des artisans dans des boutiques \u00e9ph\u00e9m\u00e8re, cr\u00e9er, se r\u00e9unir mais vivre de sa passion, comment faire ? Julie et Philippine, respectivement les g\u00e9rante de \"L'atelier de Nounou\" et \"Native Cr\u00e9ations\" sont les cr\u00e9atrices de l'association \"Escale Artisanale\". Elles nous parlent du d\u00e9clic de cr\u00e9er une entreprise, de g\u00e9rer sa vie professionnelle, sa vie personnelle mais aussi de leur routine matinale pour bien commencer une journ\u00e9e.","robots":{"index":"index","follow":"follow","max-snippet":"max-snippet:-1","max-image-preview":"max-image-preview:large","max-video-preview":"max-video-preview:-1"},"canonical":"https:\/\/contactfm72.fr\/?p=17700","og_locale":"fr_FR","og_type":"article","og_title":"Le D\u00e9clic - Qu'est-ce que l'association Escale Artisanale ? - Contact FM 99.3","og_description":"L'association f\u00eate son anniversaire !R\u00e9unir des artisans dans des boutiques \u00e9ph\u00e9m\u00e8re, cr\u00e9er, se r\u00e9unir mais vivre de sa passion, comment faire ? Julie et Philippine, respectivement les g\u00e9rante de \"L'atelier de Nounou\" et \"Native Cr\u00e9ations\" sont les cr\u00e9atrices de l'association \"Escale Artisanale\". Elles nous parlent du d\u00e9clic de cr\u00e9er une entreprise, de g\u00e9rer sa vie professionnelle, sa vie personnelle mais aussi de leur routine matinale pour bien commencer une journ\u00e9e.","og_url":"https:\/\/contactfm72.fr\/?p=17700","og_site_name":"Contact FM 99.3","article_publisher":"https:\/\/www.facebook.com\/Contactfm.Chateauduloir","article_published_time":"2024-10-23T13:30:47+00:00","article_modified_time":"2024-10-24T06:54:42+00:00","og_image":[{"width":2016,"height":1512,"url":"http:\/\/contactfm72.fr\/wp-content\/uploads\/2024\/10\/Visuel-Contact-FM-14.jpg","type":"image\/jpeg"}],"author":"redaction2@contactfm72.fr","twitter_card":"summary_large_image","twitter_creator":"@contactfm72","twitter_site":"@contactfm72","twitter_misc":{"\u00c9crit par":"redaction2@contactfm72.fr","Dur\u00e9e de lecture estim\u00e9e":"1 minute"},"schema":{"@context":"https:\/\/schema.org","@graph":[{"@type":"Article","@id":"https:\/\/contactfm72.fr\/?p=17700#article","isPartOf":{"@id":"https:\/\/contactfm72.fr\/?p=17700"},"author":{"name":"redaction2@contactfm72.fr","@id":"https:\/\/contactfm72.fr\/#\/schema\/person\/d2ef09cdea7331b185acaddc4d14dda8"},"headline":"Le D\u00e9clic &#8211; Qu&#8217;est-ce que l&#8217;association Escale Artisanale ?","datePublished":"2024-10-23T13:30:47+00:00","dateModified":"2024-10-24T06:54:42+00:00","mainEntityOfPage":{"@id":"https:\/\/contactfm72.fr\/?p=17700"},"wordCount":129,"publisher":{"@id":"https:\/\/contactfm72.fr\/#organization"},"image":{"@id":"https:\/\/contactfm72.fr\/?p=17700#primaryimage"},"thumbnailUrl":"https:\/\/contactfm72.fr\/wp-content\/uploads\/2024\/10\/Visuel-Contact-FM-14.jpg","articleSection":["Contact FM 72"],"inLanguage":"fr-FR"},{"@type":"WebPage","@id":"https:\/\/contactfm72.fr\/?p=17700","url":"https:\/\/contactfm72.fr\/?p=17700","name":"Le D\u00e9clic - Qu'est-ce que l'association Escale Artisanale ? - Contact FM 99.3","isPartOf":{"@id":"https:\/\/contactfm72.fr\/#website"},"primaryImageOfPage":{"@id":"https:\/\/contactfm72.fr\/?p=17700#primaryimage"},"image":{"@id":"https:\/\/contactfm72.fr\/?p=17700#primaryimage"},"thumbnailUrl":"https:\/\/contactfm72.fr\/wp-content\/uploads\/2024\/10\/Visuel-Contact-FM-14.jpg","datePublished":"2024-10-23T13:30:47+00:00","dateModified":"2024-10-24T06:54:42+00:00","description":"L'association f\u00eate son anniversaire !R\u00e9unir des artisans dans des boutiques \u00e9ph\u00e9m\u00e8re, cr\u00e9er, se r\u00e9unir mais vivre de sa passion, comment faire ? Julie et Philippine, respectivement les g\u00e9rante de \"L'atelier de Nounou\" et \"Native Cr\u00e9ations\" sont les cr\u00e9atrices de l'association \"Escale Artisanale\". Elles nous parlent du d\u00e9clic de cr\u00e9er une entreprise, de g\u00e9rer sa vie professionnelle, sa vie personnelle mais aussi de leur routine matinale pour bien commencer une journ\u00e9e.","breadcrumb":{"@id":"https:\/\/contactfm72.fr\/?p=17700#breadcrumb"},"inLanguage":"fr-FR","potentialAction":[{"@type":"ReadAction","target":["https:\/\/contactfm72.fr\/?p=17700"]}]},{"@type":"ImageObject","inLanguage":"fr-FR","@id":"https:\/\/contactfm72.fr\/?p=17700#primaryimage","url":"https:\/\/contactfm72.fr\/wp-content\/uploads\/2024\/10\/Visuel-Contact-FM-14.jpg","contentUrl":"https:\/\/contactfm72.fr\/wp-content\/uploads\/2024\/10\/Visuel-Contact-FM-14.jpg","width":2016,"height":1512},{"@type":"BreadcrumbList","@id":"https:\/\/contactfm72.fr\/?p=17700#breadcrumb","itemListElement":[{"@type":"ListItem","position":1,"name":"Accueil","item":"https:\/\/contactfm72.fr\/"},{"@type":"ListItem","position":2,"name":"Le D\u00e9clic &#8211; Qu&#8217;est-ce que l&#8217;association Escale Artisanale ?"}]},{"@type":"WebSite","@id":"https:\/\/contactfm72.fr\/#website","url":"https:\/\/contactfm72.fr\/","name":"Contact FM 99.3","description":"Votre radio en vall\u00e9e du Loir","publisher":{"@id":"https:\/\/contactfm72.fr\/#organization"},"potentialAction":[{"@type":"SearchAction","target":{"@type":"EntryPoint","urlTemplate":"https:\/\/contactfm72.fr\/?s={search_term_string}"},"query-input":{"@type":"PropertyValueSpecification","valueRequired":true,"valueName":"search_term_string"}}],"inLanguage":"fr-FR"},{"@type":"Organization","@id":"https:\/\/contactfm72.fr\/#organization","name":"Contact FM 99.3","url":"https:\/\/contactfm72.fr\/","logo":{"@type":"ImageObject","inLanguage":"fr-FR","@id":"https:\/\/contactfm72.fr\/#\/schema\/logo\/image\/","url":"https:\/\/contactfm72.fr\/wp-content\/uploads\/2025\/04\/2025-04-18-2.jpg","contentUrl":"https:\/\/contactfm72.fr\/wp-content\/uploads\/2025\/04\/2025-04-18-2.jpg","width":680,"height":307,"caption":"Contact FM 99.3"},"image":{"@id":"https:\/\/contactfm72.fr\/#\/schema\/logo\/image\/"},"sameAs":["https:\/\/www.facebook.com\/Contactfm.Chateauduloir","https:\/\/x.com\/contactfm72","https:\/\/www.instagram.com\/contact.fm.72?igsh=cGhlMHQ5N2JlNnpp","https:\/\/www.tiktok.com\/@contact.fm"]},{"@type":"Person","@id":"https:\/\/contactfm72.fr\/#\/schema\/person\/d2ef09cdea7331b185acaddc4d14dda8","name":"redaction2@contactfm72.fr","image":{"@type":"ImageObject","inLanguage":"fr-FR","@id":"https:\/\/secure.gravatar.com\/avatar\/897f3d57289c1f4c62cade1c2606ba6ded18d5f1676845e668a9f21cb751c06b?s=96&d=mm&r=g","url":"https:\/\/secure.gravatar.com\/avatar\/897f3d57289c1f4c62cade1c2606ba6ded18d5f1676845e668a9f21cb751c06b?s=96&d=mm&r=g","contentUrl":"https:\/\/secure.gravatar.com\/avatar\/897f3d57289c1f4c62cade1c2606ba6ded18d5f1676845e668a9f21cb751c06b?s=96&d=mm&r=g","caption":"redaction2@contactfm72.fr"},"url":"https:\/\/contactfm72.fr\/?author=5"}]}},"_links":{"self":[{"href":"https:\/\/contactfm72.fr\/index.php?rest_route=\/wp\/v2\/posts\/17700","targetHints":{"allow":["GET"]}}],"collection":[{"href":"https:\/\/contactfm72.fr\/index.php?rest_route=\/wp\/v2\/posts"}],"about":[{"href":"https:\/\/contactfm72.fr\/index.php?rest_route=\/wp\/v2\/types\/post"}],"author":[{"embeddable":true,"href":"https:\/\/contactfm72.fr\/index.php?rest_route=\/wp\/v2\/users\/5"}],"replies":[{"embeddable":true,"href":"https:\/\/contactfm72.fr\/index.php?rest_route=%2Fwp%2Fv2%2Fcomments&post=17700"}],"version-history":[{"count":5,"href":"https:\/\/contactfm72.fr\/index.php?rest_route=\/wp\/v2\/posts\/17700\/revisions"}],"predecessor-version":[{"id":17717,"href":"https:\/\/contactfm72.fr\/index.php?rest_route=\/wp\/v2\/posts\/17700\/revisions\/17717"}],"wp:featuredmedia":[{"embeddable":true,"href":"https:\/\/contactfm72.fr\/index.php?rest_route=\/wp\/v2\/media\/17702"}],"wp:attachment":[{"href":"https:\/\/contactfm72.fr\/index.php?rest_route=%2Fwp%2Fv2%2Fmedia&parent=17700"}],"wp:term":[{"taxonomy":"category","embeddable":true,"href":"https:\/\/contactfm72.fr\/index.php?rest_route=%2Fwp%2Fv2%2Fcategories&post=17700"},{"taxonomy":"post_tag","embeddable":true,"href":"https:\/\/contactfm72.fr\/index.php?rest_route=%2Fwp%2Fv2%2Ftags&post=17700"}],"curies":[{"name":"wp","href":"https:\/\/api.w.org\/{rel}","templated":true}]}}