{"id":17696,"date":"2024-10-23T10:41:55","date_gmt":"2024-10-23T08:41:55","guid":{"rendered":"https:\/\/contactfm72.fr\/?p=17696"},"modified":"2024-10-23T10:41:55","modified_gmt":"2024-10-23T08:41:55","slug":"le-lien-octobre-rose-les-temps-forts-de-novembre-noel","status":"publish","type":"post","link":"https:\/\/contactfm72.fr\/?p=17696","title":{"rendered":"Le Lien &#8211; Octobre Rose, les temps forts de Novembre &#038; No\u00ebl"},"content":{"rendered":"<p>Une fin d&#8217;ann\u00e9e dynamique pour le centre social Loir &amp; Berc\u00e9 !<\/p>\n<p>Entre octobre rose, les temps forts du mois de novembre et les inscriptions pour les vacances de No\u00ebl au centre social, le programme s&#8217;annonce charg\u00e9. Qu&#8217;est-ce qui vous attend ? Jusqu&#8217;\u00e0 quelle date inscrire vos enfants pour les vacances de fin d&#8217;ann\u00e9e ? Marietta Garreau, animatrice du centre social Loir &amp; Berc\u00e9 nous en parle dans l&#8217;\u00e9mission &#8220;Le Lien&#8221; le mercredi 23 octobre \u00e0 12h30 et le lundi 28 octobre \u00e0 17h30.<\/p>\n<div id=\"audioigniter-287\" class=\"audioigniter-root \" data-player-type=\"full\" data-tracks-url=\"https:\/\/contactfm72.fr\/?audioigniter_playlist_id=287\" data-display-track-no=\"false\" data-reverse-track-order=\"false\" data-display-tracklist-covers=\"false\" data-display-active-cover=\"false\" data-display-artist-names=\"false\" data-display-buy-buttons=\"true\" data-buy-buttons-target=\"false\" data-cycle-tracks=\"false\" data-display-credits=\"false\" data-display-tracklist=\"true\" data-allow-tracklist-toggle=\"true\" data-allow-tracklist-loop=\"true\" data-limit-tracklist-height=\"true\" data-volume=\"100\" data-tracklist-height=\"185\" data-allow-track-loop=\"false\" ><\/div>\n<p>&nbsp;<\/p>\n<!-- AddThis Advanced Settings generic via filter on the_content --><!-- AddThis Share Buttons generic via filter on the_content -->","protected":false},"excerpt":{"rendered":"<p>Une fin d&#8217;ann\u00e9e dynamique pour le centre social Loir &amp; Berc\u00e9 ! Entre octobre rose, les temps forts du mois de novembre et les inscriptions pour les vacances de No\u00ebl au centre social, le programme s&#8217;annonce charg\u00e9. Qu&#8217;est-ce qui vous attend ? Jusqu&#8217;\u00e0 quelle date inscrire vos enfants pour les vacances de fin d&#8217;ann\u00e9e ?&hellip;<!-- AddThis Advanced Settings generic via filter on get_the_excerpt --><!-- AddThis Share Buttons generic via filter on get_the_excerpt --><\/p>\n","protected":false},"author":5,"featured_media":17697,"comment_status":"closed","ping_status":"open","sticky":false,"template":"","format":"standard","meta":{"footnotes":""},"categories":[1,18],"tags":[],"class_list":["post-17696","post","type-post","status-publish","format-standard","has-post-thumbnail","hentry","category-contact-fm-72","category-le-lien","category-1","category-18","description-off"],"yoast_head":"<!-- This site is optimized with the Yoast SEO plugin v27.4 - https:\/\/yoast.com\/product\/yoast-seo-wordpress\/ -->\n<title>Le Lien - Octobre Rose, les temps forts de Novembre &amp; No\u00ebl - Contact FM 99.3<\/title>\n<meta name=\"description\" content=\"Une fin d&#039;ann\u00e9e dynamique pour le centre social Loir &amp; Berc\u00e9 !\u00a0Entre octobre rose, les temps forts du mois de novembre et les inscriptions pour les vacances de No\u00ebl au centre social, le programme s&#039;annonce charg\u00e9e. Qu&#039;est-ce qui vous attend ? Jusqu&#039;\u00e0 quelle date inscrire vos enfants pour les vacances de fin d&#039;ann\u00e9e ? Marietta Garreau, animatrice du centre social Loir &amp; Berc\u00e9 nous en parle dans l&#039;\u00e9mission &quot;Le Lien&quot; le mercredi 23 octobre \u00e0 12h30 et le lundi 28 octobre \u00e0 17h30.\" \/>\n<meta name=\"robots\" content=\"index, follow, max-snippet:-1, max-image-preview:large, max-video-preview:-1\" \/>\n<link rel=\"canonical\" href=\"https:\/\/contactfm72.fr\/?p=17696\" \/>\n<meta property=\"og:locale\" content=\"fr_FR\" \/>\n<meta property=\"og:type\" content=\"article\" \/>\n<meta property=\"og:title\" content=\"Le Lien - Octobre Rose, les temps forts de Novembre &amp; No\u00ebl - Contact FM 99.3\" \/>\n<meta property=\"og:description\" content=\"Une fin d&#039;ann\u00e9e dynamique pour le centre social Loir &amp; Berc\u00e9 !\u00a0Entre octobre rose, les temps forts du mois de novembre et les inscriptions pour les vacances de No\u00ebl au centre social, le programme s&#039;annonce charg\u00e9e. Qu&#039;est-ce qui vous attend ? Jusqu&#039;\u00e0 quelle date inscrire vos enfants pour les vacances de fin d&#039;ann\u00e9e ? Marietta Garreau, animatrice du centre social Loir &amp; Berc\u00e9 nous en parle dans l&#039;\u00e9mission &quot;Le Lien&quot; le mercredi 23 octobre \u00e0 12h30 et le lundi 28 octobre \u00e0 17h30.\" \/>\n<meta property=\"og:url\" content=\"https:\/\/contactfm72.fr\/?p=17696\" \/>\n<meta property=\"og:site_name\" content=\"Contact FM 99.3\" \/>\n<meta property=\"article:publisher\" content=\"https:\/\/www.facebook.com\/Contactfm.Chateauduloir\" \/>\n<meta property=\"article:published_time\" content=\"2024-10-23T08:41:55+00:00\" \/>\n<meta property=\"og:image\" content=\"http:\/\/contactfm72.fr\/wp-content\/uploads\/2024\/10\/Visuel-Contact-FM-13.jpg\" \/>\n\t<meta property=\"og:image:width\" content=\"2016\" \/>\n\t<meta property=\"og:image:height\" content=\"1512\" \/>\n\t<meta property=\"og:image:type\" content=\"image\/jpeg\" \/>\n<meta name=\"author\" content=\"redaction2@contactfm72.fr\" \/>\n<meta name=\"twitter:card\" content=\"summary_large_image\" \/>\n<meta name=\"twitter:creator\" content=\"@contactfm72\" \/>\n<meta name=\"twitter:site\" content=\"@contactfm72\" \/>\n<meta name=\"twitter:label1\" content=\"\u00c9crit par\" \/>\n\t<meta name=\"twitter:data1\" content=\"redaction2@contactfm72.fr\" \/>\n\t<meta name=\"twitter:label2\" content=\"Dur\u00e9e de lecture estim\u00e9e\" \/>\n\t<meta name=\"twitter:data2\" content=\"1 minute\" \/>\n<script type=\"application\/ld+json\" class=\"yoast-schema-graph\">{\"@context\":\"https:\\\/\\\/schema.org\",\"@graph\":[{\"@type\":\"Article\",\"@id\":\"https:\\\/\\\/contactfm72.fr\\\/?p=17696#article\",\"isPartOf\":{\"@id\":\"https:\\\/\\\/contactfm72.fr\\\/?p=17696\"},\"author\":{\"name\":\"redaction2@contactfm72.fr\",\"@id\":\"https:\\\/\\\/contactfm72.fr\\\/#\\\/schema\\\/person\\\/d2ef09cdea7331b185acaddc4d14dda8\"},\"headline\":\"Le Lien &#8211; Octobre Rose, les temps forts de Novembre &#038; No\u00ebl\",\"datePublished\":\"2024-10-23T08:41:55+00:00\",\"mainEntityOfPage\":{\"@id\":\"https:\\\/\\\/contactfm72.fr\\\/?p=17696\"},\"wordCount\":101,\"publisher\":{\"@id\":\"https:\\\/\\\/contactfm72.fr\\\/#organization\"},\"image\":{\"@id\":\"https:\\\/\\\/contactfm72.fr\\\/?p=17696#primaryimage\"},\"thumbnailUrl\":\"https:\\\/\\\/contactfm72.fr\\\/wp-content\\\/uploads\\\/2024\\\/10\\\/Visuel-Contact-FM-13.jpg\",\"articleSection\":[\"Contact FM 72\",\"Le Lien\"],\"inLanguage\":\"fr-FR\"},{\"@type\":\"WebPage\",\"@id\":\"https:\\\/\\\/contactfm72.fr\\\/?p=17696\",\"url\":\"https:\\\/\\\/contactfm72.fr\\\/?p=17696\",\"name\":\"Le Lien - Octobre Rose, les temps forts de Novembre & No\u00ebl - Contact FM 99.3\",\"isPartOf\":{\"@id\":\"https:\\\/\\\/contactfm72.fr\\\/#website\"},\"primaryImageOfPage\":{\"@id\":\"https:\\\/\\\/contactfm72.fr\\\/?p=17696#primaryimage\"},\"image\":{\"@id\":\"https:\\\/\\\/contactfm72.fr\\\/?p=17696#primaryimage\"},\"thumbnailUrl\":\"https:\\\/\\\/contactfm72.fr\\\/wp-content\\\/uploads\\\/2024\\\/10\\\/Visuel-Contact-FM-13.jpg\",\"datePublished\":\"2024-10-23T08:41:55+00:00\",\"description\":\"Une fin d'ann\u00e9e dynamique pour le centre social Loir & Berc\u00e9 !\u00a0Entre octobre rose, les temps forts du mois de novembre et les inscriptions pour les vacances de No\u00ebl au centre social, le programme s'annonce charg\u00e9e. Qu'est-ce qui vous attend ? Jusqu'\u00e0 quelle date inscrire vos enfants pour les vacances de fin d'ann\u00e9e ? Marietta Garreau, animatrice du centre social Loir & Berc\u00e9 nous en parle dans l'\u00e9mission \\\"Le Lien\\\" le mercredi 23 octobre \u00e0 12h30 et le lundi 28 octobre \u00e0 17h30.\",\"breadcrumb\":{\"@id\":\"https:\\\/\\\/contactfm72.fr\\\/?p=17696#breadcrumb\"},\"inLanguage\":\"fr-FR\",\"potentialAction\":[{\"@type\":\"ReadAction\",\"target\":[\"https:\\\/\\\/contactfm72.fr\\\/?p=17696\"]}]},{\"@type\":\"ImageObject\",\"inLanguage\":\"fr-FR\",\"@id\":\"https:\\\/\\\/contactfm72.fr\\\/?p=17696#primaryimage\",\"url\":\"https:\\\/\\\/contactfm72.fr\\\/wp-content\\\/uploads\\\/2024\\\/10\\\/Visuel-Contact-FM-13.jpg\",\"contentUrl\":\"https:\\\/\\\/contactfm72.fr\\\/wp-content\\\/uploads\\\/2024\\\/10\\\/Visuel-Contact-FM-13.jpg\",\"width\":2016,\"height\":1512},{\"@type\":\"BreadcrumbList\",\"@id\":\"https:\\\/\\\/contactfm72.fr\\\/?p=17696#breadcrumb\",\"itemListElement\":[{\"@type\":\"ListItem\",\"position\":1,\"name\":\"Accueil\",\"item\":\"https:\\\/\\\/contactfm72.fr\\\/\"},{\"@type\":\"ListItem\",\"position\":2,\"name\":\"Le Lien &#8211; Octobre Rose, les temps forts de Novembre &#038; No\u00ebl\"}]},{\"@type\":\"WebSite\",\"@id\":\"https:\\\/\\\/contactfm72.fr\\\/#website\",\"url\":\"https:\\\/\\\/contactfm72.fr\\\/\",\"name\":\"Contact FM 99.3\",\"description\":\"Votre radio en vall\u00e9e du Loir\",\"publisher\":{\"@id\":\"https:\\\/\\\/contactfm72.fr\\\/#organization\"},\"potentialAction\":[{\"@type\":\"SearchAction\",\"target\":{\"@type\":\"EntryPoint\",\"urlTemplate\":\"https:\\\/\\\/contactfm72.fr\\\/?s={search_term_string}\"},\"query-input\":{\"@type\":\"PropertyValueSpecification\",\"valueRequired\":true,\"valueName\":\"search_term_string\"}}],\"inLanguage\":\"fr-FR\"},{\"@type\":\"Organization\",\"@id\":\"https:\\\/\\\/contactfm72.fr\\\/#organization\",\"name\":\"Contact FM 99.3\",\"url\":\"https:\\\/\\\/contactfm72.fr\\\/\",\"logo\":{\"@type\":\"ImageObject\",\"inLanguage\":\"fr-FR\",\"@id\":\"https:\\\/\\\/contactfm72.fr\\\/#\\\/schema\\\/logo\\\/image\\\/\",\"url\":\"https:\\\/\\\/contactfm72.fr\\\/wp-content\\\/uploads\\\/2025\\\/04\\\/2025-04-18-2.jpg\",\"contentUrl\":\"https:\\\/\\\/contactfm72.fr\\\/wp-content\\\/uploads\\\/2025\\\/04\\\/2025-04-18-2.jpg\",\"width\":680,\"height\":307,\"caption\":\"Contact FM 99.3\"},\"image\":{\"@id\":\"https:\\\/\\\/contactfm72.fr\\\/#\\\/schema\\\/logo\\\/image\\\/\"},\"sameAs\":[\"https:\\\/\\\/www.facebook.com\\\/Contactfm.Chateauduloir\",\"https:\\\/\\\/x.com\\\/contactfm72\",\"https:\\\/\\\/www.instagram.com\\\/contact.fm.72?igsh=cGhlMHQ5N2JlNnpp\",\"https:\\\/\\\/www.tiktok.com\\\/@contact.fm\"]},{\"@type\":\"Person\",\"@id\":\"https:\\\/\\\/contactfm72.fr\\\/#\\\/schema\\\/person\\\/d2ef09cdea7331b185acaddc4d14dda8\",\"name\":\"redaction2@contactfm72.fr\",\"image\":{\"@type\":\"ImageObject\",\"inLanguage\":\"fr-FR\",\"@id\":\"https:\\\/\\\/secure.gravatar.com\\\/avatar\\\/897f3d57289c1f4c62cade1c2606ba6ded18d5f1676845e668a9f21cb751c06b?s=96&d=mm&r=g\",\"url\":\"https:\\\/\\\/secure.gravatar.com\\\/avatar\\\/897f3d57289c1f4c62cade1c2606ba6ded18d5f1676845e668a9f21cb751c06b?s=96&d=mm&r=g\",\"contentUrl\":\"https:\\\/\\\/secure.gravatar.com\\\/avatar\\\/897f3d57289c1f4c62cade1c2606ba6ded18d5f1676845e668a9f21cb751c06b?s=96&d=mm&r=g\",\"caption\":\"redaction2@contactfm72.fr\"},\"url\":\"https:\\\/\\\/contactfm72.fr\\\/?author=5\"}]}<\/script>\n<!-- \/ Yoast SEO plugin. -->","yoast_head_json":{"title":"Le Lien - Octobre Rose, les temps forts de Novembre & No\u00ebl - Contact FM 99.3","description":"Une fin d'ann\u00e9e dynamique pour le centre social Loir & Berc\u00e9 !\u00a0Entre octobre rose, les temps forts du mois de novembre et les inscriptions pour les vacances de No\u00ebl au centre social, le programme s'annonce charg\u00e9e. Qu'est-ce qui vous attend ? Jusqu'\u00e0 quelle date inscrire vos enfants pour les vacances de fin d'ann\u00e9e ? Marietta Garreau, animatrice du centre social Loir & Berc\u00e9 nous en parle dans l'\u00e9mission \"Le Lien\" le mercredi 23 octobre \u00e0 12h30 et le lundi 28 octobre \u00e0 17h30.","robots":{"index":"index","follow":"follow","max-snippet":"max-snippet:-1","max-image-preview":"max-image-preview:large","max-video-preview":"max-video-preview:-1"},"canonical":"https:\/\/contactfm72.fr\/?p=17696","og_locale":"fr_FR","og_type":"article","og_title":"Le Lien - Octobre Rose, les temps forts de Novembre & No\u00ebl - Contact FM 99.3","og_description":"Une fin d'ann\u00e9e dynamique pour le centre social Loir & Berc\u00e9 !\u00a0Entre octobre rose, les temps forts du mois de novembre et les inscriptions pour les vacances de No\u00ebl au centre social, le programme s'annonce charg\u00e9e. Qu'est-ce qui vous attend ? Jusqu'\u00e0 quelle date inscrire vos enfants pour les vacances de fin d'ann\u00e9e ? Marietta Garreau, animatrice du centre social Loir & Berc\u00e9 nous en parle dans l'\u00e9mission \"Le Lien\" le mercredi 23 octobre \u00e0 12h30 et le lundi 28 octobre \u00e0 17h30.","og_url":"https:\/\/contactfm72.fr\/?p=17696","og_site_name":"Contact FM 99.3","article_publisher":"https:\/\/www.facebook.com\/Contactfm.Chateauduloir","article_published_time":"2024-10-23T08:41:55+00:00","og_image":[{"width":2016,"height":1512,"url":"http:\/\/contactfm72.fr\/wp-content\/uploads\/2024\/10\/Visuel-Contact-FM-13.jpg","type":"image\/jpeg"}],"author":"redaction2@contactfm72.fr","twitter_card":"summary_large_image","twitter_creator":"@contactfm72","twitter_site":"@contactfm72","twitter_misc":{"\u00c9crit par":"redaction2@contactfm72.fr","Dur\u00e9e de lecture estim\u00e9e":"1 minute"},"schema":{"@context":"https:\/\/schema.org","@graph":[{"@type":"Article","@id":"https:\/\/contactfm72.fr\/?p=17696#article","isPartOf":{"@id":"https:\/\/contactfm72.fr\/?p=17696"},"author":{"name":"redaction2@contactfm72.fr","@id":"https:\/\/contactfm72.fr\/#\/schema\/person\/d2ef09cdea7331b185acaddc4d14dda8"},"headline":"Le Lien &#8211; Octobre Rose, les temps forts de Novembre &#038; No\u00ebl","datePublished":"2024-10-23T08:41:55+00:00","mainEntityOfPage":{"@id":"https:\/\/contactfm72.fr\/?p=17696"},"wordCount":101,"publisher":{"@id":"https:\/\/contactfm72.fr\/#organization"},"image":{"@id":"https:\/\/contactfm72.fr\/?p=17696#primaryimage"},"thumbnailUrl":"https:\/\/contactfm72.fr\/wp-content\/uploads\/2024\/10\/Visuel-Contact-FM-13.jpg","articleSection":["Contact FM 72","Le Lien"],"inLanguage":"fr-FR"},{"@type":"WebPage","@id":"https:\/\/contactfm72.fr\/?p=17696","url":"https:\/\/contactfm72.fr\/?p=17696","name":"Le Lien - Octobre Rose, les temps forts de Novembre & No\u00ebl - Contact FM 99.3","isPartOf":{"@id":"https:\/\/contactfm72.fr\/#website"},"primaryImageOfPage":{"@id":"https:\/\/contactfm72.fr\/?p=17696#primaryimage"},"image":{"@id":"https:\/\/contactfm72.fr\/?p=17696#primaryimage"},"thumbnailUrl":"https:\/\/contactfm72.fr\/wp-content\/uploads\/2024\/10\/Visuel-Contact-FM-13.jpg","datePublished":"2024-10-23T08:41:55+00:00","description":"Une fin d'ann\u00e9e dynamique pour le centre social Loir & Berc\u00e9 !\u00a0Entre octobre rose, les temps forts du mois de novembre et les inscriptions pour les vacances de No\u00ebl au centre social, le programme s'annonce charg\u00e9e. Qu'est-ce qui vous attend ? Jusqu'\u00e0 quelle date inscrire vos enfants pour les vacances de fin d'ann\u00e9e ? Marietta Garreau, animatrice du centre social Loir & Berc\u00e9 nous en parle dans l'\u00e9mission \"Le Lien\" le mercredi 23 octobre \u00e0 12h30 et le lundi 28 octobre \u00e0 17h30.","breadcrumb":{"@id":"https:\/\/contactfm72.fr\/?p=17696#breadcrumb"},"inLanguage":"fr-FR","potentialAction":[{"@type":"ReadAction","target":["https:\/\/contactfm72.fr\/?p=17696"]}]},{"@type":"ImageObject","inLanguage":"fr-FR","@id":"https:\/\/contactfm72.fr\/?p=17696#primaryimage","url":"https:\/\/contactfm72.fr\/wp-content\/uploads\/2024\/10\/Visuel-Contact-FM-13.jpg","contentUrl":"https:\/\/contactfm72.fr\/wp-content\/uploads\/2024\/10\/Visuel-Contact-FM-13.jpg","width":2016,"height":1512},{"@type":"BreadcrumbList","@id":"https:\/\/contactfm72.fr\/?p=17696#breadcrumb","itemListElement":[{"@type":"ListItem","position":1,"name":"Accueil","item":"https:\/\/contactfm72.fr\/"},{"@type":"ListItem","position":2,"name":"Le Lien &#8211; Octobre Rose, les temps forts de Novembre &#038; No\u00ebl"}]},{"@type":"WebSite","@id":"https:\/\/contactfm72.fr\/#website","url":"https:\/\/contactfm72.fr\/","name":"Contact FM 99.3","description":"Votre radio en vall\u00e9e du Loir","publisher":{"@id":"https:\/\/contactfm72.fr\/#organization"},"potentialAction":[{"@type":"SearchAction","target":{"@type":"EntryPoint","urlTemplate":"https:\/\/contactfm72.fr\/?s={search_term_string}"},"query-input":{"@type":"PropertyValueSpecification","valueRequired":true,"valueName":"search_term_string"}}],"inLanguage":"fr-FR"},{"@type":"Organization","@id":"https:\/\/contactfm72.fr\/#organization","name":"Contact FM 99.3","url":"https:\/\/contactfm72.fr\/","logo":{"@type":"ImageObject","inLanguage":"fr-FR","@id":"https:\/\/contactfm72.fr\/#\/schema\/logo\/image\/","url":"https:\/\/contactfm72.fr\/wp-content\/uploads\/2025\/04\/2025-04-18-2.jpg","contentUrl":"https:\/\/contactfm72.fr\/wp-content\/uploads\/2025\/04\/2025-04-18-2.jpg","width":680,"height":307,"caption":"Contact FM 99.3"},"image":{"@id":"https:\/\/contactfm72.fr\/#\/schema\/logo\/image\/"},"sameAs":["https:\/\/www.facebook.com\/Contactfm.Chateauduloir","https:\/\/x.com\/contactfm72","https:\/\/www.instagram.com\/contact.fm.72?igsh=cGhlMHQ5N2JlNnpp","https:\/\/www.tiktok.com\/@contact.fm"]},{"@type":"Person","@id":"https:\/\/contactfm72.fr\/#\/schema\/person\/d2ef09cdea7331b185acaddc4d14dda8","name":"redaction2@contactfm72.fr","image":{"@type":"ImageObject","inLanguage":"fr-FR","@id":"https:\/\/secure.gravatar.com\/avatar\/897f3d57289c1f4c62cade1c2606ba6ded18d5f1676845e668a9f21cb751c06b?s=96&d=mm&r=g","url":"https:\/\/secure.gravatar.com\/avatar\/897f3d57289c1f4c62cade1c2606ba6ded18d5f1676845e668a9f21cb751c06b?s=96&d=mm&r=g","contentUrl":"https:\/\/secure.gravatar.com\/avatar\/897f3d57289c1f4c62cade1c2606ba6ded18d5f1676845e668a9f21cb751c06b?s=96&d=mm&r=g","caption":"redaction2@contactfm72.fr"},"url":"https:\/\/contactfm72.fr\/?author=5"}]}},"_links":{"self":[{"href":"https:\/\/contactfm72.fr\/index.php?rest_route=\/wp\/v2\/posts\/17696","targetHints":{"allow":["GET"]}}],"collection":[{"href":"https:\/\/contactfm72.fr\/index.php?rest_route=\/wp\/v2\/posts"}],"about":[{"href":"https:\/\/contactfm72.fr\/index.php?rest_route=\/wp\/v2\/types\/post"}],"author":[{"embeddable":true,"href":"https:\/\/contactfm72.fr\/index.php?rest_route=\/wp\/v2\/users\/5"}],"replies":[{"embeddable":true,"href":"https:\/\/contactfm72.fr\/index.php?rest_route=%2Fwp%2Fv2%2Fcomments&post=17696"}],"version-history":[{"count":1,"href":"https:\/\/contactfm72.fr\/index.php?rest_route=\/wp\/v2\/posts\/17696\/revisions"}],"predecessor-version":[{"id":17698,"href":"https:\/\/contactfm72.fr\/index.php?rest_route=\/wp\/v2\/posts\/17696\/revisions\/17698"}],"wp:featuredmedia":[{"embeddable":true,"href":"https:\/\/contactfm72.fr\/index.php?rest_route=\/wp\/v2\/media\/17697"}],"wp:attachment":[{"href":"https:\/\/contactfm72.fr\/index.php?rest_route=%2Fwp%2Fv2%2Fmedia&parent=17696"}],"wp:term":[{"taxonomy":"category","embeddable":true,"href":"https:\/\/contactfm72.fr\/index.php?rest_route=%2Fwp%2Fv2%2Fcategories&post=17696"},{"taxonomy":"post_tag","embeddable":true,"href":"https:\/\/contactfm72.fr\/index.php?rest_route=%2Fwp%2Fv2%2Ftags&post=17696"}],"curies":[{"name":"wp","href":"https:\/\/api.w.org\/{rel}","templated":true}]}}