{"id":17688,"date":"2024-10-22T17:11:17","date_gmt":"2024-10-22T15:11:17","guid":{"rendered":"https:\/\/contactfm72.fr\/?p=17688"},"modified":"2024-10-23T06:57:40","modified_gmt":"2024-10-23T04:57:40","slug":"le-3eme-rassemblement-de-voitures-a-montval-sur-loir","status":"publish","type":"post","link":"https:\/\/contactfm72.fr\/?p=17688","title":{"rendered":"Un 3\u00e8me rassemblement de voitures \u00e0 Montval-sur-Loir dimanche"},"content":{"rendered":"<p>Un dimanche qui va \u00eatre anim\u00e9 \u00e0 Montval-sur-Loir !<\/p>\n<p>Des voitures de tous les styles, de toutes les g\u00e9n\u00e9rations, c&#8217;est ce qui est pr\u00e9vu en partie ce dimanche 27 octobre au parking du centre E.Leclerc de Montval-sur-Loir \u00e0 partir de 14h. Pour la 3\u00e8me fois, les passionn\u00e9(e)s se r\u00e9uniront pour partager une passion commune, avec en plus des tracteurs de course, ou encore de la moto-drag.<\/p>\n<p>Une partie de l&#8217;association, Rassemble&#8217;Mans 72 est dans &#8220;L&#8217;interview du jour&#8221; le mardi 22 octobre \u00e0 18h, le mercredi 23 octobre \u00e0 13h, le samedi 26 octobre \u00e0 14h et le dimanche 27 octobre \u00e0 11h.<\/p>\n<div id=\"audioigniter-283\" class=\"audioigniter-root \" data-player-type=\"full\" data-tracks-url=\"https:\/\/contactfm72.fr\/?audioigniter_playlist_id=283\" data-display-track-no=\"false\" data-reverse-track-order=\"false\" data-display-tracklist-covers=\"false\" data-display-active-cover=\"false\" data-display-artist-names=\"false\" data-display-buy-buttons=\"true\" data-buy-buttons-target=\"false\" data-cycle-tracks=\"false\" data-display-credits=\"false\" data-display-tracklist=\"true\" data-allow-tracklist-toggle=\"false\" data-allow-tracklist-loop=\"true\" data-limit-tracklist-height=\"true\" data-volume=\"100\" data-tracklist-height=\"185\" data-allow-track-loop=\"false\" ><\/div>\n<p>&nbsp;<\/p>\n<!-- AddThis Advanced Settings generic via filter on the_content --><!-- AddThis Share Buttons generic via filter on the_content -->","protected":false},"excerpt":{"rendered":"<p>Un dimanche qui va \u00eatre anim\u00e9 \u00e0 Montval-sur-Loir ! Des voitures de tous les styles, de toutes les g\u00e9n\u00e9rations, c&#8217;est ce qui est pr\u00e9vu en partie ce dimanche 27 octobre au parking du centre E.Leclerc de Montval-sur-Loir \u00e0 partir de 14h. Pour la 3\u00e8me fois, les passionn\u00e9(e)s se r\u00e9uniront pour partager une passion commune, avec&hellip;<!-- AddThis Advanced Settings generic via filter on get_the_excerpt --><!-- AddThis Share Buttons generic via filter on get_the_excerpt --><\/p>\n","protected":false},"author":5,"featured_media":17689,"comment_status":"closed","ping_status":"open","sticky":false,"template":"","format":"standard","meta":{"footnotes":""},"categories":[1,5],"tags":[],"class_list":["post-17688","post","type-post","status-publish","format-standard","has-post-thumbnail","hentry","category-contact-fm-72","category-linterview-du-jour","category-1","category-5","description-off"],"yoast_head":"<!-- This site is optimized with the Yoast SEO plugin v27.4 - https:\/\/yoast.com\/product\/yoast-seo-wordpress\/ -->\n<title>Un 3\u00e8me rassemblement de voitures \u00e0 Montval-sur-Loir dimanche - Contact FM 99.3<\/title>\n<meta name=\"description\" content=\"Un dimanche qui va \u00eatre anim\u00e9 \u00e0 Montval-sur-Loir !\u00a0Des voitures de tous les tyles, de toutes les g\u00e9n\u00e9rations, c&#039;est ce qui est pr\u00e9vu en partie ce dimanche 27 octobre au parking du centre E.Leclerc de Montval-sur-Loir \u00e0 partir de 14h. Pour la 3\u00e8me fois, les passionn\u00e9(e)s se r\u00e9uniront pour partager une passion commune, avec en plus des tracteurs de course, ou encore de la moto-drag. Une partie de l&#039;association, &quot;Rassemble&#039;Mans 72&quot; est dans l&#039;interview du jour le mardi 22 octobre \u00e0 18h, le mercredi 23 octobre \u00e0 13h, le samedi 26 octobre \u00e0 14h et le dimanche 27 octobre \u00e0 11h.\" \/>\n<meta name=\"robots\" content=\"index, follow, max-snippet:-1, max-image-preview:large, max-video-preview:-1\" \/>\n<link rel=\"canonical\" href=\"https:\/\/contactfm72.fr\/?p=17688\" \/>\n<meta property=\"og:locale\" content=\"fr_FR\" \/>\n<meta property=\"og:type\" content=\"article\" \/>\n<meta property=\"og:title\" content=\"Un 3\u00e8me rassemblement de voitures \u00e0 Montval-sur-Loir dimanche - Contact FM 99.3\" \/>\n<meta property=\"og:description\" content=\"Un dimanche qui va \u00eatre anim\u00e9 \u00e0 Montval-sur-Loir !\u00a0Des voitures de tous les tyles, de toutes les g\u00e9n\u00e9rations, c&#039;est ce qui est pr\u00e9vu en partie ce dimanche 27 octobre au parking du centre E.Leclerc de Montval-sur-Loir \u00e0 partir de 14h. Pour la 3\u00e8me fois, les passionn\u00e9(e)s se r\u00e9uniront pour partager une passion commune, avec en plus des tracteurs de course, ou encore de la moto-drag. Une partie de l&#039;association, &quot;Rassemble&#039;Mans 72&quot; est dans l&#039;interview du jour le mardi 22 octobre \u00e0 18h, le mercredi 23 octobre \u00e0 13h, le samedi 26 octobre \u00e0 14h et le dimanche 27 octobre \u00e0 11h.\" \/>\n<meta property=\"og:url\" content=\"https:\/\/contactfm72.fr\/?p=17688\" \/>\n<meta property=\"og:site_name\" content=\"Contact FM 99.3\" \/>\n<meta property=\"article:publisher\" content=\"https:\/\/www.facebook.com\/Contactfm.Chateauduloir\" \/>\n<meta property=\"article:published_time\" content=\"2024-10-22T15:11:17+00:00\" \/>\n<meta property=\"article:modified_time\" content=\"2024-10-23T04:57:40+00:00\" \/>\n<meta property=\"og:image\" content=\"http:\/\/contactfm72.fr\/wp-content\/uploads\/2024\/10\/Visuel-Contact-FM-12.jpg\" \/>\n\t<meta property=\"og:image:width\" content=\"2016\" \/>\n\t<meta property=\"og:image:height\" content=\"1512\" \/>\n\t<meta property=\"og:image:type\" content=\"image\/jpeg\" \/>\n<meta name=\"author\" content=\"redaction2@contactfm72.fr\" \/>\n<meta name=\"twitter:card\" content=\"summary_large_image\" \/>\n<meta name=\"twitter:creator\" content=\"@contactfm72\" \/>\n<meta name=\"twitter:site\" content=\"@contactfm72\" \/>\n<meta name=\"twitter:label1\" content=\"\u00c9crit par\" \/>\n\t<meta name=\"twitter:data1\" content=\"redaction2@contactfm72.fr\" \/>\n\t<meta name=\"twitter:label2\" content=\"Dur\u00e9e de lecture estim\u00e9e\" \/>\n\t<meta name=\"twitter:data2\" content=\"1 minute\" \/>\n<script type=\"application\/ld+json\" class=\"yoast-schema-graph\">{\"@context\":\"https:\\\/\\\/schema.org\",\"@graph\":[{\"@type\":\"Article\",\"@id\":\"https:\\\/\\\/contactfm72.fr\\\/?p=17688#article\",\"isPartOf\":{\"@id\":\"https:\\\/\\\/contactfm72.fr\\\/?p=17688\"},\"author\":{\"name\":\"redaction2@contactfm72.fr\",\"@id\":\"https:\\\/\\\/contactfm72.fr\\\/#\\\/schema\\\/person\\\/d2ef09cdea7331b185acaddc4d14dda8\"},\"headline\":\"Un 3\u00e8me rassemblement de voitures \u00e0 Montval-sur-Loir dimanche\",\"datePublished\":\"2024-10-22T15:11:17+00:00\",\"dateModified\":\"2024-10-23T04:57:40+00:00\",\"mainEntityOfPage\":{\"@id\":\"https:\\\/\\\/contactfm72.fr\\\/?p=17688\"},\"wordCount\":111,\"publisher\":{\"@id\":\"https:\\\/\\\/contactfm72.fr\\\/#organization\"},\"image\":{\"@id\":\"https:\\\/\\\/contactfm72.fr\\\/?p=17688#primaryimage\"},\"thumbnailUrl\":\"https:\\\/\\\/contactfm72.fr\\\/wp-content\\\/uploads\\\/2024\\\/10\\\/Visuel-Contact-FM-12.jpg\",\"articleSection\":[\"Contact FM 72\",\"L'interview du jour\"],\"inLanguage\":\"fr-FR\"},{\"@type\":\"WebPage\",\"@id\":\"https:\\\/\\\/contactfm72.fr\\\/?p=17688\",\"url\":\"https:\\\/\\\/contactfm72.fr\\\/?p=17688\",\"name\":\"Un 3\u00e8me rassemblement de voitures \u00e0 Montval-sur-Loir dimanche - Contact FM 99.3\",\"isPartOf\":{\"@id\":\"https:\\\/\\\/contactfm72.fr\\\/#website\"},\"primaryImageOfPage\":{\"@id\":\"https:\\\/\\\/contactfm72.fr\\\/?p=17688#primaryimage\"},\"image\":{\"@id\":\"https:\\\/\\\/contactfm72.fr\\\/?p=17688#primaryimage\"},\"thumbnailUrl\":\"https:\\\/\\\/contactfm72.fr\\\/wp-content\\\/uploads\\\/2024\\\/10\\\/Visuel-Contact-FM-12.jpg\",\"datePublished\":\"2024-10-22T15:11:17+00:00\",\"dateModified\":\"2024-10-23T04:57:40+00:00\",\"description\":\"Un dimanche qui va \u00eatre anim\u00e9 \u00e0 Montval-sur-Loir !\u00a0Des voitures de tous les tyles, de toutes les g\u00e9n\u00e9rations, c'est ce qui est pr\u00e9vu en partie ce dimanche 27 octobre au parking du centre E.Leclerc de Montval-sur-Loir \u00e0 partir de 14h. Pour la 3\u00e8me fois, les passionn\u00e9(e)s se r\u00e9uniront pour partager une passion commune, avec en plus des tracteurs de course, ou encore de la moto-drag. Une partie de l'association, \\\"Rassemble'Mans 72\\\" est dans l'interview du jour le mardi 22 octobre \u00e0 18h, le mercredi 23 octobre \u00e0 13h, le samedi 26 octobre \u00e0 14h et le dimanche 27 octobre \u00e0 11h.\",\"breadcrumb\":{\"@id\":\"https:\\\/\\\/contactfm72.fr\\\/?p=17688#breadcrumb\"},\"inLanguage\":\"fr-FR\",\"potentialAction\":[{\"@type\":\"ReadAction\",\"target\":[\"https:\\\/\\\/contactfm72.fr\\\/?p=17688\"]}]},{\"@type\":\"ImageObject\",\"inLanguage\":\"fr-FR\",\"@id\":\"https:\\\/\\\/contactfm72.fr\\\/?p=17688#primaryimage\",\"url\":\"https:\\\/\\\/contactfm72.fr\\\/wp-content\\\/uploads\\\/2024\\\/10\\\/Visuel-Contact-FM-12.jpg\",\"contentUrl\":\"https:\\\/\\\/contactfm72.fr\\\/wp-content\\\/uploads\\\/2024\\\/10\\\/Visuel-Contact-FM-12.jpg\",\"width\":2016,\"height\":1512},{\"@type\":\"BreadcrumbList\",\"@id\":\"https:\\\/\\\/contactfm72.fr\\\/?p=17688#breadcrumb\",\"itemListElement\":[{\"@type\":\"ListItem\",\"position\":1,\"name\":\"Accueil\",\"item\":\"https:\\\/\\\/contactfm72.fr\\\/\"},{\"@type\":\"ListItem\",\"position\":2,\"name\":\"Un 3\u00e8me rassemblement de voitures \u00e0 Montval-sur-Loir dimanche\"}]},{\"@type\":\"WebSite\",\"@id\":\"https:\\\/\\\/contactfm72.fr\\\/#website\",\"url\":\"https:\\\/\\\/contactfm72.fr\\\/\",\"name\":\"Contact FM 99.3\",\"description\":\"Votre radio en vall\u00e9e du Loir\",\"publisher\":{\"@id\":\"https:\\\/\\\/contactfm72.fr\\\/#organization\"},\"potentialAction\":[{\"@type\":\"SearchAction\",\"target\":{\"@type\":\"EntryPoint\",\"urlTemplate\":\"https:\\\/\\\/contactfm72.fr\\\/?s={search_term_string}\"},\"query-input\":{\"@type\":\"PropertyValueSpecification\",\"valueRequired\":true,\"valueName\":\"search_term_string\"}}],\"inLanguage\":\"fr-FR\"},{\"@type\":\"Organization\",\"@id\":\"https:\\\/\\\/contactfm72.fr\\\/#organization\",\"name\":\"Contact FM 99.3\",\"url\":\"https:\\\/\\\/contactfm72.fr\\\/\",\"logo\":{\"@type\":\"ImageObject\",\"inLanguage\":\"fr-FR\",\"@id\":\"https:\\\/\\\/contactfm72.fr\\\/#\\\/schema\\\/logo\\\/image\\\/\",\"url\":\"https:\\\/\\\/contactfm72.fr\\\/wp-content\\\/uploads\\\/2025\\\/04\\\/2025-04-18-2.jpg\",\"contentUrl\":\"https:\\\/\\\/contactfm72.fr\\\/wp-content\\\/uploads\\\/2025\\\/04\\\/2025-04-18-2.jpg\",\"width\":680,\"height\":307,\"caption\":\"Contact FM 99.3\"},\"image\":{\"@id\":\"https:\\\/\\\/contactfm72.fr\\\/#\\\/schema\\\/logo\\\/image\\\/\"},\"sameAs\":[\"https:\\\/\\\/www.facebook.com\\\/Contactfm.Chateauduloir\",\"https:\\\/\\\/x.com\\\/contactfm72\",\"https:\\\/\\\/www.instagram.com\\\/contact.fm.72?igsh=cGhlMHQ5N2JlNnpp\",\"https:\\\/\\\/www.tiktok.com\\\/@contact.fm\"]},{\"@type\":\"Person\",\"@id\":\"https:\\\/\\\/contactfm72.fr\\\/#\\\/schema\\\/person\\\/d2ef09cdea7331b185acaddc4d14dda8\",\"name\":\"redaction2@contactfm72.fr\",\"image\":{\"@type\":\"ImageObject\",\"inLanguage\":\"fr-FR\",\"@id\":\"https:\\\/\\\/secure.gravatar.com\\\/avatar\\\/897f3d57289c1f4c62cade1c2606ba6ded18d5f1676845e668a9f21cb751c06b?s=96&d=mm&r=g\",\"url\":\"https:\\\/\\\/secure.gravatar.com\\\/avatar\\\/897f3d57289c1f4c62cade1c2606ba6ded18d5f1676845e668a9f21cb751c06b?s=96&d=mm&r=g\",\"contentUrl\":\"https:\\\/\\\/secure.gravatar.com\\\/avatar\\\/897f3d57289c1f4c62cade1c2606ba6ded18d5f1676845e668a9f21cb751c06b?s=96&d=mm&r=g\",\"caption\":\"redaction2@contactfm72.fr\"},\"url\":\"https:\\\/\\\/contactfm72.fr\\\/?author=5\"}]}<\/script>\n<!-- \/ Yoast SEO plugin. -->","yoast_head_json":{"title":"Un 3\u00e8me rassemblement de voitures \u00e0 Montval-sur-Loir dimanche - Contact FM 99.3","description":"Un dimanche qui va \u00eatre anim\u00e9 \u00e0 Montval-sur-Loir !\u00a0Des voitures de tous les tyles, de toutes les g\u00e9n\u00e9rations, c'est ce qui est pr\u00e9vu en partie ce dimanche 27 octobre au parking du centre E.Leclerc de Montval-sur-Loir \u00e0 partir de 14h. Pour la 3\u00e8me fois, les passionn\u00e9(e)s se r\u00e9uniront pour partager une passion commune, avec en plus des tracteurs de course, ou encore de la moto-drag. Une partie de l'association, \"Rassemble'Mans 72\" est dans l'interview du jour le mardi 22 octobre \u00e0 18h, le mercredi 23 octobre \u00e0 13h, le samedi 26 octobre \u00e0 14h et le dimanche 27 octobre \u00e0 11h.","robots":{"index":"index","follow":"follow","max-snippet":"max-snippet:-1","max-image-preview":"max-image-preview:large","max-video-preview":"max-video-preview:-1"},"canonical":"https:\/\/contactfm72.fr\/?p=17688","og_locale":"fr_FR","og_type":"article","og_title":"Un 3\u00e8me rassemblement de voitures \u00e0 Montval-sur-Loir dimanche - Contact FM 99.3","og_description":"Un dimanche qui va \u00eatre anim\u00e9 \u00e0 Montval-sur-Loir !\u00a0Des voitures de tous les tyles, de toutes les g\u00e9n\u00e9rations, c'est ce qui est pr\u00e9vu en partie ce dimanche 27 octobre au parking du centre E.Leclerc de Montval-sur-Loir \u00e0 partir de 14h. Pour la 3\u00e8me fois, les passionn\u00e9(e)s se r\u00e9uniront pour partager une passion commune, avec en plus des tracteurs de course, ou encore de la moto-drag. Une partie de l'association, \"Rassemble'Mans 72\" est dans l'interview du jour le mardi 22 octobre \u00e0 18h, le mercredi 23 octobre \u00e0 13h, le samedi 26 octobre \u00e0 14h et le dimanche 27 octobre \u00e0 11h.","og_url":"https:\/\/contactfm72.fr\/?p=17688","og_site_name":"Contact FM 99.3","article_publisher":"https:\/\/www.facebook.com\/Contactfm.Chateauduloir","article_published_time":"2024-10-22T15:11:17+00:00","article_modified_time":"2024-10-23T04:57:40+00:00","og_image":[{"width":2016,"height":1512,"url":"http:\/\/contactfm72.fr\/wp-content\/uploads\/2024\/10\/Visuel-Contact-FM-12.jpg","type":"image\/jpeg"}],"author":"redaction2@contactfm72.fr","twitter_card":"summary_large_image","twitter_creator":"@contactfm72","twitter_site":"@contactfm72","twitter_misc":{"\u00c9crit par":"redaction2@contactfm72.fr","Dur\u00e9e de lecture estim\u00e9e":"1 minute"},"schema":{"@context":"https:\/\/schema.org","@graph":[{"@type":"Article","@id":"https:\/\/contactfm72.fr\/?p=17688#article","isPartOf":{"@id":"https:\/\/contactfm72.fr\/?p=17688"},"author":{"name":"redaction2@contactfm72.fr","@id":"https:\/\/contactfm72.fr\/#\/schema\/person\/d2ef09cdea7331b185acaddc4d14dda8"},"headline":"Un 3\u00e8me rassemblement de voitures \u00e0 Montval-sur-Loir dimanche","datePublished":"2024-10-22T15:11:17+00:00","dateModified":"2024-10-23T04:57:40+00:00","mainEntityOfPage":{"@id":"https:\/\/contactfm72.fr\/?p=17688"},"wordCount":111,"publisher":{"@id":"https:\/\/contactfm72.fr\/#organization"},"image":{"@id":"https:\/\/contactfm72.fr\/?p=17688#primaryimage"},"thumbnailUrl":"https:\/\/contactfm72.fr\/wp-content\/uploads\/2024\/10\/Visuel-Contact-FM-12.jpg","articleSection":["Contact FM 72","L'interview du jour"],"inLanguage":"fr-FR"},{"@type":"WebPage","@id":"https:\/\/contactfm72.fr\/?p=17688","url":"https:\/\/contactfm72.fr\/?p=17688","name":"Un 3\u00e8me rassemblement de voitures \u00e0 Montval-sur-Loir dimanche - Contact FM 99.3","isPartOf":{"@id":"https:\/\/contactfm72.fr\/#website"},"primaryImageOfPage":{"@id":"https:\/\/contactfm72.fr\/?p=17688#primaryimage"},"image":{"@id":"https:\/\/contactfm72.fr\/?p=17688#primaryimage"},"thumbnailUrl":"https:\/\/contactfm72.fr\/wp-content\/uploads\/2024\/10\/Visuel-Contact-FM-12.jpg","datePublished":"2024-10-22T15:11:17+00:00","dateModified":"2024-10-23T04:57:40+00:00","description":"Un dimanche qui va \u00eatre anim\u00e9 \u00e0 Montval-sur-Loir !\u00a0Des voitures de tous les tyles, de toutes les g\u00e9n\u00e9rations, c'est ce qui est pr\u00e9vu en partie ce dimanche 27 octobre au parking du centre E.Leclerc de Montval-sur-Loir \u00e0 partir de 14h. Pour la 3\u00e8me fois, les passionn\u00e9(e)s se r\u00e9uniront pour partager une passion commune, avec en plus des tracteurs de course, ou encore de la moto-drag. Une partie de l'association, \"Rassemble'Mans 72\" est dans l'interview du jour le mardi 22 octobre \u00e0 18h, le mercredi 23 octobre \u00e0 13h, le samedi 26 octobre \u00e0 14h et le dimanche 27 octobre \u00e0 11h.","breadcrumb":{"@id":"https:\/\/contactfm72.fr\/?p=17688#breadcrumb"},"inLanguage":"fr-FR","potentialAction":[{"@type":"ReadAction","target":["https:\/\/contactfm72.fr\/?p=17688"]}]},{"@type":"ImageObject","inLanguage":"fr-FR","@id":"https:\/\/contactfm72.fr\/?p=17688#primaryimage","url":"https:\/\/contactfm72.fr\/wp-content\/uploads\/2024\/10\/Visuel-Contact-FM-12.jpg","contentUrl":"https:\/\/contactfm72.fr\/wp-content\/uploads\/2024\/10\/Visuel-Contact-FM-12.jpg","width":2016,"height":1512},{"@type":"BreadcrumbList","@id":"https:\/\/contactfm72.fr\/?p=17688#breadcrumb","itemListElement":[{"@type":"ListItem","position":1,"name":"Accueil","item":"https:\/\/contactfm72.fr\/"},{"@type":"ListItem","position":2,"name":"Un 3\u00e8me rassemblement de voitures \u00e0 Montval-sur-Loir dimanche"}]},{"@type":"WebSite","@id":"https:\/\/contactfm72.fr\/#website","url":"https:\/\/contactfm72.fr\/","name":"Contact FM 99.3","description":"Votre radio en vall\u00e9e du Loir","publisher":{"@id":"https:\/\/contactfm72.fr\/#organization"},"potentialAction":[{"@type":"SearchAction","target":{"@type":"EntryPoint","urlTemplate":"https:\/\/contactfm72.fr\/?s={search_term_string}"},"query-input":{"@type":"PropertyValueSpecification","valueRequired":true,"valueName":"search_term_string"}}],"inLanguage":"fr-FR"},{"@type":"Organization","@id":"https:\/\/contactfm72.fr\/#organization","name":"Contact FM 99.3","url":"https:\/\/contactfm72.fr\/","logo":{"@type":"ImageObject","inLanguage":"fr-FR","@id":"https:\/\/contactfm72.fr\/#\/schema\/logo\/image\/","url":"https:\/\/contactfm72.fr\/wp-content\/uploads\/2025\/04\/2025-04-18-2.jpg","contentUrl":"https:\/\/contactfm72.fr\/wp-content\/uploads\/2025\/04\/2025-04-18-2.jpg","width":680,"height":307,"caption":"Contact FM 99.3"},"image":{"@id":"https:\/\/contactfm72.fr\/#\/schema\/logo\/image\/"},"sameAs":["https:\/\/www.facebook.com\/Contactfm.Chateauduloir","https:\/\/x.com\/contactfm72","https:\/\/www.instagram.com\/contact.fm.72?igsh=cGhlMHQ5N2JlNnpp","https:\/\/www.tiktok.com\/@contact.fm"]},{"@type":"Person","@id":"https:\/\/contactfm72.fr\/#\/schema\/person\/d2ef09cdea7331b185acaddc4d14dda8","name":"redaction2@contactfm72.fr","image":{"@type":"ImageObject","inLanguage":"fr-FR","@id":"https:\/\/secure.gravatar.com\/avatar\/897f3d57289c1f4c62cade1c2606ba6ded18d5f1676845e668a9f21cb751c06b?s=96&d=mm&r=g","url":"https:\/\/secure.gravatar.com\/avatar\/897f3d57289c1f4c62cade1c2606ba6ded18d5f1676845e668a9f21cb751c06b?s=96&d=mm&r=g","contentUrl":"https:\/\/secure.gravatar.com\/avatar\/897f3d57289c1f4c62cade1c2606ba6ded18d5f1676845e668a9f21cb751c06b?s=96&d=mm&r=g","caption":"redaction2@contactfm72.fr"},"url":"https:\/\/contactfm72.fr\/?author=5"}]}},"_links":{"self":[{"href":"https:\/\/contactfm72.fr\/index.php?rest_route=\/wp\/v2\/posts\/17688","targetHints":{"allow":["GET"]}}],"collection":[{"href":"https:\/\/contactfm72.fr\/index.php?rest_route=\/wp\/v2\/posts"}],"about":[{"href":"https:\/\/contactfm72.fr\/index.php?rest_route=\/wp\/v2\/types\/post"}],"author":[{"embeddable":true,"href":"https:\/\/contactfm72.fr\/index.php?rest_route=\/wp\/v2\/users\/5"}],"replies":[{"embeddable":true,"href":"https:\/\/contactfm72.fr\/index.php?rest_route=%2Fwp%2Fv2%2Fcomments&post=17688"}],"version-history":[{"count":4,"href":"https:\/\/contactfm72.fr\/index.php?rest_route=\/wp\/v2\/posts\/17688\/revisions"}],"predecessor-version":[{"id":17693,"href":"https:\/\/contactfm72.fr\/index.php?rest_route=\/wp\/v2\/posts\/17688\/revisions\/17693"}],"wp:featuredmedia":[{"embeddable":true,"href":"https:\/\/contactfm72.fr\/index.php?rest_route=\/wp\/v2\/media\/17689"}],"wp:attachment":[{"href":"https:\/\/contactfm72.fr\/index.php?rest_route=%2Fwp%2Fv2%2Fmedia&parent=17688"}],"wp:term":[{"taxonomy":"category","embeddable":true,"href":"https:\/\/contactfm72.fr\/index.php?rest_route=%2Fwp%2Fv2%2Fcategories&post=17688"},{"taxonomy":"post_tag","embeddable":true,"href":"https:\/\/contactfm72.fr\/index.php?rest_route=%2Fwp%2Fv2%2Ftags&post=17688"}],"curies":[{"name":"wp","href":"https:\/\/api.w.org\/{rel}","templated":true}]}}