{"id":17641,"date":"2024-10-17T16:30:25","date_gmt":"2024-10-17T14:30:25","guid":{"rendered":"https:\/\/contactfm72.fr\/?p=17641"},"modified":"2024-10-17T18:27:31","modified_gmt":"2024-10-17T16:27:31","slug":"lepicerie-solidaire-et-sociale-de-montval-sur-loir-epi-cbon","status":"publish","type":"post","link":"https:\/\/contactfm72.fr\/?p=17641","title":{"rendered":"Epi C&#8217;Bon, l&#8217;\u00e9picerie solidaire et sociale de Montval-sur-Loir"},"content":{"rendered":"<p>Epi C&#8217;Bon, une \u00e9picerie sociale et solidaire pas comme les autres&#8230;<\/p>\n<p>Aider les autres, cr\u00e9er du lien social et permettre \u00e0 une partie de la population d&#8217;avoir un r\u00e9el accompagnement et l&#8217;acc\u00e8s aux des denr\u00e9es alimentaires \u00e0 prix r\u00e9duit. En plus de cette initiative, il y a aussi des temps d&#8217;\u00e9changes et de partages autour de temps appel\u00e9 caf\u00e9-rencontres.<\/p>\n<p>Pour parler de l&#8217;histoire et des actions d&#8217;Epi C&#8217;Bon, M\u00e9lanie Barbault, responsable du p\u00f4le solidarit\u00e9 du CCAS \u00e0 Montval-sur-Loir, est l&#8217;invit\u00e9e de &#8220;L&#8217;interview du Jour&#8221; le jeudi 17 octobre \u00e0 18h, le vendredi 18 octobre \u00e0 13h, le samedi 19 octobre \u00e0 14h et le dimanche 20 octobre \u00e0 11h.<\/p>\n<div id=\"audioigniter-283\" class=\"audioigniter-root \" data-player-type=\"full\" data-tracks-url=\"https:\/\/contactfm72.fr\/?audioigniter_playlist_id=283\" data-display-track-no=\"false\" data-reverse-track-order=\"false\" data-display-tracklist-covers=\"false\" data-display-active-cover=\"false\" data-display-artist-names=\"false\" data-display-buy-buttons=\"true\" data-buy-buttons-target=\"false\" data-cycle-tracks=\"false\" data-display-credits=\"false\" data-display-tracklist=\"true\" data-allow-tracklist-toggle=\"false\" data-allow-tracklist-loop=\"true\" data-limit-tracklist-height=\"true\" data-volume=\"100\" data-tracklist-height=\"185\" data-allow-track-loop=\"false\" ><\/div>\n<!-- AddThis Advanced Settings generic via filter on the_content --><!-- AddThis Share Buttons generic via filter on the_content -->","protected":false},"excerpt":{"rendered":"<p>Epi C&#8217;Bon, une \u00e9picerie sociale et solidaire pas comme les autres&#8230; Aider les autres, cr\u00e9er du lien social et permettre \u00e0 une partie de la population d&#8217;avoir un r\u00e9el accompagnement et l&#8217;acc\u00e8s aux des denr\u00e9es alimentaires \u00e0 prix r\u00e9duit. En plus de cette initiative, il y a aussi des temps d&#8217;\u00e9changes et de partages autour&hellip;<!-- AddThis Advanced Settings generic via filter on get_the_excerpt --><!-- AddThis Share Buttons generic via filter on get_the_excerpt --><\/p>\n","protected":false},"author":5,"featured_media":17642,"comment_status":"closed","ping_status":"open","sticky":false,"template":"","format":"standard","meta":{"footnotes":""},"categories":[1,5],"tags":[],"class_list":["post-17641","post","type-post","status-publish","format-standard","has-post-thumbnail","hentry","category-contact-fm-72","category-linterview-du-jour","category-1","category-5","description-off"],"yoast_head":"<!-- This site is optimized with the Yoast SEO plugin v27.4 - https:\/\/yoast.com\/product\/yoast-seo-wordpress\/ -->\n<title>Epi C&#039;Bon, l&#039;\u00e9picerie solidaire et sociale de Montval-sur-Loir - Contact FM 99.3<\/title>\n<meta name=\"description\" content=\"Une \u00e9picerie sociale et solidaire pas comme les autresAider les autres, cr\u00e9er du lien social et permettre \u00e0 une partie de la population d&#039;avoir un r\u00e9el accompagnement, l&#039;acc\u00e8s \u00e0 des denr\u00e9es alimentaires moins cher que dans certains supermarch\u00e9s. En plus de cette initiative, il y a aussi des temps d&#039;\u00e9changes, de partages autour de temps appel\u00e9 caf\u00e9-rencontre. Pour parler de l&#039;histoire d&#039; &quot;Epi C&#039;Bon&quot; des actions, M\u00e9lanie Barbault, responsable du p\u00f4le solidarit\u00e9 de la CCAS est l&#039;invit\u00e9e de &quot;L&#039;interview du Jour&quot; le jeudi 17 octobre \u00e0 18h, le vendredi 18 octobre \u00e0 13h, le samedi 19 octobre \u00e0 14h et le dimanche 20 octobre \u00e0 11h.[ai_playlist id=&quot;283&quot;]\" \/>\n<meta name=\"robots\" content=\"index, follow, max-snippet:-1, max-image-preview:large, max-video-preview:-1\" \/>\n<link rel=\"canonical\" href=\"https:\/\/contactfm72.fr\/?p=17641\" \/>\n<meta property=\"og:locale\" content=\"fr_FR\" \/>\n<meta property=\"og:type\" content=\"article\" \/>\n<meta property=\"og:title\" content=\"Epi C&#039;Bon, l&#039;\u00e9picerie solidaire et sociale de Montval-sur-Loir - Contact FM 99.3\" \/>\n<meta property=\"og:description\" content=\"Une \u00e9picerie sociale et solidaire pas comme les autresAider les autres, cr\u00e9er du lien social et permettre \u00e0 une partie de la population d&#039;avoir un r\u00e9el accompagnement, l&#039;acc\u00e8s \u00e0 des denr\u00e9es alimentaires moins cher que dans certains supermarch\u00e9s. En plus de cette initiative, il y a aussi des temps d&#039;\u00e9changes, de partages autour de temps appel\u00e9 caf\u00e9-rencontre. Pour parler de l&#039;histoire d&#039; &quot;Epi C&#039;Bon&quot; des actions, M\u00e9lanie Barbault, responsable du p\u00f4le solidarit\u00e9 de la CCAS est l&#039;invit\u00e9e de &quot;L&#039;interview du Jour&quot; le jeudi 17 octobre \u00e0 18h, le vendredi 18 octobre \u00e0 13h, le samedi 19 octobre \u00e0 14h et le dimanche 20 octobre \u00e0 11h.[ai_playlist id=&quot;283&quot;]\" \/>\n<meta property=\"og:url\" content=\"https:\/\/contactfm72.fr\/?p=17641\" \/>\n<meta property=\"og:site_name\" content=\"Contact FM 99.3\" \/>\n<meta property=\"article:publisher\" content=\"https:\/\/www.facebook.com\/Contactfm.Chateauduloir\" \/>\n<meta property=\"article:published_time\" content=\"2024-10-17T14:30:25+00:00\" \/>\n<meta property=\"article:modified_time\" content=\"2024-10-17T16:27:31+00:00\" \/>\n<meta property=\"og:image\" content=\"http:\/\/contactfm72.fr\/wp-content\/uploads\/2024\/10\/Visuel-Contact-FM-81.png\" \/>\n\t<meta property=\"og:image:width\" content=\"1024\" \/>\n\t<meta property=\"og:image:height\" content=\"768\" \/>\n\t<meta property=\"og:image:type\" content=\"image\/png\" \/>\n<meta name=\"author\" content=\"redaction2@contactfm72.fr\" \/>\n<meta name=\"twitter:card\" content=\"summary_large_image\" \/>\n<meta name=\"twitter:creator\" content=\"@contactfm72\" \/>\n<meta name=\"twitter:site\" content=\"@contactfm72\" \/>\n<meta name=\"twitter:label1\" content=\"\u00c9crit par\" \/>\n\t<meta name=\"twitter:data1\" content=\"redaction2@contactfm72.fr\" \/>\n\t<meta name=\"twitter:label2\" content=\"Dur\u00e9e de lecture estim\u00e9e\" \/>\n\t<meta name=\"twitter:data2\" content=\"1 minute\" \/>\n<script type=\"application\/ld+json\" class=\"yoast-schema-graph\">{\"@context\":\"https:\\\/\\\/schema.org\",\"@graph\":[{\"@type\":\"Article\",\"@id\":\"https:\\\/\\\/contactfm72.fr\\\/?p=17641#article\",\"isPartOf\":{\"@id\":\"https:\\\/\\\/contactfm72.fr\\\/?p=17641\"},\"author\":{\"name\":\"redaction2@contactfm72.fr\",\"@id\":\"https:\\\/\\\/contactfm72.fr\\\/#\\\/schema\\\/person\\\/d2ef09cdea7331b185acaddc4d14dda8\"},\"headline\":\"Epi C&#8217;Bon, l&#8217;\u00e9picerie solidaire et sociale de Montval-sur-Loir\",\"datePublished\":\"2024-10-17T14:30:25+00:00\",\"dateModified\":\"2024-10-17T16:27:31+00:00\",\"mainEntityOfPage\":{\"@id\":\"https:\\\/\\\/contactfm72.fr\\\/?p=17641\"},\"wordCount\":129,\"publisher\":{\"@id\":\"https:\\\/\\\/contactfm72.fr\\\/#organization\"},\"image\":{\"@id\":\"https:\\\/\\\/contactfm72.fr\\\/?p=17641#primaryimage\"},\"thumbnailUrl\":\"https:\\\/\\\/contactfm72.fr\\\/wp-content\\\/uploads\\\/2024\\\/10\\\/Visuel-Contact-FM-81.png\",\"articleSection\":[\"Contact FM 72\",\"L'interview du jour\"],\"inLanguage\":\"fr-FR\"},{\"@type\":\"WebPage\",\"@id\":\"https:\\\/\\\/contactfm72.fr\\\/?p=17641\",\"url\":\"https:\\\/\\\/contactfm72.fr\\\/?p=17641\",\"name\":\"Epi C'Bon, l'\u00e9picerie solidaire et sociale de Montval-sur-Loir - Contact FM 99.3\",\"isPartOf\":{\"@id\":\"https:\\\/\\\/contactfm72.fr\\\/#website\"},\"primaryImageOfPage\":{\"@id\":\"https:\\\/\\\/contactfm72.fr\\\/?p=17641#primaryimage\"},\"image\":{\"@id\":\"https:\\\/\\\/contactfm72.fr\\\/?p=17641#primaryimage\"},\"thumbnailUrl\":\"https:\\\/\\\/contactfm72.fr\\\/wp-content\\\/uploads\\\/2024\\\/10\\\/Visuel-Contact-FM-81.png\",\"datePublished\":\"2024-10-17T14:30:25+00:00\",\"dateModified\":\"2024-10-17T16:27:31+00:00\",\"description\":\"Une \u00e9picerie sociale et solidaire pas comme les autresAider les autres, cr\u00e9er du lien social et permettre \u00e0 une partie de la population d'avoir un r\u00e9el accompagnement, l'acc\u00e8s \u00e0 des denr\u00e9es alimentaires moins cher que dans certains supermarch\u00e9s. En plus de cette initiative, il y a aussi des temps d'\u00e9changes, de partages autour de temps appel\u00e9 caf\u00e9-rencontre. Pour parler de l'histoire d' \\\"Epi C'Bon\\\" des actions, M\u00e9lanie Barbault, responsable du p\u00f4le solidarit\u00e9 de la CCAS est l'invit\u00e9e de \\\"L'interview du Jour\\\" le jeudi 17 octobre \u00e0 18h, le vendredi 18 octobre \u00e0 13h, le samedi 19 octobre \u00e0 14h et le dimanche 20 octobre \u00e0 11h.[ai_playlist id=\\\"283\\\"]\",\"breadcrumb\":{\"@id\":\"https:\\\/\\\/contactfm72.fr\\\/?p=17641#breadcrumb\"},\"inLanguage\":\"fr-FR\",\"potentialAction\":[{\"@type\":\"ReadAction\",\"target\":[\"https:\\\/\\\/contactfm72.fr\\\/?p=17641\"]}]},{\"@type\":\"ImageObject\",\"inLanguage\":\"fr-FR\",\"@id\":\"https:\\\/\\\/contactfm72.fr\\\/?p=17641#primaryimage\",\"url\":\"https:\\\/\\\/contactfm72.fr\\\/wp-content\\\/uploads\\\/2024\\\/10\\\/Visuel-Contact-FM-81.png\",\"contentUrl\":\"https:\\\/\\\/contactfm72.fr\\\/wp-content\\\/uploads\\\/2024\\\/10\\\/Visuel-Contact-FM-81.png\",\"width\":2016,\"height\":1512},{\"@type\":\"BreadcrumbList\",\"@id\":\"https:\\\/\\\/contactfm72.fr\\\/?p=17641#breadcrumb\",\"itemListElement\":[{\"@type\":\"ListItem\",\"position\":1,\"name\":\"Accueil\",\"item\":\"https:\\\/\\\/contactfm72.fr\\\/\"},{\"@type\":\"ListItem\",\"position\":2,\"name\":\"Epi C&#8217;Bon, l&#8217;\u00e9picerie solidaire et sociale de Montval-sur-Loir\"}]},{\"@type\":\"WebSite\",\"@id\":\"https:\\\/\\\/contactfm72.fr\\\/#website\",\"url\":\"https:\\\/\\\/contactfm72.fr\\\/\",\"name\":\"Contact FM 99.3\",\"description\":\"Votre radio en vall\u00e9e du Loir\",\"publisher\":{\"@id\":\"https:\\\/\\\/contactfm72.fr\\\/#organization\"},\"potentialAction\":[{\"@type\":\"SearchAction\",\"target\":{\"@type\":\"EntryPoint\",\"urlTemplate\":\"https:\\\/\\\/contactfm72.fr\\\/?s={search_term_string}\"},\"query-input\":{\"@type\":\"PropertyValueSpecification\",\"valueRequired\":true,\"valueName\":\"search_term_string\"}}],\"inLanguage\":\"fr-FR\"},{\"@type\":\"Organization\",\"@id\":\"https:\\\/\\\/contactfm72.fr\\\/#organization\",\"name\":\"Contact FM 99.3\",\"url\":\"https:\\\/\\\/contactfm72.fr\\\/\",\"logo\":{\"@type\":\"ImageObject\",\"inLanguage\":\"fr-FR\",\"@id\":\"https:\\\/\\\/contactfm72.fr\\\/#\\\/schema\\\/logo\\\/image\\\/\",\"url\":\"https:\\\/\\\/contactfm72.fr\\\/wp-content\\\/uploads\\\/2025\\\/04\\\/2025-04-18-2.jpg\",\"contentUrl\":\"https:\\\/\\\/contactfm72.fr\\\/wp-content\\\/uploads\\\/2025\\\/04\\\/2025-04-18-2.jpg\",\"width\":680,\"height\":307,\"caption\":\"Contact FM 99.3\"},\"image\":{\"@id\":\"https:\\\/\\\/contactfm72.fr\\\/#\\\/schema\\\/logo\\\/image\\\/\"},\"sameAs\":[\"https:\\\/\\\/www.facebook.com\\\/Contactfm.Chateauduloir\",\"https:\\\/\\\/x.com\\\/contactfm72\",\"https:\\\/\\\/www.instagram.com\\\/contact.fm.72?igsh=cGhlMHQ5N2JlNnpp\",\"https:\\\/\\\/www.tiktok.com\\\/@contact.fm\"]},{\"@type\":\"Person\",\"@id\":\"https:\\\/\\\/contactfm72.fr\\\/#\\\/schema\\\/person\\\/d2ef09cdea7331b185acaddc4d14dda8\",\"name\":\"redaction2@contactfm72.fr\",\"image\":{\"@type\":\"ImageObject\",\"inLanguage\":\"fr-FR\",\"@id\":\"https:\\\/\\\/secure.gravatar.com\\\/avatar\\\/897f3d57289c1f4c62cade1c2606ba6ded18d5f1676845e668a9f21cb751c06b?s=96&d=mm&r=g\",\"url\":\"https:\\\/\\\/secure.gravatar.com\\\/avatar\\\/897f3d57289c1f4c62cade1c2606ba6ded18d5f1676845e668a9f21cb751c06b?s=96&d=mm&r=g\",\"contentUrl\":\"https:\\\/\\\/secure.gravatar.com\\\/avatar\\\/897f3d57289c1f4c62cade1c2606ba6ded18d5f1676845e668a9f21cb751c06b?s=96&d=mm&r=g\",\"caption\":\"redaction2@contactfm72.fr\"},\"url\":\"https:\\\/\\\/contactfm72.fr\\\/?author=5\"}]}<\/script>\n<!-- \/ Yoast SEO plugin. -->","yoast_head_json":{"title":"Epi C'Bon, l'\u00e9picerie solidaire et sociale de Montval-sur-Loir - Contact FM 99.3","description":"Une \u00e9picerie sociale et solidaire pas comme les autresAider les autres, cr\u00e9er du lien social et permettre \u00e0 une partie de la population d'avoir un r\u00e9el accompagnement, l'acc\u00e8s \u00e0 des denr\u00e9es alimentaires moins cher que dans certains supermarch\u00e9s. En plus de cette initiative, il y a aussi des temps d'\u00e9changes, de partages autour de temps appel\u00e9 caf\u00e9-rencontre. Pour parler de l'histoire d' \"Epi C'Bon\" des actions, M\u00e9lanie Barbault, responsable du p\u00f4le solidarit\u00e9 de la CCAS est l'invit\u00e9e de \"L'interview du Jour\" le jeudi 17 octobre \u00e0 18h, le vendredi 18 octobre \u00e0 13h, le samedi 19 octobre \u00e0 14h et le dimanche 20 octobre \u00e0 11h.[ai_playlist id=\"283\"]","robots":{"index":"index","follow":"follow","max-snippet":"max-snippet:-1","max-image-preview":"max-image-preview:large","max-video-preview":"max-video-preview:-1"},"canonical":"https:\/\/contactfm72.fr\/?p=17641","og_locale":"fr_FR","og_type":"article","og_title":"Epi C'Bon, l'\u00e9picerie solidaire et sociale de Montval-sur-Loir - Contact FM 99.3","og_description":"Une \u00e9picerie sociale et solidaire pas comme les autresAider les autres, cr\u00e9er du lien social et permettre \u00e0 une partie de la population d'avoir un r\u00e9el accompagnement, l'acc\u00e8s \u00e0 des denr\u00e9es alimentaires moins cher que dans certains supermarch\u00e9s. En plus de cette initiative, il y a aussi des temps d'\u00e9changes, de partages autour de temps appel\u00e9 caf\u00e9-rencontre. Pour parler de l'histoire d' \"Epi C'Bon\" des actions, M\u00e9lanie Barbault, responsable du p\u00f4le solidarit\u00e9 de la CCAS est l'invit\u00e9e de \"L'interview du Jour\" le jeudi 17 octobre \u00e0 18h, le vendredi 18 octobre \u00e0 13h, le samedi 19 octobre \u00e0 14h et le dimanche 20 octobre \u00e0 11h.[ai_playlist id=\"283\"]","og_url":"https:\/\/contactfm72.fr\/?p=17641","og_site_name":"Contact FM 99.3","article_publisher":"https:\/\/www.facebook.com\/Contactfm.Chateauduloir","article_published_time":"2024-10-17T14:30:25+00:00","article_modified_time":"2024-10-17T16:27:31+00:00","og_image":[{"url":"http:\/\/contactfm72.fr\/wp-content\/uploads\/2024\/10\/Visuel-Contact-FM-81.png","width":1024,"height":768,"type":"image\/png"}],"author":"redaction2@contactfm72.fr","twitter_card":"summary_large_image","twitter_creator":"@contactfm72","twitter_site":"@contactfm72","twitter_misc":{"\u00c9crit par":"redaction2@contactfm72.fr","Dur\u00e9e de lecture estim\u00e9e":"1 minute"},"schema":{"@context":"https:\/\/schema.org","@graph":[{"@type":"Article","@id":"https:\/\/contactfm72.fr\/?p=17641#article","isPartOf":{"@id":"https:\/\/contactfm72.fr\/?p=17641"},"author":{"name":"redaction2@contactfm72.fr","@id":"https:\/\/contactfm72.fr\/#\/schema\/person\/d2ef09cdea7331b185acaddc4d14dda8"},"headline":"Epi C&#8217;Bon, l&#8217;\u00e9picerie solidaire et sociale de Montval-sur-Loir","datePublished":"2024-10-17T14:30:25+00:00","dateModified":"2024-10-17T16:27:31+00:00","mainEntityOfPage":{"@id":"https:\/\/contactfm72.fr\/?p=17641"},"wordCount":129,"publisher":{"@id":"https:\/\/contactfm72.fr\/#organization"},"image":{"@id":"https:\/\/contactfm72.fr\/?p=17641#primaryimage"},"thumbnailUrl":"https:\/\/contactfm72.fr\/wp-content\/uploads\/2024\/10\/Visuel-Contact-FM-81.png","articleSection":["Contact FM 72","L'interview du jour"],"inLanguage":"fr-FR"},{"@type":"WebPage","@id":"https:\/\/contactfm72.fr\/?p=17641","url":"https:\/\/contactfm72.fr\/?p=17641","name":"Epi C'Bon, l'\u00e9picerie solidaire et sociale de Montval-sur-Loir - Contact FM 99.3","isPartOf":{"@id":"https:\/\/contactfm72.fr\/#website"},"primaryImageOfPage":{"@id":"https:\/\/contactfm72.fr\/?p=17641#primaryimage"},"image":{"@id":"https:\/\/contactfm72.fr\/?p=17641#primaryimage"},"thumbnailUrl":"https:\/\/contactfm72.fr\/wp-content\/uploads\/2024\/10\/Visuel-Contact-FM-81.png","datePublished":"2024-10-17T14:30:25+00:00","dateModified":"2024-10-17T16:27:31+00:00","description":"Une \u00e9picerie sociale et solidaire pas comme les autresAider les autres, cr\u00e9er du lien social et permettre \u00e0 une partie de la population d'avoir un r\u00e9el accompagnement, l'acc\u00e8s \u00e0 des denr\u00e9es alimentaires moins cher que dans certains supermarch\u00e9s. En plus de cette initiative, il y a aussi des temps d'\u00e9changes, de partages autour de temps appel\u00e9 caf\u00e9-rencontre. Pour parler de l'histoire d' \"Epi C'Bon\" des actions, M\u00e9lanie Barbault, responsable du p\u00f4le solidarit\u00e9 de la CCAS est l'invit\u00e9e de \"L'interview du Jour\" le jeudi 17 octobre \u00e0 18h, le vendredi 18 octobre \u00e0 13h, le samedi 19 octobre \u00e0 14h et le dimanche 20 octobre \u00e0 11h.[ai_playlist id=\"283\"]","breadcrumb":{"@id":"https:\/\/contactfm72.fr\/?p=17641#breadcrumb"},"inLanguage":"fr-FR","potentialAction":[{"@type":"ReadAction","target":["https:\/\/contactfm72.fr\/?p=17641"]}]},{"@type":"ImageObject","inLanguage":"fr-FR","@id":"https:\/\/contactfm72.fr\/?p=17641#primaryimage","url":"https:\/\/contactfm72.fr\/wp-content\/uploads\/2024\/10\/Visuel-Contact-FM-81.png","contentUrl":"https:\/\/contactfm72.fr\/wp-content\/uploads\/2024\/10\/Visuel-Contact-FM-81.png","width":2016,"height":1512},{"@type":"BreadcrumbList","@id":"https:\/\/contactfm72.fr\/?p=17641#breadcrumb","itemListElement":[{"@type":"ListItem","position":1,"name":"Accueil","item":"https:\/\/contactfm72.fr\/"},{"@type":"ListItem","position":2,"name":"Epi C&#8217;Bon, l&#8217;\u00e9picerie solidaire et sociale de Montval-sur-Loir"}]},{"@type":"WebSite","@id":"https:\/\/contactfm72.fr\/#website","url":"https:\/\/contactfm72.fr\/","name":"Contact FM 99.3","description":"Votre radio en vall\u00e9e du Loir","publisher":{"@id":"https:\/\/contactfm72.fr\/#organization"},"potentialAction":[{"@type":"SearchAction","target":{"@type":"EntryPoint","urlTemplate":"https:\/\/contactfm72.fr\/?s={search_term_string}"},"query-input":{"@type":"PropertyValueSpecification","valueRequired":true,"valueName":"search_term_string"}}],"inLanguage":"fr-FR"},{"@type":"Organization","@id":"https:\/\/contactfm72.fr\/#organization","name":"Contact FM 99.3","url":"https:\/\/contactfm72.fr\/","logo":{"@type":"ImageObject","inLanguage":"fr-FR","@id":"https:\/\/contactfm72.fr\/#\/schema\/logo\/image\/","url":"https:\/\/contactfm72.fr\/wp-content\/uploads\/2025\/04\/2025-04-18-2.jpg","contentUrl":"https:\/\/contactfm72.fr\/wp-content\/uploads\/2025\/04\/2025-04-18-2.jpg","width":680,"height":307,"caption":"Contact FM 99.3"},"image":{"@id":"https:\/\/contactfm72.fr\/#\/schema\/logo\/image\/"},"sameAs":["https:\/\/www.facebook.com\/Contactfm.Chateauduloir","https:\/\/x.com\/contactfm72","https:\/\/www.instagram.com\/contact.fm.72?igsh=cGhlMHQ5N2JlNnpp","https:\/\/www.tiktok.com\/@contact.fm"]},{"@type":"Person","@id":"https:\/\/contactfm72.fr\/#\/schema\/person\/d2ef09cdea7331b185acaddc4d14dda8","name":"redaction2@contactfm72.fr","image":{"@type":"ImageObject","inLanguage":"fr-FR","@id":"https:\/\/secure.gravatar.com\/avatar\/897f3d57289c1f4c62cade1c2606ba6ded18d5f1676845e668a9f21cb751c06b?s=96&d=mm&r=g","url":"https:\/\/secure.gravatar.com\/avatar\/897f3d57289c1f4c62cade1c2606ba6ded18d5f1676845e668a9f21cb751c06b?s=96&d=mm&r=g","contentUrl":"https:\/\/secure.gravatar.com\/avatar\/897f3d57289c1f4c62cade1c2606ba6ded18d5f1676845e668a9f21cb751c06b?s=96&d=mm&r=g","caption":"redaction2@contactfm72.fr"},"url":"https:\/\/contactfm72.fr\/?author=5"}]}},"_links":{"self":[{"href":"https:\/\/contactfm72.fr\/index.php?rest_route=\/wp\/v2\/posts\/17641","targetHints":{"allow":["GET"]}}],"collection":[{"href":"https:\/\/contactfm72.fr\/index.php?rest_route=\/wp\/v2\/posts"}],"about":[{"href":"https:\/\/contactfm72.fr\/index.php?rest_route=\/wp\/v2\/types\/post"}],"author":[{"embeddable":true,"href":"https:\/\/contactfm72.fr\/index.php?rest_route=\/wp\/v2\/users\/5"}],"replies":[{"embeddable":true,"href":"https:\/\/contactfm72.fr\/index.php?rest_route=%2Fwp%2Fv2%2Fcomments&post=17641"}],"version-history":[{"count":3,"href":"https:\/\/contactfm72.fr\/index.php?rest_route=\/wp\/v2\/posts\/17641\/revisions"}],"predecessor-version":[{"id":17645,"href":"https:\/\/contactfm72.fr\/index.php?rest_route=\/wp\/v2\/posts\/17641\/revisions\/17645"}],"wp:featuredmedia":[{"embeddable":true,"href":"https:\/\/contactfm72.fr\/index.php?rest_route=\/wp\/v2\/media\/17642"}],"wp:attachment":[{"href":"https:\/\/contactfm72.fr\/index.php?rest_route=%2Fwp%2Fv2%2Fmedia&parent=17641"}],"wp:term":[{"taxonomy":"category","embeddable":true,"href":"https:\/\/contactfm72.fr\/index.php?rest_route=%2Fwp%2Fv2%2Fcategories&post=17641"},{"taxonomy":"post_tag","embeddable":true,"href":"https:\/\/contactfm72.fr\/index.php?rest_route=%2Fwp%2Fv2%2Ftags&post=17641"}],"curies":[{"name":"wp","href":"https:\/\/api.w.org\/{rel}","templated":true}]}}