{"id":17577,"date":"2024-10-09T15:35:17","date_gmt":"2024-10-09T13:35:17","guid":{"rendered":"https:\/\/contactfm72.fr\/?p=17577"},"modified":"2024-10-09T15:42:28","modified_gmt":"2024-10-09T13:42:28","slug":"le-co-working-le-projet-homeeco-a-vaas-et-le-partenariat-avec-initiative-sarthe-dans-actu-sud-sarthe","status":"publish","type":"post","link":"https:\/\/contactfm72.fr\/?p=17577","title":{"rendered":"Le co-working, le projet HomeEco \u00e0 Vaas et le partenariat avec Initiative Sarthe dans &#8220;Actu Sud-Sarthe&#8221;"},"content":{"rendered":"<p>Les nouveaux agents de la communaut\u00e9 de communes Sud-Sarthe se d\u00e9voilent !<\/p>\n<p>Dans ce nouveau num\u00e9ro d&#8217; &#8220;Actu Sud-Sarthe&#8221;, nous parlons du secteur \u00e9conomique, entre le co-working au Lude, de ses projets d&#8217;\u00e9v\u00e9nements, d&#8217;ateliers et de rencontres, l&#8217;avanc\u00e9e du projet de la future maison de l&#8217;\u00e9conomie &#8220;Home Eco&#8221; \u00e0 Vaas ou encore du partenariat avec Initiative Sarthe et de la zone \u00e9conomique\u00a0 de Recueil, les projets se concr\u00e9tisent pour l&#8217;ann\u00e9e 2024-2025.<\/p>\n<p>Pour en parler, nous avons ce mois-ci Nicolas Massin : d\u00e9veloppeur \u00e9conomique &amp; Julie Oyono ; animatrice digitale, \u00e9conomique et emploi au sein de la communaut\u00e9 de communes &#8220;Sud-Sarthe&#8221; dans le magazine &#8220;Actu Sud-Sarthe&#8221; le mercredi 9 octobre \u00e0 17h30, le lundi 14 octobre \u00e0 12h30.<\/p>\n<div id=\"audioigniter-290\" class=\"audioigniter-root \" data-player-type=\"full\" data-tracks-url=\"https:\/\/contactfm72.fr\/?audioigniter_playlist_id=290\" data-display-track-no=\"false\" data-reverse-track-order=\"false\" data-display-tracklist-covers=\"false\" data-display-active-cover=\"false\" data-display-artist-names=\"false\" data-display-buy-buttons=\"true\" data-buy-buttons-target=\"false\" data-cycle-tracks=\"false\" data-display-credits=\"false\" data-display-tracklist=\"true\" data-allow-tracklist-toggle=\"true\" data-allow-tracklist-loop=\"true\" data-limit-tracklist-height=\"true\" data-volume=\"100\" data-tracklist-height=\"185\" data-allow-track-loop=\"false\" ><\/div>\n<!-- AddThis Advanced Settings generic via filter on the_content --><!-- AddThis Share Buttons generic via filter on the_content -->","protected":false},"excerpt":{"rendered":"<p>Les nouveaux agents de la communaut\u00e9 de communes Sud-Sarthe se d\u00e9voilent ! Dans ce nouveau num\u00e9ro d&#8217; &#8220;Actu Sud-Sarthe&#8221;, nous parlons du secteur \u00e9conomique, entre le co-working au Lude, de ses projets d&#8217;\u00e9v\u00e9nements, d&#8217;ateliers et de rencontres, l&#8217;avanc\u00e9e du projet de la future maison de l&#8217;\u00e9conomie &#8220;Home Eco&#8221; \u00e0 Vaas ou encore du partenariat avec&hellip;<!-- AddThis Advanced Settings generic via filter on get_the_excerpt --><!-- AddThis Share Buttons generic via filter on get_the_excerpt --><\/p>\n","protected":false},"author":5,"featured_media":17578,"comment_status":"closed","ping_status":"open","sticky":false,"template":"","format":"standard","meta":{"footnotes":""},"categories":[15,1],"tags":[],"class_list":["post-17577","post","type-post","status-publish","format-standard","has-post-thumbnail","hentry","category-actu-sud-sarthe","category-contact-fm-72","category-15","category-1","description-off"],"yoast_head":"<!-- This site is optimized with the Yoast SEO plugin v27.4 - https:\/\/yoast.com\/product\/yoast-seo-wordpress\/ -->\n<title>Le co-working, le projet HomeEco \u00e0 Vaas et le partenariat avec Initiative Sarthe dans &quot;Actu Sud-Sarthe&quot; - Contact FM 99.3<\/title>\n<meta name=\"description\" content=\"Les nouveaux agents de la communaut\u00e9 de communes Sud-Sarthe se d\u00e9voilent !\u00a0Dans ce nouveau num\u00e9ro d&#039; &quot;Actu Sud-Sarthe&quot;, nous parlerons du secteur \u00e9conomique, entre le co-working au Lude, de ses projets d&#039;\u00e9v\u00e9nements, d&#039;atelier et de rencontres, l&#039;avanc\u00e9e du projet de la future maison de l&#039;\u00e9conomie &quot;Home Eco&quot; \u00e0 Vaas ou encore du partenariat avec Initiative Sarthe, les projets se concr\u00e9tisent pour l&#039;ann\u00e9e 2024-2025.\u00a0\" \/>\n<meta name=\"robots\" content=\"index, follow, max-snippet:-1, max-image-preview:large, max-video-preview:-1\" \/>\n<link rel=\"canonical\" href=\"https:\/\/contactfm72.fr\/?p=17577\" \/>\n<meta property=\"og:locale\" content=\"fr_FR\" \/>\n<meta property=\"og:type\" content=\"article\" \/>\n<meta property=\"og:title\" content=\"Le co-working, le projet HomeEco \u00e0 Vaas et le partenariat avec Initiative Sarthe dans &quot;Actu Sud-Sarthe&quot; - Contact FM 99.3\" \/>\n<meta property=\"og:description\" content=\"Les nouveaux agents de la communaut\u00e9 de communes Sud-Sarthe se d\u00e9voilent !\u00a0Dans ce nouveau num\u00e9ro d&#039; &quot;Actu Sud-Sarthe&quot;, nous parlerons du secteur \u00e9conomique, entre le co-working au Lude, de ses projets d&#039;\u00e9v\u00e9nements, d&#039;atelier et de rencontres, l&#039;avanc\u00e9e du projet de la future maison de l&#039;\u00e9conomie &quot;Home Eco&quot; \u00e0 Vaas ou encore du partenariat avec Initiative Sarthe, les projets se concr\u00e9tisent pour l&#039;ann\u00e9e 2024-2025.\u00a0\" \/>\n<meta property=\"og:url\" content=\"https:\/\/contactfm72.fr\/?p=17577\" \/>\n<meta property=\"og:site_name\" content=\"Contact FM 99.3\" \/>\n<meta property=\"article:publisher\" content=\"https:\/\/www.facebook.com\/Contactfm.Chateauduloir\" \/>\n<meta property=\"article:published_time\" content=\"2024-10-09T13:35:17+00:00\" \/>\n<meta property=\"article:modified_time\" content=\"2024-10-09T13:42:28+00:00\" \/>\n<meta property=\"og:image\" content=\"http:\/\/contactfm72.fr\/wp-content\/uploads\/2024\/10\/Visuel-Contact-FM-7.jpg\" \/>\n\t<meta property=\"og:image:width\" content=\"2016\" \/>\n\t<meta property=\"og:image:height\" content=\"1512\" \/>\n\t<meta property=\"og:image:type\" content=\"image\/jpeg\" \/>\n<meta name=\"author\" content=\"redaction2@contactfm72.fr\" \/>\n<meta name=\"twitter:card\" content=\"summary_large_image\" \/>\n<meta name=\"twitter:creator\" content=\"@contactfm72\" \/>\n<meta name=\"twitter:site\" content=\"@contactfm72\" \/>\n<meta name=\"twitter:label1\" content=\"\u00c9crit par\" \/>\n\t<meta name=\"twitter:data1\" content=\"redaction2@contactfm72.fr\" \/>\n\t<meta name=\"twitter:label2\" content=\"Dur\u00e9e de lecture estim\u00e9e\" \/>\n\t<meta name=\"twitter:data2\" content=\"1 minute\" \/>\n<script type=\"application\/ld+json\" class=\"yoast-schema-graph\">{\"@context\":\"https:\\\/\\\/schema.org\",\"@graph\":[{\"@type\":\"Article\",\"@id\":\"https:\\\/\\\/contactfm72.fr\\\/?p=17577#article\",\"isPartOf\":{\"@id\":\"https:\\\/\\\/contactfm72.fr\\\/?p=17577\"},\"author\":{\"name\":\"redaction2@contactfm72.fr\",\"@id\":\"https:\\\/\\\/contactfm72.fr\\\/#\\\/schema\\\/person\\\/d2ef09cdea7331b185acaddc4d14dda8\"},\"headline\":\"Le co-working, le projet HomeEco \u00e0 Vaas et le partenariat avec Initiative Sarthe dans &#8220;Actu Sud-Sarthe&#8221;\",\"datePublished\":\"2024-10-09T13:35:17+00:00\",\"dateModified\":\"2024-10-09T13:42:28+00:00\",\"mainEntityOfPage\":{\"@id\":\"https:\\\/\\\/contactfm72.fr\\\/?p=17577\"},\"wordCount\":139,\"publisher\":{\"@id\":\"https:\\\/\\\/contactfm72.fr\\\/#organization\"},\"image\":{\"@id\":\"https:\\\/\\\/contactfm72.fr\\\/?p=17577#primaryimage\"},\"thumbnailUrl\":\"https:\\\/\\\/contactfm72.fr\\\/wp-content\\\/uploads\\\/2024\\\/10\\\/Visuel-Contact-FM-7.jpg\",\"articleSection\":[\"Actu sud Sarthe\",\"Contact FM 72\"],\"inLanguage\":\"fr-FR\"},{\"@type\":\"WebPage\",\"@id\":\"https:\\\/\\\/contactfm72.fr\\\/?p=17577\",\"url\":\"https:\\\/\\\/contactfm72.fr\\\/?p=17577\",\"name\":\"Le co-working, le projet HomeEco \u00e0 Vaas et le partenariat avec Initiative Sarthe dans \\\"Actu Sud-Sarthe\\\" - Contact FM 99.3\",\"isPartOf\":{\"@id\":\"https:\\\/\\\/contactfm72.fr\\\/#website\"},\"primaryImageOfPage\":{\"@id\":\"https:\\\/\\\/contactfm72.fr\\\/?p=17577#primaryimage\"},\"image\":{\"@id\":\"https:\\\/\\\/contactfm72.fr\\\/?p=17577#primaryimage\"},\"thumbnailUrl\":\"https:\\\/\\\/contactfm72.fr\\\/wp-content\\\/uploads\\\/2024\\\/10\\\/Visuel-Contact-FM-7.jpg\",\"datePublished\":\"2024-10-09T13:35:17+00:00\",\"dateModified\":\"2024-10-09T13:42:28+00:00\",\"description\":\"Les nouveaux agents de la communaut\u00e9 de communes Sud-Sarthe se d\u00e9voilent !\u00a0Dans ce nouveau num\u00e9ro d' \\\"Actu Sud-Sarthe\\\", nous parlerons du secteur \u00e9conomique, entre le co-working au Lude, de ses projets d'\u00e9v\u00e9nements, d'atelier et de rencontres, l'avanc\u00e9e du projet de la future maison de l'\u00e9conomie \\\"Home Eco\\\" \u00e0 Vaas ou encore du partenariat avec Initiative Sarthe, les projets se concr\u00e9tisent pour l'ann\u00e9e 2024-2025.\u00a0\",\"breadcrumb\":{\"@id\":\"https:\\\/\\\/contactfm72.fr\\\/?p=17577#breadcrumb\"},\"inLanguage\":\"fr-FR\",\"potentialAction\":[{\"@type\":\"ReadAction\",\"target\":[\"https:\\\/\\\/contactfm72.fr\\\/?p=17577\"]}]},{\"@type\":\"ImageObject\",\"inLanguage\":\"fr-FR\",\"@id\":\"https:\\\/\\\/contactfm72.fr\\\/?p=17577#primaryimage\",\"url\":\"https:\\\/\\\/contactfm72.fr\\\/wp-content\\\/uploads\\\/2024\\\/10\\\/Visuel-Contact-FM-7.jpg\",\"contentUrl\":\"https:\\\/\\\/contactfm72.fr\\\/wp-content\\\/uploads\\\/2024\\\/10\\\/Visuel-Contact-FM-7.jpg\",\"width\":2016,\"height\":1512},{\"@type\":\"BreadcrumbList\",\"@id\":\"https:\\\/\\\/contactfm72.fr\\\/?p=17577#breadcrumb\",\"itemListElement\":[{\"@type\":\"ListItem\",\"position\":1,\"name\":\"Accueil\",\"item\":\"https:\\\/\\\/contactfm72.fr\\\/\"},{\"@type\":\"ListItem\",\"position\":2,\"name\":\"Le co-working, le projet HomeEco \u00e0 Vaas et le partenariat avec Initiative Sarthe dans &#8220;Actu Sud-Sarthe&#8221;\"}]},{\"@type\":\"WebSite\",\"@id\":\"https:\\\/\\\/contactfm72.fr\\\/#website\",\"url\":\"https:\\\/\\\/contactfm72.fr\\\/\",\"name\":\"Contact FM 99.3\",\"description\":\"Votre radio en vall\u00e9e du Loir\",\"publisher\":{\"@id\":\"https:\\\/\\\/contactfm72.fr\\\/#organization\"},\"potentialAction\":[{\"@type\":\"SearchAction\",\"target\":{\"@type\":\"EntryPoint\",\"urlTemplate\":\"https:\\\/\\\/contactfm72.fr\\\/?s={search_term_string}\"},\"query-input\":{\"@type\":\"PropertyValueSpecification\",\"valueRequired\":true,\"valueName\":\"search_term_string\"}}],\"inLanguage\":\"fr-FR\"},{\"@type\":\"Organization\",\"@id\":\"https:\\\/\\\/contactfm72.fr\\\/#organization\",\"name\":\"Contact FM 99.3\",\"url\":\"https:\\\/\\\/contactfm72.fr\\\/\",\"logo\":{\"@type\":\"ImageObject\",\"inLanguage\":\"fr-FR\",\"@id\":\"https:\\\/\\\/contactfm72.fr\\\/#\\\/schema\\\/logo\\\/image\\\/\",\"url\":\"https:\\\/\\\/contactfm72.fr\\\/wp-content\\\/uploads\\\/2025\\\/04\\\/2025-04-18-2.jpg\",\"contentUrl\":\"https:\\\/\\\/contactfm72.fr\\\/wp-content\\\/uploads\\\/2025\\\/04\\\/2025-04-18-2.jpg\",\"width\":680,\"height\":307,\"caption\":\"Contact FM 99.3\"},\"image\":{\"@id\":\"https:\\\/\\\/contactfm72.fr\\\/#\\\/schema\\\/logo\\\/image\\\/\"},\"sameAs\":[\"https:\\\/\\\/www.facebook.com\\\/Contactfm.Chateauduloir\",\"https:\\\/\\\/x.com\\\/contactfm72\",\"https:\\\/\\\/www.instagram.com\\\/contact.fm.72?igsh=cGhlMHQ5N2JlNnpp\",\"https:\\\/\\\/www.tiktok.com\\\/@contact.fm\"]},{\"@type\":\"Person\",\"@id\":\"https:\\\/\\\/contactfm72.fr\\\/#\\\/schema\\\/person\\\/d2ef09cdea7331b185acaddc4d14dda8\",\"name\":\"redaction2@contactfm72.fr\",\"image\":{\"@type\":\"ImageObject\",\"inLanguage\":\"fr-FR\",\"@id\":\"https:\\\/\\\/secure.gravatar.com\\\/avatar\\\/897f3d57289c1f4c62cade1c2606ba6ded18d5f1676845e668a9f21cb751c06b?s=96&d=mm&r=g\",\"url\":\"https:\\\/\\\/secure.gravatar.com\\\/avatar\\\/897f3d57289c1f4c62cade1c2606ba6ded18d5f1676845e668a9f21cb751c06b?s=96&d=mm&r=g\",\"contentUrl\":\"https:\\\/\\\/secure.gravatar.com\\\/avatar\\\/897f3d57289c1f4c62cade1c2606ba6ded18d5f1676845e668a9f21cb751c06b?s=96&d=mm&r=g\",\"caption\":\"redaction2@contactfm72.fr\"},\"url\":\"https:\\\/\\\/contactfm72.fr\\\/?author=5\"}]}<\/script>\n<!-- \/ Yoast SEO plugin. -->","yoast_head_json":{"title":"Le co-working, le projet HomeEco \u00e0 Vaas et le partenariat avec Initiative Sarthe dans \"Actu Sud-Sarthe\" - Contact FM 99.3","description":"Les nouveaux agents de la communaut\u00e9 de communes Sud-Sarthe se d\u00e9voilent !\u00a0Dans ce nouveau num\u00e9ro d' \"Actu Sud-Sarthe\", nous parlerons du secteur \u00e9conomique, entre le co-working au Lude, de ses projets d'\u00e9v\u00e9nements, d'atelier et de rencontres, l'avanc\u00e9e du projet de la future maison de l'\u00e9conomie \"Home Eco\" \u00e0 Vaas ou encore du partenariat avec Initiative Sarthe, les projets se concr\u00e9tisent pour l'ann\u00e9e 2024-2025.\u00a0","robots":{"index":"index","follow":"follow","max-snippet":"max-snippet:-1","max-image-preview":"max-image-preview:large","max-video-preview":"max-video-preview:-1"},"canonical":"https:\/\/contactfm72.fr\/?p=17577","og_locale":"fr_FR","og_type":"article","og_title":"Le co-working, le projet HomeEco \u00e0 Vaas et le partenariat avec Initiative Sarthe dans \"Actu Sud-Sarthe\" - Contact FM 99.3","og_description":"Les nouveaux agents de la communaut\u00e9 de communes Sud-Sarthe se d\u00e9voilent !\u00a0Dans ce nouveau num\u00e9ro d' \"Actu Sud-Sarthe\", nous parlerons du secteur \u00e9conomique, entre le co-working au Lude, de ses projets d'\u00e9v\u00e9nements, d'atelier et de rencontres, l'avanc\u00e9e du projet de la future maison de l'\u00e9conomie \"Home Eco\" \u00e0 Vaas ou encore du partenariat avec Initiative Sarthe, les projets se concr\u00e9tisent pour l'ann\u00e9e 2024-2025.\u00a0","og_url":"https:\/\/contactfm72.fr\/?p=17577","og_site_name":"Contact FM 99.3","article_publisher":"https:\/\/www.facebook.com\/Contactfm.Chateauduloir","article_published_time":"2024-10-09T13:35:17+00:00","article_modified_time":"2024-10-09T13:42:28+00:00","og_image":[{"width":2016,"height":1512,"url":"http:\/\/contactfm72.fr\/wp-content\/uploads\/2024\/10\/Visuel-Contact-FM-7.jpg","type":"image\/jpeg"}],"author":"redaction2@contactfm72.fr","twitter_card":"summary_large_image","twitter_creator":"@contactfm72","twitter_site":"@contactfm72","twitter_misc":{"\u00c9crit par":"redaction2@contactfm72.fr","Dur\u00e9e de lecture estim\u00e9e":"1 minute"},"schema":{"@context":"https:\/\/schema.org","@graph":[{"@type":"Article","@id":"https:\/\/contactfm72.fr\/?p=17577#article","isPartOf":{"@id":"https:\/\/contactfm72.fr\/?p=17577"},"author":{"name":"redaction2@contactfm72.fr","@id":"https:\/\/contactfm72.fr\/#\/schema\/person\/d2ef09cdea7331b185acaddc4d14dda8"},"headline":"Le co-working, le projet HomeEco \u00e0 Vaas et le partenariat avec Initiative Sarthe dans &#8220;Actu Sud-Sarthe&#8221;","datePublished":"2024-10-09T13:35:17+00:00","dateModified":"2024-10-09T13:42:28+00:00","mainEntityOfPage":{"@id":"https:\/\/contactfm72.fr\/?p=17577"},"wordCount":139,"publisher":{"@id":"https:\/\/contactfm72.fr\/#organization"},"image":{"@id":"https:\/\/contactfm72.fr\/?p=17577#primaryimage"},"thumbnailUrl":"https:\/\/contactfm72.fr\/wp-content\/uploads\/2024\/10\/Visuel-Contact-FM-7.jpg","articleSection":["Actu sud Sarthe","Contact FM 72"],"inLanguage":"fr-FR"},{"@type":"WebPage","@id":"https:\/\/contactfm72.fr\/?p=17577","url":"https:\/\/contactfm72.fr\/?p=17577","name":"Le co-working, le projet HomeEco \u00e0 Vaas et le partenariat avec Initiative Sarthe dans \"Actu Sud-Sarthe\" - Contact FM 99.3","isPartOf":{"@id":"https:\/\/contactfm72.fr\/#website"},"primaryImageOfPage":{"@id":"https:\/\/contactfm72.fr\/?p=17577#primaryimage"},"image":{"@id":"https:\/\/contactfm72.fr\/?p=17577#primaryimage"},"thumbnailUrl":"https:\/\/contactfm72.fr\/wp-content\/uploads\/2024\/10\/Visuel-Contact-FM-7.jpg","datePublished":"2024-10-09T13:35:17+00:00","dateModified":"2024-10-09T13:42:28+00:00","description":"Les nouveaux agents de la communaut\u00e9 de communes Sud-Sarthe se d\u00e9voilent !\u00a0Dans ce nouveau num\u00e9ro d' \"Actu Sud-Sarthe\", nous parlerons du secteur \u00e9conomique, entre le co-working au Lude, de ses projets d'\u00e9v\u00e9nements, d'atelier et de rencontres, l'avanc\u00e9e du projet de la future maison de l'\u00e9conomie \"Home Eco\" \u00e0 Vaas ou encore du partenariat avec Initiative Sarthe, les projets se concr\u00e9tisent pour l'ann\u00e9e 2024-2025.\u00a0","breadcrumb":{"@id":"https:\/\/contactfm72.fr\/?p=17577#breadcrumb"},"inLanguage":"fr-FR","potentialAction":[{"@type":"ReadAction","target":["https:\/\/contactfm72.fr\/?p=17577"]}]},{"@type":"ImageObject","inLanguage":"fr-FR","@id":"https:\/\/contactfm72.fr\/?p=17577#primaryimage","url":"https:\/\/contactfm72.fr\/wp-content\/uploads\/2024\/10\/Visuel-Contact-FM-7.jpg","contentUrl":"https:\/\/contactfm72.fr\/wp-content\/uploads\/2024\/10\/Visuel-Contact-FM-7.jpg","width":2016,"height":1512},{"@type":"BreadcrumbList","@id":"https:\/\/contactfm72.fr\/?p=17577#breadcrumb","itemListElement":[{"@type":"ListItem","position":1,"name":"Accueil","item":"https:\/\/contactfm72.fr\/"},{"@type":"ListItem","position":2,"name":"Le co-working, le projet HomeEco \u00e0 Vaas et le partenariat avec Initiative Sarthe dans &#8220;Actu Sud-Sarthe&#8221;"}]},{"@type":"WebSite","@id":"https:\/\/contactfm72.fr\/#website","url":"https:\/\/contactfm72.fr\/","name":"Contact FM 99.3","description":"Votre radio en vall\u00e9e du Loir","publisher":{"@id":"https:\/\/contactfm72.fr\/#organization"},"potentialAction":[{"@type":"SearchAction","target":{"@type":"EntryPoint","urlTemplate":"https:\/\/contactfm72.fr\/?s={search_term_string}"},"query-input":{"@type":"PropertyValueSpecification","valueRequired":true,"valueName":"search_term_string"}}],"inLanguage":"fr-FR"},{"@type":"Organization","@id":"https:\/\/contactfm72.fr\/#organization","name":"Contact FM 99.3","url":"https:\/\/contactfm72.fr\/","logo":{"@type":"ImageObject","inLanguage":"fr-FR","@id":"https:\/\/contactfm72.fr\/#\/schema\/logo\/image\/","url":"https:\/\/contactfm72.fr\/wp-content\/uploads\/2025\/04\/2025-04-18-2.jpg","contentUrl":"https:\/\/contactfm72.fr\/wp-content\/uploads\/2025\/04\/2025-04-18-2.jpg","width":680,"height":307,"caption":"Contact FM 99.3"},"image":{"@id":"https:\/\/contactfm72.fr\/#\/schema\/logo\/image\/"},"sameAs":["https:\/\/www.facebook.com\/Contactfm.Chateauduloir","https:\/\/x.com\/contactfm72","https:\/\/www.instagram.com\/contact.fm.72?igsh=cGhlMHQ5N2JlNnpp","https:\/\/www.tiktok.com\/@contact.fm"]},{"@type":"Person","@id":"https:\/\/contactfm72.fr\/#\/schema\/person\/d2ef09cdea7331b185acaddc4d14dda8","name":"redaction2@contactfm72.fr","image":{"@type":"ImageObject","inLanguage":"fr-FR","@id":"https:\/\/secure.gravatar.com\/avatar\/897f3d57289c1f4c62cade1c2606ba6ded18d5f1676845e668a9f21cb751c06b?s=96&d=mm&r=g","url":"https:\/\/secure.gravatar.com\/avatar\/897f3d57289c1f4c62cade1c2606ba6ded18d5f1676845e668a9f21cb751c06b?s=96&d=mm&r=g","contentUrl":"https:\/\/secure.gravatar.com\/avatar\/897f3d57289c1f4c62cade1c2606ba6ded18d5f1676845e668a9f21cb751c06b?s=96&d=mm&r=g","caption":"redaction2@contactfm72.fr"},"url":"https:\/\/contactfm72.fr\/?author=5"}]}},"_links":{"self":[{"href":"https:\/\/contactfm72.fr\/index.php?rest_route=\/wp\/v2\/posts\/17577","targetHints":{"allow":["GET"]}}],"collection":[{"href":"https:\/\/contactfm72.fr\/index.php?rest_route=\/wp\/v2\/posts"}],"about":[{"href":"https:\/\/contactfm72.fr\/index.php?rest_route=\/wp\/v2\/types\/post"}],"author":[{"embeddable":true,"href":"https:\/\/contactfm72.fr\/index.php?rest_route=\/wp\/v2\/users\/5"}],"replies":[{"embeddable":true,"href":"https:\/\/contactfm72.fr\/index.php?rest_route=%2Fwp%2Fv2%2Fcomments&post=17577"}],"version-history":[{"count":4,"href":"https:\/\/contactfm72.fr\/index.php?rest_route=\/wp\/v2\/posts\/17577\/revisions"}],"predecessor-version":[{"id":17582,"href":"https:\/\/contactfm72.fr\/index.php?rest_route=\/wp\/v2\/posts\/17577\/revisions\/17582"}],"wp:featuredmedia":[{"embeddable":true,"href":"https:\/\/contactfm72.fr\/index.php?rest_route=\/wp\/v2\/media\/17578"}],"wp:attachment":[{"href":"https:\/\/contactfm72.fr\/index.php?rest_route=%2Fwp%2Fv2%2Fmedia&parent=17577"}],"wp:term":[{"taxonomy":"category","embeddable":true,"href":"https:\/\/contactfm72.fr\/index.php?rest_route=%2Fwp%2Fv2%2Fcategories&post=17577"},{"taxonomy":"post_tag","embeddable":true,"href":"https:\/\/contactfm72.fr\/index.php?rest_route=%2Fwp%2Fv2%2Ftags&post=17577"}],"curies":[{"name":"wp","href":"https:\/\/api.w.org\/{rel}","templated":true}]}}