{"id":17545,"date":"2024-10-07T16:13:08","date_gmt":"2024-10-07T14:13:08","guid":{"rendered":"https:\/\/contactfm72.fr\/?p=17545"},"modified":"2024-10-08T12:28:12","modified_gmt":"2024-10-08T10:28:12","slug":"lentreprise-eaden-remporte-un-label-dinnovation","status":"publish","type":"post","link":"https:\/\/contactfm72.fr\/?p=17545","title":{"rendered":"L&#8217;entreprise Sarthoise EADEN remporte un label d&#8217;innovation"},"content":{"rendered":"<p>Les entreprises sarthoises ont du talent et de l&#8217;id\u00e9e !<\/p>\n<p>L&#8217;innovation est un mot d&#8217;ordre pour l&#8217;entreprise Eaden, cette start-up fond\u00e9e en 2018 par Thomas Decers continue son chemin, pour son dirigeant originaire du sud Sarthe : accompagner et faciliter le quotidien des acteurs du secteur rural est primordial. La cr\u00e9ation d&#8217;une brouette distributrice continue son d\u00e9veloppement avec l&#8217;obtention d&#8217;un prix Innov&#8217; Space, un label qui est la plus haute distinction d&#8217;innovation dans le monde agricole.<\/p>\n<p>La commercialisation de cette brouette en collaboration avec ECS49 est pr\u00e9vue pour le printemps 2025, entre modernit\u00e9, Intelligence Artificielle et DATA, Thomas Decers nous explique son fonctionnement dans &#8220;L&#8217;interview du jour&#8221; le lundi 7 octobre \u00e0 18h, le mardi 8 octobre \u00e0 13h, le samedi 12 octobre \u00e0 14h et le dimanche 13 octobre \u00e0 11h.<\/p>\n<div id=\"audioigniter-283\" class=\"audioigniter-root \" data-player-type=\"full\" data-tracks-url=\"https:\/\/contactfm72.fr\/?audioigniter_playlist_id=283\" data-display-track-no=\"false\" data-reverse-track-order=\"false\" data-display-tracklist-covers=\"false\" data-display-active-cover=\"false\" data-display-artist-names=\"false\" data-display-buy-buttons=\"true\" data-buy-buttons-target=\"false\" data-cycle-tracks=\"false\" data-display-credits=\"false\" data-display-tracklist=\"true\" data-allow-tracklist-toggle=\"false\" data-allow-tracklist-loop=\"true\" data-limit-tracklist-height=\"true\" data-volume=\"100\" data-tracklist-height=\"185\" data-allow-track-loop=\"false\" ><\/div>\n<!-- AddThis Advanced Settings generic via filter on the_content --><!-- AddThis Share Buttons generic via filter on the_content -->","protected":false},"excerpt":{"rendered":"<p>Les entreprises sarthoises ont du talent et de l&#8217;id\u00e9e ! L&#8217;innovation est un mot d&#8217;ordre pour l&#8217;entreprise Eaden, cette start-up fond\u00e9e en 2018 par Thomas Decers continue son chemin, pour son dirigeant originaire du sud Sarthe : accompagner et faciliter le quotidien des acteurs du secteur rural est primordial. La cr\u00e9ation d&#8217;une brouette distributrice continue&hellip;<!-- AddThis Advanced Settings generic via filter on get_the_excerpt --><!-- AddThis Share Buttons generic via filter on get_the_excerpt --><\/p>\n","protected":false},"author":5,"featured_media":17551,"comment_status":"closed","ping_status":"open","sticky":false,"template":"","format":"standard","meta":{"footnotes":""},"categories":[1,5],"tags":[],"class_list":["post-17545","post","type-post","status-publish","format-standard","has-post-thumbnail","hentry","category-contact-fm-72","category-linterview-du-jour","category-1","category-5","description-off"],"yoast_head":"<!-- This site is optimized with the Yoast SEO plugin v27.4 - https:\/\/yoast.com\/product\/yoast-seo-wordpress\/ -->\n<title>L&#039;entreprise Sarthoise EADEN remporte un label d&#039;innovation - Contact FM 99.3<\/title>\n<meta name=\"description\" content=\"Les entreprises sarthoises ont du talent et de l&#039;id\u00e9e !s\u00a0L&#039;innovation est un mot d&#039;ordre pour l&#039;entreprise Eaden, cette start-up fond\u00e9e en 2018 par Thomas Decers continue son chemin, pour son dirigeant originaire du sud Sarthe : accompagner et faciliter le quotidien des acteurs du secteur rural est primordial. La cr\u00e9ation d&#039;une brouette distributrice continue son d\u00e9veloppement avec l&#039;obtention d&#039;un prix Innov&#039; Space, un label qui est la plus haute distinction d&#039;innovation dans le monde agricole.La commercialisation de cette brouette en collaboration avec ECS49 est pr\u00e9vu pour le printemps 2025, entre modernit\u00e9, Intelligence Artificielle et DATA, Thomas Decers nous explique son fonctionnement dans &quot;L&#039;interview du jour&quot; le lundi 7 octobre \u00e0 18h, le mardi 8 octobre \u00e0 13h, le samedi 12 octobre \u00e0 14h et le dimanche 13 octobre \u00e0 11h.\" \/>\n<meta name=\"robots\" content=\"index, follow, max-snippet:-1, max-image-preview:large, max-video-preview:-1\" \/>\n<link rel=\"canonical\" href=\"https:\/\/contactfm72.fr\/?p=17545\" \/>\n<meta property=\"og:locale\" content=\"fr_FR\" \/>\n<meta property=\"og:type\" content=\"article\" \/>\n<meta property=\"og:title\" content=\"L&#039;entreprise Sarthoise EADEN remporte un label d&#039;innovation - Contact FM 99.3\" \/>\n<meta property=\"og:description\" content=\"Les entreprises sarthoises ont du talent et de l&#039;id\u00e9e !s\u00a0L&#039;innovation est un mot d&#039;ordre pour l&#039;entreprise Eaden, cette start-up fond\u00e9e en 2018 par Thomas Decers continue son chemin, pour son dirigeant originaire du sud Sarthe : accompagner et faciliter le quotidien des acteurs du secteur rural est primordial. La cr\u00e9ation d&#039;une brouette distributrice continue son d\u00e9veloppement avec l&#039;obtention d&#039;un prix Innov&#039; Space, un label qui est la plus haute distinction d&#039;innovation dans le monde agricole.La commercialisation de cette brouette en collaboration avec ECS49 est pr\u00e9vu pour le printemps 2025, entre modernit\u00e9, Intelligence Artificielle et DATA, Thomas Decers nous explique son fonctionnement dans &quot;L&#039;interview du jour&quot; le lundi 7 octobre \u00e0 18h, le mardi 8 octobre \u00e0 13h, le samedi 12 octobre \u00e0 14h et le dimanche 13 octobre \u00e0 11h.\" \/>\n<meta property=\"og:url\" content=\"https:\/\/contactfm72.fr\/?p=17545\" \/>\n<meta property=\"og:site_name\" content=\"Contact FM 99.3\" \/>\n<meta property=\"article:publisher\" content=\"https:\/\/www.facebook.com\/Contactfm.Chateauduloir\" \/>\n<meta property=\"article:published_time\" content=\"2024-10-07T14:13:08+00:00\" \/>\n<meta property=\"article:modified_time\" content=\"2024-10-08T10:28:12+00:00\" \/>\n<meta property=\"og:image\" content=\"http:\/\/contactfm72.fr\/wp-content\/uploads\/2024\/10\/Visuel-Contact-FM-78.png\" \/>\n\t<meta property=\"og:image:width\" content=\"1024\" \/>\n\t<meta property=\"og:image:height\" content=\"768\" \/>\n\t<meta property=\"og:image:type\" content=\"image\/png\" \/>\n<meta name=\"author\" content=\"redaction2@contactfm72.fr\" \/>\n<meta name=\"twitter:card\" content=\"summary_large_image\" \/>\n<meta name=\"twitter:creator\" content=\"@contactfm72\" \/>\n<meta name=\"twitter:site\" content=\"@contactfm72\" \/>\n<meta name=\"twitter:label1\" content=\"\u00c9crit par\" \/>\n\t<meta name=\"twitter:data1\" content=\"redaction2@contactfm72.fr\" \/>\n\t<meta name=\"twitter:label2\" content=\"Dur\u00e9e de lecture estim\u00e9e\" \/>\n\t<meta name=\"twitter:data2\" content=\"1 minute\" \/>\n<script type=\"application\/ld+json\" class=\"yoast-schema-graph\">{\"@context\":\"https:\\\/\\\/schema.org\",\"@graph\":[{\"@type\":\"Article\",\"@id\":\"https:\\\/\\\/contactfm72.fr\\\/?p=17545#article\",\"isPartOf\":{\"@id\":\"https:\\\/\\\/contactfm72.fr\\\/?p=17545\"},\"author\":{\"name\":\"redaction2@contactfm72.fr\",\"@id\":\"https:\\\/\\\/contactfm72.fr\\\/#\\\/schema\\\/person\\\/d2ef09cdea7331b185acaddc4d14dda8\"},\"headline\":\"L&#8217;entreprise Sarthoise EADEN remporte un label d&#8217;innovation\",\"datePublished\":\"2024-10-07T14:13:08+00:00\",\"dateModified\":\"2024-10-08T10:28:12+00:00\",\"mainEntityOfPage\":{\"@id\":\"https:\\\/\\\/contactfm72.fr\\\/?p=17545\"},\"wordCount\":146,\"publisher\":{\"@id\":\"https:\\\/\\\/contactfm72.fr\\\/#organization\"},\"image\":{\"@id\":\"https:\\\/\\\/contactfm72.fr\\\/?p=17545#primaryimage\"},\"thumbnailUrl\":\"https:\\\/\\\/contactfm72.fr\\\/wp-content\\\/uploads\\\/2024\\\/10\\\/Visuel-Contact-FM-78.png\",\"articleSection\":[\"Contact FM 72\",\"L'interview du jour\"],\"inLanguage\":\"fr-FR\"},{\"@type\":\"WebPage\",\"@id\":\"https:\\\/\\\/contactfm72.fr\\\/?p=17545\",\"url\":\"https:\\\/\\\/contactfm72.fr\\\/?p=17545\",\"name\":\"L'entreprise Sarthoise EADEN remporte un label d'innovation - Contact FM 99.3\",\"isPartOf\":{\"@id\":\"https:\\\/\\\/contactfm72.fr\\\/#website\"},\"primaryImageOfPage\":{\"@id\":\"https:\\\/\\\/contactfm72.fr\\\/?p=17545#primaryimage\"},\"image\":{\"@id\":\"https:\\\/\\\/contactfm72.fr\\\/?p=17545#primaryimage\"},\"thumbnailUrl\":\"https:\\\/\\\/contactfm72.fr\\\/wp-content\\\/uploads\\\/2024\\\/10\\\/Visuel-Contact-FM-78.png\",\"datePublished\":\"2024-10-07T14:13:08+00:00\",\"dateModified\":\"2024-10-08T10:28:12+00:00\",\"description\":\"Les entreprises sarthoises ont du talent et de l'id\u00e9e !s\u00a0L'innovation est un mot d'ordre pour l'entreprise Eaden, cette start-up fond\u00e9e en 2018 par Thomas Decers continue son chemin, pour son dirigeant originaire du sud Sarthe : accompagner et faciliter le quotidien des acteurs du secteur rural est primordial. La cr\u00e9ation d'une brouette distributrice continue son d\u00e9veloppement avec l'obtention d'un prix Innov' Space, un label qui est la plus haute distinction d'innovation dans le monde agricole.La commercialisation de cette brouette en collaboration avec ECS49 est pr\u00e9vu pour le printemps 2025, entre modernit\u00e9, Intelligence Artificielle et DATA, Thomas Decers nous explique son fonctionnement dans \\\"L'interview du jour\\\" le lundi 7 octobre \u00e0 18h, le mardi 8 octobre \u00e0 13h, le samedi 12 octobre \u00e0 14h et le dimanche 13 octobre \u00e0 11h.\",\"breadcrumb\":{\"@id\":\"https:\\\/\\\/contactfm72.fr\\\/?p=17545#breadcrumb\"},\"inLanguage\":\"fr-FR\",\"potentialAction\":[{\"@type\":\"ReadAction\",\"target\":[\"https:\\\/\\\/contactfm72.fr\\\/?p=17545\"]}]},{\"@type\":\"ImageObject\",\"inLanguage\":\"fr-FR\",\"@id\":\"https:\\\/\\\/contactfm72.fr\\\/?p=17545#primaryimage\",\"url\":\"https:\\\/\\\/contactfm72.fr\\\/wp-content\\\/uploads\\\/2024\\\/10\\\/Visuel-Contact-FM-78.png\",\"contentUrl\":\"https:\\\/\\\/contactfm72.fr\\\/wp-content\\\/uploads\\\/2024\\\/10\\\/Visuel-Contact-FM-78.png\",\"width\":2016,\"height\":1512},{\"@type\":\"BreadcrumbList\",\"@id\":\"https:\\\/\\\/contactfm72.fr\\\/?p=17545#breadcrumb\",\"itemListElement\":[{\"@type\":\"ListItem\",\"position\":1,\"name\":\"Accueil\",\"item\":\"https:\\\/\\\/contactfm72.fr\\\/\"},{\"@type\":\"ListItem\",\"position\":2,\"name\":\"L&#8217;entreprise Sarthoise EADEN remporte un label d&#8217;innovation\"}]},{\"@type\":\"WebSite\",\"@id\":\"https:\\\/\\\/contactfm72.fr\\\/#website\",\"url\":\"https:\\\/\\\/contactfm72.fr\\\/\",\"name\":\"Contact FM 99.3\",\"description\":\"Votre radio en vall\u00e9e du Loir\",\"publisher\":{\"@id\":\"https:\\\/\\\/contactfm72.fr\\\/#organization\"},\"potentialAction\":[{\"@type\":\"SearchAction\",\"target\":{\"@type\":\"EntryPoint\",\"urlTemplate\":\"https:\\\/\\\/contactfm72.fr\\\/?s={search_term_string}\"},\"query-input\":{\"@type\":\"PropertyValueSpecification\",\"valueRequired\":true,\"valueName\":\"search_term_string\"}}],\"inLanguage\":\"fr-FR\"},{\"@type\":\"Organization\",\"@id\":\"https:\\\/\\\/contactfm72.fr\\\/#organization\",\"name\":\"Contact FM 99.3\",\"url\":\"https:\\\/\\\/contactfm72.fr\\\/\",\"logo\":{\"@type\":\"ImageObject\",\"inLanguage\":\"fr-FR\",\"@id\":\"https:\\\/\\\/contactfm72.fr\\\/#\\\/schema\\\/logo\\\/image\\\/\",\"url\":\"https:\\\/\\\/contactfm72.fr\\\/wp-content\\\/uploads\\\/2025\\\/04\\\/2025-04-18-2.jpg\",\"contentUrl\":\"https:\\\/\\\/contactfm72.fr\\\/wp-content\\\/uploads\\\/2025\\\/04\\\/2025-04-18-2.jpg\",\"width\":680,\"height\":307,\"caption\":\"Contact FM 99.3\"},\"image\":{\"@id\":\"https:\\\/\\\/contactfm72.fr\\\/#\\\/schema\\\/logo\\\/image\\\/\"},\"sameAs\":[\"https:\\\/\\\/www.facebook.com\\\/Contactfm.Chateauduloir\",\"https:\\\/\\\/x.com\\\/contactfm72\",\"https:\\\/\\\/www.instagram.com\\\/contact.fm.72?igsh=cGhlMHQ5N2JlNnpp\",\"https:\\\/\\\/www.tiktok.com\\\/@contact.fm\"]},{\"@type\":\"Person\",\"@id\":\"https:\\\/\\\/contactfm72.fr\\\/#\\\/schema\\\/person\\\/d2ef09cdea7331b185acaddc4d14dda8\",\"name\":\"redaction2@contactfm72.fr\",\"image\":{\"@type\":\"ImageObject\",\"inLanguage\":\"fr-FR\",\"@id\":\"https:\\\/\\\/secure.gravatar.com\\\/avatar\\\/897f3d57289c1f4c62cade1c2606ba6ded18d5f1676845e668a9f21cb751c06b?s=96&d=mm&r=g\",\"url\":\"https:\\\/\\\/secure.gravatar.com\\\/avatar\\\/897f3d57289c1f4c62cade1c2606ba6ded18d5f1676845e668a9f21cb751c06b?s=96&d=mm&r=g\",\"contentUrl\":\"https:\\\/\\\/secure.gravatar.com\\\/avatar\\\/897f3d57289c1f4c62cade1c2606ba6ded18d5f1676845e668a9f21cb751c06b?s=96&d=mm&r=g\",\"caption\":\"redaction2@contactfm72.fr\"},\"url\":\"https:\\\/\\\/contactfm72.fr\\\/?author=5\"}]}<\/script>\n<!-- \/ Yoast SEO plugin. -->","yoast_head_json":{"title":"L'entreprise Sarthoise EADEN remporte un label d'innovation - Contact FM 99.3","description":"Les entreprises sarthoises ont du talent et de l'id\u00e9e !s\u00a0L'innovation est un mot d'ordre pour l'entreprise Eaden, cette start-up fond\u00e9e en 2018 par Thomas Decers continue son chemin, pour son dirigeant originaire du sud Sarthe : accompagner et faciliter le quotidien des acteurs du secteur rural est primordial. La cr\u00e9ation d'une brouette distributrice continue son d\u00e9veloppement avec l'obtention d'un prix Innov' Space, un label qui est la plus haute distinction d'innovation dans le monde agricole.La commercialisation de cette brouette en collaboration avec ECS49 est pr\u00e9vu pour le printemps 2025, entre modernit\u00e9, Intelligence Artificielle et DATA, Thomas Decers nous explique son fonctionnement dans \"L'interview du jour\" le lundi 7 octobre \u00e0 18h, le mardi 8 octobre \u00e0 13h, le samedi 12 octobre \u00e0 14h et le dimanche 13 octobre \u00e0 11h.","robots":{"index":"index","follow":"follow","max-snippet":"max-snippet:-1","max-image-preview":"max-image-preview:large","max-video-preview":"max-video-preview:-1"},"canonical":"https:\/\/contactfm72.fr\/?p=17545","og_locale":"fr_FR","og_type":"article","og_title":"L'entreprise Sarthoise EADEN remporte un label d'innovation - Contact FM 99.3","og_description":"Les entreprises sarthoises ont du talent et de l'id\u00e9e !s\u00a0L'innovation est un mot d'ordre pour l'entreprise Eaden, cette start-up fond\u00e9e en 2018 par Thomas Decers continue son chemin, pour son dirigeant originaire du sud Sarthe : accompagner et faciliter le quotidien des acteurs du secteur rural est primordial. La cr\u00e9ation d'une brouette distributrice continue son d\u00e9veloppement avec l'obtention d'un prix Innov' Space, un label qui est la plus haute distinction d'innovation dans le monde agricole.La commercialisation de cette brouette en collaboration avec ECS49 est pr\u00e9vu pour le printemps 2025, entre modernit\u00e9, Intelligence Artificielle et DATA, Thomas Decers nous explique son fonctionnement dans \"L'interview du jour\" le lundi 7 octobre \u00e0 18h, le mardi 8 octobre \u00e0 13h, le samedi 12 octobre \u00e0 14h et le dimanche 13 octobre \u00e0 11h.","og_url":"https:\/\/contactfm72.fr\/?p=17545","og_site_name":"Contact FM 99.3","article_publisher":"https:\/\/www.facebook.com\/Contactfm.Chateauduloir","article_published_time":"2024-10-07T14:13:08+00:00","article_modified_time":"2024-10-08T10:28:12+00:00","og_image":[{"url":"http:\/\/contactfm72.fr\/wp-content\/uploads\/2024\/10\/Visuel-Contact-FM-78.png","width":1024,"height":768,"type":"image\/png"}],"author":"redaction2@contactfm72.fr","twitter_card":"summary_large_image","twitter_creator":"@contactfm72","twitter_site":"@contactfm72","twitter_misc":{"\u00c9crit par":"redaction2@contactfm72.fr","Dur\u00e9e de lecture estim\u00e9e":"1 minute"},"schema":{"@context":"https:\/\/schema.org","@graph":[{"@type":"Article","@id":"https:\/\/contactfm72.fr\/?p=17545#article","isPartOf":{"@id":"https:\/\/contactfm72.fr\/?p=17545"},"author":{"name":"redaction2@contactfm72.fr","@id":"https:\/\/contactfm72.fr\/#\/schema\/person\/d2ef09cdea7331b185acaddc4d14dda8"},"headline":"L&#8217;entreprise Sarthoise EADEN remporte un label d&#8217;innovation","datePublished":"2024-10-07T14:13:08+00:00","dateModified":"2024-10-08T10:28:12+00:00","mainEntityOfPage":{"@id":"https:\/\/contactfm72.fr\/?p=17545"},"wordCount":146,"publisher":{"@id":"https:\/\/contactfm72.fr\/#organization"},"image":{"@id":"https:\/\/contactfm72.fr\/?p=17545#primaryimage"},"thumbnailUrl":"https:\/\/contactfm72.fr\/wp-content\/uploads\/2024\/10\/Visuel-Contact-FM-78.png","articleSection":["Contact FM 72","L'interview du jour"],"inLanguage":"fr-FR"},{"@type":"WebPage","@id":"https:\/\/contactfm72.fr\/?p=17545","url":"https:\/\/contactfm72.fr\/?p=17545","name":"L'entreprise Sarthoise EADEN remporte un label d'innovation - Contact FM 99.3","isPartOf":{"@id":"https:\/\/contactfm72.fr\/#website"},"primaryImageOfPage":{"@id":"https:\/\/contactfm72.fr\/?p=17545#primaryimage"},"image":{"@id":"https:\/\/contactfm72.fr\/?p=17545#primaryimage"},"thumbnailUrl":"https:\/\/contactfm72.fr\/wp-content\/uploads\/2024\/10\/Visuel-Contact-FM-78.png","datePublished":"2024-10-07T14:13:08+00:00","dateModified":"2024-10-08T10:28:12+00:00","description":"Les entreprises sarthoises ont du talent et de l'id\u00e9e !s\u00a0L'innovation est un mot d'ordre pour l'entreprise Eaden, cette start-up fond\u00e9e en 2018 par Thomas Decers continue son chemin, pour son dirigeant originaire du sud Sarthe : accompagner et faciliter le quotidien des acteurs du secteur rural est primordial. La cr\u00e9ation d'une brouette distributrice continue son d\u00e9veloppement avec l'obtention d'un prix Innov' Space, un label qui est la plus haute distinction d'innovation dans le monde agricole.La commercialisation de cette brouette en collaboration avec ECS49 est pr\u00e9vu pour le printemps 2025, entre modernit\u00e9, Intelligence Artificielle et DATA, Thomas Decers nous explique son fonctionnement dans \"L'interview du jour\" le lundi 7 octobre \u00e0 18h, le mardi 8 octobre \u00e0 13h, le samedi 12 octobre \u00e0 14h et le dimanche 13 octobre \u00e0 11h.","breadcrumb":{"@id":"https:\/\/contactfm72.fr\/?p=17545#breadcrumb"},"inLanguage":"fr-FR","potentialAction":[{"@type":"ReadAction","target":["https:\/\/contactfm72.fr\/?p=17545"]}]},{"@type":"ImageObject","inLanguage":"fr-FR","@id":"https:\/\/contactfm72.fr\/?p=17545#primaryimage","url":"https:\/\/contactfm72.fr\/wp-content\/uploads\/2024\/10\/Visuel-Contact-FM-78.png","contentUrl":"https:\/\/contactfm72.fr\/wp-content\/uploads\/2024\/10\/Visuel-Contact-FM-78.png","width":2016,"height":1512},{"@type":"BreadcrumbList","@id":"https:\/\/contactfm72.fr\/?p=17545#breadcrumb","itemListElement":[{"@type":"ListItem","position":1,"name":"Accueil","item":"https:\/\/contactfm72.fr\/"},{"@type":"ListItem","position":2,"name":"L&#8217;entreprise Sarthoise EADEN remporte un label d&#8217;innovation"}]},{"@type":"WebSite","@id":"https:\/\/contactfm72.fr\/#website","url":"https:\/\/contactfm72.fr\/","name":"Contact FM 99.3","description":"Votre radio en vall\u00e9e du Loir","publisher":{"@id":"https:\/\/contactfm72.fr\/#organization"},"potentialAction":[{"@type":"SearchAction","target":{"@type":"EntryPoint","urlTemplate":"https:\/\/contactfm72.fr\/?s={search_term_string}"},"query-input":{"@type":"PropertyValueSpecification","valueRequired":true,"valueName":"search_term_string"}}],"inLanguage":"fr-FR"},{"@type":"Organization","@id":"https:\/\/contactfm72.fr\/#organization","name":"Contact FM 99.3","url":"https:\/\/contactfm72.fr\/","logo":{"@type":"ImageObject","inLanguage":"fr-FR","@id":"https:\/\/contactfm72.fr\/#\/schema\/logo\/image\/","url":"https:\/\/contactfm72.fr\/wp-content\/uploads\/2025\/04\/2025-04-18-2.jpg","contentUrl":"https:\/\/contactfm72.fr\/wp-content\/uploads\/2025\/04\/2025-04-18-2.jpg","width":680,"height":307,"caption":"Contact FM 99.3"},"image":{"@id":"https:\/\/contactfm72.fr\/#\/schema\/logo\/image\/"},"sameAs":["https:\/\/www.facebook.com\/Contactfm.Chateauduloir","https:\/\/x.com\/contactfm72","https:\/\/www.instagram.com\/contact.fm.72?igsh=cGhlMHQ5N2JlNnpp","https:\/\/www.tiktok.com\/@contact.fm"]},{"@type":"Person","@id":"https:\/\/contactfm72.fr\/#\/schema\/person\/d2ef09cdea7331b185acaddc4d14dda8","name":"redaction2@contactfm72.fr","image":{"@type":"ImageObject","inLanguage":"fr-FR","@id":"https:\/\/secure.gravatar.com\/avatar\/897f3d57289c1f4c62cade1c2606ba6ded18d5f1676845e668a9f21cb751c06b?s=96&d=mm&r=g","url":"https:\/\/secure.gravatar.com\/avatar\/897f3d57289c1f4c62cade1c2606ba6ded18d5f1676845e668a9f21cb751c06b?s=96&d=mm&r=g","contentUrl":"https:\/\/secure.gravatar.com\/avatar\/897f3d57289c1f4c62cade1c2606ba6ded18d5f1676845e668a9f21cb751c06b?s=96&d=mm&r=g","caption":"redaction2@contactfm72.fr"},"url":"https:\/\/contactfm72.fr\/?author=5"}]}},"_links":{"self":[{"href":"https:\/\/contactfm72.fr\/index.php?rest_route=\/wp\/v2\/posts\/17545","targetHints":{"allow":["GET"]}}],"collection":[{"href":"https:\/\/contactfm72.fr\/index.php?rest_route=\/wp\/v2\/posts"}],"about":[{"href":"https:\/\/contactfm72.fr\/index.php?rest_route=\/wp\/v2\/types\/post"}],"author":[{"embeddable":true,"href":"https:\/\/contactfm72.fr\/index.php?rest_route=\/wp\/v2\/users\/5"}],"replies":[{"embeddable":true,"href":"https:\/\/contactfm72.fr\/index.php?rest_route=%2Fwp%2Fv2%2Fcomments&post=17545"}],"version-history":[{"count":4,"href":"https:\/\/contactfm72.fr\/index.php?rest_route=\/wp\/v2\/posts\/17545\/revisions"}],"predecessor-version":[{"id":17552,"href":"https:\/\/contactfm72.fr\/index.php?rest_route=\/wp\/v2\/posts\/17545\/revisions\/17552"}],"wp:featuredmedia":[{"embeddable":true,"href":"https:\/\/contactfm72.fr\/index.php?rest_route=\/wp\/v2\/media\/17551"}],"wp:attachment":[{"href":"https:\/\/contactfm72.fr\/index.php?rest_route=%2Fwp%2Fv2%2Fmedia&parent=17545"}],"wp:term":[{"taxonomy":"category","embeddable":true,"href":"https:\/\/contactfm72.fr\/index.php?rest_route=%2Fwp%2Fv2%2Fcategories&post=17545"},{"taxonomy":"post_tag","embeddable":true,"href":"https:\/\/contactfm72.fr\/index.php?rest_route=%2Fwp%2Fv2%2Ftags&post=17545"}],"curies":[{"name":"wp","href":"https:\/\/api.w.org\/{rel}","templated":true}]}}