{"id":17495,"date":"2024-10-02T17:30:17","date_gmt":"2024-10-02T15:30:17","guid":{"rendered":"https:\/\/contactfm72.fr\/?p=17495"},"modified":"2024-10-02T16:07:18","modified_gmt":"2024-10-02T14:07:18","slug":"lannee-culturelle-pour-le-lude-et-lassociation-le-ronsard","status":"publish","type":"post","link":"https:\/\/contactfm72.fr\/?p=17495","title":{"rendered":"La saison culturelle 2024-2025 du Lude se d\u00e9voile avec l&#8217;association &#8220;Le Ronsard&#8221;"},"content":{"rendered":"<p>Quoi de pr\u00e9vu pour cette ann\u00e9e culturelle au Lude ?<\/p>\n<p>Avec une programmation pour tous les go\u00fbts, dont l&#8217;orchestre d&#8217;harmonie de la Sarthe, le festival &#8220;Sortez Local&#8221; ou encore des t\u00eates d&#8217;affiches comme l&#8217;humoriste Olivier De Benoist, le chanteur-acteur-danseur Agustin Galiana et les trois com\u00e9diennes &#8220;Les Coquettes&#8221;, nous parlons de tout ce qu&#8217;il se passera cette ann\u00e9e \u00e9galement au cin\u00e9ma, la micro-folie ou encore le festival &#8220;Graines d&#8217;Images&#8221; pendant les vacances d&#8217;automne.<\/p>\n<p>Elina Salaun, nouvelle coordinatrice du service culture de la ville du Lude, et Didier Guillot, pr\u00e9sident de l&#8217;association Le Ronsard, sont les invit\u00e9s de l&#8217;\u00e9mission &#8220;En Coulisses&#8221; mercredi 2 octobre \u00e0 19h et lundi 7 octobre \u00e0 14h.<\/p>\n<div id=\"audioigniter-548\" class=\"audioigniter-root \" data-player-type=\"full\" data-tracks-url=\"https:\/\/contactfm72.fr\/?audioigniter_playlist_id=548\" data-display-track-no=\"false\" data-reverse-track-order=\"false\" data-display-tracklist-covers=\"false\" data-display-active-cover=\"false\" data-display-artist-names=\"false\" data-display-buy-buttons=\"true\" data-buy-buttons-target=\"false\" data-cycle-tracks=\"false\" data-display-credits=\"false\" data-display-tracklist=\"true\" data-allow-tracklist-toggle=\"true\" data-allow-tracklist-loop=\"true\" data-limit-tracklist-height=\"true\" data-volume=\"100\" data-tracklist-height=\"185\" data-allow-track-loop=\"false\" ><\/div>\n<!-- AddThis Advanced Settings generic via filter on the_content --><!-- AddThis Share Buttons generic via filter on the_content -->","protected":false},"excerpt":{"rendered":"<p>Quoi de pr\u00e9vu pour cette ann\u00e9e culturelle au Lude ? Avec une programmation pour tous les go\u00fbts, dont l&#8217;orchestre d&#8217;harmonie de la Sarthe, le festival &#8220;Sortez Local&#8221; ou encore des t\u00eates d&#8217;affiches comme l&#8217;humoriste Olivier De Benoist, le chanteur-acteur-danseur Agustin Galiana et les trois com\u00e9diennes &#8220;Les Coquettes&#8221;, nous parlons de tout ce qu&#8217;il se passera&hellip;<!-- AddThis Advanced Settings generic via filter on get_the_excerpt --><!-- AddThis Share Buttons generic via filter on get_the_excerpt --><\/p>\n","protected":false},"author":5,"featured_media":17496,"comment_status":"closed","ping_status":"open","sticky":false,"template":"","format":"standard","meta":{"footnotes":""},"categories":[1,35],"tags":[],"class_list":["post-17495","post","type-post","status-publish","format-standard","has-post-thumbnail","hentry","category-contact-fm-72","category-en-coulisses","category-1","category-35","description-off"],"yoast_head":"<!-- This site is optimized with the Yoast SEO plugin v27.4 - https:\/\/yoast.com\/product\/yoast-seo-wordpress\/ -->\n<title>La saison culturelle 2024-2025 du Lude se d\u00e9voile avec l&#039;association &quot;Le Ronsard&quot; - Contact FM 99.3<\/title>\n<meta name=\"description\" content=\"Quoi de pr\u00e9vu pour cette ann\u00e9e culturelle au Lude ?\u00a0Avec une programmation pour tous les go\u00fbts, toutes les bourses dont l&#039;orchestre d&#039;harmonie de la Sarthe, le festival &quot;Sortez Local&quot; ou encore des t\u00eates d&#039;affiches comme l&#039;humoriste Olivier De Benoist, le chanteur-acteur-danseur Agustin Galiana et les trois com\u00e9diennes &quot;Les Coquettes&quot;, nous parlons de tout ce qu&#039;il se passera cette ann\u00e9e \u00e9galement au cin\u00e9ma, micro-folie ou encore le festival &quot;Graines d&#039;Images&quot; pendant les vacances d&#039;automne.\" \/>\n<meta name=\"robots\" content=\"index, follow, max-snippet:-1, max-image-preview:large, max-video-preview:-1\" \/>\n<link rel=\"canonical\" href=\"https:\/\/contactfm72.fr\/?p=17495\" \/>\n<meta property=\"og:locale\" content=\"fr_FR\" \/>\n<meta property=\"og:type\" content=\"article\" \/>\n<meta property=\"og:title\" content=\"La saison culturelle 2024-2025 du Lude se d\u00e9voile avec l&#039;association &quot;Le Ronsard&quot; - Contact FM 99.3\" \/>\n<meta property=\"og:description\" content=\"Quoi de pr\u00e9vu pour cette ann\u00e9e culturelle au Lude ?\u00a0Avec une programmation pour tous les go\u00fbts, toutes les bourses dont l&#039;orchestre d&#039;harmonie de la Sarthe, le festival &quot;Sortez Local&quot; ou encore des t\u00eates d&#039;affiches comme l&#039;humoriste Olivier De Benoist, le chanteur-acteur-danseur Agustin Galiana et les trois com\u00e9diennes &quot;Les Coquettes&quot;, nous parlons de tout ce qu&#039;il se passera cette ann\u00e9e \u00e9galement au cin\u00e9ma, micro-folie ou encore le festival &quot;Graines d&#039;Images&quot; pendant les vacances d&#039;automne.\" \/>\n<meta property=\"og:url\" content=\"https:\/\/contactfm72.fr\/?p=17495\" \/>\n<meta property=\"og:site_name\" content=\"Contact FM 99.3\" \/>\n<meta property=\"article:publisher\" content=\"https:\/\/www.facebook.com\/Contactfm.Chateauduloir\" \/>\n<meta property=\"article:published_time\" content=\"2024-10-02T15:30:17+00:00\" \/>\n<meta property=\"og:image\" content=\"https:\/\/contactfm72.fr\/wp-content\/uploads\/2024\/10\/Visuel-Contact-FM-75.png\" \/>\n\t<meta property=\"og:image:width\" content=\"1024\" \/>\n\t<meta property=\"og:image:height\" content=\"768\" \/>\n\t<meta property=\"og:image:type\" content=\"image\/png\" \/>\n<meta name=\"author\" content=\"redaction2@contactfm72.fr\" \/>\n<meta name=\"twitter:card\" content=\"summary_large_image\" \/>\n<meta name=\"twitter:creator\" content=\"@contactfm72\" \/>\n<meta name=\"twitter:site\" content=\"@contactfm72\" \/>\n<meta name=\"twitter:label1\" content=\"\u00c9crit par\" \/>\n\t<meta name=\"twitter:data1\" content=\"redaction2@contactfm72.fr\" \/>\n\t<meta name=\"twitter:label2\" content=\"Dur\u00e9e de lecture estim\u00e9e\" \/>\n\t<meta name=\"twitter:data2\" content=\"1 minute\" \/>\n<script type=\"application\/ld+json\" class=\"yoast-schema-graph\">{\"@context\":\"https:\\\/\\\/schema.org\",\"@graph\":[{\"@type\":\"Article\",\"@id\":\"https:\\\/\\\/contactfm72.fr\\\/?p=17495#article\",\"isPartOf\":{\"@id\":\"https:\\\/\\\/contactfm72.fr\\\/?p=17495\"},\"author\":{\"name\":\"redaction2@contactfm72.fr\",\"@id\":\"https:\\\/\\\/contactfm72.fr\\\/#\\\/schema\\\/person\\\/d2ef09cdea7331b185acaddc4d14dda8\"},\"headline\":\"La saison culturelle 2024-2025 du Lude se d\u00e9voile avec l&#8217;association &#8220;Le Ronsard&#8221;\",\"datePublished\":\"2024-10-02T15:30:17+00:00\",\"mainEntityOfPage\":{\"@id\":\"https:\\\/\\\/contactfm72.fr\\\/?p=17495\"},\"wordCount\":140,\"publisher\":{\"@id\":\"https:\\\/\\\/contactfm72.fr\\\/#organization\"},\"image\":{\"@id\":\"https:\\\/\\\/contactfm72.fr\\\/?p=17495#primaryimage\"},\"thumbnailUrl\":\"https:\\\/\\\/contactfm72.fr\\\/wp-content\\\/uploads\\\/2024\\\/10\\\/Visuel-Contact-FM-75.png\",\"articleSection\":[\"Contact FM 72\",\"En coulisses\"],\"inLanguage\":\"fr-FR\"},{\"@type\":\"WebPage\",\"@id\":\"https:\\\/\\\/contactfm72.fr\\\/?p=17495\",\"url\":\"https:\\\/\\\/contactfm72.fr\\\/?p=17495\",\"name\":\"La saison culturelle 2024-2025 du Lude se d\u00e9voile avec l'association \\\"Le Ronsard\\\" - Contact FM 99.3\",\"isPartOf\":{\"@id\":\"https:\\\/\\\/contactfm72.fr\\\/#website\"},\"primaryImageOfPage\":{\"@id\":\"https:\\\/\\\/contactfm72.fr\\\/?p=17495#primaryimage\"},\"image\":{\"@id\":\"https:\\\/\\\/contactfm72.fr\\\/?p=17495#primaryimage\"},\"thumbnailUrl\":\"https:\\\/\\\/contactfm72.fr\\\/wp-content\\\/uploads\\\/2024\\\/10\\\/Visuel-Contact-FM-75.png\",\"datePublished\":\"2024-10-02T15:30:17+00:00\",\"description\":\"Quoi de pr\u00e9vu pour cette ann\u00e9e culturelle au Lude ?\u00a0Avec une programmation pour tous les go\u00fbts, toutes les bourses dont l'orchestre d'harmonie de la Sarthe, le festival \\\"Sortez Local\\\" ou encore des t\u00eates d'affiches comme l'humoriste Olivier De Benoist, le chanteur-acteur-danseur Agustin Galiana et les trois com\u00e9diennes \\\"Les Coquettes\\\", nous parlons de tout ce qu'il se passera cette ann\u00e9e \u00e9galement au cin\u00e9ma, micro-folie ou encore le festival \\\"Graines d'Images\\\" pendant les vacances d'automne.\",\"breadcrumb\":{\"@id\":\"https:\\\/\\\/contactfm72.fr\\\/?p=17495#breadcrumb\"},\"inLanguage\":\"fr-FR\",\"potentialAction\":[{\"@type\":\"ReadAction\",\"target\":[\"https:\\\/\\\/contactfm72.fr\\\/?p=17495\"]}]},{\"@type\":\"ImageObject\",\"inLanguage\":\"fr-FR\",\"@id\":\"https:\\\/\\\/contactfm72.fr\\\/?p=17495#primaryimage\",\"url\":\"https:\\\/\\\/contactfm72.fr\\\/wp-content\\\/uploads\\\/2024\\\/10\\\/Visuel-Contact-FM-75.png\",\"contentUrl\":\"https:\\\/\\\/contactfm72.fr\\\/wp-content\\\/uploads\\\/2024\\\/10\\\/Visuel-Contact-FM-75.png\",\"width\":2016,\"height\":1512},{\"@type\":\"BreadcrumbList\",\"@id\":\"https:\\\/\\\/contactfm72.fr\\\/?p=17495#breadcrumb\",\"itemListElement\":[{\"@type\":\"ListItem\",\"position\":1,\"name\":\"Accueil\",\"item\":\"https:\\\/\\\/contactfm72.fr\\\/\"},{\"@type\":\"ListItem\",\"position\":2,\"name\":\"La saison culturelle 2024-2025 du Lude se d\u00e9voile avec l&#8217;association &#8220;Le Ronsard&#8221;\"}]},{\"@type\":\"WebSite\",\"@id\":\"https:\\\/\\\/contactfm72.fr\\\/#website\",\"url\":\"https:\\\/\\\/contactfm72.fr\\\/\",\"name\":\"Contact FM 99.3\",\"description\":\"Votre radio en vall\u00e9e du Loir\",\"publisher\":{\"@id\":\"https:\\\/\\\/contactfm72.fr\\\/#organization\"},\"potentialAction\":[{\"@type\":\"SearchAction\",\"target\":{\"@type\":\"EntryPoint\",\"urlTemplate\":\"https:\\\/\\\/contactfm72.fr\\\/?s={search_term_string}\"},\"query-input\":{\"@type\":\"PropertyValueSpecification\",\"valueRequired\":true,\"valueName\":\"search_term_string\"}}],\"inLanguage\":\"fr-FR\"},{\"@type\":\"Organization\",\"@id\":\"https:\\\/\\\/contactfm72.fr\\\/#organization\",\"name\":\"Contact FM 99.3\",\"url\":\"https:\\\/\\\/contactfm72.fr\\\/\",\"logo\":{\"@type\":\"ImageObject\",\"inLanguage\":\"fr-FR\",\"@id\":\"https:\\\/\\\/contactfm72.fr\\\/#\\\/schema\\\/logo\\\/image\\\/\",\"url\":\"https:\\\/\\\/contactfm72.fr\\\/wp-content\\\/uploads\\\/2025\\\/04\\\/2025-04-18-2.jpg\",\"contentUrl\":\"https:\\\/\\\/contactfm72.fr\\\/wp-content\\\/uploads\\\/2025\\\/04\\\/2025-04-18-2.jpg\",\"width\":680,\"height\":307,\"caption\":\"Contact FM 99.3\"},\"image\":{\"@id\":\"https:\\\/\\\/contactfm72.fr\\\/#\\\/schema\\\/logo\\\/image\\\/\"},\"sameAs\":[\"https:\\\/\\\/www.facebook.com\\\/Contactfm.Chateauduloir\",\"https:\\\/\\\/x.com\\\/contactfm72\",\"https:\\\/\\\/www.instagram.com\\\/contact.fm.72?igsh=cGhlMHQ5N2JlNnpp\",\"https:\\\/\\\/www.tiktok.com\\\/@contact.fm\"]},{\"@type\":\"Person\",\"@id\":\"https:\\\/\\\/contactfm72.fr\\\/#\\\/schema\\\/person\\\/d2ef09cdea7331b185acaddc4d14dda8\",\"name\":\"redaction2@contactfm72.fr\",\"image\":{\"@type\":\"ImageObject\",\"inLanguage\":\"fr-FR\",\"@id\":\"https:\\\/\\\/secure.gravatar.com\\\/avatar\\\/897f3d57289c1f4c62cade1c2606ba6ded18d5f1676845e668a9f21cb751c06b?s=96&d=mm&r=g\",\"url\":\"https:\\\/\\\/secure.gravatar.com\\\/avatar\\\/897f3d57289c1f4c62cade1c2606ba6ded18d5f1676845e668a9f21cb751c06b?s=96&d=mm&r=g\",\"contentUrl\":\"https:\\\/\\\/secure.gravatar.com\\\/avatar\\\/897f3d57289c1f4c62cade1c2606ba6ded18d5f1676845e668a9f21cb751c06b?s=96&d=mm&r=g\",\"caption\":\"redaction2@contactfm72.fr\"},\"url\":\"https:\\\/\\\/contactfm72.fr\\\/?author=5\"}]}<\/script>\n<!-- \/ Yoast SEO plugin. -->","yoast_head_json":{"title":"La saison culturelle 2024-2025 du Lude se d\u00e9voile avec l'association \"Le Ronsard\" - Contact FM 99.3","description":"Quoi de pr\u00e9vu pour cette ann\u00e9e culturelle au Lude ?\u00a0Avec une programmation pour tous les go\u00fbts, toutes les bourses dont l'orchestre d'harmonie de la Sarthe, le festival \"Sortez Local\" ou encore des t\u00eates d'affiches comme l'humoriste Olivier De Benoist, le chanteur-acteur-danseur Agustin Galiana et les trois com\u00e9diennes \"Les Coquettes\", nous parlons de tout ce qu'il se passera cette ann\u00e9e \u00e9galement au cin\u00e9ma, micro-folie ou encore le festival \"Graines d'Images\" pendant les vacances d'automne.","robots":{"index":"index","follow":"follow","max-snippet":"max-snippet:-1","max-image-preview":"max-image-preview:large","max-video-preview":"max-video-preview:-1"},"canonical":"https:\/\/contactfm72.fr\/?p=17495","og_locale":"fr_FR","og_type":"article","og_title":"La saison culturelle 2024-2025 du Lude se d\u00e9voile avec l'association \"Le Ronsard\" - Contact FM 99.3","og_description":"Quoi de pr\u00e9vu pour cette ann\u00e9e culturelle au Lude ?\u00a0Avec une programmation pour tous les go\u00fbts, toutes les bourses dont l'orchestre d'harmonie de la Sarthe, le festival \"Sortez Local\" ou encore des t\u00eates d'affiches comme l'humoriste Olivier De Benoist, le chanteur-acteur-danseur Agustin Galiana et les trois com\u00e9diennes \"Les Coquettes\", nous parlons de tout ce qu'il se passera cette ann\u00e9e \u00e9galement au cin\u00e9ma, micro-folie ou encore le festival \"Graines d'Images\" pendant les vacances d'automne.","og_url":"https:\/\/contactfm72.fr\/?p=17495","og_site_name":"Contact FM 99.3","article_publisher":"https:\/\/www.facebook.com\/Contactfm.Chateauduloir","article_published_time":"2024-10-02T15:30:17+00:00","og_image":[{"url":"https:\/\/contactfm72.fr\/wp-content\/uploads\/2024\/10\/Visuel-Contact-FM-75.png","width":1024,"height":768,"type":"image\/png"}],"author":"redaction2@contactfm72.fr","twitter_card":"summary_large_image","twitter_creator":"@contactfm72","twitter_site":"@contactfm72","twitter_misc":{"\u00c9crit par":"redaction2@contactfm72.fr","Dur\u00e9e de lecture estim\u00e9e":"1 minute"},"schema":{"@context":"https:\/\/schema.org","@graph":[{"@type":"Article","@id":"https:\/\/contactfm72.fr\/?p=17495#article","isPartOf":{"@id":"https:\/\/contactfm72.fr\/?p=17495"},"author":{"name":"redaction2@contactfm72.fr","@id":"https:\/\/contactfm72.fr\/#\/schema\/person\/d2ef09cdea7331b185acaddc4d14dda8"},"headline":"La saison culturelle 2024-2025 du Lude se d\u00e9voile avec l&#8217;association &#8220;Le Ronsard&#8221;","datePublished":"2024-10-02T15:30:17+00:00","mainEntityOfPage":{"@id":"https:\/\/contactfm72.fr\/?p=17495"},"wordCount":140,"publisher":{"@id":"https:\/\/contactfm72.fr\/#organization"},"image":{"@id":"https:\/\/contactfm72.fr\/?p=17495#primaryimage"},"thumbnailUrl":"https:\/\/contactfm72.fr\/wp-content\/uploads\/2024\/10\/Visuel-Contact-FM-75.png","articleSection":["Contact FM 72","En coulisses"],"inLanguage":"fr-FR"},{"@type":"WebPage","@id":"https:\/\/contactfm72.fr\/?p=17495","url":"https:\/\/contactfm72.fr\/?p=17495","name":"La saison culturelle 2024-2025 du Lude se d\u00e9voile avec l'association \"Le Ronsard\" - Contact FM 99.3","isPartOf":{"@id":"https:\/\/contactfm72.fr\/#website"},"primaryImageOfPage":{"@id":"https:\/\/contactfm72.fr\/?p=17495#primaryimage"},"image":{"@id":"https:\/\/contactfm72.fr\/?p=17495#primaryimage"},"thumbnailUrl":"https:\/\/contactfm72.fr\/wp-content\/uploads\/2024\/10\/Visuel-Contact-FM-75.png","datePublished":"2024-10-02T15:30:17+00:00","description":"Quoi de pr\u00e9vu pour cette ann\u00e9e culturelle au Lude ?\u00a0Avec une programmation pour tous les go\u00fbts, toutes les bourses dont l'orchestre d'harmonie de la Sarthe, le festival \"Sortez Local\" ou encore des t\u00eates d'affiches comme l'humoriste Olivier De Benoist, le chanteur-acteur-danseur Agustin Galiana et les trois com\u00e9diennes \"Les Coquettes\", nous parlons de tout ce qu'il se passera cette ann\u00e9e \u00e9galement au cin\u00e9ma, micro-folie ou encore le festival \"Graines d'Images\" pendant les vacances d'automne.","breadcrumb":{"@id":"https:\/\/contactfm72.fr\/?p=17495#breadcrumb"},"inLanguage":"fr-FR","potentialAction":[{"@type":"ReadAction","target":["https:\/\/contactfm72.fr\/?p=17495"]}]},{"@type":"ImageObject","inLanguage":"fr-FR","@id":"https:\/\/contactfm72.fr\/?p=17495#primaryimage","url":"https:\/\/contactfm72.fr\/wp-content\/uploads\/2024\/10\/Visuel-Contact-FM-75.png","contentUrl":"https:\/\/contactfm72.fr\/wp-content\/uploads\/2024\/10\/Visuel-Contact-FM-75.png","width":2016,"height":1512},{"@type":"BreadcrumbList","@id":"https:\/\/contactfm72.fr\/?p=17495#breadcrumb","itemListElement":[{"@type":"ListItem","position":1,"name":"Accueil","item":"https:\/\/contactfm72.fr\/"},{"@type":"ListItem","position":2,"name":"La saison culturelle 2024-2025 du Lude se d\u00e9voile avec l&#8217;association &#8220;Le Ronsard&#8221;"}]},{"@type":"WebSite","@id":"https:\/\/contactfm72.fr\/#website","url":"https:\/\/contactfm72.fr\/","name":"Contact FM 99.3","description":"Votre radio en vall\u00e9e du Loir","publisher":{"@id":"https:\/\/contactfm72.fr\/#organization"},"potentialAction":[{"@type":"SearchAction","target":{"@type":"EntryPoint","urlTemplate":"https:\/\/contactfm72.fr\/?s={search_term_string}"},"query-input":{"@type":"PropertyValueSpecification","valueRequired":true,"valueName":"search_term_string"}}],"inLanguage":"fr-FR"},{"@type":"Organization","@id":"https:\/\/contactfm72.fr\/#organization","name":"Contact FM 99.3","url":"https:\/\/contactfm72.fr\/","logo":{"@type":"ImageObject","inLanguage":"fr-FR","@id":"https:\/\/contactfm72.fr\/#\/schema\/logo\/image\/","url":"https:\/\/contactfm72.fr\/wp-content\/uploads\/2025\/04\/2025-04-18-2.jpg","contentUrl":"https:\/\/contactfm72.fr\/wp-content\/uploads\/2025\/04\/2025-04-18-2.jpg","width":680,"height":307,"caption":"Contact FM 99.3"},"image":{"@id":"https:\/\/contactfm72.fr\/#\/schema\/logo\/image\/"},"sameAs":["https:\/\/www.facebook.com\/Contactfm.Chateauduloir","https:\/\/x.com\/contactfm72","https:\/\/www.instagram.com\/contact.fm.72?igsh=cGhlMHQ5N2JlNnpp","https:\/\/www.tiktok.com\/@contact.fm"]},{"@type":"Person","@id":"https:\/\/contactfm72.fr\/#\/schema\/person\/d2ef09cdea7331b185acaddc4d14dda8","name":"redaction2@contactfm72.fr","image":{"@type":"ImageObject","inLanguage":"fr-FR","@id":"https:\/\/secure.gravatar.com\/avatar\/897f3d57289c1f4c62cade1c2606ba6ded18d5f1676845e668a9f21cb751c06b?s=96&d=mm&r=g","url":"https:\/\/secure.gravatar.com\/avatar\/897f3d57289c1f4c62cade1c2606ba6ded18d5f1676845e668a9f21cb751c06b?s=96&d=mm&r=g","contentUrl":"https:\/\/secure.gravatar.com\/avatar\/897f3d57289c1f4c62cade1c2606ba6ded18d5f1676845e668a9f21cb751c06b?s=96&d=mm&r=g","caption":"redaction2@contactfm72.fr"},"url":"https:\/\/contactfm72.fr\/?author=5"}]}},"_links":{"self":[{"href":"https:\/\/contactfm72.fr\/index.php?rest_route=\/wp\/v2\/posts\/17495","targetHints":{"allow":["GET"]}}],"collection":[{"href":"https:\/\/contactfm72.fr\/index.php?rest_route=\/wp\/v2\/posts"}],"about":[{"href":"https:\/\/contactfm72.fr\/index.php?rest_route=\/wp\/v2\/types\/post"}],"author":[{"embeddable":true,"href":"https:\/\/contactfm72.fr\/index.php?rest_route=\/wp\/v2\/users\/5"}],"replies":[{"embeddable":true,"href":"https:\/\/contactfm72.fr\/index.php?rest_route=%2Fwp%2Fv2%2Fcomments&post=17495"}],"version-history":[{"count":5,"href":"https:\/\/contactfm72.fr\/index.php?rest_route=\/wp\/v2\/posts\/17495\/revisions"}],"predecessor-version":[{"id":17503,"href":"https:\/\/contactfm72.fr\/index.php?rest_route=\/wp\/v2\/posts\/17495\/revisions\/17503"}],"wp:featuredmedia":[{"embeddable":true,"href":"https:\/\/contactfm72.fr\/index.php?rest_route=\/wp\/v2\/media\/17496"}],"wp:attachment":[{"href":"https:\/\/contactfm72.fr\/index.php?rest_route=%2Fwp%2Fv2%2Fmedia&parent=17495"}],"wp:term":[{"taxonomy":"category","embeddable":true,"href":"https:\/\/contactfm72.fr\/index.php?rest_route=%2Fwp%2Fv2%2Fcategories&post=17495"},{"taxonomy":"post_tag","embeddable":true,"href":"https:\/\/contactfm72.fr\/index.php?rest_route=%2Fwp%2Fv2%2Ftags&post=17495"}],"curies":[{"name":"wp","href":"https:\/\/api.w.org\/{rel}","templated":true}]}}