{"id":17492,"date":"2024-10-03T10:22:58","date_gmt":"2024-10-03T08:22:58","guid":{"rendered":"https:\/\/contactfm72.fr\/?p=17492"},"modified":"2024-10-03T11:12:26","modified_gmt":"2024-10-03T09:12:26","slug":"un-livre-pour-enfants-une-bd-et-georges-brassens","status":"publish","type":"post","link":"https:\/\/contactfm72.fr\/?p=17492","title":{"rendered":"Un livre pour enfants, une BD et Georges Brassens dans &#8220;Des livres et vous&#8221; !"},"content":{"rendered":"<p>La rentr\u00e9e est charg\u00e9e pour le r\u00e9seau de biblioth\u00e8ques Odyss\u00e9e !<\/p>\n<p>Camille B\u00e9nard du r\u00e9seau de biblioth\u00e8ques de la communaut\u00e9 de communes Sud-Sarthe &#8220;Odyss\u00e9e&#8221; a ramen\u00e9 plein de choses dans sa besace, entre un livre pour enfants, un roman ados\/adultes, une BD se passant au Chili et les nombreux \u00e9v\u00e9nements comme la f\u00eate de la science, des animations pour les vacances d&#8217;automne ou encore un spectacle de contes.<\/p>\n<p>C&#8217;est \u00e0 d\u00e9couvrir dans &#8220;Des livres et vous&#8221; le jeudi 3 octobre \u00e0 12h30 et le lundi 7 octobre \u00e0 17h30.<\/p>\n<div id=\"audioigniter-292\" class=\"audioigniter-root \" data-player-type=\"full\" data-tracks-url=\"https:\/\/contactfm72.fr\/?audioigniter_playlist_id=292\" data-display-track-no=\"false\" data-reverse-track-order=\"false\" data-display-tracklist-covers=\"false\" data-display-active-cover=\"false\" data-display-artist-names=\"false\" data-display-buy-buttons=\"true\" data-buy-buttons-target=\"false\" data-cycle-tracks=\"false\" data-display-credits=\"false\" data-display-tracklist=\"true\" data-allow-tracklist-toggle=\"true\" data-allow-tracklist-loop=\"true\" data-limit-tracklist-height=\"true\" data-volume=\"100\" data-tracklist-height=\"185\" data-allow-track-loop=\"false\" ><\/div>\n<p>&nbsp;<\/p>\n<!-- AddThis Advanced Settings generic via filter on the_content --><!-- AddThis Share Buttons generic via filter on the_content -->","protected":false},"excerpt":{"rendered":"<p>La rentr\u00e9e est charg\u00e9e pour le r\u00e9seau de biblioth\u00e8ques Odyss\u00e9e ! Camille B\u00e9nard du r\u00e9seau de biblioth\u00e8ques de la communaut\u00e9 de communes Sud-Sarthe &#8220;Odyss\u00e9e&#8221; a ramen\u00e9 plein de choses dans sa besace, entre un livre pour enfants, un roman ados\/adultes, une BD se passant au Chili et les nombreux \u00e9v\u00e9nements comme la f\u00eate de la&hellip;<!-- AddThis Advanced Settings generic via filter on get_the_excerpt --><!-- AddThis Share Buttons generic via filter on get_the_excerpt --><\/p>\n","protected":false},"author":5,"featured_media":17493,"comment_status":"closed","ping_status":"open","sticky":false,"template":"","format":"standard","meta":{"footnotes":""},"categories":[1,20],"tags":[],"class_list":["post-17492","post","type-post","status-publish","format-standard","has-post-thumbnail","hentry","category-contact-fm-72","category-des-livres-et-vous","category-1","category-20","description-off"],"yoast_head":"<!-- This site is optimized with the Yoast SEO plugin v27.4 - https:\/\/yoast.com\/product\/yoast-seo-wordpress\/ -->\n<title>Un livre pour enfants, une BD et Georges Brassens dans &quot;Des livres et vous&quot; ! - Contact FM 99.3<\/title>\n<meta name=\"description\" content=\"La rentr\u00e9e est charg\u00e9 pour le r\u00e9seau de biblioth\u00e8ques Odyss\u00e9e !\u00a0Camille B\u00e9nard du r\u00e9seau de biblioth\u00e8ques de la communaut\u00e9 de communes Sud-Sarthe &quot;Odyss\u00e9e&quot; a ramen\u00e9 plein de choses dans sa besace, entre un livre pour enfants, un roman ados\/adultes, une BD se passant au Chili et les nombreux \u00e9v\u00e9nements comme la f\u00eate de la science, des animations pour les vacances d&#039;automne ou encore un spectacle de contes.\u00a0C&#039;est \u00e0 d\u00e9couvrir dans &quot;Des livres et vous&quot; le jeudi 3 octobre \u00e0 12h30 et le lundi 7 octobre \u00e0 17h30.\" \/>\n<meta name=\"robots\" content=\"index, follow, max-snippet:-1, max-image-preview:large, max-video-preview:-1\" \/>\n<link rel=\"canonical\" href=\"https:\/\/contactfm72.fr\/?p=17492\" \/>\n<meta property=\"og:locale\" content=\"fr_FR\" \/>\n<meta property=\"og:type\" content=\"article\" \/>\n<meta property=\"og:title\" content=\"Un livre pour enfants, une BD et Georges Brassens dans &quot;Des livres et vous&quot; ! - Contact FM 99.3\" \/>\n<meta property=\"og:description\" content=\"La rentr\u00e9e est charg\u00e9 pour le r\u00e9seau de biblioth\u00e8ques Odyss\u00e9e !\u00a0Camille B\u00e9nard du r\u00e9seau de biblioth\u00e8ques de la communaut\u00e9 de communes Sud-Sarthe &quot;Odyss\u00e9e&quot; a ramen\u00e9 plein de choses dans sa besace, entre un livre pour enfants, un roman ados\/adultes, une BD se passant au Chili et les nombreux \u00e9v\u00e9nements comme la f\u00eate de la science, des animations pour les vacances d&#039;automne ou encore un spectacle de contes.\u00a0C&#039;est \u00e0 d\u00e9couvrir dans &quot;Des livres et vous&quot; le jeudi 3 octobre \u00e0 12h30 et le lundi 7 octobre \u00e0 17h30.\" \/>\n<meta property=\"og:url\" content=\"https:\/\/contactfm72.fr\/?p=17492\" \/>\n<meta property=\"og:site_name\" content=\"Contact FM 99.3\" \/>\n<meta property=\"article:publisher\" content=\"https:\/\/www.facebook.com\/Contactfm.Chateauduloir\" \/>\n<meta property=\"article:published_time\" content=\"2024-10-03T08:22:58+00:00\" \/>\n<meta property=\"article:modified_time\" content=\"2024-10-03T09:12:26+00:00\" \/>\n<meta property=\"og:image\" content=\"http:\/\/contactfm72.fr\/wp-content\/uploads\/2024\/10\/Visuel-Contact-FM-74.png\" \/>\n\t<meta property=\"og:image:width\" content=\"1024\" \/>\n\t<meta property=\"og:image:height\" content=\"768\" \/>\n\t<meta property=\"og:image:type\" content=\"image\/png\" \/>\n<meta name=\"author\" content=\"redaction2@contactfm72.fr\" \/>\n<meta name=\"twitter:card\" content=\"summary_large_image\" \/>\n<meta name=\"twitter:creator\" content=\"@contactfm72\" \/>\n<meta name=\"twitter:site\" content=\"@contactfm72\" \/>\n<meta name=\"twitter:label1\" content=\"\u00c9crit par\" \/>\n\t<meta name=\"twitter:data1\" content=\"redaction2@contactfm72.fr\" \/>\n\t<meta name=\"twitter:label2\" content=\"Dur\u00e9e de lecture estim\u00e9e\" \/>\n\t<meta name=\"twitter:data2\" content=\"1 minute\" \/>\n<script type=\"application\/ld+json\" class=\"yoast-schema-graph\">{\"@context\":\"https:\\\/\\\/schema.org\",\"@graph\":[{\"@type\":\"Article\",\"@id\":\"https:\\\/\\\/contactfm72.fr\\\/?p=17492#article\",\"isPartOf\":{\"@id\":\"https:\\\/\\\/contactfm72.fr\\\/?p=17492\"},\"author\":{\"name\":\"redaction2@contactfm72.fr\",\"@id\":\"https:\\\/\\\/contactfm72.fr\\\/#\\\/schema\\\/person\\\/d2ef09cdea7331b185acaddc4d14dda8\"},\"headline\":\"Un livre pour enfants, une BD et Georges Brassens dans &#8220;Des livres et vous&#8221; !\",\"datePublished\":\"2024-10-03T08:22:58+00:00\",\"dateModified\":\"2024-10-03T09:12:26+00:00\",\"mainEntityOfPage\":{\"@id\":\"https:\\\/\\\/contactfm72.fr\\\/?p=17492\"},\"wordCount\":116,\"publisher\":{\"@id\":\"https:\\\/\\\/contactfm72.fr\\\/#organization\"},\"image\":{\"@id\":\"https:\\\/\\\/contactfm72.fr\\\/?p=17492#primaryimage\"},\"thumbnailUrl\":\"https:\\\/\\\/contactfm72.fr\\\/wp-content\\\/uploads\\\/2024\\\/10\\\/Visuel-Contact-FM-74.png\",\"articleSection\":[\"Contact FM 72\",\"Des livres et vous\"],\"inLanguage\":\"fr-FR\"},{\"@type\":\"WebPage\",\"@id\":\"https:\\\/\\\/contactfm72.fr\\\/?p=17492\",\"url\":\"https:\\\/\\\/contactfm72.fr\\\/?p=17492\",\"name\":\"Un livre pour enfants, une BD et Georges Brassens dans \\\"Des livres et vous\\\" ! - Contact FM 99.3\",\"isPartOf\":{\"@id\":\"https:\\\/\\\/contactfm72.fr\\\/#website\"},\"primaryImageOfPage\":{\"@id\":\"https:\\\/\\\/contactfm72.fr\\\/?p=17492#primaryimage\"},\"image\":{\"@id\":\"https:\\\/\\\/contactfm72.fr\\\/?p=17492#primaryimage\"},\"thumbnailUrl\":\"https:\\\/\\\/contactfm72.fr\\\/wp-content\\\/uploads\\\/2024\\\/10\\\/Visuel-Contact-FM-74.png\",\"datePublished\":\"2024-10-03T08:22:58+00:00\",\"dateModified\":\"2024-10-03T09:12:26+00:00\",\"description\":\"La rentr\u00e9e est charg\u00e9 pour le r\u00e9seau de biblioth\u00e8ques Odyss\u00e9e !\u00a0Camille B\u00e9nard du r\u00e9seau de biblioth\u00e8ques de la communaut\u00e9 de communes Sud-Sarthe \\\"Odyss\u00e9e\\\" a ramen\u00e9 plein de choses dans sa besace, entre un livre pour enfants, un roman ados\\\/adultes, une BD se passant au Chili et les nombreux \u00e9v\u00e9nements comme la f\u00eate de la science, des animations pour les vacances d'automne ou encore un spectacle de contes.\u00a0C'est \u00e0 d\u00e9couvrir dans \\\"Des livres et vous\\\" le jeudi 3 octobre \u00e0 12h30 et le lundi 7 octobre \u00e0 17h30.\",\"breadcrumb\":{\"@id\":\"https:\\\/\\\/contactfm72.fr\\\/?p=17492#breadcrumb\"},\"inLanguage\":\"fr-FR\",\"potentialAction\":[{\"@type\":\"ReadAction\",\"target\":[\"https:\\\/\\\/contactfm72.fr\\\/?p=17492\"]}]},{\"@type\":\"ImageObject\",\"inLanguage\":\"fr-FR\",\"@id\":\"https:\\\/\\\/contactfm72.fr\\\/?p=17492#primaryimage\",\"url\":\"https:\\\/\\\/contactfm72.fr\\\/wp-content\\\/uploads\\\/2024\\\/10\\\/Visuel-Contact-FM-74.png\",\"contentUrl\":\"https:\\\/\\\/contactfm72.fr\\\/wp-content\\\/uploads\\\/2024\\\/10\\\/Visuel-Contact-FM-74.png\",\"width\":2016,\"height\":1512},{\"@type\":\"BreadcrumbList\",\"@id\":\"https:\\\/\\\/contactfm72.fr\\\/?p=17492#breadcrumb\",\"itemListElement\":[{\"@type\":\"ListItem\",\"position\":1,\"name\":\"Accueil\",\"item\":\"https:\\\/\\\/contactfm72.fr\\\/\"},{\"@type\":\"ListItem\",\"position\":2,\"name\":\"Un livre pour enfants, une BD et Georges Brassens dans &#8220;Des livres et vous&#8221; !\"}]},{\"@type\":\"WebSite\",\"@id\":\"https:\\\/\\\/contactfm72.fr\\\/#website\",\"url\":\"https:\\\/\\\/contactfm72.fr\\\/\",\"name\":\"Contact FM 99.3\",\"description\":\"Votre radio en vall\u00e9e du Loir\",\"publisher\":{\"@id\":\"https:\\\/\\\/contactfm72.fr\\\/#organization\"},\"potentialAction\":[{\"@type\":\"SearchAction\",\"target\":{\"@type\":\"EntryPoint\",\"urlTemplate\":\"https:\\\/\\\/contactfm72.fr\\\/?s={search_term_string}\"},\"query-input\":{\"@type\":\"PropertyValueSpecification\",\"valueRequired\":true,\"valueName\":\"search_term_string\"}}],\"inLanguage\":\"fr-FR\"},{\"@type\":\"Organization\",\"@id\":\"https:\\\/\\\/contactfm72.fr\\\/#organization\",\"name\":\"Contact FM 99.3\",\"url\":\"https:\\\/\\\/contactfm72.fr\\\/\",\"logo\":{\"@type\":\"ImageObject\",\"inLanguage\":\"fr-FR\",\"@id\":\"https:\\\/\\\/contactfm72.fr\\\/#\\\/schema\\\/logo\\\/image\\\/\",\"url\":\"https:\\\/\\\/contactfm72.fr\\\/wp-content\\\/uploads\\\/2025\\\/04\\\/2025-04-18-2.jpg\",\"contentUrl\":\"https:\\\/\\\/contactfm72.fr\\\/wp-content\\\/uploads\\\/2025\\\/04\\\/2025-04-18-2.jpg\",\"width\":680,\"height\":307,\"caption\":\"Contact FM 99.3\"},\"image\":{\"@id\":\"https:\\\/\\\/contactfm72.fr\\\/#\\\/schema\\\/logo\\\/image\\\/\"},\"sameAs\":[\"https:\\\/\\\/www.facebook.com\\\/Contactfm.Chateauduloir\",\"https:\\\/\\\/x.com\\\/contactfm72\",\"https:\\\/\\\/www.instagram.com\\\/contact.fm.72?igsh=cGhlMHQ5N2JlNnpp\",\"https:\\\/\\\/www.tiktok.com\\\/@contact.fm\"]},{\"@type\":\"Person\",\"@id\":\"https:\\\/\\\/contactfm72.fr\\\/#\\\/schema\\\/person\\\/d2ef09cdea7331b185acaddc4d14dda8\",\"name\":\"redaction2@contactfm72.fr\",\"image\":{\"@type\":\"ImageObject\",\"inLanguage\":\"fr-FR\",\"@id\":\"https:\\\/\\\/secure.gravatar.com\\\/avatar\\\/897f3d57289c1f4c62cade1c2606ba6ded18d5f1676845e668a9f21cb751c06b?s=96&d=mm&r=g\",\"url\":\"https:\\\/\\\/secure.gravatar.com\\\/avatar\\\/897f3d57289c1f4c62cade1c2606ba6ded18d5f1676845e668a9f21cb751c06b?s=96&d=mm&r=g\",\"contentUrl\":\"https:\\\/\\\/secure.gravatar.com\\\/avatar\\\/897f3d57289c1f4c62cade1c2606ba6ded18d5f1676845e668a9f21cb751c06b?s=96&d=mm&r=g\",\"caption\":\"redaction2@contactfm72.fr\"},\"url\":\"https:\\\/\\\/contactfm72.fr\\\/?author=5\"}]}<\/script>\n<!-- \/ Yoast SEO plugin. -->","yoast_head_json":{"title":"Un livre pour enfants, une BD et Georges Brassens dans \"Des livres et vous\" ! - Contact FM 99.3","description":"La rentr\u00e9e est charg\u00e9 pour le r\u00e9seau de biblioth\u00e8ques Odyss\u00e9e !\u00a0Camille B\u00e9nard du r\u00e9seau de biblioth\u00e8ques de la communaut\u00e9 de communes Sud-Sarthe \"Odyss\u00e9e\" a ramen\u00e9 plein de choses dans sa besace, entre un livre pour enfants, un roman ados\/adultes, une BD se passant au Chili et les nombreux \u00e9v\u00e9nements comme la f\u00eate de la science, des animations pour les vacances d'automne ou encore un spectacle de contes.\u00a0C'est \u00e0 d\u00e9couvrir dans \"Des livres et vous\" le jeudi 3 octobre \u00e0 12h30 et le lundi 7 octobre \u00e0 17h30.","robots":{"index":"index","follow":"follow","max-snippet":"max-snippet:-1","max-image-preview":"max-image-preview:large","max-video-preview":"max-video-preview:-1"},"canonical":"https:\/\/contactfm72.fr\/?p=17492","og_locale":"fr_FR","og_type":"article","og_title":"Un livre pour enfants, une BD et Georges Brassens dans \"Des livres et vous\" ! - Contact FM 99.3","og_description":"La rentr\u00e9e est charg\u00e9 pour le r\u00e9seau de biblioth\u00e8ques Odyss\u00e9e !\u00a0Camille B\u00e9nard du r\u00e9seau de biblioth\u00e8ques de la communaut\u00e9 de communes Sud-Sarthe \"Odyss\u00e9e\" a ramen\u00e9 plein de choses dans sa besace, entre un livre pour enfants, un roman ados\/adultes, une BD se passant au Chili et les nombreux \u00e9v\u00e9nements comme la f\u00eate de la science, des animations pour les vacances d'automne ou encore un spectacle de contes.\u00a0C'est \u00e0 d\u00e9couvrir dans \"Des livres et vous\" le jeudi 3 octobre \u00e0 12h30 et le lundi 7 octobre \u00e0 17h30.","og_url":"https:\/\/contactfm72.fr\/?p=17492","og_site_name":"Contact FM 99.3","article_publisher":"https:\/\/www.facebook.com\/Contactfm.Chateauduloir","article_published_time":"2024-10-03T08:22:58+00:00","article_modified_time":"2024-10-03T09:12:26+00:00","og_image":[{"url":"http:\/\/contactfm72.fr\/wp-content\/uploads\/2024\/10\/Visuel-Contact-FM-74.png","width":1024,"height":768,"type":"image\/png"}],"author":"redaction2@contactfm72.fr","twitter_card":"summary_large_image","twitter_creator":"@contactfm72","twitter_site":"@contactfm72","twitter_misc":{"\u00c9crit par":"redaction2@contactfm72.fr","Dur\u00e9e de lecture estim\u00e9e":"1 minute"},"schema":{"@context":"https:\/\/schema.org","@graph":[{"@type":"Article","@id":"https:\/\/contactfm72.fr\/?p=17492#article","isPartOf":{"@id":"https:\/\/contactfm72.fr\/?p=17492"},"author":{"name":"redaction2@contactfm72.fr","@id":"https:\/\/contactfm72.fr\/#\/schema\/person\/d2ef09cdea7331b185acaddc4d14dda8"},"headline":"Un livre pour enfants, une BD et Georges Brassens dans &#8220;Des livres et vous&#8221; !","datePublished":"2024-10-03T08:22:58+00:00","dateModified":"2024-10-03T09:12:26+00:00","mainEntityOfPage":{"@id":"https:\/\/contactfm72.fr\/?p=17492"},"wordCount":116,"publisher":{"@id":"https:\/\/contactfm72.fr\/#organization"},"image":{"@id":"https:\/\/contactfm72.fr\/?p=17492#primaryimage"},"thumbnailUrl":"https:\/\/contactfm72.fr\/wp-content\/uploads\/2024\/10\/Visuel-Contact-FM-74.png","articleSection":["Contact FM 72","Des livres et vous"],"inLanguage":"fr-FR"},{"@type":"WebPage","@id":"https:\/\/contactfm72.fr\/?p=17492","url":"https:\/\/contactfm72.fr\/?p=17492","name":"Un livre pour enfants, une BD et Georges Brassens dans \"Des livres et vous\" ! - Contact FM 99.3","isPartOf":{"@id":"https:\/\/contactfm72.fr\/#website"},"primaryImageOfPage":{"@id":"https:\/\/contactfm72.fr\/?p=17492#primaryimage"},"image":{"@id":"https:\/\/contactfm72.fr\/?p=17492#primaryimage"},"thumbnailUrl":"https:\/\/contactfm72.fr\/wp-content\/uploads\/2024\/10\/Visuel-Contact-FM-74.png","datePublished":"2024-10-03T08:22:58+00:00","dateModified":"2024-10-03T09:12:26+00:00","description":"La rentr\u00e9e est charg\u00e9 pour le r\u00e9seau de biblioth\u00e8ques Odyss\u00e9e !\u00a0Camille B\u00e9nard du r\u00e9seau de biblioth\u00e8ques de la communaut\u00e9 de communes Sud-Sarthe \"Odyss\u00e9e\" a ramen\u00e9 plein de choses dans sa besace, entre un livre pour enfants, un roman ados\/adultes, une BD se passant au Chili et les nombreux \u00e9v\u00e9nements comme la f\u00eate de la science, des animations pour les vacances d'automne ou encore un spectacle de contes.\u00a0C'est \u00e0 d\u00e9couvrir dans \"Des livres et vous\" le jeudi 3 octobre \u00e0 12h30 et le lundi 7 octobre \u00e0 17h30.","breadcrumb":{"@id":"https:\/\/contactfm72.fr\/?p=17492#breadcrumb"},"inLanguage":"fr-FR","potentialAction":[{"@type":"ReadAction","target":["https:\/\/contactfm72.fr\/?p=17492"]}]},{"@type":"ImageObject","inLanguage":"fr-FR","@id":"https:\/\/contactfm72.fr\/?p=17492#primaryimage","url":"https:\/\/contactfm72.fr\/wp-content\/uploads\/2024\/10\/Visuel-Contact-FM-74.png","contentUrl":"https:\/\/contactfm72.fr\/wp-content\/uploads\/2024\/10\/Visuel-Contact-FM-74.png","width":2016,"height":1512},{"@type":"BreadcrumbList","@id":"https:\/\/contactfm72.fr\/?p=17492#breadcrumb","itemListElement":[{"@type":"ListItem","position":1,"name":"Accueil","item":"https:\/\/contactfm72.fr\/"},{"@type":"ListItem","position":2,"name":"Un livre pour enfants, une BD et Georges Brassens dans &#8220;Des livres et vous&#8221; !"}]},{"@type":"WebSite","@id":"https:\/\/contactfm72.fr\/#website","url":"https:\/\/contactfm72.fr\/","name":"Contact FM 99.3","description":"Votre radio en vall\u00e9e du Loir","publisher":{"@id":"https:\/\/contactfm72.fr\/#organization"},"potentialAction":[{"@type":"SearchAction","target":{"@type":"EntryPoint","urlTemplate":"https:\/\/contactfm72.fr\/?s={search_term_string}"},"query-input":{"@type":"PropertyValueSpecification","valueRequired":true,"valueName":"search_term_string"}}],"inLanguage":"fr-FR"},{"@type":"Organization","@id":"https:\/\/contactfm72.fr\/#organization","name":"Contact FM 99.3","url":"https:\/\/contactfm72.fr\/","logo":{"@type":"ImageObject","inLanguage":"fr-FR","@id":"https:\/\/contactfm72.fr\/#\/schema\/logo\/image\/","url":"https:\/\/contactfm72.fr\/wp-content\/uploads\/2025\/04\/2025-04-18-2.jpg","contentUrl":"https:\/\/contactfm72.fr\/wp-content\/uploads\/2025\/04\/2025-04-18-2.jpg","width":680,"height":307,"caption":"Contact FM 99.3"},"image":{"@id":"https:\/\/contactfm72.fr\/#\/schema\/logo\/image\/"},"sameAs":["https:\/\/www.facebook.com\/Contactfm.Chateauduloir","https:\/\/x.com\/contactfm72","https:\/\/www.instagram.com\/contact.fm.72?igsh=cGhlMHQ5N2JlNnpp","https:\/\/www.tiktok.com\/@contact.fm"]},{"@type":"Person","@id":"https:\/\/contactfm72.fr\/#\/schema\/person\/d2ef09cdea7331b185acaddc4d14dda8","name":"redaction2@contactfm72.fr","image":{"@type":"ImageObject","inLanguage":"fr-FR","@id":"https:\/\/secure.gravatar.com\/avatar\/897f3d57289c1f4c62cade1c2606ba6ded18d5f1676845e668a9f21cb751c06b?s=96&d=mm&r=g","url":"https:\/\/secure.gravatar.com\/avatar\/897f3d57289c1f4c62cade1c2606ba6ded18d5f1676845e668a9f21cb751c06b?s=96&d=mm&r=g","contentUrl":"https:\/\/secure.gravatar.com\/avatar\/897f3d57289c1f4c62cade1c2606ba6ded18d5f1676845e668a9f21cb751c06b?s=96&d=mm&r=g","caption":"redaction2@contactfm72.fr"},"url":"https:\/\/contactfm72.fr\/?author=5"}]}},"_links":{"self":[{"href":"https:\/\/contactfm72.fr\/index.php?rest_route=\/wp\/v2\/posts\/17492","targetHints":{"allow":["GET"]}}],"collection":[{"href":"https:\/\/contactfm72.fr\/index.php?rest_route=\/wp\/v2\/posts"}],"about":[{"href":"https:\/\/contactfm72.fr\/index.php?rest_route=\/wp\/v2\/types\/post"}],"author":[{"embeddable":true,"href":"https:\/\/contactfm72.fr\/index.php?rest_route=\/wp\/v2\/users\/5"}],"replies":[{"embeddable":true,"href":"https:\/\/contactfm72.fr\/index.php?rest_route=%2Fwp%2Fv2%2Fcomments&post=17492"}],"version-history":[{"count":3,"href":"https:\/\/contactfm72.fr\/index.php?rest_route=\/wp\/v2\/posts\/17492\/revisions"}],"predecessor-version":[{"id":17512,"href":"https:\/\/contactfm72.fr\/index.php?rest_route=\/wp\/v2\/posts\/17492\/revisions\/17512"}],"wp:featuredmedia":[{"embeddable":true,"href":"https:\/\/contactfm72.fr\/index.php?rest_route=\/wp\/v2\/media\/17493"}],"wp:attachment":[{"href":"https:\/\/contactfm72.fr\/index.php?rest_route=%2Fwp%2Fv2%2Fmedia&parent=17492"}],"wp:term":[{"taxonomy":"category","embeddable":true,"href":"https:\/\/contactfm72.fr\/index.php?rest_route=%2Fwp%2Fv2%2Fcategories&post=17492"},{"taxonomy":"post_tag","embeddable":true,"href":"https:\/\/contactfm72.fr\/index.php?rest_route=%2Fwp%2Fv2%2Ftags&post=17492"}],"curies":[{"name":"wp","href":"https:\/\/api.w.org\/{rel}","templated":true}]}}