{"id":17465,"date":"2024-09-27T16:29:25","date_gmt":"2024-09-27T14:29:25","guid":{"rendered":"https:\/\/contactfm72.fr\/?p=17465"},"modified":"2024-10-01T12:44:17","modified_gmt":"2024-10-01T10:44:17","slug":"levenement-jeux-a-volonte-a-st-paterne-racan","status":"publish","type":"post","link":"https:\/\/contactfm72.fr\/?p=17465","title":{"rendered":"L&#8217;\u00e9v\u00e9nement &#8220;Jeux \u00e0 volont\u00e9&#8221; de G\u00e2tine-Racan c&#8217;est le 5 octobre \u00e0 Saint-Paterne-Racan"},"content":{"rendered":"<p>Vous aimez jouer ?<\/p>\n<p>Le samedi 5 octobre, direction la salle des f\u00eates et le gymnase de Saint-Paterne-Racan pour une apr\u00e8s-midi sp\u00e9ciale &#8220;Jeux \u00e0 Volont\u00e9&#8221; ! Avec des jeux pour toute la famille, un atelier magie avec un professionnel, un espace troc pour \u00e9changer des jeux que l&#8217;on utilise plus ou encore un espace jeu de r\u00f4le, il y en aura pour tous les go\u00fbts. Une buvette est \u00e9galement sur place pour financer les projets des jeunes du territoire.<\/p>\n<p>Guillaume Grouas, responsable du p\u00f4le Form&#8217;ados en parle dans &#8220;L&#8217;interview du jour&#8221; le vendredi 27 septembre \u00e0 18h, le samedi 28 septembre \u00e0 14h, le dimanche 29 septembre \u00e0 11h et le lundi 30 septembre \u00e0 13h.<\/p>\n<div id=\"audioigniter-283\" class=\"audioigniter-root \" data-player-type=\"full\" data-tracks-url=\"https:\/\/contactfm72.fr\/?audioigniter_playlist_id=283\" data-display-track-no=\"false\" data-reverse-track-order=\"false\" data-display-tracklist-covers=\"false\" data-display-active-cover=\"false\" data-display-artist-names=\"false\" data-display-buy-buttons=\"true\" data-buy-buttons-target=\"false\" data-cycle-tracks=\"false\" data-display-credits=\"false\" data-display-tracklist=\"true\" data-allow-tracklist-toggle=\"false\" data-allow-tracklist-loop=\"true\" data-limit-tracklist-height=\"true\" data-volume=\"100\" data-tracklist-height=\"185\" data-allow-track-loop=\"false\" ><\/div>\n<!-- AddThis Advanced Settings generic via filter on the_content --><!-- AddThis Share Buttons generic via filter on the_content -->","protected":false},"excerpt":{"rendered":"<p>Vous aimez jouer ? Le samedi 5 octobre, direction la salle des f\u00eates et le gymnase de Saint-Paterne-Racan pour une apr\u00e8s-midi sp\u00e9ciale &#8220;Jeux \u00e0 Volont\u00e9&#8221; ! Avec des jeux pour toute la famille, un atelier magie avec un professionnel, un espace troc pour \u00e9changer des jeux que l&#8217;on utilise plus ou encore un espace jeu&hellip;<!-- AddThis Advanced Settings generic via filter on get_the_excerpt --><!-- AddThis Share Buttons generic via filter on get_the_excerpt --><\/p>\n","protected":false},"author":5,"featured_media":17467,"comment_status":"closed","ping_status":"open","sticky":false,"template":"","format":"standard","meta":{"footnotes":""},"categories":[1,5],"tags":[],"class_list":["post-17465","post","type-post","status-publish","format-standard","has-post-thumbnail","hentry","category-contact-fm-72","category-linterview-du-jour","category-1","category-5","description-off"],"yoast_head":"<!-- This site is optimized with the Yoast SEO plugin v27.4 - https:\/\/yoast.com\/product\/yoast-seo-wordpress\/ -->\n<title>L&#039;\u00e9v\u00e9nement &quot;Jeux \u00e0 volont\u00e9&quot; de G\u00e2tine-Racan c&#039;est le 5 octobre \u00e0 Saint-Paterne-Racan - Contact FM 99.3<\/title>\n<meta name=\"description\" content=\"Vous aimez jouer ?\u00a0Le samedi 5 octobre, direction la salle des f\u00eates et le gymnase de Saint-Paterne-Racan pour une apr\u00e8s-midi sp\u00e9ciale &quot;Jeux \u00e0 Volont\u00e9&quot; ! Avec des jeux pour toute la famille, un atelier magie avec un professionnel, un espace troc pour \u00e9changer des jeux que l&#039;on utilise plus ou encore un espace jeu de r\u00f4le, il y en aura pour tous les go\u00fbts. Une buvette est \u00e9galement sur place pour financer les projets des jeunes du territoire.\u00a0Guillaume Grouas, responsable du p\u00f4le Form&#039;ados en parle dans &quot;L&#039;interview du jour&quot; le vendredi 27 septembre \u00e0 18h, le samedi 28 septembre \u00e0 14h, le dimanche 29 septembre \u00e0 11h et le lundi 30 septembre \u00e0 13h.\" \/>\n<meta name=\"robots\" content=\"index, follow, max-snippet:-1, max-image-preview:large, max-video-preview:-1\" \/>\n<link rel=\"canonical\" href=\"https:\/\/contactfm72.fr\/?p=17465\" \/>\n<meta property=\"og:locale\" content=\"fr_FR\" \/>\n<meta property=\"og:type\" content=\"article\" \/>\n<meta property=\"og:title\" content=\"L&#039;\u00e9v\u00e9nement &quot;Jeux \u00e0 volont\u00e9&quot; de G\u00e2tine-Racan c&#039;est le 5 octobre \u00e0 Saint-Paterne-Racan - Contact FM 99.3\" \/>\n<meta property=\"og:description\" content=\"Vous aimez jouer ?\u00a0Le samedi 5 octobre, direction la salle des f\u00eates et le gymnase de Saint-Paterne-Racan pour une apr\u00e8s-midi sp\u00e9ciale &quot;Jeux \u00e0 Volont\u00e9&quot; ! Avec des jeux pour toute la famille, un atelier magie avec un professionnel, un espace troc pour \u00e9changer des jeux que l&#039;on utilise plus ou encore un espace jeu de r\u00f4le, il y en aura pour tous les go\u00fbts. Une buvette est \u00e9galement sur place pour financer les projets des jeunes du territoire.\u00a0Guillaume Grouas, responsable du p\u00f4le Form&#039;ados en parle dans &quot;L&#039;interview du jour&quot; le vendredi 27 septembre \u00e0 18h, le samedi 28 septembre \u00e0 14h, le dimanche 29 septembre \u00e0 11h et le lundi 30 septembre \u00e0 13h.\" \/>\n<meta property=\"og:url\" content=\"https:\/\/contactfm72.fr\/?p=17465\" \/>\n<meta property=\"og:site_name\" content=\"Contact FM 99.3\" \/>\n<meta property=\"article:publisher\" content=\"https:\/\/www.facebook.com\/Contactfm.Chateauduloir\" \/>\n<meta property=\"article:published_time\" content=\"2024-09-27T14:29:25+00:00\" \/>\n<meta property=\"article:modified_time\" content=\"2024-10-01T10:44:17+00:00\" \/>\n<meta property=\"og:image\" content=\"http:\/\/contactfm72.fr\/wp-content\/uploads\/2024\/09\/Visuel-Contact-FM-4.jpg\" \/>\n\t<meta property=\"og:image:width\" content=\"2016\" \/>\n\t<meta property=\"og:image:height\" content=\"1512\" \/>\n\t<meta property=\"og:image:type\" content=\"image\/jpeg\" \/>\n<meta name=\"author\" content=\"redaction2@contactfm72.fr\" \/>\n<meta name=\"twitter:card\" content=\"summary_large_image\" \/>\n<meta name=\"twitter:creator\" content=\"@contactfm72\" \/>\n<meta name=\"twitter:site\" content=\"@contactfm72\" \/>\n<meta name=\"twitter:label1\" content=\"\u00c9crit par\" \/>\n\t<meta name=\"twitter:data1\" content=\"redaction2@contactfm72.fr\" \/>\n\t<meta name=\"twitter:label2\" content=\"Dur\u00e9e de lecture estim\u00e9e\" \/>\n\t<meta name=\"twitter:data2\" content=\"1 minute\" \/>\n<script type=\"application\/ld+json\" class=\"yoast-schema-graph\">{\"@context\":\"https:\\\/\\\/schema.org\",\"@graph\":[{\"@type\":\"Article\",\"@id\":\"https:\\\/\\\/contactfm72.fr\\\/?p=17465#article\",\"isPartOf\":{\"@id\":\"https:\\\/\\\/contactfm72.fr\\\/?p=17465\"},\"author\":{\"name\":\"redaction2@contactfm72.fr\",\"@id\":\"https:\\\/\\\/contactfm72.fr\\\/#\\\/schema\\\/person\\\/d2ef09cdea7331b185acaddc4d14dda8\"},\"headline\":\"L&#8217;\u00e9v\u00e9nement &#8220;Jeux \u00e0 volont\u00e9&#8221; de G\u00e2tine-Racan c&#8217;est le 5 octobre \u00e0 Saint-Paterne-Racan\",\"datePublished\":\"2024-09-27T14:29:25+00:00\",\"dateModified\":\"2024-10-01T10:44:17+00:00\",\"mainEntityOfPage\":{\"@id\":\"https:\\\/\\\/contactfm72.fr\\\/?p=17465\"},\"wordCount\":129,\"publisher\":{\"@id\":\"https:\\\/\\\/contactfm72.fr\\\/#organization\"},\"image\":{\"@id\":\"https:\\\/\\\/contactfm72.fr\\\/?p=17465#primaryimage\"},\"thumbnailUrl\":\"https:\\\/\\\/contactfm72.fr\\\/wp-content\\\/uploads\\\/2024\\\/09\\\/Visuel-Contact-FM-4.jpg\",\"articleSection\":[\"Contact FM 72\",\"L'interview du jour\"],\"inLanguage\":\"fr-FR\"},{\"@type\":\"WebPage\",\"@id\":\"https:\\\/\\\/contactfm72.fr\\\/?p=17465\",\"url\":\"https:\\\/\\\/contactfm72.fr\\\/?p=17465\",\"name\":\"L'\u00e9v\u00e9nement \\\"Jeux \u00e0 volont\u00e9\\\" de G\u00e2tine-Racan c'est le 5 octobre \u00e0 Saint-Paterne-Racan - Contact FM 99.3\",\"isPartOf\":{\"@id\":\"https:\\\/\\\/contactfm72.fr\\\/#website\"},\"primaryImageOfPage\":{\"@id\":\"https:\\\/\\\/contactfm72.fr\\\/?p=17465#primaryimage\"},\"image\":{\"@id\":\"https:\\\/\\\/contactfm72.fr\\\/?p=17465#primaryimage\"},\"thumbnailUrl\":\"https:\\\/\\\/contactfm72.fr\\\/wp-content\\\/uploads\\\/2024\\\/09\\\/Visuel-Contact-FM-4.jpg\",\"datePublished\":\"2024-09-27T14:29:25+00:00\",\"dateModified\":\"2024-10-01T10:44:17+00:00\",\"description\":\"Vous aimez jouer ?\u00a0Le samedi 5 octobre, direction la salle des f\u00eates et le gymnase de Saint-Paterne-Racan pour une apr\u00e8s-midi sp\u00e9ciale \\\"Jeux \u00e0 Volont\u00e9\\\" ! Avec des jeux pour toute la famille, un atelier magie avec un professionnel, un espace troc pour \u00e9changer des jeux que l'on utilise plus ou encore un espace jeu de r\u00f4le, il y en aura pour tous les go\u00fbts. Une buvette est \u00e9galement sur place pour financer les projets des jeunes du territoire.\u00a0Guillaume Grouas, responsable du p\u00f4le Form'ados en parle dans \\\"L'interview du jour\\\" le vendredi 27 septembre \u00e0 18h, le samedi 28 septembre \u00e0 14h, le dimanche 29 septembre \u00e0 11h et le lundi 30 septembre \u00e0 13h.\",\"breadcrumb\":{\"@id\":\"https:\\\/\\\/contactfm72.fr\\\/?p=17465#breadcrumb\"},\"inLanguage\":\"fr-FR\",\"potentialAction\":[{\"@type\":\"ReadAction\",\"target\":[\"https:\\\/\\\/contactfm72.fr\\\/?p=17465\"]}]},{\"@type\":\"ImageObject\",\"inLanguage\":\"fr-FR\",\"@id\":\"https:\\\/\\\/contactfm72.fr\\\/?p=17465#primaryimage\",\"url\":\"https:\\\/\\\/contactfm72.fr\\\/wp-content\\\/uploads\\\/2024\\\/09\\\/Visuel-Contact-FM-4.jpg\",\"contentUrl\":\"https:\\\/\\\/contactfm72.fr\\\/wp-content\\\/uploads\\\/2024\\\/09\\\/Visuel-Contact-FM-4.jpg\",\"width\":2016,\"height\":1512},{\"@type\":\"BreadcrumbList\",\"@id\":\"https:\\\/\\\/contactfm72.fr\\\/?p=17465#breadcrumb\",\"itemListElement\":[{\"@type\":\"ListItem\",\"position\":1,\"name\":\"Accueil\",\"item\":\"https:\\\/\\\/contactfm72.fr\\\/\"},{\"@type\":\"ListItem\",\"position\":2,\"name\":\"L&#8217;\u00e9v\u00e9nement &#8220;Jeux \u00e0 volont\u00e9&#8221; de G\u00e2tine-Racan c&#8217;est le 5 octobre \u00e0 Saint-Paterne-Racan\"}]},{\"@type\":\"WebSite\",\"@id\":\"https:\\\/\\\/contactfm72.fr\\\/#website\",\"url\":\"https:\\\/\\\/contactfm72.fr\\\/\",\"name\":\"Contact FM 99.3\",\"description\":\"Votre radio en vall\u00e9e du Loir\",\"publisher\":{\"@id\":\"https:\\\/\\\/contactfm72.fr\\\/#organization\"},\"potentialAction\":[{\"@type\":\"SearchAction\",\"target\":{\"@type\":\"EntryPoint\",\"urlTemplate\":\"https:\\\/\\\/contactfm72.fr\\\/?s={search_term_string}\"},\"query-input\":{\"@type\":\"PropertyValueSpecification\",\"valueRequired\":true,\"valueName\":\"search_term_string\"}}],\"inLanguage\":\"fr-FR\"},{\"@type\":\"Organization\",\"@id\":\"https:\\\/\\\/contactfm72.fr\\\/#organization\",\"name\":\"Contact FM 99.3\",\"url\":\"https:\\\/\\\/contactfm72.fr\\\/\",\"logo\":{\"@type\":\"ImageObject\",\"inLanguage\":\"fr-FR\",\"@id\":\"https:\\\/\\\/contactfm72.fr\\\/#\\\/schema\\\/logo\\\/image\\\/\",\"url\":\"https:\\\/\\\/contactfm72.fr\\\/wp-content\\\/uploads\\\/2025\\\/04\\\/2025-04-18-2.jpg\",\"contentUrl\":\"https:\\\/\\\/contactfm72.fr\\\/wp-content\\\/uploads\\\/2025\\\/04\\\/2025-04-18-2.jpg\",\"width\":680,\"height\":307,\"caption\":\"Contact FM 99.3\"},\"image\":{\"@id\":\"https:\\\/\\\/contactfm72.fr\\\/#\\\/schema\\\/logo\\\/image\\\/\"},\"sameAs\":[\"https:\\\/\\\/www.facebook.com\\\/Contactfm.Chateauduloir\",\"https:\\\/\\\/x.com\\\/contactfm72\",\"https:\\\/\\\/www.instagram.com\\\/contact.fm.72?igsh=cGhlMHQ5N2JlNnpp\",\"https:\\\/\\\/www.tiktok.com\\\/@contact.fm\"]},{\"@type\":\"Person\",\"@id\":\"https:\\\/\\\/contactfm72.fr\\\/#\\\/schema\\\/person\\\/d2ef09cdea7331b185acaddc4d14dda8\",\"name\":\"redaction2@contactfm72.fr\",\"image\":{\"@type\":\"ImageObject\",\"inLanguage\":\"fr-FR\",\"@id\":\"https:\\\/\\\/secure.gravatar.com\\\/avatar\\\/897f3d57289c1f4c62cade1c2606ba6ded18d5f1676845e668a9f21cb751c06b?s=96&d=mm&r=g\",\"url\":\"https:\\\/\\\/secure.gravatar.com\\\/avatar\\\/897f3d57289c1f4c62cade1c2606ba6ded18d5f1676845e668a9f21cb751c06b?s=96&d=mm&r=g\",\"contentUrl\":\"https:\\\/\\\/secure.gravatar.com\\\/avatar\\\/897f3d57289c1f4c62cade1c2606ba6ded18d5f1676845e668a9f21cb751c06b?s=96&d=mm&r=g\",\"caption\":\"redaction2@contactfm72.fr\"},\"url\":\"https:\\\/\\\/contactfm72.fr\\\/?author=5\"}]}<\/script>\n<!-- \/ Yoast SEO plugin. -->","yoast_head_json":{"title":"L'\u00e9v\u00e9nement \"Jeux \u00e0 volont\u00e9\" de G\u00e2tine-Racan c'est le 5 octobre \u00e0 Saint-Paterne-Racan - Contact FM 99.3","description":"Vous aimez jouer ?\u00a0Le samedi 5 octobre, direction la salle des f\u00eates et le gymnase de Saint-Paterne-Racan pour une apr\u00e8s-midi sp\u00e9ciale \"Jeux \u00e0 Volont\u00e9\" ! Avec des jeux pour toute la famille, un atelier magie avec un professionnel, un espace troc pour \u00e9changer des jeux que l'on utilise plus ou encore un espace jeu de r\u00f4le, il y en aura pour tous les go\u00fbts. Une buvette est \u00e9galement sur place pour financer les projets des jeunes du territoire.\u00a0Guillaume Grouas, responsable du p\u00f4le Form'ados en parle dans \"L'interview du jour\" le vendredi 27 septembre \u00e0 18h, le samedi 28 septembre \u00e0 14h, le dimanche 29 septembre \u00e0 11h et le lundi 30 septembre \u00e0 13h.","robots":{"index":"index","follow":"follow","max-snippet":"max-snippet:-1","max-image-preview":"max-image-preview:large","max-video-preview":"max-video-preview:-1"},"canonical":"https:\/\/contactfm72.fr\/?p=17465","og_locale":"fr_FR","og_type":"article","og_title":"L'\u00e9v\u00e9nement \"Jeux \u00e0 volont\u00e9\" de G\u00e2tine-Racan c'est le 5 octobre \u00e0 Saint-Paterne-Racan - Contact FM 99.3","og_description":"Vous aimez jouer ?\u00a0Le samedi 5 octobre, direction la salle des f\u00eates et le gymnase de Saint-Paterne-Racan pour une apr\u00e8s-midi sp\u00e9ciale \"Jeux \u00e0 Volont\u00e9\" ! Avec des jeux pour toute la famille, un atelier magie avec un professionnel, un espace troc pour \u00e9changer des jeux que l'on utilise plus ou encore un espace jeu de r\u00f4le, il y en aura pour tous les go\u00fbts. Une buvette est \u00e9galement sur place pour financer les projets des jeunes du territoire.\u00a0Guillaume Grouas, responsable du p\u00f4le Form'ados en parle dans \"L'interview du jour\" le vendredi 27 septembre \u00e0 18h, le samedi 28 septembre \u00e0 14h, le dimanche 29 septembre \u00e0 11h et le lundi 30 septembre \u00e0 13h.","og_url":"https:\/\/contactfm72.fr\/?p=17465","og_site_name":"Contact FM 99.3","article_publisher":"https:\/\/www.facebook.com\/Contactfm.Chateauduloir","article_published_time":"2024-09-27T14:29:25+00:00","article_modified_time":"2024-10-01T10:44:17+00:00","og_image":[{"width":2016,"height":1512,"url":"http:\/\/contactfm72.fr\/wp-content\/uploads\/2024\/09\/Visuel-Contact-FM-4.jpg","type":"image\/jpeg"}],"author":"redaction2@contactfm72.fr","twitter_card":"summary_large_image","twitter_creator":"@contactfm72","twitter_site":"@contactfm72","twitter_misc":{"\u00c9crit par":"redaction2@contactfm72.fr","Dur\u00e9e de lecture estim\u00e9e":"1 minute"},"schema":{"@context":"https:\/\/schema.org","@graph":[{"@type":"Article","@id":"https:\/\/contactfm72.fr\/?p=17465#article","isPartOf":{"@id":"https:\/\/contactfm72.fr\/?p=17465"},"author":{"name":"redaction2@contactfm72.fr","@id":"https:\/\/contactfm72.fr\/#\/schema\/person\/d2ef09cdea7331b185acaddc4d14dda8"},"headline":"L&#8217;\u00e9v\u00e9nement &#8220;Jeux \u00e0 volont\u00e9&#8221; de G\u00e2tine-Racan c&#8217;est le 5 octobre \u00e0 Saint-Paterne-Racan","datePublished":"2024-09-27T14:29:25+00:00","dateModified":"2024-10-01T10:44:17+00:00","mainEntityOfPage":{"@id":"https:\/\/contactfm72.fr\/?p=17465"},"wordCount":129,"publisher":{"@id":"https:\/\/contactfm72.fr\/#organization"},"image":{"@id":"https:\/\/contactfm72.fr\/?p=17465#primaryimage"},"thumbnailUrl":"https:\/\/contactfm72.fr\/wp-content\/uploads\/2024\/09\/Visuel-Contact-FM-4.jpg","articleSection":["Contact FM 72","L'interview du jour"],"inLanguage":"fr-FR"},{"@type":"WebPage","@id":"https:\/\/contactfm72.fr\/?p=17465","url":"https:\/\/contactfm72.fr\/?p=17465","name":"L'\u00e9v\u00e9nement \"Jeux \u00e0 volont\u00e9\" de G\u00e2tine-Racan c'est le 5 octobre \u00e0 Saint-Paterne-Racan - Contact FM 99.3","isPartOf":{"@id":"https:\/\/contactfm72.fr\/#website"},"primaryImageOfPage":{"@id":"https:\/\/contactfm72.fr\/?p=17465#primaryimage"},"image":{"@id":"https:\/\/contactfm72.fr\/?p=17465#primaryimage"},"thumbnailUrl":"https:\/\/contactfm72.fr\/wp-content\/uploads\/2024\/09\/Visuel-Contact-FM-4.jpg","datePublished":"2024-09-27T14:29:25+00:00","dateModified":"2024-10-01T10:44:17+00:00","description":"Vous aimez jouer ?\u00a0Le samedi 5 octobre, direction la salle des f\u00eates et le gymnase de Saint-Paterne-Racan pour une apr\u00e8s-midi sp\u00e9ciale \"Jeux \u00e0 Volont\u00e9\" ! Avec des jeux pour toute la famille, un atelier magie avec un professionnel, un espace troc pour \u00e9changer des jeux que l'on utilise plus ou encore un espace jeu de r\u00f4le, il y en aura pour tous les go\u00fbts. Une buvette est \u00e9galement sur place pour financer les projets des jeunes du territoire.\u00a0Guillaume Grouas, responsable du p\u00f4le Form'ados en parle dans \"L'interview du jour\" le vendredi 27 septembre \u00e0 18h, le samedi 28 septembre \u00e0 14h, le dimanche 29 septembre \u00e0 11h et le lundi 30 septembre \u00e0 13h.","breadcrumb":{"@id":"https:\/\/contactfm72.fr\/?p=17465#breadcrumb"},"inLanguage":"fr-FR","potentialAction":[{"@type":"ReadAction","target":["https:\/\/contactfm72.fr\/?p=17465"]}]},{"@type":"ImageObject","inLanguage":"fr-FR","@id":"https:\/\/contactfm72.fr\/?p=17465#primaryimage","url":"https:\/\/contactfm72.fr\/wp-content\/uploads\/2024\/09\/Visuel-Contact-FM-4.jpg","contentUrl":"https:\/\/contactfm72.fr\/wp-content\/uploads\/2024\/09\/Visuel-Contact-FM-4.jpg","width":2016,"height":1512},{"@type":"BreadcrumbList","@id":"https:\/\/contactfm72.fr\/?p=17465#breadcrumb","itemListElement":[{"@type":"ListItem","position":1,"name":"Accueil","item":"https:\/\/contactfm72.fr\/"},{"@type":"ListItem","position":2,"name":"L&#8217;\u00e9v\u00e9nement &#8220;Jeux \u00e0 volont\u00e9&#8221; de G\u00e2tine-Racan c&#8217;est le 5 octobre \u00e0 Saint-Paterne-Racan"}]},{"@type":"WebSite","@id":"https:\/\/contactfm72.fr\/#website","url":"https:\/\/contactfm72.fr\/","name":"Contact FM 99.3","description":"Votre radio en vall\u00e9e du Loir","publisher":{"@id":"https:\/\/contactfm72.fr\/#organization"},"potentialAction":[{"@type":"SearchAction","target":{"@type":"EntryPoint","urlTemplate":"https:\/\/contactfm72.fr\/?s={search_term_string}"},"query-input":{"@type":"PropertyValueSpecification","valueRequired":true,"valueName":"search_term_string"}}],"inLanguage":"fr-FR"},{"@type":"Organization","@id":"https:\/\/contactfm72.fr\/#organization","name":"Contact FM 99.3","url":"https:\/\/contactfm72.fr\/","logo":{"@type":"ImageObject","inLanguage":"fr-FR","@id":"https:\/\/contactfm72.fr\/#\/schema\/logo\/image\/","url":"https:\/\/contactfm72.fr\/wp-content\/uploads\/2025\/04\/2025-04-18-2.jpg","contentUrl":"https:\/\/contactfm72.fr\/wp-content\/uploads\/2025\/04\/2025-04-18-2.jpg","width":680,"height":307,"caption":"Contact FM 99.3"},"image":{"@id":"https:\/\/contactfm72.fr\/#\/schema\/logo\/image\/"},"sameAs":["https:\/\/www.facebook.com\/Contactfm.Chateauduloir","https:\/\/x.com\/contactfm72","https:\/\/www.instagram.com\/contact.fm.72?igsh=cGhlMHQ5N2JlNnpp","https:\/\/www.tiktok.com\/@contact.fm"]},{"@type":"Person","@id":"https:\/\/contactfm72.fr\/#\/schema\/person\/d2ef09cdea7331b185acaddc4d14dda8","name":"redaction2@contactfm72.fr","image":{"@type":"ImageObject","inLanguage":"fr-FR","@id":"https:\/\/secure.gravatar.com\/avatar\/897f3d57289c1f4c62cade1c2606ba6ded18d5f1676845e668a9f21cb751c06b?s=96&d=mm&r=g","url":"https:\/\/secure.gravatar.com\/avatar\/897f3d57289c1f4c62cade1c2606ba6ded18d5f1676845e668a9f21cb751c06b?s=96&d=mm&r=g","contentUrl":"https:\/\/secure.gravatar.com\/avatar\/897f3d57289c1f4c62cade1c2606ba6ded18d5f1676845e668a9f21cb751c06b?s=96&d=mm&r=g","caption":"redaction2@contactfm72.fr"},"url":"https:\/\/contactfm72.fr\/?author=5"}]}},"_links":{"self":[{"href":"https:\/\/contactfm72.fr\/index.php?rest_route=\/wp\/v2\/posts\/17465","targetHints":{"allow":["GET"]}}],"collection":[{"href":"https:\/\/contactfm72.fr\/index.php?rest_route=\/wp\/v2\/posts"}],"about":[{"href":"https:\/\/contactfm72.fr\/index.php?rest_route=\/wp\/v2\/types\/post"}],"author":[{"embeddable":true,"href":"https:\/\/contactfm72.fr\/index.php?rest_route=\/wp\/v2\/users\/5"}],"replies":[{"embeddable":true,"href":"https:\/\/contactfm72.fr\/index.php?rest_route=%2Fwp%2Fv2%2Fcomments&post=17465"}],"version-history":[{"count":2,"href":"https:\/\/contactfm72.fr\/index.php?rest_route=\/wp\/v2\/posts\/17465\/revisions"}],"predecessor-version":[{"id":17477,"href":"https:\/\/contactfm72.fr\/index.php?rest_route=\/wp\/v2\/posts\/17465\/revisions\/17477"}],"wp:featuredmedia":[{"embeddable":true,"href":"https:\/\/contactfm72.fr\/index.php?rest_route=\/wp\/v2\/media\/17467"}],"wp:attachment":[{"href":"https:\/\/contactfm72.fr\/index.php?rest_route=%2Fwp%2Fv2%2Fmedia&parent=17465"}],"wp:term":[{"taxonomy":"category","embeddable":true,"href":"https:\/\/contactfm72.fr\/index.php?rest_route=%2Fwp%2Fv2%2Fcategories&post=17465"},{"taxonomy":"post_tag","embeddable":true,"href":"https:\/\/contactfm72.fr\/index.php?rest_route=%2Fwp%2Fv2%2Ftags&post=17465"}],"curies":[{"name":"wp","href":"https:\/\/api.w.org\/{rel}","templated":true}]}}