{"id":17395,"date":"2024-09-23T16:30:52","date_gmt":"2024-09-23T14:30:52","guid":{"rendered":"https:\/\/contactfm72.fr\/?p=17395"},"modified":"2024-09-24T15:30:34","modified_gmt":"2024-09-24T13:30:34","slug":"la-journee-mobilite-les-balades-marconnaises","status":"publish","type":"post","link":"https:\/\/contactfm72.fr\/?p=17395","title":{"rendered":"Journ\u00e9e mobilit\u00e9 \u00e0 Mar\u00e7on samedi avec &#8220;Les petites balades Mar\u00e7onnaises&#8221;"},"content":{"rendered":"<p>Une apr\u00e8s-midi interg\u00e9n\u00e9rationnelle <span class=\"x193iq5w xeuugli x13faqbe x1vvkbs x1xmvt09 x1lliihq x1s928wv xhkezso x1gmr53x x1cpjm7i x1fgarty x1943h6x xudqn12 x3x7a5m x6prxxf xvq8zen xo1l8bm xzsf02u x1yc453h\" dir=\"auto\">sur le th\u00e8me des mobilit\u00e9s douces et des solidarit\u00e9s <\/span>!<\/p>\n<p>Le samedi 28 septembre \u00e0 Mar\u00e7on a lieu un \u00e9v\u00e9nement qui a pour but de r\u00e9unir, de cr\u00e9er du lien, de vaincre l&#8217;isolement mais surtout de s&#8217;entraider. Cette initiative appel\u00e9e &#8220;Les petites balades Mar\u00e7onnaises&#8221; promet de nombreuses animations, un parcours de balades pour r\u00e9unir les habitants de tous les \u00e2ges ainsi que la venue de Claude Ponti, illustrateur jeunesse, qui animera un atelier.<\/p>\n<p>C&#8217;est Yann Chardon, conseiller municipal de Mar\u00e7on qui nous en parle dans &#8220;L&#8217;interview du jour&#8221; diffus\u00e9e lundi 23 septembre \u00e0 18h, mardi 24 septembre \u00e0 13h et samedi 28 septembre \u00e0 14h.<\/p>\n<p>&nbsp;<\/p>\n<div id=\"audioigniter-283\" class=\"audioigniter-root \" data-player-type=\"full\" data-tracks-url=\"https:\/\/contactfm72.fr\/?audioigniter_playlist_id=283\" data-display-track-no=\"false\" data-reverse-track-order=\"false\" data-display-tracklist-covers=\"false\" data-display-active-cover=\"false\" data-display-artist-names=\"false\" data-display-buy-buttons=\"true\" data-buy-buttons-target=\"false\" data-cycle-tracks=\"false\" data-display-credits=\"false\" data-display-tracklist=\"true\" data-allow-tracklist-toggle=\"false\" data-allow-tracklist-loop=\"true\" data-limit-tracklist-height=\"true\" data-volume=\"100\" data-tracklist-height=\"185\" data-allow-track-loop=\"false\" ><\/div>\n<!-- AddThis Advanced Settings generic via filter on the_content --><!-- AddThis Share Buttons generic via filter on the_content -->","protected":false},"excerpt":{"rendered":"<p>Une apr\u00e8s-midi interg\u00e9n\u00e9rationnelle sur le th\u00e8me des mobilit\u00e9s douces et des solidarit\u00e9s ! Le samedi 28 septembre \u00e0 Mar\u00e7on a lieu un \u00e9v\u00e9nement qui a pour but de r\u00e9unir, de cr\u00e9er du lien, de vaincre l&#8217;isolement mais surtout de s&#8217;entraider. Cette initiative appel\u00e9e &#8220;Les petites balades Mar\u00e7onnaises&#8221; promet de nombreuses animations, un parcours de balades&hellip;<!-- AddThis Advanced Settings generic via filter on get_the_excerpt --><!-- AddThis Share Buttons generic via filter on get_the_excerpt --><\/p>\n","protected":false},"author":5,"featured_media":17396,"comment_status":"closed","ping_status":"open","sticky":false,"template":"","format":"standard","meta":{"footnotes":""},"categories":[1,5],"tags":[],"class_list":["post-17395","post","type-post","status-publish","format-standard","has-post-thumbnail","hentry","category-contact-fm-72","category-linterview-du-jour","category-1","category-5","description-off"],"yoast_head":"<!-- This site is optimized with the Yoast SEO plugin v27.4 - https:\/\/yoast.com\/product\/yoast-seo-wordpress\/ -->\n<title>Journ\u00e9e mobilit\u00e9 \u00e0 Mar\u00e7on samedi avec &quot;Les petites balades Mar\u00e7onnaises&quot; - Contact FM 99.3<\/title>\n<meta name=\"description\" content=\"Une apr\u00e8s-midi interg\u00e9n\u00e9rationnelle !\u00a0Le 28 septembre a lieu un nouvel \u00e9v\u00e9nement qui a pour but de r\u00e9unir, de cr\u00e9er du lien, de vaincre l&#039;isolement mais surtout de s&#039;entraider. Cette initiative s&#039;appelle &quot;les balades Mar\u00e7onnaises&quot;, de nombreuses animations sont pr\u00e9vus, un parcours de balade est organis\u00e9 pour r\u00e9unir les habitants de tous les \u00e2ges ainsi que la venue et un atelier de Claude Pont\" \/>\n<meta name=\"robots\" content=\"index, follow, max-snippet:-1, max-image-preview:large, max-video-preview:-1\" \/>\n<link rel=\"canonical\" href=\"https:\/\/contactfm72.fr\/?p=17395\" \/>\n<meta property=\"og:locale\" content=\"fr_FR\" \/>\n<meta property=\"og:type\" content=\"article\" \/>\n<meta property=\"og:title\" content=\"Journ\u00e9e mobilit\u00e9 \u00e0 Mar\u00e7on samedi avec &quot;Les petites balades Mar\u00e7onnaises&quot; - Contact FM 99.3\" \/>\n<meta property=\"og:description\" content=\"Une apr\u00e8s-midi interg\u00e9n\u00e9rationnelle !\u00a0Le 28 septembre a lieu un nouvel \u00e9v\u00e9nement qui a pour but de r\u00e9unir, de cr\u00e9er du lien, de vaincre l&#039;isolement mais surtout de s&#039;entraider. Cette initiative s&#039;appelle &quot;les balades Mar\u00e7onnaises&quot;, de nombreuses animations sont pr\u00e9vus, un parcours de balade est organis\u00e9 pour r\u00e9unir les habitants de tous les \u00e2ges ainsi que la venue et un atelier de Claude Pont\" \/>\n<meta property=\"og:url\" content=\"https:\/\/contactfm72.fr\/?p=17395\" \/>\n<meta property=\"og:site_name\" content=\"Contact FM 99.3\" \/>\n<meta property=\"article:publisher\" content=\"https:\/\/www.facebook.com\/Contactfm.Chateauduloir\" \/>\n<meta property=\"article:published_time\" content=\"2024-09-23T14:30:52+00:00\" \/>\n<meta property=\"article:modified_time\" content=\"2024-09-24T13:30:34+00:00\" \/>\n<meta property=\"og:image\" content=\"http:\/\/contactfm72.fr\/wp-content\/uploads\/2024\/09\/Visuel-Contact-FM-70.png\" \/>\n\t<meta property=\"og:image:width\" content=\"1024\" \/>\n\t<meta property=\"og:image:height\" content=\"768\" \/>\n\t<meta property=\"og:image:type\" content=\"image\/png\" \/>\n<meta name=\"author\" content=\"redaction2@contactfm72.fr\" \/>\n<meta name=\"twitter:card\" content=\"summary_large_image\" \/>\n<meta name=\"twitter:creator\" content=\"@contactfm72\" \/>\n<meta name=\"twitter:site\" content=\"@contactfm72\" \/>\n<meta name=\"twitter:label1\" content=\"\u00c9crit par\" \/>\n\t<meta name=\"twitter:data1\" content=\"redaction2@contactfm72.fr\" \/>\n\t<meta name=\"twitter:label2\" content=\"Dur\u00e9e de lecture estim\u00e9e\" \/>\n\t<meta name=\"twitter:data2\" content=\"1 minute\" \/>\n<script type=\"application\/ld+json\" class=\"yoast-schema-graph\">{\"@context\":\"https:\\\/\\\/schema.org\",\"@graph\":[{\"@type\":\"Article\",\"@id\":\"https:\\\/\\\/contactfm72.fr\\\/?p=17395#article\",\"isPartOf\":{\"@id\":\"https:\\\/\\\/contactfm72.fr\\\/?p=17395\"},\"author\":{\"name\":\"redaction2@contactfm72.fr\",\"@id\":\"https:\\\/\\\/contactfm72.fr\\\/#\\\/schema\\\/person\\\/d2ef09cdea7331b185acaddc4d14dda8\"},\"headline\":\"Journ\u00e9e mobilit\u00e9 \u00e0 Mar\u00e7on samedi avec &#8220;Les petites balades Mar\u00e7onnaises&#8221;\",\"datePublished\":\"2024-09-23T14:30:52+00:00\",\"dateModified\":\"2024-09-24T13:30:34+00:00\",\"mainEntityOfPage\":{\"@id\":\"https:\\\/\\\/contactfm72.fr\\\/?p=17395\"},\"wordCount\":134,\"publisher\":{\"@id\":\"https:\\\/\\\/contactfm72.fr\\\/#organization\"},\"image\":{\"@id\":\"https:\\\/\\\/contactfm72.fr\\\/?p=17395#primaryimage\"},\"thumbnailUrl\":\"https:\\\/\\\/contactfm72.fr\\\/wp-content\\\/uploads\\\/2024\\\/09\\\/Visuel-Contact-FM-70.png\",\"articleSection\":[\"Contact FM 72\",\"L'interview du jour\"],\"inLanguage\":\"fr-FR\"},{\"@type\":\"WebPage\",\"@id\":\"https:\\\/\\\/contactfm72.fr\\\/?p=17395\",\"url\":\"https:\\\/\\\/contactfm72.fr\\\/?p=17395\",\"name\":\"Journ\u00e9e mobilit\u00e9 \u00e0 Mar\u00e7on samedi avec \\\"Les petites balades Mar\u00e7onnaises\\\" - Contact FM 99.3\",\"isPartOf\":{\"@id\":\"https:\\\/\\\/contactfm72.fr\\\/#website\"},\"primaryImageOfPage\":{\"@id\":\"https:\\\/\\\/contactfm72.fr\\\/?p=17395#primaryimage\"},\"image\":{\"@id\":\"https:\\\/\\\/contactfm72.fr\\\/?p=17395#primaryimage\"},\"thumbnailUrl\":\"https:\\\/\\\/contactfm72.fr\\\/wp-content\\\/uploads\\\/2024\\\/09\\\/Visuel-Contact-FM-70.png\",\"datePublished\":\"2024-09-23T14:30:52+00:00\",\"dateModified\":\"2024-09-24T13:30:34+00:00\",\"description\":\"Une apr\u00e8s-midi interg\u00e9n\u00e9rationnelle !\u00a0Le 28 septembre a lieu un nouvel \u00e9v\u00e9nement qui a pour but de r\u00e9unir, de cr\u00e9er du lien, de vaincre l'isolement mais surtout de s'entraider. Cette initiative s'appelle \\\"les balades Mar\u00e7onnaises\\\", de nombreuses animations sont pr\u00e9vus, un parcours de balade est organis\u00e9 pour r\u00e9unir les habitants de tous les \u00e2ges ainsi que la venue et un atelier de Claude Pont\",\"breadcrumb\":{\"@id\":\"https:\\\/\\\/contactfm72.fr\\\/?p=17395#breadcrumb\"},\"inLanguage\":\"fr-FR\",\"potentialAction\":[{\"@type\":\"ReadAction\",\"target\":[\"https:\\\/\\\/contactfm72.fr\\\/?p=17395\"]}]},{\"@type\":\"ImageObject\",\"inLanguage\":\"fr-FR\",\"@id\":\"https:\\\/\\\/contactfm72.fr\\\/?p=17395#primaryimage\",\"url\":\"https:\\\/\\\/contactfm72.fr\\\/wp-content\\\/uploads\\\/2024\\\/09\\\/Visuel-Contact-FM-70.png\",\"contentUrl\":\"https:\\\/\\\/contactfm72.fr\\\/wp-content\\\/uploads\\\/2024\\\/09\\\/Visuel-Contact-FM-70.png\",\"width\":2016,\"height\":1512},{\"@type\":\"BreadcrumbList\",\"@id\":\"https:\\\/\\\/contactfm72.fr\\\/?p=17395#breadcrumb\",\"itemListElement\":[{\"@type\":\"ListItem\",\"position\":1,\"name\":\"Accueil\",\"item\":\"https:\\\/\\\/contactfm72.fr\\\/\"},{\"@type\":\"ListItem\",\"position\":2,\"name\":\"Journ\u00e9e mobilit\u00e9 \u00e0 Mar\u00e7on samedi avec &#8220;Les petites balades Mar\u00e7onnaises&#8221;\"}]},{\"@type\":\"WebSite\",\"@id\":\"https:\\\/\\\/contactfm72.fr\\\/#website\",\"url\":\"https:\\\/\\\/contactfm72.fr\\\/\",\"name\":\"Contact FM 99.3\",\"description\":\"Votre radio en vall\u00e9e du Loir\",\"publisher\":{\"@id\":\"https:\\\/\\\/contactfm72.fr\\\/#organization\"},\"potentialAction\":[{\"@type\":\"SearchAction\",\"target\":{\"@type\":\"EntryPoint\",\"urlTemplate\":\"https:\\\/\\\/contactfm72.fr\\\/?s={search_term_string}\"},\"query-input\":{\"@type\":\"PropertyValueSpecification\",\"valueRequired\":true,\"valueName\":\"search_term_string\"}}],\"inLanguage\":\"fr-FR\"},{\"@type\":\"Organization\",\"@id\":\"https:\\\/\\\/contactfm72.fr\\\/#organization\",\"name\":\"Contact FM 99.3\",\"url\":\"https:\\\/\\\/contactfm72.fr\\\/\",\"logo\":{\"@type\":\"ImageObject\",\"inLanguage\":\"fr-FR\",\"@id\":\"https:\\\/\\\/contactfm72.fr\\\/#\\\/schema\\\/logo\\\/image\\\/\",\"url\":\"https:\\\/\\\/contactfm72.fr\\\/wp-content\\\/uploads\\\/2025\\\/04\\\/2025-04-18-2.jpg\",\"contentUrl\":\"https:\\\/\\\/contactfm72.fr\\\/wp-content\\\/uploads\\\/2025\\\/04\\\/2025-04-18-2.jpg\",\"width\":680,\"height\":307,\"caption\":\"Contact FM 99.3\"},\"image\":{\"@id\":\"https:\\\/\\\/contactfm72.fr\\\/#\\\/schema\\\/logo\\\/image\\\/\"},\"sameAs\":[\"https:\\\/\\\/www.facebook.com\\\/Contactfm.Chateauduloir\",\"https:\\\/\\\/x.com\\\/contactfm72\",\"https:\\\/\\\/www.instagram.com\\\/contact.fm.72?igsh=cGhlMHQ5N2JlNnpp\",\"https:\\\/\\\/www.tiktok.com\\\/@contact.fm\"]},{\"@type\":\"Person\",\"@id\":\"https:\\\/\\\/contactfm72.fr\\\/#\\\/schema\\\/person\\\/d2ef09cdea7331b185acaddc4d14dda8\",\"name\":\"redaction2@contactfm72.fr\",\"image\":{\"@type\":\"ImageObject\",\"inLanguage\":\"fr-FR\",\"@id\":\"https:\\\/\\\/secure.gravatar.com\\\/avatar\\\/897f3d57289c1f4c62cade1c2606ba6ded18d5f1676845e668a9f21cb751c06b?s=96&d=mm&r=g\",\"url\":\"https:\\\/\\\/secure.gravatar.com\\\/avatar\\\/897f3d57289c1f4c62cade1c2606ba6ded18d5f1676845e668a9f21cb751c06b?s=96&d=mm&r=g\",\"contentUrl\":\"https:\\\/\\\/secure.gravatar.com\\\/avatar\\\/897f3d57289c1f4c62cade1c2606ba6ded18d5f1676845e668a9f21cb751c06b?s=96&d=mm&r=g\",\"caption\":\"redaction2@contactfm72.fr\"},\"url\":\"https:\\\/\\\/contactfm72.fr\\\/?author=5\"}]}<\/script>\n<!-- \/ Yoast SEO plugin. -->","yoast_head_json":{"title":"Journ\u00e9e mobilit\u00e9 \u00e0 Mar\u00e7on samedi avec \"Les petites balades Mar\u00e7onnaises\" - Contact FM 99.3","description":"Une apr\u00e8s-midi interg\u00e9n\u00e9rationnelle !\u00a0Le 28 septembre a lieu un nouvel \u00e9v\u00e9nement qui a pour but de r\u00e9unir, de cr\u00e9er du lien, de vaincre l'isolement mais surtout de s'entraider. Cette initiative s'appelle \"les balades Mar\u00e7onnaises\", de nombreuses animations sont pr\u00e9vus, un parcours de balade est organis\u00e9 pour r\u00e9unir les habitants de tous les \u00e2ges ainsi que la venue et un atelier de Claude Pont","robots":{"index":"index","follow":"follow","max-snippet":"max-snippet:-1","max-image-preview":"max-image-preview:large","max-video-preview":"max-video-preview:-1"},"canonical":"https:\/\/contactfm72.fr\/?p=17395","og_locale":"fr_FR","og_type":"article","og_title":"Journ\u00e9e mobilit\u00e9 \u00e0 Mar\u00e7on samedi avec \"Les petites balades Mar\u00e7onnaises\" - Contact FM 99.3","og_description":"Une apr\u00e8s-midi interg\u00e9n\u00e9rationnelle !\u00a0Le 28 septembre a lieu un nouvel \u00e9v\u00e9nement qui a pour but de r\u00e9unir, de cr\u00e9er du lien, de vaincre l'isolement mais surtout de s'entraider. Cette initiative s'appelle \"les balades Mar\u00e7onnaises\", de nombreuses animations sont pr\u00e9vus, un parcours de balade est organis\u00e9 pour r\u00e9unir les habitants de tous les \u00e2ges ainsi que la venue et un atelier de Claude Pont","og_url":"https:\/\/contactfm72.fr\/?p=17395","og_site_name":"Contact FM 99.3","article_publisher":"https:\/\/www.facebook.com\/Contactfm.Chateauduloir","article_published_time":"2024-09-23T14:30:52+00:00","article_modified_time":"2024-09-24T13:30:34+00:00","og_image":[{"url":"http:\/\/contactfm72.fr\/wp-content\/uploads\/2024\/09\/Visuel-Contact-FM-70.png","width":1024,"height":768,"type":"image\/png"}],"author":"redaction2@contactfm72.fr","twitter_card":"summary_large_image","twitter_creator":"@contactfm72","twitter_site":"@contactfm72","twitter_misc":{"\u00c9crit par":"redaction2@contactfm72.fr","Dur\u00e9e de lecture estim\u00e9e":"1 minute"},"schema":{"@context":"https:\/\/schema.org","@graph":[{"@type":"Article","@id":"https:\/\/contactfm72.fr\/?p=17395#article","isPartOf":{"@id":"https:\/\/contactfm72.fr\/?p=17395"},"author":{"name":"redaction2@contactfm72.fr","@id":"https:\/\/contactfm72.fr\/#\/schema\/person\/d2ef09cdea7331b185acaddc4d14dda8"},"headline":"Journ\u00e9e mobilit\u00e9 \u00e0 Mar\u00e7on samedi avec &#8220;Les petites balades Mar\u00e7onnaises&#8221;","datePublished":"2024-09-23T14:30:52+00:00","dateModified":"2024-09-24T13:30:34+00:00","mainEntityOfPage":{"@id":"https:\/\/contactfm72.fr\/?p=17395"},"wordCount":134,"publisher":{"@id":"https:\/\/contactfm72.fr\/#organization"},"image":{"@id":"https:\/\/contactfm72.fr\/?p=17395#primaryimage"},"thumbnailUrl":"https:\/\/contactfm72.fr\/wp-content\/uploads\/2024\/09\/Visuel-Contact-FM-70.png","articleSection":["Contact FM 72","L'interview du jour"],"inLanguage":"fr-FR"},{"@type":"WebPage","@id":"https:\/\/contactfm72.fr\/?p=17395","url":"https:\/\/contactfm72.fr\/?p=17395","name":"Journ\u00e9e mobilit\u00e9 \u00e0 Mar\u00e7on samedi avec \"Les petites balades Mar\u00e7onnaises\" - Contact FM 99.3","isPartOf":{"@id":"https:\/\/contactfm72.fr\/#website"},"primaryImageOfPage":{"@id":"https:\/\/contactfm72.fr\/?p=17395#primaryimage"},"image":{"@id":"https:\/\/contactfm72.fr\/?p=17395#primaryimage"},"thumbnailUrl":"https:\/\/contactfm72.fr\/wp-content\/uploads\/2024\/09\/Visuel-Contact-FM-70.png","datePublished":"2024-09-23T14:30:52+00:00","dateModified":"2024-09-24T13:30:34+00:00","description":"Une apr\u00e8s-midi interg\u00e9n\u00e9rationnelle !\u00a0Le 28 septembre a lieu un nouvel \u00e9v\u00e9nement qui a pour but de r\u00e9unir, de cr\u00e9er du lien, de vaincre l'isolement mais surtout de s'entraider. Cette initiative s'appelle \"les balades Mar\u00e7onnaises\", de nombreuses animations sont pr\u00e9vus, un parcours de balade est organis\u00e9 pour r\u00e9unir les habitants de tous les \u00e2ges ainsi que la venue et un atelier de Claude Pont","breadcrumb":{"@id":"https:\/\/contactfm72.fr\/?p=17395#breadcrumb"},"inLanguage":"fr-FR","potentialAction":[{"@type":"ReadAction","target":["https:\/\/contactfm72.fr\/?p=17395"]}]},{"@type":"ImageObject","inLanguage":"fr-FR","@id":"https:\/\/contactfm72.fr\/?p=17395#primaryimage","url":"https:\/\/contactfm72.fr\/wp-content\/uploads\/2024\/09\/Visuel-Contact-FM-70.png","contentUrl":"https:\/\/contactfm72.fr\/wp-content\/uploads\/2024\/09\/Visuel-Contact-FM-70.png","width":2016,"height":1512},{"@type":"BreadcrumbList","@id":"https:\/\/contactfm72.fr\/?p=17395#breadcrumb","itemListElement":[{"@type":"ListItem","position":1,"name":"Accueil","item":"https:\/\/contactfm72.fr\/"},{"@type":"ListItem","position":2,"name":"Journ\u00e9e mobilit\u00e9 \u00e0 Mar\u00e7on samedi avec &#8220;Les petites balades Mar\u00e7onnaises&#8221;"}]},{"@type":"WebSite","@id":"https:\/\/contactfm72.fr\/#website","url":"https:\/\/contactfm72.fr\/","name":"Contact FM 99.3","description":"Votre radio en vall\u00e9e du Loir","publisher":{"@id":"https:\/\/contactfm72.fr\/#organization"},"potentialAction":[{"@type":"SearchAction","target":{"@type":"EntryPoint","urlTemplate":"https:\/\/contactfm72.fr\/?s={search_term_string}"},"query-input":{"@type":"PropertyValueSpecification","valueRequired":true,"valueName":"search_term_string"}}],"inLanguage":"fr-FR"},{"@type":"Organization","@id":"https:\/\/contactfm72.fr\/#organization","name":"Contact FM 99.3","url":"https:\/\/contactfm72.fr\/","logo":{"@type":"ImageObject","inLanguage":"fr-FR","@id":"https:\/\/contactfm72.fr\/#\/schema\/logo\/image\/","url":"https:\/\/contactfm72.fr\/wp-content\/uploads\/2025\/04\/2025-04-18-2.jpg","contentUrl":"https:\/\/contactfm72.fr\/wp-content\/uploads\/2025\/04\/2025-04-18-2.jpg","width":680,"height":307,"caption":"Contact FM 99.3"},"image":{"@id":"https:\/\/contactfm72.fr\/#\/schema\/logo\/image\/"},"sameAs":["https:\/\/www.facebook.com\/Contactfm.Chateauduloir","https:\/\/x.com\/contactfm72","https:\/\/www.instagram.com\/contact.fm.72?igsh=cGhlMHQ5N2JlNnpp","https:\/\/www.tiktok.com\/@contact.fm"]},{"@type":"Person","@id":"https:\/\/contactfm72.fr\/#\/schema\/person\/d2ef09cdea7331b185acaddc4d14dda8","name":"redaction2@contactfm72.fr","image":{"@type":"ImageObject","inLanguage":"fr-FR","@id":"https:\/\/secure.gravatar.com\/avatar\/897f3d57289c1f4c62cade1c2606ba6ded18d5f1676845e668a9f21cb751c06b?s=96&d=mm&r=g","url":"https:\/\/secure.gravatar.com\/avatar\/897f3d57289c1f4c62cade1c2606ba6ded18d5f1676845e668a9f21cb751c06b?s=96&d=mm&r=g","contentUrl":"https:\/\/secure.gravatar.com\/avatar\/897f3d57289c1f4c62cade1c2606ba6ded18d5f1676845e668a9f21cb751c06b?s=96&d=mm&r=g","caption":"redaction2@contactfm72.fr"},"url":"https:\/\/contactfm72.fr\/?author=5"}]}},"_links":{"self":[{"href":"https:\/\/contactfm72.fr\/index.php?rest_route=\/wp\/v2\/posts\/17395","targetHints":{"allow":["GET"]}}],"collection":[{"href":"https:\/\/contactfm72.fr\/index.php?rest_route=\/wp\/v2\/posts"}],"about":[{"href":"https:\/\/contactfm72.fr\/index.php?rest_route=\/wp\/v2\/types\/post"}],"author":[{"embeddable":true,"href":"https:\/\/contactfm72.fr\/index.php?rest_route=\/wp\/v2\/users\/5"}],"replies":[{"embeddable":true,"href":"https:\/\/contactfm72.fr\/index.php?rest_route=%2Fwp%2Fv2%2Fcomments&post=17395"}],"version-history":[{"count":5,"href":"https:\/\/contactfm72.fr\/index.php?rest_route=\/wp\/v2\/posts\/17395\/revisions"}],"predecessor-version":[{"id":17406,"href":"https:\/\/contactfm72.fr\/index.php?rest_route=\/wp\/v2\/posts\/17395\/revisions\/17406"}],"wp:featuredmedia":[{"embeddable":true,"href":"https:\/\/contactfm72.fr\/index.php?rest_route=\/wp\/v2\/media\/17396"}],"wp:attachment":[{"href":"https:\/\/contactfm72.fr\/index.php?rest_route=%2Fwp%2Fv2%2Fmedia&parent=17395"}],"wp:term":[{"taxonomy":"category","embeddable":true,"href":"https:\/\/contactfm72.fr\/index.php?rest_route=%2Fwp%2Fv2%2Fcategories&post=17395"},{"taxonomy":"post_tag","embeddable":true,"href":"https:\/\/contactfm72.fr\/index.php?rest_route=%2Fwp%2Fv2%2Ftags&post=17395"}],"curies":[{"name":"wp","href":"https:\/\/api.w.org\/{rel}","templated":true}]}}