{"id":17331,"date":"2024-09-16T10:31:40","date_gmt":"2024-09-16T08:31:40","guid":{"rendered":"https:\/\/contactfm72.fr\/?p=17331"},"modified":"2024-09-16T13:41:40","modified_gmt":"2024-09-16T11:41:40","slug":"la-sante-le-bien-vieillir-la-cohesion-sociale-dans-actu-sud-sarthe","status":"publish","type":"post","link":"https:\/\/contactfm72.fr\/?p=17331","title":{"rendered":"La sant\u00e9, le bien-vieillir &#038; la coh\u00e9sion sociale dans &#8220;Actu Sud Sarthe&#8221;"},"content":{"rendered":"<p>C&#8217;est la rentr\u00e9e pour le magazine &#8220;Actu Sud Sarthe&#8221;<\/p>\n<p>Pour cette reprise, on parle de la sant\u00e9 et du bien-vieillir, entre l&#8217;arriv\u00e9e des trois m\u00e9decins \u00e0 Mayet et \u00e0 Yvr\u00e9-le-Polin, de la semaine bleue, du retour de l&#8217;enqu\u00eate sant\u00e9 et les ateliers M\u00e9mo&#8217;rise, il y a des choses \u00e0 dire. Pierre Ouvrard, maire de Mayet &amp; et vice-pr\u00e9sident de la communaut\u00e9 de communes Sud-Sarthe en charge de la coh\u00e9sion sociale et de la sant\u00e9, est l&#8217;invit\u00e9 de ce mois-ci.<\/p>\n<p>&#8220;Actu Sud Sarthe&#8221; est diffus\u00e9 le lundi 16 septembre \u00e0 12h30.<\/p>\n<div id=\"audioigniter-290\" class=\"audioigniter-root \" data-player-type=\"full\" data-tracks-url=\"https:\/\/contactfm72.fr\/?audioigniter_playlist_id=290\" data-display-track-no=\"false\" data-reverse-track-order=\"false\" data-display-tracklist-covers=\"false\" data-display-active-cover=\"false\" data-display-artist-names=\"false\" data-display-buy-buttons=\"true\" data-buy-buttons-target=\"false\" data-cycle-tracks=\"false\" data-display-credits=\"false\" data-display-tracklist=\"true\" data-allow-tracklist-toggle=\"true\" data-allow-tracklist-loop=\"true\" data-limit-tracklist-height=\"true\" data-volume=\"100\" data-tracklist-height=\"185\" data-allow-track-loop=\"false\" ><\/div>\n<!-- AddThis Advanced Settings generic via filter on the_content --><!-- AddThis Share Buttons generic via filter on the_content -->","protected":false},"excerpt":{"rendered":"<p>C&#8217;est la rentr\u00e9e pour le magazine &#8220;Actu Sud Sarthe&#8221; Pour cette reprise, on parle de la sant\u00e9 et du bien-vieillir, entre l&#8217;arriv\u00e9e des trois m\u00e9decins \u00e0 Mayet et \u00e0 Yvr\u00e9-le-Polin, de la semaine bleue, du retour de l&#8217;enqu\u00eate sant\u00e9 et les ateliers M\u00e9mo&#8217;rise, il y a des choses \u00e0 dire. Pierre Ouvrard, maire de Mayet&hellip;<!-- AddThis Advanced Settings generic via filter on get_the_excerpt --><!-- AddThis Share Buttons generic via filter on get_the_excerpt --><\/p>\n","protected":false},"author":5,"featured_media":17332,"comment_status":"closed","ping_status":"open","sticky":false,"template":"","format":"standard","meta":{"footnotes":""},"categories":[15,1],"tags":[],"class_list":["post-17331","post","type-post","status-publish","format-standard","has-post-thumbnail","hentry","category-actu-sud-sarthe","category-contact-fm-72","category-15","category-1","description-off"],"yoast_head":"<!-- This site is optimized with the Yoast SEO plugin v27.4 - https:\/\/yoast.com\/product\/yoast-seo-wordpress\/ -->\n<title>La sant\u00e9, le bien-vieillir &amp; la coh\u00e9sion sociale dans &quot;Actu Sud Sarthe&quot; - Contact FM 99.3<\/title>\n<meta name=\"description\" content=\"Pour cette reprise, on parle de la sant\u00e9 et du bien-vieillir, entre l&#039;arriv\u00e9e des trois m\u00e9decins \u00e0 Mayet et \u00e0 Yvr\u00e9-le-Polin, la semaine bleue, le retour de l&#039;enqu\u00eate sant\u00e9 et les ateliers M\u00e9mo&#039;rise, il y a des choses \u00e0 dire. Pierre Ouvrard, maire de Mayet &amp; et vice-pr\u00e9sident de la communaut\u00e9 de communes Sud-Sarthe en charge de la coh\u00e9sion sociale et de la sant\u00e9 et l&#039;invit\u00e9 de ce mois-ci.\" \/>\n<meta name=\"robots\" content=\"index, follow, max-snippet:-1, max-image-preview:large, max-video-preview:-1\" \/>\n<link rel=\"canonical\" href=\"https:\/\/contactfm72.fr\/?p=17331\" \/>\n<meta property=\"og:locale\" content=\"fr_FR\" \/>\n<meta property=\"og:type\" content=\"article\" \/>\n<meta property=\"og:title\" content=\"La sant\u00e9, le bien-vieillir &amp; la coh\u00e9sion sociale dans &quot;Actu Sud Sarthe&quot; - Contact FM 99.3\" \/>\n<meta property=\"og:description\" content=\"Pour cette reprise, on parle de la sant\u00e9 et du bien-vieillir, entre l&#039;arriv\u00e9e des trois m\u00e9decins \u00e0 Mayet et \u00e0 Yvr\u00e9-le-Polin, la semaine bleue, le retour de l&#039;enqu\u00eate sant\u00e9 et les ateliers M\u00e9mo&#039;rise, il y a des choses \u00e0 dire. Pierre Ouvrard, maire de Mayet &amp; et vice-pr\u00e9sident de la communaut\u00e9 de communes Sud-Sarthe en charge de la coh\u00e9sion sociale et de la sant\u00e9 et l&#039;invit\u00e9 de ce mois-ci.\" \/>\n<meta property=\"og:url\" content=\"https:\/\/contactfm72.fr\/?p=17331\" \/>\n<meta property=\"og:site_name\" content=\"Contact FM 99.3\" \/>\n<meta property=\"article:publisher\" content=\"https:\/\/www.facebook.com\/Contactfm.Chateauduloir\" \/>\n<meta property=\"article:published_time\" content=\"2024-09-16T08:31:40+00:00\" \/>\n<meta property=\"article:modified_time\" content=\"2024-09-16T11:41:40+00:00\" \/>\n<meta property=\"og:image\" content=\"http:\/\/contactfm72.fr\/wp-content\/uploads\/2024\/09\/Visuel-Contact-FM-69.png\" \/>\n\t<meta property=\"og:image:width\" content=\"1024\" \/>\n\t<meta property=\"og:image:height\" content=\"768\" \/>\n\t<meta property=\"og:image:type\" content=\"image\/png\" \/>\n<meta name=\"author\" content=\"redaction2@contactfm72.fr\" \/>\n<meta name=\"twitter:card\" content=\"summary_large_image\" \/>\n<meta name=\"twitter:creator\" content=\"@contactfm72\" \/>\n<meta name=\"twitter:site\" content=\"@contactfm72\" \/>\n<meta name=\"twitter:label1\" content=\"\u00c9crit par\" \/>\n\t<meta name=\"twitter:data1\" content=\"redaction2@contactfm72.fr\" \/>\n\t<meta name=\"twitter:label2\" content=\"Dur\u00e9e de lecture estim\u00e9e\" \/>\n\t<meta name=\"twitter:data2\" content=\"1 minute\" \/>\n<script type=\"application\/ld+json\" class=\"yoast-schema-graph\">{\"@context\":\"https:\\\/\\\/schema.org\",\"@graph\":[{\"@type\":\"Article\",\"@id\":\"https:\\\/\\\/contactfm72.fr\\\/?p=17331#article\",\"isPartOf\":{\"@id\":\"https:\\\/\\\/contactfm72.fr\\\/?p=17331\"},\"author\":{\"name\":\"redaction2@contactfm72.fr\",\"@id\":\"https:\\\/\\\/contactfm72.fr\\\/#\\\/schema\\\/person\\\/d2ef09cdea7331b185acaddc4d14dda8\"},\"headline\":\"La sant\u00e9, le bien-vieillir &#038; la coh\u00e9sion sociale dans &#8220;Actu Sud Sarthe&#8221;\",\"datePublished\":\"2024-09-16T08:31:40+00:00\",\"dateModified\":\"2024-09-16T11:41:40+00:00\",\"mainEntityOfPage\":{\"@id\":\"https:\\\/\\\/contactfm72.fr\\\/?p=17331\"},\"wordCount\":113,\"publisher\":{\"@id\":\"https:\\\/\\\/contactfm72.fr\\\/#organization\"},\"image\":{\"@id\":\"https:\\\/\\\/contactfm72.fr\\\/?p=17331#primaryimage\"},\"thumbnailUrl\":\"https:\\\/\\\/contactfm72.fr\\\/wp-content\\\/uploads\\\/2024\\\/09\\\/Visuel-Contact-FM-69.png\",\"articleSection\":[\"Actu sud Sarthe\",\"Contact FM 72\"],\"inLanguage\":\"fr-FR\"},{\"@type\":\"WebPage\",\"@id\":\"https:\\\/\\\/contactfm72.fr\\\/?p=17331\",\"url\":\"https:\\\/\\\/contactfm72.fr\\\/?p=17331\",\"name\":\"La sant\u00e9, le bien-vieillir & la coh\u00e9sion sociale dans \\\"Actu Sud Sarthe\\\" - Contact FM 99.3\",\"isPartOf\":{\"@id\":\"https:\\\/\\\/contactfm72.fr\\\/#website\"},\"primaryImageOfPage\":{\"@id\":\"https:\\\/\\\/contactfm72.fr\\\/?p=17331#primaryimage\"},\"image\":{\"@id\":\"https:\\\/\\\/contactfm72.fr\\\/?p=17331#primaryimage\"},\"thumbnailUrl\":\"https:\\\/\\\/contactfm72.fr\\\/wp-content\\\/uploads\\\/2024\\\/09\\\/Visuel-Contact-FM-69.png\",\"datePublished\":\"2024-09-16T08:31:40+00:00\",\"dateModified\":\"2024-09-16T11:41:40+00:00\",\"description\":\"Pour cette reprise, on parle de la sant\u00e9 et du bien-vieillir, entre l'arriv\u00e9e des trois m\u00e9decins \u00e0 Mayet et \u00e0 Yvr\u00e9-le-Polin, la semaine bleue, le retour de l'enqu\u00eate sant\u00e9 et les ateliers M\u00e9mo'rise, il y a des choses \u00e0 dire. Pierre Ouvrard, maire de Mayet & et vice-pr\u00e9sident de la communaut\u00e9 de communes Sud-Sarthe en charge de la coh\u00e9sion sociale et de la sant\u00e9 et l'invit\u00e9 de ce mois-ci.\",\"breadcrumb\":{\"@id\":\"https:\\\/\\\/contactfm72.fr\\\/?p=17331#breadcrumb\"},\"inLanguage\":\"fr-FR\",\"potentialAction\":[{\"@type\":\"ReadAction\",\"target\":[\"https:\\\/\\\/contactfm72.fr\\\/?p=17331\"]}]},{\"@type\":\"ImageObject\",\"inLanguage\":\"fr-FR\",\"@id\":\"https:\\\/\\\/contactfm72.fr\\\/?p=17331#primaryimage\",\"url\":\"https:\\\/\\\/contactfm72.fr\\\/wp-content\\\/uploads\\\/2024\\\/09\\\/Visuel-Contact-FM-69.png\",\"contentUrl\":\"https:\\\/\\\/contactfm72.fr\\\/wp-content\\\/uploads\\\/2024\\\/09\\\/Visuel-Contact-FM-69.png\",\"width\":2016,\"height\":1512},{\"@type\":\"BreadcrumbList\",\"@id\":\"https:\\\/\\\/contactfm72.fr\\\/?p=17331#breadcrumb\",\"itemListElement\":[{\"@type\":\"ListItem\",\"position\":1,\"name\":\"Accueil\",\"item\":\"https:\\\/\\\/contactfm72.fr\\\/\"},{\"@type\":\"ListItem\",\"position\":2,\"name\":\"La sant\u00e9, le bien-vieillir &#038; la coh\u00e9sion sociale dans &#8220;Actu Sud Sarthe&#8221;\"}]},{\"@type\":\"WebSite\",\"@id\":\"https:\\\/\\\/contactfm72.fr\\\/#website\",\"url\":\"https:\\\/\\\/contactfm72.fr\\\/\",\"name\":\"Contact FM 99.3\",\"description\":\"Votre radio en vall\u00e9e du Loir\",\"publisher\":{\"@id\":\"https:\\\/\\\/contactfm72.fr\\\/#organization\"},\"potentialAction\":[{\"@type\":\"SearchAction\",\"target\":{\"@type\":\"EntryPoint\",\"urlTemplate\":\"https:\\\/\\\/contactfm72.fr\\\/?s={search_term_string}\"},\"query-input\":{\"@type\":\"PropertyValueSpecification\",\"valueRequired\":true,\"valueName\":\"search_term_string\"}}],\"inLanguage\":\"fr-FR\"},{\"@type\":\"Organization\",\"@id\":\"https:\\\/\\\/contactfm72.fr\\\/#organization\",\"name\":\"Contact FM 99.3\",\"url\":\"https:\\\/\\\/contactfm72.fr\\\/\",\"logo\":{\"@type\":\"ImageObject\",\"inLanguage\":\"fr-FR\",\"@id\":\"https:\\\/\\\/contactfm72.fr\\\/#\\\/schema\\\/logo\\\/image\\\/\",\"url\":\"https:\\\/\\\/contactfm72.fr\\\/wp-content\\\/uploads\\\/2025\\\/04\\\/2025-04-18-2.jpg\",\"contentUrl\":\"https:\\\/\\\/contactfm72.fr\\\/wp-content\\\/uploads\\\/2025\\\/04\\\/2025-04-18-2.jpg\",\"width\":680,\"height\":307,\"caption\":\"Contact FM 99.3\"},\"image\":{\"@id\":\"https:\\\/\\\/contactfm72.fr\\\/#\\\/schema\\\/logo\\\/image\\\/\"},\"sameAs\":[\"https:\\\/\\\/www.facebook.com\\\/Contactfm.Chateauduloir\",\"https:\\\/\\\/x.com\\\/contactfm72\",\"https:\\\/\\\/www.instagram.com\\\/contact.fm.72?igsh=cGhlMHQ5N2JlNnpp\",\"https:\\\/\\\/www.tiktok.com\\\/@contact.fm\"]},{\"@type\":\"Person\",\"@id\":\"https:\\\/\\\/contactfm72.fr\\\/#\\\/schema\\\/person\\\/d2ef09cdea7331b185acaddc4d14dda8\",\"name\":\"redaction2@contactfm72.fr\",\"image\":{\"@type\":\"ImageObject\",\"inLanguage\":\"fr-FR\",\"@id\":\"https:\\\/\\\/secure.gravatar.com\\\/avatar\\\/897f3d57289c1f4c62cade1c2606ba6ded18d5f1676845e668a9f21cb751c06b?s=96&d=mm&r=g\",\"url\":\"https:\\\/\\\/secure.gravatar.com\\\/avatar\\\/897f3d57289c1f4c62cade1c2606ba6ded18d5f1676845e668a9f21cb751c06b?s=96&d=mm&r=g\",\"contentUrl\":\"https:\\\/\\\/secure.gravatar.com\\\/avatar\\\/897f3d57289c1f4c62cade1c2606ba6ded18d5f1676845e668a9f21cb751c06b?s=96&d=mm&r=g\",\"caption\":\"redaction2@contactfm72.fr\"},\"url\":\"https:\\\/\\\/contactfm72.fr\\\/?author=5\"}]}<\/script>\n<!-- \/ Yoast SEO plugin. -->","yoast_head_json":{"title":"La sant\u00e9, le bien-vieillir & la coh\u00e9sion sociale dans \"Actu Sud Sarthe\" - Contact FM 99.3","description":"Pour cette reprise, on parle de la sant\u00e9 et du bien-vieillir, entre l'arriv\u00e9e des trois m\u00e9decins \u00e0 Mayet et \u00e0 Yvr\u00e9-le-Polin, la semaine bleue, le retour de l'enqu\u00eate sant\u00e9 et les ateliers M\u00e9mo'rise, il y a des choses \u00e0 dire. Pierre Ouvrard, maire de Mayet & et vice-pr\u00e9sident de la communaut\u00e9 de communes Sud-Sarthe en charge de la coh\u00e9sion sociale et de la sant\u00e9 et l'invit\u00e9 de ce mois-ci.","robots":{"index":"index","follow":"follow","max-snippet":"max-snippet:-1","max-image-preview":"max-image-preview:large","max-video-preview":"max-video-preview:-1"},"canonical":"https:\/\/contactfm72.fr\/?p=17331","og_locale":"fr_FR","og_type":"article","og_title":"La sant\u00e9, le bien-vieillir & la coh\u00e9sion sociale dans \"Actu Sud Sarthe\" - Contact FM 99.3","og_description":"Pour cette reprise, on parle de la sant\u00e9 et du bien-vieillir, entre l'arriv\u00e9e des trois m\u00e9decins \u00e0 Mayet et \u00e0 Yvr\u00e9-le-Polin, la semaine bleue, le retour de l'enqu\u00eate sant\u00e9 et les ateliers M\u00e9mo'rise, il y a des choses \u00e0 dire. Pierre Ouvrard, maire de Mayet & et vice-pr\u00e9sident de la communaut\u00e9 de communes Sud-Sarthe en charge de la coh\u00e9sion sociale et de la sant\u00e9 et l'invit\u00e9 de ce mois-ci.","og_url":"https:\/\/contactfm72.fr\/?p=17331","og_site_name":"Contact FM 99.3","article_publisher":"https:\/\/www.facebook.com\/Contactfm.Chateauduloir","article_published_time":"2024-09-16T08:31:40+00:00","article_modified_time":"2024-09-16T11:41:40+00:00","og_image":[{"url":"http:\/\/contactfm72.fr\/wp-content\/uploads\/2024\/09\/Visuel-Contact-FM-69.png","width":1024,"height":768,"type":"image\/png"}],"author":"redaction2@contactfm72.fr","twitter_card":"summary_large_image","twitter_creator":"@contactfm72","twitter_site":"@contactfm72","twitter_misc":{"\u00c9crit par":"redaction2@contactfm72.fr","Dur\u00e9e de lecture estim\u00e9e":"1 minute"},"schema":{"@context":"https:\/\/schema.org","@graph":[{"@type":"Article","@id":"https:\/\/contactfm72.fr\/?p=17331#article","isPartOf":{"@id":"https:\/\/contactfm72.fr\/?p=17331"},"author":{"name":"redaction2@contactfm72.fr","@id":"https:\/\/contactfm72.fr\/#\/schema\/person\/d2ef09cdea7331b185acaddc4d14dda8"},"headline":"La sant\u00e9, le bien-vieillir &#038; la coh\u00e9sion sociale dans &#8220;Actu Sud Sarthe&#8221;","datePublished":"2024-09-16T08:31:40+00:00","dateModified":"2024-09-16T11:41:40+00:00","mainEntityOfPage":{"@id":"https:\/\/contactfm72.fr\/?p=17331"},"wordCount":113,"publisher":{"@id":"https:\/\/contactfm72.fr\/#organization"},"image":{"@id":"https:\/\/contactfm72.fr\/?p=17331#primaryimage"},"thumbnailUrl":"https:\/\/contactfm72.fr\/wp-content\/uploads\/2024\/09\/Visuel-Contact-FM-69.png","articleSection":["Actu sud Sarthe","Contact FM 72"],"inLanguage":"fr-FR"},{"@type":"WebPage","@id":"https:\/\/contactfm72.fr\/?p=17331","url":"https:\/\/contactfm72.fr\/?p=17331","name":"La sant\u00e9, le bien-vieillir & la coh\u00e9sion sociale dans \"Actu Sud Sarthe\" - Contact FM 99.3","isPartOf":{"@id":"https:\/\/contactfm72.fr\/#website"},"primaryImageOfPage":{"@id":"https:\/\/contactfm72.fr\/?p=17331#primaryimage"},"image":{"@id":"https:\/\/contactfm72.fr\/?p=17331#primaryimage"},"thumbnailUrl":"https:\/\/contactfm72.fr\/wp-content\/uploads\/2024\/09\/Visuel-Contact-FM-69.png","datePublished":"2024-09-16T08:31:40+00:00","dateModified":"2024-09-16T11:41:40+00:00","description":"Pour cette reprise, on parle de la sant\u00e9 et du bien-vieillir, entre l'arriv\u00e9e des trois m\u00e9decins \u00e0 Mayet et \u00e0 Yvr\u00e9-le-Polin, la semaine bleue, le retour de l'enqu\u00eate sant\u00e9 et les ateliers M\u00e9mo'rise, il y a des choses \u00e0 dire. Pierre Ouvrard, maire de Mayet & et vice-pr\u00e9sident de la communaut\u00e9 de communes Sud-Sarthe en charge de la coh\u00e9sion sociale et de la sant\u00e9 et l'invit\u00e9 de ce mois-ci.","breadcrumb":{"@id":"https:\/\/contactfm72.fr\/?p=17331#breadcrumb"},"inLanguage":"fr-FR","potentialAction":[{"@type":"ReadAction","target":["https:\/\/contactfm72.fr\/?p=17331"]}]},{"@type":"ImageObject","inLanguage":"fr-FR","@id":"https:\/\/contactfm72.fr\/?p=17331#primaryimage","url":"https:\/\/contactfm72.fr\/wp-content\/uploads\/2024\/09\/Visuel-Contact-FM-69.png","contentUrl":"https:\/\/contactfm72.fr\/wp-content\/uploads\/2024\/09\/Visuel-Contact-FM-69.png","width":2016,"height":1512},{"@type":"BreadcrumbList","@id":"https:\/\/contactfm72.fr\/?p=17331#breadcrumb","itemListElement":[{"@type":"ListItem","position":1,"name":"Accueil","item":"https:\/\/contactfm72.fr\/"},{"@type":"ListItem","position":2,"name":"La sant\u00e9, le bien-vieillir &#038; la coh\u00e9sion sociale dans &#8220;Actu Sud Sarthe&#8221;"}]},{"@type":"WebSite","@id":"https:\/\/contactfm72.fr\/#website","url":"https:\/\/contactfm72.fr\/","name":"Contact FM 99.3","description":"Votre radio en vall\u00e9e du Loir","publisher":{"@id":"https:\/\/contactfm72.fr\/#organization"},"potentialAction":[{"@type":"SearchAction","target":{"@type":"EntryPoint","urlTemplate":"https:\/\/contactfm72.fr\/?s={search_term_string}"},"query-input":{"@type":"PropertyValueSpecification","valueRequired":true,"valueName":"search_term_string"}}],"inLanguage":"fr-FR"},{"@type":"Organization","@id":"https:\/\/contactfm72.fr\/#organization","name":"Contact FM 99.3","url":"https:\/\/contactfm72.fr\/","logo":{"@type":"ImageObject","inLanguage":"fr-FR","@id":"https:\/\/contactfm72.fr\/#\/schema\/logo\/image\/","url":"https:\/\/contactfm72.fr\/wp-content\/uploads\/2025\/04\/2025-04-18-2.jpg","contentUrl":"https:\/\/contactfm72.fr\/wp-content\/uploads\/2025\/04\/2025-04-18-2.jpg","width":680,"height":307,"caption":"Contact FM 99.3"},"image":{"@id":"https:\/\/contactfm72.fr\/#\/schema\/logo\/image\/"},"sameAs":["https:\/\/www.facebook.com\/Contactfm.Chateauduloir","https:\/\/x.com\/contactfm72","https:\/\/www.instagram.com\/contact.fm.72?igsh=cGhlMHQ5N2JlNnpp","https:\/\/www.tiktok.com\/@contact.fm"]},{"@type":"Person","@id":"https:\/\/contactfm72.fr\/#\/schema\/person\/d2ef09cdea7331b185acaddc4d14dda8","name":"redaction2@contactfm72.fr","image":{"@type":"ImageObject","inLanguage":"fr-FR","@id":"https:\/\/secure.gravatar.com\/avatar\/897f3d57289c1f4c62cade1c2606ba6ded18d5f1676845e668a9f21cb751c06b?s=96&d=mm&r=g","url":"https:\/\/secure.gravatar.com\/avatar\/897f3d57289c1f4c62cade1c2606ba6ded18d5f1676845e668a9f21cb751c06b?s=96&d=mm&r=g","contentUrl":"https:\/\/secure.gravatar.com\/avatar\/897f3d57289c1f4c62cade1c2606ba6ded18d5f1676845e668a9f21cb751c06b?s=96&d=mm&r=g","caption":"redaction2@contactfm72.fr"},"url":"https:\/\/contactfm72.fr\/?author=5"}]}},"_links":{"self":[{"href":"https:\/\/contactfm72.fr\/index.php?rest_route=\/wp\/v2\/posts\/17331","targetHints":{"allow":["GET"]}}],"collection":[{"href":"https:\/\/contactfm72.fr\/index.php?rest_route=\/wp\/v2\/posts"}],"about":[{"href":"https:\/\/contactfm72.fr\/index.php?rest_route=\/wp\/v2\/types\/post"}],"author":[{"embeddable":true,"href":"https:\/\/contactfm72.fr\/index.php?rest_route=\/wp\/v2\/users\/5"}],"replies":[{"embeddable":true,"href":"https:\/\/contactfm72.fr\/index.php?rest_route=%2Fwp%2Fv2%2Fcomments&post=17331"}],"version-history":[{"count":3,"href":"https:\/\/contactfm72.fr\/index.php?rest_route=\/wp\/v2\/posts\/17331\/revisions"}],"predecessor-version":[{"id":17343,"href":"https:\/\/contactfm72.fr\/index.php?rest_route=\/wp\/v2\/posts\/17331\/revisions\/17343"}],"wp:featuredmedia":[{"embeddable":true,"href":"https:\/\/contactfm72.fr\/index.php?rest_route=\/wp\/v2\/media\/17332"}],"wp:attachment":[{"href":"https:\/\/contactfm72.fr\/index.php?rest_route=%2Fwp%2Fv2%2Fmedia&parent=17331"}],"wp:term":[{"taxonomy":"category","embeddable":true,"href":"https:\/\/contactfm72.fr\/index.php?rest_route=%2Fwp%2Fv2%2Fcategories&post=17331"},{"taxonomy":"post_tag","embeddable":true,"href":"https:\/\/contactfm72.fr\/index.php?rest_route=%2Fwp%2Fv2%2Ftags&post=17331"}],"curies":[{"name":"wp","href":"https:\/\/api.w.org\/{rel}","templated":true}]}}