{"id":17297,"date":"2024-09-12T16:18:14","date_gmt":"2024-09-12T14:18:14","guid":{"rendered":"https:\/\/contactfm72.fr\/?p=17297"},"modified":"2024-10-08T15:28:57","modified_gmt":"2024-10-08T13:28:57","slug":"la-fete-de-la-jeunesse-2024-a-montval-sur-loir","status":"publish","type":"post","link":"https:\/\/contactfm72.fr\/?p=17297","title":{"rendered":"La f\u00eate de la jeunesse 2024 \u00e0 Montval-sur-Loir c&#8217;est le 12 octobre"},"content":{"rendered":"<p>La f\u00eate de la jeunesse revient !<\/p>\n<p>Place \u00e0 un \u00e9v\u00e9nement qui risque de r\u00e9unir du monde vu son programme : jeux-vid\u00e9o, magie, claquettes ou encore soutenir un futur voyage en \u00c9cosse. Le centre social Loir &amp; Berc\u00e9 se plie en quatre pour proposer sa nouvelle \u00e9dition de la f\u00eate de la jeunesse pr\u00e9vu le 12 octobre au gymnase Orion. Pour en parler nous recevons Pierre Gautier et Manon Fournier, une partie de l&#8217;\u00e9quipe d&#8217;animation du centre social, qui pr\u00e9sentent le programme et lancent un appel aux groupes musicaux.<\/p>\n<div id=\"audioigniter-283\" class=\"audioigniter-root \" data-player-type=\"full\" data-tracks-url=\"https:\/\/contactfm72.fr\/?audioigniter_playlist_id=283\" data-display-track-no=\"false\" data-reverse-track-order=\"false\" data-display-tracklist-covers=\"false\" data-display-active-cover=\"false\" data-display-artist-names=\"false\" data-display-buy-buttons=\"true\" data-buy-buttons-target=\"false\" data-cycle-tracks=\"false\" data-display-credits=\"false\" data-display-tracklist=\"true\" data-allow-tracklist-toggle=\"false\" data-allow-tracklist-loop=\"true\" data-limit-tracklist-height=\"true\" data-volume=\"100\" data-tracklist-height=\"185\" data-allow-track-loop=\"false\" ><\/div>\n<!-- AddThis Advanced Settings generic via filter on the_content --><!-- AddThis Share Buttons generic via filter on the_content -->","protected":false},"excerpt":{"rendered":"<p>La f\u00eate de la jeunesse revient ! Place \u00e0 un \u00e9v\u00e9nement qui risque de r\u00e9unir du monde vu son programme : jeux-vid\u00e9o, magie, claquettes ou encore soutenir un futur voyage en \u00c9cosse. Le centre social Loir &amp; Berc\u00e9 se plie en quatre pour proposer sa nouvelle \u00e9dition de la f\u00eate de la jeunesse pr\u00e9vu le&hellip;<!-- AddThis Advanced Settings generic via filter on get_the_excerpt --><!-- AddThis Share Buttons generic via filter on get_the_excerpt --><\/p>\n","protected":false},"author":5,"featured_media":17299,"comment_status":"closed","ping_status":"open","sticky":false,"template":"","format":"standard","meta":{"footnotes":""},"categories":[1,5],"tags":[],"class_list":["post-17297","post","type-post","status-publish","format-standard","has-post-thumbnail","hentry","category-contact-fm-72","category-linterview-du-jour","category-1","category-5","description-off"],"yoast_head":"<!-- This site is optimized with the Yoast SEO plugin v27.4 - https:\/\/yoast.com\/product\/yoast-seo-wordpress\/ -->\n<title>La f\u00eate de la jeunesse 2024 \u00e0 Montval-sur-Loir c&#039;est le 12 octobre - Contact FM 99.3<\/title>\n<meta name=\"description\" content=\"Place \u00e0 un \u00e9v\u00e9nement qui risque de r\u00e9unir du monde vu son programme, jeux-vid\u00e9o, magie, claquettes ou encore soutenir un futur voyage en Ecosse, le centre social Loir &amp; Berc\u00e9 se met en quatre pour proposer sa nouvelle \u00e9dition de la f\u00eate de la jeunesse pr\u00e9vu le 12 octobre au gymnase Orion.. Pour en parler nous recevons Pierre Gautier et Manon, animateurs du centre social qui nous parlent d&#039;une partie du programme et d&#039;un appel aux groupes musicaux.\" \/>\n<meta name=\"robots\" content=\"index, follow, max-snippet:-1, max-image-preview:large, max-video-preview:-1\" \/>\n<link rel=\"canonical\" href=\"https:\/\/contactfm72.fr\/?p=17297\" \/>\n<meta property=\"og:locale\" content=\"fr_FR\" \/>\n<meta property=\"og:type\" content=\"article\" \/>\n<meta property=\"og:title\" content=\"La f\u00eate de la jeunesse 2024 \u00e0 Montval-sur-Loir c&#039;est le 12 octobre - Contact FM 99.3\" \/>\n<meta property=\"og:description\" content=\"Place \u00e0 un \u00e9v\u00e9nement qui risque de r\u00e9unir du monde vu son programme, jeux-vid\u00e9o, magie, claquettes ou encore soutenir un futur voyage en Ecosse, le centre social Loir &amp; Berc\u00e9 se met en quatre pour proposer sa nouvelle \u00e9dition de la f\u00eate de la jeunesse pr\u00e9vu le 12 octobre au gymnase Orion.. Pour en parler nous recevons Pierre Gautier et Manon, animateurs du centre social qui nous parlent d&#039;une partie du programme et d&#039;un appel aux groupes musicaux.\" \/>\n<meta property=\"og:url\" content=\"https:\/\/contactfm72.fr\/?p=17297\" \/>\n<meta property=\"og:site_name\" content=\"Contact FM 99.3\" \/>\n<meta property=\"article:publisher\" content=\"https:\/\/www.facebook.com\/Contactfm.Chateauduloir\" \/>\n<meta property=\"article:published_time\" content=\"2024-09-12T14:18:14+00:00\" \/>\n<meta property=\"article:modified_time\" content=\"2024-10-08T13:28:57+00:00\" \/>\n<meta property=\"og:image\" content=\"http:\/\/contactfm72.fr\/wp-content\/uploads\/2024\/09\/Visuel-Contact-FM-67.png\" \/>\n\t<meta property=\"og:image:width\" content=\"1024\" \/>\n\t<meta property=\"og:image:height\" content=\"768\" \/>\n\t<meta property=\"og:image:type\" content=\"image\/png\" \/>\n<meta name=\"author\" content=\"redaction2@contactfm72.fr\" \/>\n<meta name=\"twitter:card\" content=\"summary_large_image\" \/>\n<meta name=\"twitter:creator\" content=\"@contactfm72\" \/>\n<meta name=\"twitter:site\" content=\"@contactfm72\" \/>\n<meta name=\"twitter:label1\" content=\"\u00c9crit par\" \/>\n\t<meta name=\"twitter:data1\" content=\"redaction2@contactfm72.fr\" \/>\n\t<meta name=\"twitter:label2\" content=\"Dur\u00e9e de lecture estim\u00e9e\" \/>\n\t<meta name=\"twitter:data2\" content=\"1 minute\" \/>\n<script type=\"application\/ld+json\" class=\"yoast-schema-graph\">{\"@context\":\"https:\\\/\\\/schema.org\",\"@graph\":[{\"@type\":\"Article\",\"@id\":\"https:\\\/\\\/contactfm72.fr\\\/?p=17297#article\",\"isPartOf\":{\"@id\":\"https:\\\/\\\/contactfm72.fr\\\/?p=17297\"},\"author\":{\"name\":\"redaction2@contactfm72.fr\",\"@id\":\"https:\\\/\\\/contactfm72.fr\\\/#\\\/schema\\\/person\\\/d2ef09cdea7331b185acaddc4d14dda8\"},\"headline\":\"La f\u00eate de la jeunesse 2024 \u00e0 Montval-sur-Loir c&#8217;est le 12 octobre\",\"datePublished\":\"2024-09-12T14:18:14+00:00\",\"dateModified\":\"2024-10-08T13:28:57+00:00\",\"mainEntityOfPage\":{\"@id\":\"https:\\\/\\\/contactfm72.fr\\\/?p=17297\"},\"wordCount\":108,\"publisher\":{\"@id\":\"https:\\\/\\\/contactfm72.fr\\\/#organization\"},\"image\":{\"@id\":\"https:\\\/\\\/contactfm72.fr\\\/?p=17297#primaryimage\"},\"thumbnailUrl\":\"https:\\\/\\\/contactfm72.fr\\\/wp-content\\\/uploads\\\/2024\\\/09\\\/Visuel-Contact-FM-67.png\",\"articleSection\":[\"Contact FM 72\",\"L'interview du jour\"],\"inLanguage\":\"fr-FR\"},{\"@type\":\"WebPage\",\"@id\":\"https:\\\/\\\/contactfm72.fr\\\/?p=17297\",\"url\":\"https:\\\/\\\/contactfm72.fr\\\/?p=17297\",\"name\":\"La f\u00eate de la jeunesse 2024 \u00e0 Montval-sur-Loir c'est le 12 octobre - Contact FM 99.3\",\"isPartOf\":{\"@id\":\"https:\\\/\\\/contactfm72.fr\\\/#website\"},\"primaryImageOfPage\":{\"@id\":\"https:\\\/\\\/contactfm72.fr\\\/?p=17297#primaryimage\"},\"image\":{\"@id\":\"https:\\\/\\\/contactfm72.fr\\\/?p=17297#primaryimage\"},\"thumbnailUrl\":\"https:\\\/\\\/contactfm72.fr\\\/wp-content\\\/uploads\\\/2024\\\/09\\\/Visuel-Contact-FM-67.png\",\"datePublished\":\"2024-09-12T14:18:14+00:00\",\"dateModified\":\"2024-10-08T13:28:57+00:00\",\"description\":\"Place \u00e0 un \u00e9v\u00e9nement qui risque de r\u00e9unir du monde vu son programme, jeux-vid\u00e9o, magie, claquettes ou encore soutenir un futur voyage en Ecosse, le centre social Loir & Berc\u00e9 se met en quatre pour proposer sa nouvelle \u00e9dition de la f\u00eate de la jeunesse pr\u00e9vu le 12 octobre au gymnase Orion.. Pour en parler nous recevons Pierre Gautier et Manon, animateurs du centre social qui nous parlent d'une partie du programme et d'un appel aux groupes musicaux.\",\"breadcrumb\":{\"@id\":\"https:\\\/\\\/contactfm72.fr\\\/?p=17297#breadcrumb\"},\"inLanguage\":\"fr-FR\",\"potentialAction\":[{\"@type\":\"ReadAction\",\"target\":[\"https:\\\/\\\/contactfm72.fr\\\/?p=17297\"]}]},{\"@type\":\"ImageObject\",\"inLanguage\":\"fr-FR\",\"@id\":\"https:\\\/\\\/contactfm72.fr\\\/?p=17297#primaryimage\",\"url\":\"https:\\\/\\\/contactfm72.fr\\\/wp-content\\\/uploads\\\/2024\\\/09\\\/Visuel-Contact-FM-67.png\",\"contentUrl\":\"https:\\\/\\\/contactfm72.fr\\\/wp-content\\\/uploads\\\/2024\\\/09\\\/Visuel-Contact-FM-67.png\",\"width\":2016,\"height\":1512},{\"@type\":\"BreadcrumbList\",\"@id\":\"https:\\\/\\\/contactfm72.fr\\\/?p=17297#breadcrumb\",\"itemListElement\":[{\"@type\":\"ListItem\",\"position\":1,\"name\":\"Accueil\",\"item\":\"https:\\\/\\\/contactfm72.fr\\\/\"},{\"@type\":\"ListItem\",\"position\":2,\"name\":\"La f\u00eate de la jeunesse 2024 \u00e0 Montval-sur-Loir c&#8217;est le 12 octobre\"}]},{\"@type\":\"WebSite\",\"@id\":\"https:\\\/\\\/contactfm72.fr\\\/#website\",\"url\":\"https:\\\/\\\/contactfm72.fr\\\/\",\"name\":\"Contact FM 99.3\",\"description\":\"Votre radio en vall\u00e9e du Loir\",\"publisher\":{\"@id\":\"https:\\\/\\\/contactfm72.fr\\\/#organization\"},\"potentialAction\":[{\"@type\":\"SearchAction\",\"target\":{\"@type\":\"EntryPoint\",\"urlTemplate\":\"https:\\\/\\\/contactfm72.fr\\\/?s={search_term_string}\"},\"query-input\":{\"@type\":\"PropertyValueSpecification\",\"valueRequired\":true,\"valueName\":\"search_term_string\"}}],\"inLanguage\":\"fr-FR\"},{\"@type\":\"Organization\",\"@id\":\"https:\\\/\\\/contactfm72.fr\\\/#organization\",\"name\":\"Contact FM 99.3\",\"url\":\"https:\\\/\\\/contactfm72.fr\\\/\",\"logo\":{\"@type\":\"ImageObject\",\"inLanguage\":\"fr-FR\",\"@id\":\"https:\\\/\\\/contactfm72.fr\\\/#\\\/schema\\\/logo\\\/image\\\/\",\"url\":\"https:\\\/\\\/contactfm72.fr\\\/wp-content\\\/uploads\\\/2025\\\/04\\\/2025-04-18-2.jpg\",\"contentUrl\":\"https:\\\/\\\/contactfm72.fr\\\/wp-content\\\/uploads\\\/2025\\\/04\\\/2025-04-18-2.jpg\",\"width\":680,\"height\":307,\"caption\":\"Contact FM 99.3\"},\"image\":{\"@id\":\"https:\\\/\\\/contactfm72.fr\\\/#\\\/schema\\\/logo\\\/image\\\/\"},\"sameAs\":[\"https:\\\/\\\/www.facebook.com\\\/Contactfm.Chateauduloir\",\"https:\\\/\\\/x.com\\\/contactfm72\",\"https:\\\/\\\/www.instagram.com\\\/contact.fm.72?igsh=cGhlMHQ5N2JlNnpp\",\"https:\\\/\\\/www.tiktok.com\\\/@contact.fm\"]},{\"@type\":\"Person\",\"@id\":\"https:\\\/\\\/contactfm72.fr\\\/#\\\/schema\\\/person\\\/d2ef09cdea7331b185acaddc4d14dda8\",\"name\":\"redaction2@contactfm72.fr\",\"image\":{\"@type\":\"ImageObject\",\"inLanguage\":\"fr-FR\",\"@id\":\"https:\\\/\\\/secure.gravatar.com\\\/avatar\\\/897f3d57289c1f4c62cade1c2606ba6ded18d5f1676845e668a9f21cb751c06b?s=96&d=mm&r=g\",\"url\":\"https:\\\/\\\/secure.gravatar.com\\\/avatar\\\/897f3d57289c1f4c62cade1c2606ba6ded18d5f1676845e668a9f21cb751c06b?s=96&d=mm&r=g\",\"contentUrl\":\"https:\\\/\\\/secure.gravatar.com\\\/avatar\\\/897f3d57289c1f4c62cade1c2606ba6ded18d5f1676845e668a9f21cb751c06b?s=96&d=mm&r=g\",\"caption\":\"redaction2@contactfm72.fr\"},\"url\":\"https:\\\/\\\/contactfm72.fr\\\/?author=5\"}]}<\/script>\n<!-- \/ Yoast SEO plugin. -->","yoast_head_json":{"title":"La f\u00eate de la jeunesse 2024 \u00e0 Montval-sur-Loir c'est le 12 octobre - Contact FM 99.3","description":"Place \u00e0 un \u00e9v\u00e9nement qui risque de r\u00e9unir du monde vu son programme, jeux-vid\u00e9o, magie, claquettes ou encore soutenir un futur voyage en Ecosse, le centre social Loir & Berc\u00e9 se met en quatre pour proposer sa nouvelle \u00e9dition de la f\u00eate de la jeunesse pr\u00e9vu le 12 octobre au gymnase Orion.. Pour en parler nous recevons Pierre Gautier et Manon, animateurs du centre social qui nous parlent d'une partie du programme et d'un appel aux groupes musicaux.","robots":{"index":"index","follow":"follow","max-snippet":"max-snippet:-1","max-image-preview":"max-image-preview:large","max-video-preview":"max-video-preview:-1"},"canonical":"https:\/\/contactfm72.fr\/?p=17297","og_locale":"fr_FR","og_type":"article","og_title":"La f\u00eate de la jeunesse 2024 \u00e0 Montval-sur-Loir c'est le 12 octobre - Contact FM 99.3","og_description":"Place \u00e0 un \u00e9v\u00e9nement qui risque de r\u00e9unir du monde vu son programme, jeux-vid\u00e9o, magie, claquettes ou encore soutenir un futur voyage en Ecosse, le centre social Loir & Berc\u00e9 se met en quatre pour proposer sa nouvelle \u00e9dition de la f\u00eate de la jeunesse pr\u00e9vu le 12 octobre au gymnase Orion.. Pour en parler nous recevons Pierre Gautier et Manon, animateurs du centre social qui nous parlent d'une partie du programme et d'un appel aux groupes musicaux.","og_url":"https:\/\/contactfm72.fr\/?p=17297","og_site_name":"Contact FM 99.3","article_publisher":"https:\/\/www.facebook.com\/Contactfm.Chateauduloir","article_published_time":"2024-09-12T14:18:14+00:00","article_modified_time":"2024-10-08T13:28:57+00:00","og_image":[{"url":"http:\/\/contactfm72.fr\/wp-content\/uploads\/2024\/09\/Visuel-Contact-FM-67.png","width":1024,"height":768,"type":"image\/png"}],"author":"redaction2@contactfm72.fr","twitter_card":"summary_large_image","twitter_creator":"@contactfm72","twitter_site":"@contactfm72","twitter_misc":{"\u00c9crit par":"redaction2@contactfm72.fr","Dur\u00e9e de lecture estim\u00e9e":"1 minute"},"schema":{"@context":"https:\/\/schema.org","@graph":[{"@type":"Article","@id":"https:\/\/contactfm72.fr\/?p=17297#article","isPartOf":{"@id":"https:\/\/contactfm72.fr\/?p=17297"},"author":{"name":"redaction2@contactfm72.fr","@id":"https:\/\/contactfm72.fr\/#\/schema\/person\/d2ef09cdea7331b185acaddc4d14dda8"},"headline":"La f\u00eate de la jeunesse 2024 \u00e0 Montval-sur-Loir c&#8217;est le 12 octobre","datePublished":"2024-09-12T14:18:14+00:00","dateModified":"2024-10-08T13:28:57+00:00","mainEntityOfPage":{"@id":"https:\/\/contactfm72.fr\/?p=17297"},"wordCount":108,"publisher":{"@id":"https:\/\/contactfm72.fr\/#organization"},"image":{"@id":"https:\/\/contactfm72.fr\/?p=17297#primaryimage"},"thumbnailUrl":"https:\/\/contactfm72.fr\/wp-content\/uploads\/2024\/09\/Visuel-Contact-FM-67.png","articleSection":["Contact FM 72","L'interview du jour"],"inLanguage":"fr-FR"},{"@type":"WebPage","@id":"https:\/\/contactfm72.fr\/?p=17297","url":"https:\/\/contactfm72.fr\/?p=17297","name":"La f\u00eate de la jeunesse 2024 \u00e0 Montval-sur-Loir c'est le 12 octobre - Contact FM 99.3","isPartOf":{"@id":"https:\/\/contactfm72.fr\/#website"},"primaryImageOfPage":{"@id":"https:\/\/contactfm72.fr\/?p=17297#primaryimage"},"image":{"@id":"https:\/\/contactfm72.fr\/?p=17297#primaryimage"},"thumbnailUrl":"https:\/\/contactfm72.fr\/wp-content\/uploads\/2024\/09\/Visuel-Contact-FM-67.png","datePublished":"2024-09-12T14:18:14+00:00","dateModified":"2024-10-08T13:28:57+00:00","description":"Place \u00e0 un \u00e9v\u00e9nement qui risque de r\u00e9unir du monde vu son programme, jeux-vid\u00e9o, magie, claquettes ou encore soutenir un futur voyage en Ecosse, le centre social Loir & Berc\u00e9 se met en quatre pour proposer sa nouvelle \u00e9dition de la f\u00eate de la jeunesse pr\u00e9vu le 12 octobre au gymnase Orion.. Pour en parler nous recevons Pierre Gautier et Manon, animateurs du centre social qui nous parlent d'une partie du programme et d'un appel aux groupes musicaux.","breadcrumb":{"@id":"https:\/\/contactfm72.fr\/?p=17297#breadcrumb"},"inLanguage":"fr-FR","potentialAction":[{"@type":"ReadAction","target":["https:\/\/contactfm72.fr\/?p=17297"]}]},{"@type":"ImageObject","inLanguage":"fr-FR","@id":"https:\/\/contactfm72.fr\/?p=17297#primaryimage","url":"https:\/\/contactfm72.fr\/wp-content\/uploads\/2024\/09\/Visuel-Contact-FM-67.png","contentUrl":"https:\/\/contactfm72.fr\/wp-content\/uploads\/2024\/09\/Visuel-Contact-FM-67.png","width":2016,"height":1512},{"@type":"BreadcrumbList","@id":"https:\/\/contactfm72.fr\/?p=17297#breadcrumb","itemListElement":[{"@type":"ListItem","position":1,"name":"Accueil","item":"https:\/\/contactfm72.fr\/"},{"@type":"ListItem","position":2,"name":"La f\u00eate de la jeunesse 2024 \u00e0 Montval-sur-Loir c&#8217;est le 12 octobre"}]},{"@type":"WebSite","@id":"https:\/\/contactfm72.fr\/#website","url":"https:\/\/contactfm72.fr\/","name":"Contact FM 99.3","description":"Votre radio en vall\u00e9e du Loir","publisher":{"@id":"https:\/\/contactfm72.fr\/#organization"},"potentialAction":[{"@type":"SearchAction","target":{"@type":"EntryPoint","urlTemplate":"https:\/\/contactfm72.fr\/?s={search_term_string}"},"query-input":{"@type":"PropertyValueSpecification","valueRequired":true,"valueName":"search_term_string"}}],"inLanguage":"fr-FR"},{"@type":"Organization","@id":"https:\/\/contactfm72.fr\/#organization","name":"Contact FM 99.3","url":"https:\/\/contactfm72.fr\/","logo":{"@type":"ImageObject","inLanguage":"fr-FR","@id":"https:\/\/contactfm72.fr\/#\/schema\/logo\/image\/","url":"https:\/\/contactfm72.fr\/wp-content\/uploads\/2025\/04\/2025-04-18-2.jpg","contentUrl":"https:\/\/contactfm72.fr\/wp-content\/uploads\/2025\/04\/2025-04-18-2.jpg","width":680,"height":307,"caption":"Contact FM 99.3"},"image":{"@id":"https:\/\/contactfm72.fr\/#\/schema\/logo\/image\/"},"sameAs":["https:\/\/www.facebook.com\/Contactfm.Chateauduloir","https:\/\/x.com\/contactfm72","https:\/\/www.instagram.com\/contact.fm.72?igsh=cGhlMHQ5N2JlNnpp","https:\/\/www.tiktok.com\/@contact.fm"]},{"@type":"Person","@id":"https:\/\/contactfm72.fr\/#\/schema\/person\/d2ef09cdea7331b185acaddc4d14dda8","name":"redaction2@contactfm72.fr","image":{"@type":"ImageObject","inLanguage":"fr-FR","@id":"https:\/\/secure.gravatar.com\/avatar\/897f3d57289c1f4c62cade1c2606ba6ded18d5f1676845e668a9f21cb751c06b?s=96&d=mm&r=g","url":"https:\/\/secure.gravatar.com\/avatar\/897f3d57289c1f4c62cade1c2606ba6ded18d5f1676845e668a9f21cb751c06b?s=96&d=mm&r=g","contentUrl":"https:\/\/secure.gravatar.com\/avatar\/897f3d57289c1f4c62cade1c2606ba6ded18d5f1676845e668a9f21cb751c06b?s=96&d=mm&r=g","caption":"redaction2@contactfm72.fr"},"url":"https:\/\/contactfm72.fr\/?author=5"}]}},"_links":{"self":[{"href":"https:\/\/contactfm72.fr\/index.php?rest_route=\/wp\/v2\/posts\/17297","targetHints":{"allow":["GET"]}}],"collection":[{"href":"https:\/\/contactfm72.fr\/index.php?rest_route=\/wp\/v2\/posts"}],"about":[{"href":"https:\/\/contactfm72.fr\/index.php?rest_route=\/wp\/v2\/types\/post"}],"author":[{"embeddable":true,"href":"https:\/\/contactfm72.fr\/index.php?rest_route=\/wp\/v2\/users\/5"}],"replies":[{"embeddable":true,"href":"https:\/\/contactfm72.fr\/index.php?rest_route=%2Fwp%2Fv2%2Fcomments&post=17297"}],"version-history":[{"count":4,"href":"https:\/\/contactfm72.fr\/index.php?rest_route=\/wp\/v2\/posts\/17297\/revisions"}],"predecessor-version":[{"id":17568,"href":"https:\/\/contactfm72.fr\/index.php?rest_route=\/wp\/v2\/posts\/17297\/revisions\/17568"}],"wp:featuredmedia":[{"embeddable":true,"href":"https:\/\/contactfm72.fr\/index.php?rest_route=\/wp\/v2\/media\/17299"}],"wp:attachment":[{"href":"https:\/\/contactfm72.fr\/index.php?rest_route=%2Fwp%2Fv2%2Fmedia&parent=17297"}],"wp:term":[{"taxonomy":"category","embeddable":true,"href":"https:\/\/contactfm72.fr\/index.php?rest_route=%2Fwp%2Fv2%2Fcategories&post=17297"},{"taxonomy":"post_tag","embeddable":true,"href":"https:\/\/contactfm72.fr\/index.php?rest_route=%2Fwp%2Fv2%2Ftags&post=17297"}],"curies":[{"name":"wp","href":"https:\/\/api.w.org\/{rel}","templated":true}]}}