{"id":17287,"date":"2024-09-11T16:45:37","date_gmt":"2024-09-11T14:45:37","guid":{"rendered":"https:\/\/contactfm72.fr\/?p=17287"},"modified":"2024-09-12T07:18:12","modified_gmt":"2024-09-12T05:18:12","slug":"la-fete-au-village-a-st-pierre-du-lorouer","status":"publish","type":"post","link":"https:\/\/contactfm72.fr\/?p=17287","title":{"rendered":"La F\u00eate au Village \u00e0 Saint-Pierre-du-Lorou\u00ebr c&#8217;est samedi !"},"content":{"rendered":"<p>C&#8217;est la f\u00eate au village !<\/p>\n<p>Le samedi 14 septembre, direction Saint Pierre du Lorou\u00ebr pour une f\u00eate conviviale m\u00ealant jeux de soci\u00e9t\u00e9, des jeux de piste et des activit\u00e9s physiques \u00e0 la sauce Intervilles. Avec \u00e9galement un groupe de musique sarthois appel\u00e9 Celtic Road&#8217;s, c&#8217;est un \u00e9v\u00e9nement \u00e0 ne pas rater dans le sud Sarthe.<\/p>\n<p>Yohan Ragaigne, directeur du centre social de Luc\u00e9, donne la programmation de la 3\u00e8me \u00e9dition de &#8220;F\u00eate au Village&#8221; dans &#8220;L&#8217;interview du jour&#8221;, diffus\u00e9 le mercredi 11 septembre \u00e0 18h, le jeudi 12 septembre \u00e0 13h et le samedi 14 septembre \u00e0 14h.<\/p>\n<div id=\"audioigniter-283\" class=\"audioigniter-root \" data-player-type=\"full\" data-tracks-url=\"https:\/\/contactfm72.fr\/?audioigniter_playlist_id=283\" data-display-track-no=\"false\" data-reverse-track-order=\"false\" data-display-tracklist-covers=\"false\" data-display-active-cover=\"false\" data-display-artist-names=\"false\" data-display-buy-buttons=\"true\" data-buy-buttons-target=\"false\" data-cycle-tracks=\"false\" data-display-credits=\"false\" data-display-tracklist=\"true\" data-allow-tracklist-toggle=\"false\" data-allow-tracklist-loop=\"true\" data-limit-tracklist-height=\"true\" data-volume=\"100\" data-tracklist-height=\"185\" data-allow-track-loop=\"false\" ><\/div>\n<!-- AddThis Advanced Settings generic via filter on the_content --><!-- AddThis Share Buttons generic via filter on the_content -->","protected":false},"excerpt":{"rendered":"<p>C&#8217;est la f\u00eate au village ! Le samedi 14 septembre, direction Saint Pierre du Lorou\u00ebr pour une f\u00eate conviviale m\u00ealant jeux de soci\u00e9t\u00e9, des jeux de piste et des activit\u00e9s physiques \u00e0 la sauce Intervilles. Avec \u00e9galement un groupe de musique sarthois appel\u00e9 Celtic Road&#8217;s, c&#8217;est un \u00e9v\u00e9nement \u00e0 ne pas rater dans le sud&hellip;<!-- AddThis Advanced Settings generic via filter on get_the_excerpt --><!-- AddThis Share Buttons generic via filter on get_the_excerpt --><\/p>\n","protected":false},"author":5,"featured_media":17289,"comment_status":"closed","ping_status":"open","sticky":false,"template":"","format":"standard","meta":{"footnotes":""},"categories":[1,5],"tags":[],"class_list":["post-17287","post","type-post","status-publish","format-standard","has-post-thumbnail","hentry","category-contact-fm-72","category-linterview-du-jour","category-1","category-5","description-off"],"yoast_head":"<!-- This site is optimized with the Yoast SEO plugin v27.4 - https:\/\/yoast.com\/product\/yoast-seo-wordpress\/ -->\n<title>La F\u00eate au Village \u00e0 Saint-Pierre-du-Lorou\u00ebr c&#039;est samedi ! - Contact FM 99.3<\/title>\n<meta name=\"description\" content=\"C&#039;est la f\u00eate au village !\u00a0Le samedi 14 septembre, direction St Pierre du Lorou\u00ebr pour une f\u00eate conviviale m\u00ealant jeux de soci\u00e9t\u00e9, des jeux de piste et des activit\u00e9s physiques. Avec \u00e9galement un groupe de musique sarthois appel\u00e9 Celtic Road&#039;s.\" \/>\n<meta name=\"robots\" content=\"index, follow, max-snippet:-1, max-image-preview:large, max-video-preview:-1\" \/>\n<link rel=\"canonical\" href=\"https:\/\/contactfm72.fr\/?p=17287\" \/>\n<meta property=\"og:locale\" content=\"fr_FR\" \/>\n<meta property=\"og:type\" content=\"article\" \/>\n<meta property=\"og:title\" content=\"La F\u00eate au Village \u00e0 Saint-Pierre-du-Lorou\u00ebr c&#039;est samedi ! - Contact FM 99.3\" \/>\n<meta property=\"og:description\" content=\"C&#039;est la f\u00eate au village !\u00a0Le samedi 14 septembre, direction St Pierre du Lorou\u00ebr pour une f\u00eate conviviale m\u00ealant jeux de soci\u00e9t\u00e9, des jeux de piste et des activit\u00e9s physiques. Avec \u00e9galement un groupe de musique sarthois appel\u00e9 Celtic Road&#039;s.\" \/>\n<meta property=\"og:url\" content=\"https:\/\/contactfm72.fr\/?p=17287\" \/>\n<meta property=\"og:site_name\" content=\"Contact FM 99.3\" \/>\n<meta property=\"article:publisher\" content=\"https:\/\/www.facebook.com\/Contactfm.Chateauduloir\" \/>\n<meta property=\"article:published_time\" content=\"2024-09-11T14:45:37+00:00\" \/>\n<meta property=\"article:modified_time\" content=\"2024-09-12T05:18:12+00:00\" \/>\n<meta property=\"og:image\" content=\"http:\/\/contactfm72.fr\/wp-content\/uploads\/2024\/09\/Visuel-Contact-FM-66.png\" \/>\n\t<meta property=\"og:image:width\" content=\"2016\" \/>\n\t<meta property=\"og:image:height\" content=\"1512\" \/>\n\t<meta property=\"og:image:type\" content=\"image\/png\" \/>\n<meta name=\"author\" content=\"redaction2@contactfm72.fr\" \/>\n<meta name=\"twitter:card\" content=\"summary_large_image\" \/>\n<meta name=\"twitter:creator\" content=\"@contactfm72\" \/>\n<meta name=\"twitter:site\" content=\"@contactfm72\" \/>\n<meta name=\"twitter:label1\" content=\"\u00c9crit par\" \/>\n\t<meta name=\"twitter:data1\" content=\"redaction2@contactfm72.fr\" \/>\n\t<meta name=\"twitter:label2\" content=\"Dur\u00e9e de lecture estim\u00e9e\" \/>\n\t<meta name=\"twitter:data2\" content=\"1 minute\" \/>\n<script type=\"application\/ld+json\" class=\"yoast-schema-graph\">{\"@context\":\"https:\\\/\\\/schema.org\",\"@graph\":[{\"@type\":\"Article\",\"@id\":\"https:\\\/\\\/contactfm72.fr\\\/?p=17287#article\",\"isPartOf\":{\"@id\":\"https:\\\/\\\/contactfm72.fr\\\/?p=17287\"},\"author\":{\"name\":\"redaction2@contactfm72.fr\",\"@id\":\"https:\\\/\\\/contactfm72.fr\\\/#\\\/schema\\\/person\\\/d2ef09cdea7331b185acaddc4d14dda8\"},\"headline\":\"La F\u00eate au Village \u00e0 Saint-Pierre-du-Lorou\u00ebr c&#8217;est samedi !\",\"datePublished\":\"2024-09-11T14:45:37+00:00\",\"dateModified\":\"2024-09-12T05:18:12+00:00\",\"mainEntityOfPage\":{\"@id\":\"https:\\\/\\\/contactfm72.fr\\\/?p=17287\"},\"wordCount\":114,\"publisher\":{\"@id\":\"https:\\\/\\\/contactfm72.fr\\\/#organization\"},\"image\":{\"@id\":\"https:\\\/\\\/contactfm72.fr\\\/?p=17287#primaryimage\"},\"thumbnailUrl\":\"https:\\\/\\\/contactfm72.fr\\\/wp-content\\\/uploads\\\/2024\\\/09\\\/Visuel-Contact-FM-66.png\",\"articleSection\":[\"Contact FM 72\",\"L'interview du jour\"],\"inLanguage\":\"fr-FR\"},{\"@type\":\"WebPage\",\"@id\":\"https:\\\/\\\/contactfm72.fr\\\/?p=17287\",\"url\":\"https:\\\/\\\/contactfm72.fr\\\/?p=17287\",\"name\":\"La F\u00eate au Village \u00e0 Saint-Pierre-du-Lorou\u00ebr c'est samedi ! - Contact FM 99.3\",\"isPartOf\":{\"@id\":\"https:\\\/\\\/contactfm72.fr\\\/#website\"},\"primaryImageOfPage\":{\"@id\":\"https:\\\/\\\/contactfm72.fr\\\/?p=17287#primaryimage\"},\"image\":{\"@id\":\"https:\\\/\\\/contactfm72.fr\\\/?p=17287#primaryimage\"},\"thumbnailUrl\":\"https:\\\/\\\/contactfm72.fr\\\/wp-content\\\/uploads\\\/2024\\\/09\\\/Visuel-Contact-FM-66.png\",\"datePublished\":\"2024-09-11T14:45:37+00:00\",\"dateModified\":\"2024-09-12T05:18:12+00:00\",\"description\":\"C'est la f\u00eate au village !\u00a0Le samedi 14 septembre, direction St Pierre du Lorou\u00ebr pour une f\u00eate conviviale m\u00ealant jeux de soci\u00e9t\u00e9, des jeux de piste et des activit\u00e9s physiques. Avec \u00e9galement un groupe de musique sarthois appel\u00e9 Celtic Road's.\",\"breadcrumb\":{\"@id\":\"https:\\\/\\\/contactfm72.fr\\\/?p=17287#breadcrumb\"},\"inLanguage\":\"fr-FR\",\"potentialAction\":[{\"@type\":\"ReadAction\",\"target\":[\"https:\\\/\\\/contactfm72.fr\\\/?p=17287\"]}]},{\"@type\":\"ImageObject\",\"inLanguage\":\"fr-FR\",\"@id\":\"https:\\\/\\\/contactfm72.fr\\\/?p=17287#primaryimage\",\"url\":\"https:\\\/\\\/contactfm72.fr\\\/wp-content\\\/uploads\\\/2024\\\/09\\\/Visuel-Contact-FM-66.png\",\"contentUrl\":\"https:\\\/\\\/contactfm72.fr\\\/wp-content\\\/uploads\\\/2024\\\/09\\\/Visuel-Contact-FM-66.png\",\"width\":2016,\"height\":1512},{\"@type\":\"BreadcrumbList\",\"@id\":\"https:\\\/\\\/contactfm72.fr\\\/?p=17287#breadcrumb\",\"itemListElement\":[{\"@type\":\"ListItem\",\"position\":1,\"name\":\"Accueil\",\"item\":\"https:\\\/\\\/contactfm72.fr\\\/\"},{\"@type\":\"ListItem\",\"position\":2,\"name\":\"La F\u00eate au Village \u00e0 Saint-Pierre-du-Lorou\u00ebr c&#8217;est samedi !\"}]},{\"@type\":\"WebSite\",\"@id\":\"https:\\\/\\\/contactfm72.fr\\\/#website\",\"url\":\"https:\\\/\\\/contactfm72.fr\\\/\",\"name\":\"Contact FM 99.3\",\"description\":\"Votre radio en vall\u00e9e du Loir\",\"publisher\":{\"@id\":\"https:\\\/\\\/contactfm72.fr\\\/#organization\"},\"potentialAction\":[{\"@type\":\"SearchAction\",\"target\":{\"@type\":\"EntryPoint\",\"urlTemplate\":\"https:\\\/\\\/contactfm72.fr\\\/?s={search_term_string}\"},\"query-input\":{\"@type\":\"PropertyValueSpecification\",\"valueRequired\":true,\"valueName\":\"search_term_string\"}}],\"inLanguage\":\"fr-FR\"},{\"@type\":\"Organization\",\"@id\":\"https:\\\/\\\/contactfm72.fr\\\/#organization\",\"name\":\"Contact FM 99.3\",\"url\":\"https:\\\/\\\/contactfm72.fr\\\/\",\"logo\":{\"@type\":\"ImageObject\",\"inLanguage\":\"fr-FR\",\"@id\":\"https:\\\/\\\/contactfm72.fr\\\/#\\\/schema\\\/logo\\\/image\\\/\",\"url\":\"https:\\\/\\\/contactfm72.fr\\\/wp-content\\\/uploads\\\/2025\\\/04\\\/2025-04-18-2.jpg\",\"contentUrl\":\"https:\\\/\\\/contactfm72.fr\\\/wp-content\\\/uploads\\\/2025\\\/04\\\/2025-04-18-2.jpg\",\"width\":680,\"height\":307,\"caption\":\"Contact FM 99.3\"},\"image\":{\"@id\":\"https:\\\/\\\/contactfm72.fr\\\/#\\\/schema\\\/logo\\\/image\\\/\"},\"sameAs\":[\"https:\\\/\\\/www.facebook.com\\\/Contactfm.Chateauduloir\",\"https:\\\/\\\/x.com\\\/contactfm72\",\"https:\\\/\\\/www.instagram.com\\\/contact.fm.72?igsh=cGhlMHQ5N2JlNnpp\",\"https:\\\/\\\/www.tiktok.com\\\/@contact.fm\"]},{\"@type\":\"Person\",\"@id\":\"https:\\\/\\\/contactfm72.fr\\\/#\\\/schema\\\/person\\\/d2ef09cdea7331b185acaddc4d14dda8\",\"name\":\"redaction2@contactfm72.fr\",\"image\":{\"@type\":\"ImageObject\",\"inLanguage\":\"fr-FR\",\"@id\":\"https:\\\/\\\/secure.gravatar.com\\\/avatar\\\/897f3d57289c1f4c62cade1c2606ba6ded18d5f1676845e668a9f21cb751c06b?s=96&d=mm&r=g\",\"url\":\"https:\\\/\\\/secure.gravatar.com\\\/avatar\\\/897f3d57289c1f4c62cade1c2606ba6ded18d5f1676845e668a9f21cb751c06b?s=96&d=mm&r=g\",\"contentUrl\":\"https:\\\/\\\/secure.gravatar.com\\\/avatar\\\/897f3d57289c1f4c62cade1c2606ba6ded18d5f1676845e668a9f21cb751c06b?s=96&d=mm&r=g\",\"caption\":\"redaction2@contactfm72.fr\"},\"url\":\"https:\\\/\\\/contactfm72.fr\\\/?author=5\"}]}<\/script>\n<!-- \/ Yoast SEO plugin. -->","yoast_head_json":{"title":"La F\u00eate au Village \u00e0 Saint-Pierre-du-Lorou\u00ebr c'est samedi ! - Contact FM 99.3","description":"C'est la f\u00eate au village !\u00a0Le samedi 14 septembre, direction St Pierre du Lorou\u00ebr pour une f\u00eate conviviale m\u00ealant jeux de soci\u00e9t\u00e9, des jeux de piste et des activit\u00e9s physiques. Avec \u00e9galement un groupe de musique sarthois appel\u00e9 Celtic Road's.","robots":{"index":"index","follow":"follow","max-snippet":"max-snippet:-1","max-image-preview":"max-image-preview:large","max-video-preview":"max-video-preview:-1"},"canonical":"https:\/\/contactfm72.fr\/?p=17287","og_locale":"fr_FR","og_type":"article","og_title":"La F\u00eate au Village \u00e0 Saint-Pierre-du-Lorou\u00ebr c'est samedi ! - Contact FM 99.3","og_description":"C'est la f\u00eate au village !\u00a0Le samedi 14 septembre, direction St Pierre du Lorou\u00ebr pour une f\u00eate conviviale m\u00ealant jeux de soci\u00e9t\u00e9, des jeux de piste et des activit\u00e9s physiques. Avec \u00e9galement un groupe de musique sarthois appel\u00e9 Celtic Road's.","og_url":"https:\/\/contactfm72.fr\/?p=17287","og_site_name":"Contact FM 99.3","article_publisher":"https:\/\/www.facebook.com\/Contactfm.Chateauduloir","article_published_time":"2024-09-11T14:45:37+00:00","article_modified_time":"2024-09-12T05:18:12+00:00","og_image":[{"width":2016,"height":1512,"url":"http:\/\/contactfm72.fr\/wp-content\/uploads\/2024\/09\/Visuel-Contact-FM-66.png","type":"image\/png"}],"author":"redaction2@contactfm72.fr","twitter_card":"summary_large_image","twitter_creator":"@contactfm72","twitter_site":"@contactfm72","twitter_misc":{"\u00c9crit par":"redaction2@contactfm72.fr","Dur\u00e9e de lecture estim\u00e9e":"1 minute"},"schema":{"@context":"https:\/\/schema.org","@graph":[{"@type":"Article","@id":"https:\/\/contactfm72.fr\/?p=17287#article","isPartOf":{"@id":"https:\/\/contactfm72.fr\/?p=17287"},"author":{"name":"redaction2@contactfm72.fr","@id":"https:\/\/contactfm72.fr\/#\/schema\/person\/d2ef09cdea7331b185acaddc4d14dda8"},"headline":"La F\u00eate au Village \u00e0 Saint-Pierre-du-Lorou\u00ebr c&#8217;est samedi !","datePublished":"2024-09-11T14:45:37+00:00","dateModified":"2024-09-12T05:18:12+00:00","mainEntityOfPage":{"@id":"https:\/\/contactfm72.fr\/?p=17287"},"wordCount":114,"publisher":{"@id":"https:\/\/contactfm72.fr\/#organization"},"image":{"@id":"https:\/\/contactfm72.fr\/?p=17287#primaryimage"},"thumbnailUrl":"https:\/\/contactfm72.fr\/wp-content\/uploads\/2024\/09\/Visuel-Contact-FM-66.png","articleSection":["Contact FM 72","L'interview du jour"],"inLanguage":"fr-FR"},{"@type":"WebPage","@id":"https:\/\/contactfm72.fr\/?p=17287","url":"https:\/\/contactfm72.fr\/?p=17287","name":"La F\u00eate au Village \u00e0 Saint-Pierre-du-Lorou\u00ebr c'est samedi ! - Contact FM 99.3","isPartOf":{"@id":"https:\/\/contactfm72.fr\/#website"},"primaryImageOfPage":{"@id":"https:\/\/contactfm72.fr\/?p=17287#primaryimage"},"image":{"@id":"https:\/\/contactfm72.fr\/?p=17287#primaryimage"},"thumbnailUrl":"https:\/\/contactfm72.fr\/wp-content\/uploads\/2024\/09\/Visuel-Contact-FM-66.png","datePublished":"2024-09-11T14:45:37+00:00","dateModified":"2024-09-12T05:18:12+00:00","description":"C'est la f\u00eate au village !\u00a0Le samedi 14 septembre, direction St Pierre du Lorou\u00ebr pour une f\u00eate conviviale m\u00ealant jeux de soci\u00e9t\u00e9, des jeux de piste et des activit\u00e9s physiques. Avec \u00e9galement un groupe de musique sarthois appel\u00e9 Celtic Road's.","breadcrumb":{"@id":"https:\/\/contactfm72.fr\/?p=17287#breadcrumb"},"inLanguage":"fr-FR","potentialAction":[{"@type":"ReadAction","target":["https:\/\/contactfm72.fr\/?p=17287"]}]},{"@type":"ImageObject","inLanguage":"fr-FR","@id":"https:\/\/contactfm72.fr\/?p=17287#primaryimage","url":"https:\/\/contactfm72.fr\/wp-content\/uploads\/2024\/09\/Visuel-Contact-FM-66.png","contentUrl":"https:\/\/contactfm72.fr\/wp-content\/uploads\/2024\/09\/Visuel-Contact-FM-66.png","width":2016,"height":1512},{"@type":"BreadcrumbList","@id":"https:\/\/contactfm72.fr\/?p=17287#breadcrumb","itemListElement":[{"@type":"ListItem","position":1,"name":"Accueil","item":"https:\/\/contactfm72.fr\/"},{"@type":"ListItem","position":2,"name":"La F\u00eate au Village \u00e0 Saint-Pierre-du-Lorou\u00ebr c&#8217;est samedi !"}]},{"@type":"WebSite","@id":"https:\/\/contactfm72.fr\/#website","url":"https:\/\/contactfm72.fr\/","name":"Contact FM 99.3","description":"Votre radio en vall\u00e9e du Loir","publisher":{"@id":"https:\/\/contactfm72.fr\/#organization"},"potentialAction":[{"@type":"SearchAction","target":{"@type":"EntryPoint","urlTemplate":"https:\/\/contactfm72.fr\/?s={search_term_string}"},"query-input":{"@type":"PropertyValueSpecification","valueRequired":true,"valueName":"search_term_string"}}],"inLanguage":"fr-FR"},{"@type":"Organization","@id":"https:\/\/contactfm72.fr\/#organization","name":"Contact FM 99.3","url":"https:\/\/contactfm72.fr\/","logo":{"@type":"ImageObject","inLanguage":"fr-FR","@id":"https:\/\/contactfm72.fr\/#\/schema\/logo\/image\/","url":"https:\/\/contactfm72.fr\/wp-content\/uploads\/2025\/04\/2025-04-18-2.jpg","contentUrl":"https:\/\/contactfm72.fr\/wp-content\/uploads\/2025\/04\/2025-04-18-2.jpg","width":680,"height":307,"caption":"Contact FM 99.3"},"image":{"@id":"https:\/\/contactfm72.fr\/#\/schema\/logo\/image\/"},"sameAs":["https:\/\/www.facebook.com\/Contactfm.Chateauduloir","https:\/\/x.com\/contactfm72","https:\/\/www.instagram.com\/contact.fm.72?igsh=cGhlMHQ5N2JlNnpp","https:\/\/www.tiktok.com\/@contact.fm"]},{"@type":"Person","@id":"https:\/\/contactfm72.fr\/#\/schema\/person\/d2ef09cdea7331b185acaddc4d14dda8","name":"redaction2@contactfm72.fr","image":{"@type":"ImageObject","inLanguage":"fr-FR","@id":"https:\/\/secure.gravatar.com\/avatar\/897f3d57289c1f4c62cade1c2606ba6ded18d5f1676845e668a9f21cb751c06b?s=96&d=mm&r=g","url":"https:\/\/secure.gravatar.com\/avatar\/897f3d57289c1f4c62cade1c2606ba6ded18d5f1676845e668a9f21cb751c06b?s=96&d=mm&r=g","contentUrl":"https:\/\/secure.gravatar.com\/avatar\/897f3d57289c1f4c62cade1c2606ba6ded18d5f1676845e668a9f21cb751c06b?s=96&d=mm&r=g","caption":"redaction2@contactfm72.fr"},"url":"https:\/\/contactfm72.fr\/?author=5"}]}},"_links":{"self":[{"href":"https:\/\/contactfm72.fr\/index.php?rest_route=\/wp\/v2\/posts\/17287","targetHints":{"allow":["GET"]}}],"collection":[{"href":"https:\/\/contactfm72.fr\/index.php?rest_route=\/wp\/v2\/posts"}],"about":[{"href":"https:\/\/contactfm72.fr\/index.php?rest_route=\/wp\/v2\/types\/post"}],"author":[{"embeddable":true,"href":"https:\/\/contactfm72.fr\/index.php?rest_route=\/wp\/v2\/users\/5"}],"replies":[{"embeddable":true,"href":"https:\/\/contactfm72.fr\/index.php?rest_route=%2Fwp%2Fv2%2Fcomments&post=17287"}],"version-history":[{"count":3,"href":"https:\/\/contactfm72.fr\/index.php?rest_route=\/wp\/v2\/posts\/17287\/revisions"}],"predecessor-version":[{"id":17293,"href":"https:\/\/contactfm72.fr\/index.php?rest_route=\/wp\/v2\/posts\/17287\/revisions\/17293"}],"wp:featuredmedia":[{"embeddable":true,"href":"https:\/\/contactfm72.fr\/index.php?rest_route=\/wp\/v2\/media\/17289"}],"wp:attachment":[{"href":"https:\/\/contactfm72.fr\/index.php?rest_route=%2Fwp%2Fv2%2Fmedia&parent=17287"}],"wp:term":[{"taxonomy":"category","embeddable":true,"href":"https:\/\/contactfm72.fr\/index.php?rest_route=%2Fwp%2Fv2%2Fcategories&post=17287"},{"taxonomy":"post_tag","embeddable":true,"href":"https:\/\/contactfm72.fr\/index.php?rest_route=%2Fwp%2Fv2%2Ftags&post=17287"}],"curies":[{"name":"wp","href":"https:\/\/api.w.org\/{rel}","templated":true}]}}