{"id":17183,"date":"2024-08-29T11:15:58","date_gmt":"2024-08-29T09:15:58","guid":{"rendered":"https:\/\/contactfm72.fr\/?p=17183"},"modified":"2024-08-29T12:31:22","modified_gmt":"2024-08-29T10:31:22","slug":"le-festival-des-troubles-ville-edition-2024","status":"publish","type":"post","link":"https:\/\/contactfm72.fr\/?p=17183","title":{"rendered":"Le Festival des Troubles Ville Edition 2024"},"content":{"rendered":"<p>Le festival qui met en avant les arts de la rue et de la musique revient pour une 15\u00e8me \u00e9dition !<\/p>\n<p>Direction Connerr\u00e9, ville situ\u00e9 entre Le Mans et La Fert\u00e9-Bernard o\u00f9 se pr\u00e9pare le festival tant connu appel\u00e9 les Troubles Ville. Au programme : concerts, spectacles, acrobaties, moments conviviales et de partage. Le programme est charg\u00e9 et diversifi\u00e9 pour l&#8217;\u00e9dition 2024. Sylvie Charpentier, pr\u00e9sidente de la MJC Festival nous pr\u00e9sente les nouveaut\u00e9s et ce qu&#8217;il va se passer le vendredi 30 ao\u00fbt et le samedi 31 ao\u00fbt 2024.<\/p>\n<p>Destination Vacances est \u00e0 \u00e9couter ce jeudi 29 ao\u00fbt \u00e0 12h30, 15h30, 18h30, puis le samedi 31 ao\u00fbt \u00e0 10h.<\/p>\n<p>&nbsp;<\/p>\n<p>&nbsp;<\/p>\n<p>&nbsp;<\/p>\n<!-- AddThis Advanced Settings generic via filter on the_content --><!-- AddThis Share Buttons generic via filter on the_content -->","protected":false},"excerpt":{"rendered":"<p>Le festival qui met en avant les arts de la rue et de la musique revient pour une 15\u00e8me \u00e9dition ! Direction Connerr\u00e9, ville situ\u00e9 entre Le Mans et La Fert\u00e9-Bernard o\u00f9 se pr\u00e9pare le festival tant connu appel\u00e9 les Troubles Ville. Au programme : concerts, spectacles, acrobaties, moments conviviales et de partage. Le programme&hellip;<!-- AddThis Advanced Settings generic via filter on get_the_excerpt --><!-- AddThis Share Buttons generic via filter on get_the_excerpt --><\/p>\n","protected":false},"author":5,"featured_media":17184,"comment_status":"closed","ping_status":"open","sticky":false,"template":"","format":"standard","meta":{"footnotes":""},"categories":[1,79],"tags":[],"class_list":["post-17183","post","type-post","status-publish","format-standard","has-post-thumbnail","hentry","category-contact-fm-72","category-destination-vacances","category-1","category-79","description-off"],"yoast_head":"<!-- This site is optimized with the Yoast SEO plugin v27.4 - https:\/\/yoast.com\/product\/yoast-seo-wordpress\/ -->\n<title>Le Festival des Troubles Ville Edition 2024 - Contact FM 99.3<\/title>\n<meta name=\"description\" content=\"Le festival qui pr\u00f4ne les arts de la rue et de la musique revient pour une 15\u00e8me \u00e9dition !\u00a0Direction Connerr\u00e9, ville situ\u00e9 entre Le Mans et La Fert\u00e9-Bernard pr\u00e9pare son festival tant connu appel\u00e9 les Troubles Ville, au programme : concerts, spectacles, acrobaties, moments conviviales et de partage. Le programme est charg\u00e9 et diversifi\u00e9 pour l&#039;\u00e9dition 2024\" \/>\n<meta name=\"robots\" content=\"index, follow, max-snippet:-1, max-image-preview:large, max-video-preview:-1\" \/>\n<link rel=\"canonical\" href=\"https:\/\/contactfm72.fr\/?p=17183\" \/>\n<meta property=\"og:locale\" content=\"fr_FR\" \/>\n<meta property=\"og:type\" content=\"article\" \/>\n<meta property=\"og:title\" content=\"Le Festival des Troubles Ville Edition 2024 - Contact FM 99.3\" \/>\n<meta property=\"og:description\" content=\"Le festival qui pr\u00f4ne les arts de la rue et de la musique revient pour une 15\u00e8me \u00e9dition !\u00a0Direction Connerr\u00e9, ville situ\u00e9 entre Le Mans et La Fert\u00e9-Bernard pr\u00e9pare son festival tant connu appel\u00e9 les Troubles Ville, au programme : concerts, spectacles, acrobaties, moments conviviales et de partage. Le programme est charg\u00e9 et diversifi\u00e9 pour l&#039;\u00e9dition 2024\" \/>\n<meta property=\"og:url\" content=\"https:\/\/contactfm72.fr\/?p=17183\" \/>\n<meta property=\"og:site_name\" content=\"Contact FM 99.3\" \/>\n<meta property=\"article:publisher\" content=\"https:\/\/www.facebook.com\/Contactfm.Chateauduloir\" \/>\n<meta property=\"article:published_time\" content=\"2024-08-29T09:15:58+00:00\" \/>\n<meta property=\"article:modified_time\" content=\"2024-08-29T10:31:22+00:00\" \/>\n<meta property=\"og:image\" content=\"http:\/\/contactfm72.fr\/wp-content\/uploads\/2024\/08\/Visuel-Contact-FM-62.png\" \/>\n\t<meta property=\"og:image:width\" content=\"2016\" \/>\n\t<meta property=\"og:image:height\" content=\"1512\" \/>\n\t<meta property=\"og:image:type\" content=\"image\/png\" \/>\n<meta name=\"author\" content=\"redaction2@contactfm72.fr\" \/>\n<meta name=\"twitter:card\" content=\"summary_large_image\" \/>\n<meta name=\"twitter:creator\" content=\"@contactfm72\" \/>\n<meta name=\"twitter:site\" content=\"@contactfm72\" \/>\n<meta name=\"twitter:label1\" content=\"\u00c9crit par\" \/>\n\t<meta name=\"twitter:data1\" content=\"redaction2@contactfm72.fr\" \/>\n\t<meta name=\"twitter:label2\" content=\"Dur\u00e9e de lecture estim\u00e9e\" \/>\n\t<meta name=\"twitter:data2\" content=\"1 minute\" \/>\n<script type=\"application\/ld+json\" class=\"yoast-schema-graph\">{\"@context\":\"https:\\\/\\\/schema.org\",\"@graph\":[{\"@type\":\"Article\",\"@id\":\"https:\\\/\\\/contactfm72.fr\\\/?p=17183#article\",\"isPartOf\":{\"@id\":\"https:\\\/\\\/contactfm72.fr\\\/?p=17183\"},\"author\":{\"name\":\"redaction2@contactfm72.fr\",\"@id\":\"https:\\\/\\\/contactfm72.fr\\\/#\\\/schema\\\/person\\\/d2ef09cdea7331b185acaddc4d14dda8\"},\"headline\":\"Le Festival des Troubles Ville Edition 2024\",\"datePublished\":\"2024-08-29T09:15:58+00:00\",\"dateModified\":\"2024-08-29T10:31:22+00:00\",\"mainEntityOfPage\":{\"@id\":\"https:\\\/\\\/contactfm72.fr\\\/?p=17183\"},\"wordCount\":118,\"publisher\":{\"@id\":\"https:\\\/\\\/contactfm72.fr\\\/#organization\"},\"image\":{\"@id\":\"https:\\\/\\\/contactfm72.fr\\\/?p=17183#primaryimage\"},\"thumbnailUrl\":\"https:\\\/\\\/contactfm72.fr\\\/wp-content\\\/uploads\\\/2024\\\/08\\\/Visuel-Contact-FM-62.png\",\"articleSection\":[\"Contact FM 72\",\"Destination vacances\"],\"inLanguage\":\"fr-FR\"},{\"@type\":\"WebPage\",\"@id\":\"https:\\\/\\\/contactfm72.fr\\\/?p=17183\",\"url\":\"https:\\\/\\\/contactfm72.fr\\\/?p=17183\",\"name\":\"Le Festival des Troubles Ville Edition 2024 - Contact FM 99.3\",\"isPartOf\":{\"@id\":\"https:\\\/\\\/contactfm72.fr\\\/#website\"},\"primaryImageOfPage\":{\"@id\":\"https:\\\/\\\/contactfm72.fr\\\/?p=17183#primaryimage\"},\"image\":{\"@id\":\"https:\\\/\\\/contactfm72.fr\\\/?p=17183#primaryimage\"},\"thumbnailUrl\":\"https:\\\/\\\/contactfm72.fr\\\/wp-content\\\/uploads\\\/2024\\\/08\\\/Visuel-Contact-FM-62.png\",\"datePublished\":\"2024-08-29T09:15:58+00:00\",\"dateModified\":\"2024-08-29T10:31:22+00:00\",\"description\":\"Le festival qui pr\u00f4ne les arts de la rue et de la musique revient pour une 15\u00e8me \u00e9dition !\u00a0Direction Connerr\u00e9, ville situ\u00e9 entre Le Mans et La Fert\u00e9-Bernard pr\u00e9pare son festival tant connu appel\u00e9 les Troubles Ville, au programme : concerts, spectacles, acrobaties, moments conviviales et de partage. Le programme est charg\u00e9 et diversifi\u00e9 pour l'\u00e9dition 2024\",\"breadcrumb\":{\"@id\":\"https:\\\/\\\/contactfm72.fr\\\/?p=17183#breadcrumb\"},\"inLanguage\":\"fr-FR\",\"potentialAction\":[{\"@type\":\"ReadAction\",\"target\":[\"https:\\\/\\\/contactfm72.fr\\\/?p=17183\"]}]},{\"@type\":\"ImageObject\",\"inLanguage\":\"fr-FR\",\"@id\":\"https:\\\/\\\/contactfm72.fr\\\/?p=17183#primaryimage\",\"url\":\"https:\\\/\\\/contactfm72.fr\\\/wp-content\\\/uploads\\\/2024\\\/08\\\/Visuel-Contact-FM-62.png\",\"contentUrl\":\"https:\\\/\\\/contactfm72.fr\\\/wp-content\\\/uploads\\\/2024\\\/08\\\/Visuel-Contact-FM-62.png\",\"width\":2016,\"height\":1512},{\"@type\":\"BreadcrumbList\",\"@id\":\"https:\\\/\\\/contactfm72.fr\\\/?p=17183#breadcrumb\",\"itemListElement\":[{\"@type\":\"ListItem\",\"position\":1,\"name\":\"Accueil\",\"item\":\"https:\\\/\\\/contactfm72.fr\\\/\"},{\"@type\":\"ListItem\",\"position\":2,\"name\":\"Le Festival des Troubles Ville Edition 2024\"}]},{\"@type\":\"WebSite\",\"@id\":\"https:\\\/\\\/contactfm72.fr\\\/#website\",\"url\":\"https:\\\/\\\/contactfm72.fr\\\/\",\"name\":\"Contact FM 99.3\",\"description\":\"Votre radio en vall\u00e9e du Loir\",\"publisher\":{\"@id\":\"https:\\\/\\\/contactfm72.fr\\\/#organization\"},\"potentialAction\":[{\"@type\":\"SearchAction\",\"target\":{\"@type\":\"EntryPoint\",\"urlTemplate\":\"https:\\\/\\\/contactfm72.fr\\\/?s={search_term_string}\"},\"query-input\":{\"@type\":\"PropertyValueSpecification\",\"valueRequired\":true,\"valueName\":\"search_term_string\"}}],\"inLanguage\":\"fr-FR\"},{\"@type\":\"Organization\",\"@id\":\"https:\\\/\\\/contactfm72.fr\\\/#organization\",\"name\":\"Contact FM 99.3\",\"url\":\"https:\\\/\\\/contactfm72.fr\\\/\",\"logo\":{\"@type\":\"ImageObject\",\"inLanguage\":\"fr-FR\",\"@id\":\"https:\\\/\\\/contactfm72.fr\\\/#\\\/schema\\\/logo\\\/image\\\/\",\"url\":\"https:\\\/\\\/contactfm72.fr\\\/wp-content\\\/uploads\\\/2025\\\/04\\\/2025-04-18-2.jpg\",\"contentUrl\":\"https:\\\/\\\/contactfm72.fr\\\/wp-content\\\/uploads\\\/2025\\\/04\\\/2025-04-18-2.jpg\",\"width\":680,\"height\":307,\"caption\":\"Contact FM 99.3\"},\"image\":{\"@id\":\"https:\\\/\\\/contactfm72.fr\\\/#\\\/schema\\\/logo\\\/image\\\/\"},\"sameAs\":[\"https:\\\/\\\/www.facebook.com\\\/Contactfm.Chateauduloir\",\"https:\\\/\\\/x.com\\\/contactfm72\",\"https:\\\/\\\/www.instagram.com\\\/contact.fm.72?igsh=cGhlMHQ5N2JlNnpp\",\"https:\\\/\\\/www.tiktok.com\\\/@contact.fm\"]},{\"@type\":\"Person\",\"@id\":\"https:\\\/\\\/contactfm72.fr\\\/#\\\/schema\\\/person\\\/d2ef09cdea7331b185acaddc4d14dda8\",\"name\":\"redaction2@contactfm72.fr\",\"image\":{\"@type\":\"ImageObject\",\"inLanguage\":\"fr-FR\",\"@id\":\"https:\\\/\\\/secure.gravatar.com\\\/avatar\\\/897f3d57289c1f4c62cade1c2606ba6ded18d5f1676845e668a9f21cb751c06b?s=96&d=mm&r=g\",\"url\":\"https:\\\/\\\/secure.gravatar.com\\\/avatar\\\/897f3d57289c1f4c62cade1c2606ba6ded18d5f1676845e668a9f21cb751c06b?s=96&d=mm&r=g\",\"contentUrl\":\"https:\\\/\\\/secure.gravatar.com\\\/avatar\\\/897f3d57289c1f4c62cade1c2606ba6ded18d5f1676845e668a9f21cb751c06b?s=96&d=mm&r=g\",\"caption\":\"redaction2@contactfm72.fr\"},\"url\":\"https:\\\/\\\/contactfm72.fr\\\/?author=5\"}]}<\/script>\n<!-- \/ Yoast SEO plugin. -->","yoast_head_json":{"title":"Le Festival des Troubles Ville Edition 2024 - Contact FM 99.3","description":"Le festival qui pr\u00f4ne les arts de la rue et de la musique revient pour une 15\u00e8me \u00e9dition !\u00a0Direction Connerr\u00e9, ville situ\u00e9 entre Le Mans et La Fert\u00e9-Bernard pr\u00e9pare son festival tant connu appel\u00e9 les Troubles Ville, au programme : concerts, spectacles, acrobaties, moments conviviales et de partage. Le programme est charg\u00e9 et diversifi\u00e9 pour l'\u00e9dition 2024","robots":{"index":"index","follow":"follow","max-snippet":"max-snippet:-1","max-image-preview":"max-image-preview:large","max-video-preview":"max-video-preview:-1"},"canonical":"https:\/\/contactfm72.fr\/?p=17183","og_locale":"fr_FR","og_type":"article","og_title":"Le Festival des Troubles Ville Edition 2024 - Contact FM 99.3","og_description":"Le festival qui pr\u00f4ne les arts de la rue et de la musique revient pour une 15\u00e8me \u00e9dition !\u00a0Direction Connerr\u00e9, ville situ\u00e9 entre Le Mans et La Fert\u00e9-Bernard pr\u00e9pare son festival tant connu appel\u00e9 les Troubles Ville, au programme : concerts, spectacles, acrobaties, moments conviviales et de partage. Le programme est charg\u00e9 et diversifi\u00e9 pour l'\u00e9dition 2024","og_url":"https:\/\/contactfm72.fr\/?p=17183","og_site_name":"Contact FM 99.3","article_publisher":"https:\/\/www.facebook.com\/Contactfm.Chateauduloir","article_published_time":"2024-08-29T09:15:58+00:00","article_modified_time":"2024-08-29T10:31:22+00:00","og_image":[{"width":2016,"height":1512,"url":"http:\/\/contactfm72.fr\/wp-content\/uploads\/2024\/08\/Visuel-Contact-FM-62.png","type":"image\/png"}],"author":"redaction2@contactfm72.fr","twitter_card":"summary_large_image","twitter_creator":"@contactfm72","twitter_site":"@contactfm72","twitter_misc":{"\u00c9crit par":"redaction2@contactfm72.fr","Dur\u00e9e de lecture estim\u00e9e":"1 minute"},"schema":{"@context":"https:\/\/schema.org","@graph":[{"@type":"Article","@id":"https:\/\/contactfm72.fr\/?p=17183#article","isPartOf":{"@id":"https:\/\/contactfm72.fr\/?p=17183"},"author":{"name":"redaction2@contactfm72.fr","@id":"https:\/\/contactfm72.fr\/#\/schema\/person\/d2ef09cdea7331b185acaddc4d14dda8"},"headline":"Le Festival des Troubles Ville Edition 2024","datePublished":"2024-08-29T09:15:58+00:00","dateModified":"2024-08-29T10:31:22+00:00","mainEntityOfPage":{"@id":"https:\/\/contactfm72.fr\/?p=17183"},"wordCount":118,"publisher":{"@id":"https:\/\/contactfm72.fr\/#organization"},"image":{"@id":"https:\/\/contactfm72.fr\/?p=17183#primaryimage"},"thumbnailUrl":"https:\/\/contactfm72.fr\/wp-content\/uploads\/2024\/08\/Visuel-Contact-FM-62.png","articleSection":["Contact FM 72","Destination vacances"],"inLanguage":"fr-FR"},{"@type":"WebPage","@id":"https:\/\/contactfm72.fr\/?p=17183","url":"https:\/\/contactfm72.fr\/?p=17183","name":"Le Festival des Troubles Ville Edition 2024 - Contact FM 99.3","isPartOf":{"@id":"https:\/\/contactfm72.fr\/#website"},"primaryImageOfPage":{"@id":"https:\/\/contactfm72.fr\/?p=17183#primaryimage"},"image":{"@id":"https:\/\/contactfm72.fr\/?p=17183#primaryimage"},"thumbnailUrl":"https:\/\/contactfm72.fr\/wp-content\/uploads\/2024\/08\/Visuel-Contact-FM-62.png","datePublished":"2024-08-29T09:15:58+00:00","dateModified":"2024-08-29T10:31:22+00:00","description":"Le festival qui pr\u00f4ne les arts de la rue et de la musique revient pour une 15\u00e8me \u00e9dition !\u00a0Direction Connerr\u00e9, ville situ\u00e9 entre Le Mans et La Fert\u00e9-Bernard pr\u00e9pare son festival tant connu appel\u00e9 les Troubles Ville, au programme : concerts, spectacles, acrobaties, moments conviviales et de partage. Le programme est charg\u00e9 et diversifi\u00e9 pour l'\u00e9dition 2024","breadcrumb":{"@id":"https:\/\/contactfm72.fr\/?p=17183#breadcrumb"},"inLanguage":"fr-FR","potentialAction":[{"@type":"ReadAction","target":["https:\/\/contactfm72.fr\/?p=17183"]}]},{"@type":"ImageObject","inLanguage":"fr-FR","@id":"https:\/\/contactfm72.fr\/?p=17183#primaryimage","url":"https:\/\/contactfm72.fr\/wp-content\/uploads\/2024\/08\/Visuel-Contact-FM-62.png","contentUrl":"https:\/\/contactfm72.fr\/wp-content\/uploads\/2024\/08\/Visuel-Contact-FM-62.png","width":2016,"height":1512},{"@type":"BreadcrumbList","@id":"https:\/\/contactfm72.fr\/?p=17183#breadcrumb","itemListElement":[{"@type":"ListItem","position":1,"name":"Accueil","item":"https:\/\/contactfm72.fr\/"},{"@type":"ListItem","position":2,"name":"Le Festival des Troubles Ville Edition 2024"}]},{"@type":"WebSite","@id":"https:\/\/contactfm72.fr\/#website","url":"https:\/\/contactfm72.fr\/","name":"Contact FM 99.3","description":"Votre radio en vall\u00e9e du Loir","publisher":{"@id":"https:\/\/contactfm72.fr\/#organization"},"potentialAction":[{"@type":"SearchAction","target":{"@type":"EntryPoint","urlTemplate":"https:\/\/contactfm72.fr\/?s={search_term_string}"},"query-input":{"@type":"PropertyValueSpecification","valueRequired":true,"valueName":"search_term_string"}}],"inLanguage":"fr-FR"},{"@type":"Organization","@id":"https:\/\/contactfm72.fr\/#organization","name":"Contact FM 99.3","url":"https:\/\/contactfm72.fr\/","logo":{"@type":"ImageObject","inLanguage":"fr-FR","@id":"https:\/\/contactfm72.fr\/#\/schema\/logo\/image\/","url":"https:\/\/contactfm72.fr\/wp-content\/uploads\/2025\/04\/2025-04-18-2.jpg","contentUrl":"https:\/\/contactfm72.fr\/wp-content\/uploads\/2025\/04\/2025-04-18-2.jpg","width":680,"height":307,"caption":"Contact FM 99.3"},"image":{"@id":"https:\/\/contactfm72.fr\/#\/schema\/logo\/image\/"},"sameAs":["https:\/\/www.facebook.com\/Contactfm.Chateauduloir","https:\/\/x.com\/contactfm72","https:\/\/www.instagram.com\/contact.fm.72?igsh=cGhlMHQ5N2JlNnpp","https:\/\/www.tiktok.com\/@contact.fm"]},{"@type":"Person","@id":"https:\/\/contactfm72.fr\/#\/schema\/person\/d2ef09cdea7331b185acaddc4d14dda8","name":"redaction2@contactfm72.fr","image":{"@type":"ImageObject","inLanguage":"fr-FR","@id":"https:\/\/secure.gravatar.com\/avatar\/897f3d57289c1f4c62cade1c2606ba6ded18d5f1676845e668a9f21cb751c06b?s=96&d=mm&r=g","url":"https:\/\/secure.gravatar.com\/avatar\/897f3d57289c1f4c62cade1c2606ba6ded18d5f1676845e668a9f21cb751c06b?s=96&d=mm&r=g","contentUrl":"https:\/\/secure.gravatar.com\/avatar\/897f3d57289c1f4c62cade1c2606ba6ded18d5f1676845e668a9f21cb751c06b?s=96&d=mm&r=g","caption":"redaction2@contactfm72.fr"},"url":"https:\/\/contactfm72.fr\/?author=5"}]}},"_links":{"self":[{"href":"https:\/\/contactfm72.fr\/index.php?rest_route=\/wp\/v2\/posts\/17183","targetHints":{"allow":["GET"]}}],"collection":[{"href":"https:\/\/contactfm72.fr\/index.php?rest_route=\/wp\/v2\/posts"}],"about":[{"href":"https:\/\/contactfm72.fr\/index.php?rest_route=\/wp\/v2\/types\/post"}],"author":[{"embeddable":true,"href":"https:\/\/contactfm72.fr\/index.php?rest_route=\/wp\/v2\/users\/5"}],"replies":[{"embeddable":true,"href":"https:\/\/contactfm72.fr\/index.php?rest_route=%2Fwp%2Fv2%2Fcomments&post=17183"}],"version-history":[{"count":5,"href":"https:\/\/contactfm72.fr\/index.php?rest_route=\/wp\/v2\/posts\/17183\/revisions"}],"predecessor-version":[{"id":17189,"href":"https:\/\/contactfm72.fr\/index.php?rest_route=\/wp\/v2\/posts\/17183\/revisions\/17189"}],"wp:featuredmedia":[{"embeddable":true,"href":"https:\/\/contactfm72.fr\/index.php?rest_route=\/wp\/v2\/media\/17184"}],"wp:attachment":[{"href":"https:\/\/contactfm72.fr\/index.php?rest_route=%2Fwp%2Fv2%2Fmedia&parent=17183"}],"wp:term":[{"taxonomy":"category","embeddable":true,"href":"https:\/\/contactfm72.fr\/index.php?rest_route=%2Fwp%2Fv2%2Fcategories&post=17183"},{"taxonomy":"post_tag","embeddable":true,"href":"https:\/\/contactfm72.fr\/index.php?rest_route=%2Fwp%2Fv2%2Ftags&post=17183"}],"curies":[{"name":"wp","href":"https:\/\/api.w.org\/{rel}","templated":true}]}}