{"id":17136,"date":"2024-08-22T10:39:15","date_gmt":"2024-08-22T08:39:15","guid":{"rendered":"https:\/\/contactfm72.fr\/?p=17136"},"modified":"2024-08-22T12:37:42","modified_gmt":"2024-08-22T10:37:42","slug":"le-musee-de-la-coiffe-a-fresney-sur-sarthe-a-demenage-et-se-modernise","status":"publish","type":"post","link":"https:\/\/contactfm72.fr\/?p=17136","title":{"rendered":"Le mus\u00e9e de la coiffe \u00e0 Fresney-sur-Sarthe a d\u00e9m\u00e9nag\u00e9 et se modernise"},"content":{"rendered":"<p><span class=\"x193iq5w xeuugli x13faqbe x1vvkbs x1xmvt09 x1lliihq x1s928wv xhkezso x1gmr53x x1cpjm7i x1fgarty x1943h6x xudqn12 x3x7a5m x6prxxf xvq8zen xo1l8bm xzsf02u\" dir=\"auto\">Le mus\u00e9e de la coiffe \u00e0 Fresnay-sur-Sarthe vient de d\u00e9m\u00e9nager au sein de la Maison Hatton, demeure bourgeoise bien connue dans le village, et s&#8217;est refait une beaut\u00e9. Venez d\u00e9couvrir pr\u00e8s de 300 coiffes, centenaires pour les plus anciennes, qui sont de v\u00e9ritables petites \u0153uvres d\u2019art par la beaut\u00e9 et la finesse des broderies faites \u00e0 la main.<\/span><\/p>\n<p>Visite guid\u00e9e de ce lieu patrimonial par Fabienne Labrette-M\u00e9nager, maire de Fresnay-sur-Sarthe, dans &#8220;Destination vacances&#8221; jeudi 22 ao\u00fbt \u00e0 12h30, 15h30 et 18h30, samedi 24 \u00e0 10h et dimanche 25 \u00e0 13h.<\/p>\n<p>&nbsp;<\/p>\n<div id=\"audioigniter-527\" class=\"audioigniter-root \" data-player-type=\"full\" data-tracks-url=\"https:\/\/contactfm72.fr\/?audioigniter_playlist_id=527\" data-display-track-no=\"false\" data-reverse-track-order=\"false\" data-display-tracklist-covers=\"false\" data-display-active-cover=\"false\" data-display-artist-names=\"false\" data-display-buy-buttons=\"true\" data-buy-buttons-target=\"false\" data-cycle-tracks=\"false\" data-display-credits=\"false\" data-display-tracklist=\"true\" data-allow-tracklist-toggle=\"false\" data-allow-tracklist-loop=\"true\" data-limit-tracklist-height=\"true\" data-volume=\"100\" data-tracklist-height=\"185\" data-allow-track-loop=\"false\" ><\/div>\n<!-- AddThis Advanced Settings generic via filter on the_content --><!-- AddThis Share Buttons generic via filter on the_content -->","protected":false},"excerpt":{"rendered":"<p>Le mus\u00e9e de la coiffe \u00e0 Fresnay-sur-Sarthe vient de d\u00e9m\u00e9nager au sein de la Maison Hatton, demeure bourgeoise bien connue dans le village, et s&#8217;est refait une beaut\u00e9. Venez d\u00e9couvrir pr\u00e8s de 300 coiffes, centenaires pour les plus anciennes, qui sont de v\u00e9ritables petites \u0153uvres d\u2019art par la beaut\u00e9 et la finesse des broderies faites&hellip;<!-- AddThis Advanced Settings generic via filter on get_the_excerpt --><!-- AddThis Share Buttons generic via filter on get_the_excerpt --><\/p>\n","protected":false},"author":4,"featured_media":17137,"comment_status":"closed","ping_status":"open","sticky":false,"template":"","format":"standard","meta":{"footnotes":""},"categories":[1,79],"tags":[],"class_list":["post-17136","post","type-post","status-publish","format-standard","has-post-thumbnail","hentry","category-contact-fm-72","category-destination-vacances","category-1","category-79","description-off"],"yoast_head":"<!-- This site is optimized with the Yoast SEO plugin v27.4 - https:\/\/yoast.com\/product\/yoast-seo-wordpress\/ -->\n<title>Le mus\u00e9e de la coiffe \u00e0 Fresney-sur-Sarthe a d\u00e9m\u00e9nag\u00e9 et se modernise - Contact FM 99.3<\/title>\n<meta name=\"robots\" content=\"index, follow, max-snippet:-1, max-image-preview:large, max-video-preview:-1\" \/>\n<link rel=\"canonical\" href=\"https:\/\/contactfm72.fr\/?p=17136\" \/>\n<meta property=\"og:locale\" content=\"fr_FR\" \/>\n<meta property=\"og:type\" content=\"article\" \/>\n<meta property=\"og:title\" content=\"Le mus\u00e9e de la coiffe \u00e0 Fresney-sur-Sarthe a d\u00e9m\u00e9nag\u00e9 et se modernise - Contact FM 99.3\" \/>\n<meta property=\"og:description\" content=\"Le mus\u00e9e de la coiffe \u00e0 Fresnay-sur-Sarthe vient de d\u00e9m\u00e9nager au sein de la Maison Hatton, demeure bourgeoise bien connue dans le village, et s&#8217;est refait une beaut\u00e9. Venez d\u00e9couvrir pr\u00e8s de 300 coiffes, centenaires pour les plus anciennes, qui sont de v\u00e9ritables petites \u0153uvres d\u2019art par la beaut\u00e9 et la finesse des broderies faites&hellip;\" \/>\n<meta property=\"og:url\" content=\"https:\/\/contactfm72.fr\/?p=17136\" \/>\n<meta property=\"og:site_name\" content=\"Contact FM 99.3\" \/>\n<meta property=\"article:publisher\" content=\"https:\/\/www.facebook.com\/Contactfm.Chateauduloir\" \/>\n<meta property=\"article:published_time\" content=\"2024-08-22T08:39:15+00:00\" \/>\n<meta property=\"article:modified_time\" content=\"2024-08-22T10:37:42+00:00\" \/>\n<meta property=\"og:image\" content=\"http:\/\/contactfm72.fr\/wp-content\/uploads\/2024\/08\/442471280_964665998784420_5115676955229657244_n.jpg\" \/>\n\t<meta property=\"og:image:width\" content=\"2048\" \/>\n\t<meta property=\"og:image:height\" content=\"1365\" \/>\n\t<meta property=\"og:image:type\" content=\"image\/jpeg\" \/>\n<meta name=\"author\" content=\"Val\u00e9rie C.\" \/>\n<meta name=\"twitter:card\" content=\"summary_large_image\" \/>\n<meta name=\"twitter:creator\" content=\"@contactfm72\" \/>\n<meta name=\"twitter:site\" content=\"@contactfm72\" \/>\n<meta name=\"twitter:label1\" content=\"\u00c9crit par\" \/>\n\t<meta name=\"twitter:data1\" content=\"Val\u00e9rie C.\" \/>\n\t<meta name=\"twitter:label2\" content=\"Dur\u00e9e de lecture estim\u00e9e\" \/>\n\t<meta name=\"twitter:data2\" content=\"1 minute\" \/>\n<script type=\"application\/ld+json\" class=\"yoast-schema-graph\">{\"@context\":\"https:\\\/\\\/schema.org\",\"@graph\":[{\"@type\":\"Article\",\"@id\":\"https:\\\/\\\/contactfm72.fr\\\/?p=17136#article\",\"isPartOf\":{\"@id\":\"https:\\\/\\\/contactfm72.fr\\\/?p=17136\"},\"author\":{\"name\":\"Val\u00e9rie C.\",\"@id\":\"https:\\\/\\\/contactfm72.fr\\\/#\\\/schema\\\/person\\\/9fdc9d1c2eb029354a4f1535b90ba82d\"},\"headline\":\"Le mus\u00e9e de la coiffe \u00e0 Fresney-sur-Sarthe a d\u00e9m\u00e9nag\u00e9 et se modernise\",\"datePublished\":\"2024-08-22T08:39:15+00:00\",\"dateModified\":\"2024-08-22T10:37:42+00:00\",\"mainEntityOfPage\":{\"@id\":\"https:\\\/\\\/contactfm72.fr\\\/?p=17136\"},\"wordCount\":110,\"publisher\":{\"@id\":\"https:\\\/\\\/contactfm72.fr\\\/#organization\"},\"image\":{\"@id\":\"https:\\\/\\\/contactfm72.fr\\\/?p=17136#primaryimage\"},\"thumbnailUrl\":\"https:\\\/\\\/contactfm72.fr\\\/wp-content\\\/uploads\\\/2024\\\/08\\\/442471280_964665998784420_5115676955229657244_n.jpg\",\"articleSection\":[\"Contact FM 72\",\"Destination vacances\"],\"inLanguage\":\"fr-FR\"},{\"@type\":\"WebPage\",\"@id\":\"https:\\\/\\\/contactfm72.fr\\\/?p=17136\",\"url\":\"https:\\\/\\\/contactfm72.fr\\\/?p=17136\",\"name\":\"Le mus\u00e9e de la coiffe \u00e0 Fresney-sur-Sarthe a d\u00e9m\u00e9nag\u00e9 et se modernise - Contact FM 99.3\",\"isPartOf\":{\"@id\":\"https:\\\/\\\/contactfm72.fr\\\/#website\"},\"primaryImageOfPage\":{\"@id\":\"https:\\\/\\\/contactfm72.fr\\\/?p=17136#primaryimage\"},\"image\":{\"@id\":\"https:\\\/\\\/contactfm72.fr\\\/?p=17136#primaryimage\"},\"thumbnailUrl\":\"https:\\\/\\\/contactfm72.fr\\\/wp-content\\\/uploads\\\/2024\\\/08\\\/442471280_964665998784420_5115676955229657244_n.jpg\",\"datePublished\":\"2024-08-22T08:39:15+00:00\",\"dateModified\":\"2024-08-22T10:37:42+00:00\",\"breadcrumb\":{\"@id\":\"https:\\\/\\\/contactfm72.fr\\\/?p=17136#breadcrumb\"},\"inLanguage\":\"fr-FR\",\"potentialAction\":[{\"@type\":\"ReadAction\",\"target\":[\"https:\\\/\\\/contactfm72.fr\\\/?p=17136\"]}]},{\"@type\":\"ImageObject\",\"inLanguage\":\"fr-FR\",\"@id\":\"https:\\\/\\\/contactfm72.fr\\\/?p=17136#primaryimage\",\"url\":\"https:\\\/\\\/contactfm72.fr\\\/wp-content\\\/uploads\\\/2024\\\/08\\\/442471280_964665998784420_5115676955229657244_n.jpg\",\"contentUrl\":\"https:\\\/\\\/contactfm72.fr\\\/wp-content\\\/uploads\\\/2024\\\/08\\\/442471280_964665998784420_5115676955229657244_n.jpg\",\"width\":2048,\"height\":1365},{\"@type\":\"BreadcrumbList\",\"@id\":\"https:\\\/\\\/contactfm72.fr\\\/?p=17136#breadcrumb\",\"itemListElement\":[{\"@type\":\"ListItem\",\"position\":1,\"name\":\"Accueil\",\"item\":\"https:\\\/\\\/contactfm72.fr\\\/\"},{\"@type\":\"ListItem\",\"position\":2,\"name\":\"Le mus\u00e9e de la coiffe \u00e0 Fresney-sur-Sarthe a d\u00e9m\u00e9nag\u00e9 et se modernise\"}]},{\"@type\":\"WebSite\",\"@id\":\"https:\\\/\\\/contactfm72.fr\\\/#website\",\"url\":\"https:\\\/\\\/contactfm72.fr\\\/\",\"name\":\"Contact FM 99.3\",\"description\":\"Votre radio en vall\u00e9e du Loir\",\"publisher\":{\"@id\":\"https:\\\/\\\/contactfm72.fr\\\/#organization\"},\"potentialAction\":[{\"@type\":\"SearchAction\",\"target\":{\"@type\":\"EntryPoint\",\"urlTemplate\":\"https:\\\/\\\/contactfm72.fr\\\/?s={search_term_string}\"},\"query-input\":{\"@type\":\"PropertyValueSpecification\",\"valueRequired\":true,\"valueName\":\"search_term_string\"}}],\"inLanguage\":\"fr-FR\"},{\"@type\":\"Organization\",\"@id\":\"https:\\\/\\\/contactfm72.fr\\\/#organization\",\"name\":\"Contact FM 99.3\",\"url\":\"https:\\\/\\\/contactfm72.fr\\\/\",\"logo\":{\"@type\":\"ImageObject\",\"inLanguage\":\"fr-FR\",\"@id\":\"https:\\\/\\\/contactfm72.fr\\\/#\\\/schema\\\/logo\\\/image\\\/\",\"url\":\"https:\\\/\\\/contactfm72.fr\\\/wp-content\\\/uploads\\\/2025\\\/04\\\/2025-04-18-2.jpg\",\"contentUrl\":\"https:\\\/\\\/contactfm72.fr\\\/wp-content\\\/uploads\\\/2025\\\/04\\\/2025-04-18-2.jpg\",\"width\":680,\"height\":307,\"caption\":\"Contact FM 99.3\"},\"image\":{\"@id\":\"https:\\\/\\\/contactfm72.fr\\\/#\\\/schema\\\/logo\\\/image\\\/\"},\"sameAs\":[\"https:\\\/\\\/www.facebook.com\\\/Contactfm.Chateauduloir\",\"https:\\\/\\\/x.com\\\/contactfm72\",\"https:\\\/\\\/www.instagram.com\\\/contact.fm.72?igsh=cGhlMHQ5N2JlNnpp\",\"https:\\\/\\\/www.tiktok.com\\\/@contact.fm\"]},{\"@type\":\"Person\",\"@id\":\"https:\\\/\\\/contactfm72.fr\\\/#\\\/schema\\\/person\\\/9fdc9d1c2eb029354a4f1535b90ba82d\",\"name\":\"Val\u00e9rie C.\",\"image\":{\"@type\":\"ImageObject\",\"inLanguage\":\"fr-FR\",\"@id\":\"https:\\\/\\\/secure.gravatar.com\\\/avatar\\\/2f8aa28f8dfbd7d4420afd1fdcdd0a349923e2c8a38ab28198b0f9d0601e4737?s=96&d=mm&r=g\",\"url\":\"https:\\\/\\\/secure.gravatar.com\\\/avatar\\\/2f8aa28f8dfbd7d4420afd1fdcdd0a349923e2c8a38ab28198b0f9d0601e4737?s=96&d=mm&r=g\",\"contentUrl\":\"https:\\\/\\\/secure.gravatar.com\\\/avatar\\\/2f8aa28f8dfbd7d4420afd1fdcdd0a349923e2c8a38ab28198b0f9d0601e4737?s=96&d=mm&r=g\",\"caption\":\"Val\u00e9rie C.\"},\"url\":\"https:\\\/\\\/contactfm72.fr\\\/?author=4\"}]}<\/script>\n<!-- \/ Yoast SEO plugin. -->","yoast_head_json":{"title":"Le mus\u00e9e de la coiffe \u00e0 Fresney-sur-Sarthe a d\u00e9m\u00e9nag\u00e9 et se modernise - Contact FM 99.3","robots":{"index":"index","follow":"follow","max-snippet":"max-snippet:-1","max-image-preview":"max-image-preview:large","max-video-preview":"max-video-preview:-1"},"canonical":"https:\/\/contactfm72.fr\/?p=17136","og_locale":"fr_FR","og_type":"article","og_title":"Le mus\u00e9e de la coiffe \u00e0 Fresney-sur-Sarthe a d\u00e9m\u00e9nag\u00e9 et se modernise - Contact FM 99.3","og_description":"Le mus\u00e9e de la coiffe \u00e0 Fresnay-sur-Sarthe vient de d\u00e9m\u00e9nager au sein de la Maison Hatton, demeure bourgeoise bien connue dans le village, et s&#8217;est refait une beaut\u00e9. Venez d\u00e9couvrir pr\u00e8s de 300 coiffes, centenaires pour les plus anciennes, qui sont de v\u00e9ritables petites \u0153uvres d\u2019art par la beaut\u00e9 et la finesse des broderies faites&hellip;","og_url":"https:\/\/contactfm72.fr\/?p=17136","og_site_name":"Contact FM 99.3","article_publisher":"https:\/\/www.facebook.com\/Contactfm.Chateauduloir","article_published_time":"2024-08-22T08:39:15+00:00","article_modified_time":"2024-08-22T10:37:42+00:00","og_image":[{"width":2048,"height":1365,"url":"http:\/\/contactfm72.fr\/wp-content\/uploads\/2024\/08\/442471280_964665998784420_5115676955229657244_n.jpg","type":"image\/jpeg"}],"author":"Val\u00e9rie C.","twitter_card":"summary_large_image","twitter_creator":"@contactfm72","twitter_site":"@contactfm72","twitter_misc":{"\u00c9crit par":"Val\u00e9rie C.","Dur\u00e9e de lecture estim\u00e9e":"1 minute"},"schema":{"@context":"https:\/\/schema.org","@graph":[{"@type":"Article","@id":"https:\/\/contactfm72.fr\/?p=17136#article","isPartOf":{"@id":"https:\/\/contactfm72.fr\/?p=17136"},"author":{"name":"Val\u00e9rie C.","@id":"https:\/\/contactfm72.fr\/#\/schema\/person\/9fdc9d1c2eb029354a4f1535b90ba82d"},"headline":"Le mus\u00e9e de la coiffe \u00e0 Fresney-sur-Sarthe a d\u00e9m\u00e9nag\u00e9 et se modernise","datePublished":"2024-08-22T08:39:15+00:00","dateModified":"2024-08-22T10:37:42+00:00","mainEntityOfPage":{"@id":"https:\/\/contactfm72.fr\/?p=17136"},"wordCount":110,"publisher":{"@id":"https:\/\/contactfm72.fr\/#organization"},"image":{"@id":"https:\/\/contactfm72.fr\/?p=17136#primaryimage"},"thumbnailUrl":"https:\/\/contactfm72.fr\/wp-content\/uploads\/2024\/08\/442471280_964665998784420_5115676955229657244_n.jpg","articleSection":["Contact FM 72","Destination vacances"],"inLanguage":"fr-FR"},{"@type":"WebPage","@id":"https:\/\/contactfm72.fr\/?p=17136","url":"https:\/\/contactfm72.fr\/?p=17136","name":"Le mus\u00e9e de la coiffe \u00e0 Fresney-sur-Sarthe a d\u00e9m\u00e9nag\u00e9 et se modernise - Contact FM 99.3","isPartOf":{"@id":"https:\/\/contactfm72.fr\/#website"},"primaryImageOfPage":{"@id":"https:\/\/contactfm72.fr\/?p=17136#primaryimage"},"image":{"@id":"https:\/\/contactfm72.fr\/?p=17136#primaryimage"},"thumbnailUrl":"https:\/\/contactfm72.fr\/wp-content\/uploads\/2024\/08\/442471280_964665998784420_5115676955229657244_n.jpg","datePublished":"2024-08-22T08:39:15+00:00","dateModified":"2024-08-22T10:37:42+00:00","breadcrumb":{"@id":"https:\/\/contactfm72.fr\/?p=17136#breadcrumb"},"inLanguage":"fr-FR","potentialAction":[{"@type":"ReadAction","target":["https:\/\/contactfm72.fr\/?p=17136"]}]},{"@type":"ImageObject","inLanguage":"fr-FR","@id":"https:\/\/contactfm72.fr\/?p=17136#primaryimage","url":"https:\/\/contactfm72.fr\/wp-content\/uploads\/2024\/08\/442471280_964665998784420_5115676955229657244_n.jpg","contentUrl":"https:\/\/contactfm72.fr\/wp-content\/uploads\/2024\/08\/442471280_964665998784420_5115676955229657244_n.jpg","width":2048,"height":1365},{"@type":"BreadcrumbList","@id":"https:\/\/contactfm72.fr\/?p=17136#breadcrumb","itemListElement":[{"@type":"ListItem","position":1,"name":"Accueil","item":"https:\/\/contactfm72.fr\/"},{"@type":"ListItem","position":2,"name":"Le mus\u00e9e de la coiffe \u00e0 Fresney-sur-Sarthe a d\u00e9m\u00e9nag\u00e9 et se modernise"}]},{"@type":"WebSite","@id":"https:\/\/contactfm72.fr\/#website","url":"https:\/\/contactfm72.fr\/","name":"Contact FM 99.3","description":"Votre radio en vall\u00e9e du Loir","publisher":{"@id":"https:\/\/contactfm72.fr\/#organization"},"potentialAction":[{"@type":"SearchAction","target":{"@type":"EntryPoint","urlTemplate":"https:\/\/contactfm72.fr\/?s={search_term_string}"},"query-input":{"@type":"PropertyValueSpecification","valueRequired":true,"valueName":"search_term_string"}}],"inLanguage":"fr-FR"},{"@type":"Organization","@id":"https:\/\/contactfm72.fr\/#organization","name":"Contact FM 99.3","url":"https:\/\/contactfm72.fr\/","logo":{"@type":"ImageObject","inLanguage":"fr-FR","@id":"https:\/\/contactfm72.fr\/#\/schema\/logo\/image\/","url":"https:\/\/contactfm72.fr\/wp-content\/uploads\/2025\/04\/2025-04-18-2.jpg","contentUrl":"https:\/\/contactfm72.fr\/wp-content\/uploads\/2025\/04\/2025-04-18-2.jpg","width":680,"height":307,"caption":"Contact FM 99.3"},"image":{"@id":"https:\/\/contactfm72.fr\/#\/schema\/logo\/image\/"},"sameAs":["https:\/\/www.facebook.com\/Contactfm.Chateauduloir","https:\/\/x.com\/contactfm72","https:\/\/www.instagram.com\/contact.fm.72?igsh=cGhlMHQ5N2JlNnpp","https:\/\/www.tiktok.com\/@contact.fm"]},{"@type":"Person","@id":"https:\/\/contactfm72.fr\/#\/schema\/person\/9fdc9d1c2eb029354a4f1535b90ba82d","name":"Val\u00e9rie C.","image":{"@type":"ImageObject","inLanguage":"fr-FR","@id":"https:\/\/secure.gravatar.com\/avatar\/2f8aa28f8dfbd7d4420afd1fdcdd0a349923e2c8a38ab28198b0f9d0601e4737?s=96&d=mm&r=g","url":"https:\/\/secure.gravatar.com\/avatar\/2f8aa28f8dfbd7d4420afd1fdcdd0a349923e2c8a38ab28198b0f9d0601e4737?s=96&d=mm&r=g","contentUrl":"https:\/\/secure.gravatar.com\/avatar\/2f8aa28f8dfbd7d4420afd1fdcdd0a349923e2c8a38ab28198b0f9d0601e4737?s=96&d=mm&r=g","caption":"Val\u00e9rie C."},"url":"https:\/\/contactfm72.fr\/?author=4"}]}},"_links":{"self":[{"href":"https:\/\/contactfm72.fr\/index.php?rest_route=\/wp\/v2\/posts\/17136","targetHints":{"allow":["GET"]}}],"collection":[{"href":"https:\/\/contactfm72.fr\/index.php?rest_route=\/wp\/v2\/posts"}],"about":[{"href":"https:\/\/contactfm72.fr\/index.php?rest_route=\/wp\/v2\/types\/post"}],"author":[{"embeddable":true,"href":"https:\/\/contactfm72.fr\/index.php?rest_route=\/wp\/v2\/users\/4"}],"replies":[{"embeddable":true,"href":"https:\/\/contactfm72.fr\/index.php?rest_route=%2Fwp%2Fv2%2Fcomments&post=17136"}],"version-history":[{"count":3,"href":"https:\/\/contactfm72.fr\/index.php?rest_route=\/wp\/v2\/posts\/17136\/revisions"}],"predecessor-version":[{"id":17140,"href":"https:\/\/contactfm72.fr\/index.php?rest_route=\/wp\/v2\/posts\/17136\/revisions\/17140"}],"wp:featuredmedia":[{"embeddable":true,"href":"https:\/\/contactfm72.fr\/index.php?rest_route=\/wp\/v2\/media\/17137"}],"wp:attachment":[{"href":"https:\/\/contactfm72.fr\/index.php?rest_route=%2Fwp%2Fv2%2Fmedia&parent=17136"}],"wp:term":[{"taxonomy":"category","embeddable":true,"href":"https:\/\/contactfm72.fr\/index.php?rest_route=%2Fwp%2Fv2%2Fcategories&post=17136"},{"taxonomy":"post_tag","embeddable":true,"href":"https:\/\/contactfm72.fr\/index.php?rest_route=%2Fwp%2Fv2%2Ftags&post=17136"}],"curies":[{"name":"wp","href":"https:\/\/api.w.org\/{rel}","templated":true}]}}