{"id":17057,"date":"2024-08-08T10:01:06","date_gmt":"2024-08-08T08:01:06","guid":{"rendered":"https:\/\/contactfm72.fr\/?p=17057"},"modified":"2024-08-09T10:31:03","modified_gmt":"2024-08-09T08:31:03","slug":"la-tragedie-antigone-au-domaine-de-la-cour-le-10-aout-2024","status":"publish","type":"post","link":"https:\/\/contactfm72.fr\/?p=17057","title":{"rendered":"La Trag\u00e9die &#8220;Antigone&#8221; au Domaine de la Cour le 10 ao\u00fbt 2024"},"content":{"rendered":"<p>Le 10 ao\u00fbt c&#8217;est la derni\u00e8re de la tourn\u00e9e \u00e0 Asni\u00e8res-sur-V\u00e8gre !<\/p>\n<p>Le th\u00e9\u00e2tre r\u00e9gional des pays de la Loire a fait le tour de 5 d\u00e9partements pour rendre accessible le th\u00e9\u00e2tre au plus proche des gens. Avec 30 repr\u00e9sentations d&#8217;Antigone depuis le mois de juin 2024, la derni\u00e8re date approche et c&#8217;est ce samedi 10 ao\u00fbt 2024 \u00e0 10 minutes de Sabl\u00e9-sur-Sarthe. Pourquoi choisit cette \u0153uvre vieille de 2500 ans, comment s&#8217;articule une telle tourn\u00e9e ?<\/p>\n<p>Camille de la Guiillonni\u00e8re, directeur et metteur en sc\u00e8ne nous en dit plus sur cette tourn\u00e9e d&#8217;\u00e9t\u00e9 dans &#8220;Destination Vacances&#8221; diffus\u00e9 le jeudi 8 ao\u00fbt \u00e0 12h30, 15h30, 18h30, le samedi 10 ao\u00fbt \u00e0 10h00 et le dimanche 11 ao\u00fbt \u00e0 13h.<\/p>\n<div id=\"audioigniter-527\" class=\"audioigniter-root \" data-player-type=\"full\" data-tracks-url=\"https:\/\/contactfm72.fr\/?audioigniter_playlist_id=527\" data-display-track-no=\"false\" data-reverse-track-order=\"false\" data-display-tracklist-covers=\"false\" data-display-active-cover=\"false\" data-display-artist-names=\"false\" data-display-buy-buttons=\"true\" data-buy-buttons-target=\"false\" data-cycle-tracks=\"false\" data-display-credits=\"false\" data-display-tracklist=\"true\" data-allow-tracklist-toggle=\"false\" data-allow-tracklist-loop=\"true\" data-limit-tracklist-height=\"true\" data-volume=\"100\" data-tracklist-height=\"185\" data-allow-track-loop=\"false\" ><\/div>\n<!-- AddThis Advanced Settings generic via filter on the_content --><!-- AddThis Share Buttons generic via filter on the_content -->","protected":false},"excerpt":{"rendered":"<p>Le 10 ao\u00fbt c&#8217;est la derni\u00e8re de la tourn\u00e9e \u00e0 Asni\u00e8res-sur-V\u00e8gre ! Le th\u00e9\u00e2tre r\u00e9gional des pays de la Loire a fait le tour de 5 d\u00e9partements pour rendre accessible le th\u00e9\u00e2tre au plus proche des gens. Avec 30 repr\u00e9sentations d&#8217;Antigone depuis le mois de juin 2024, la derni\u00e8re date approche et c&#8217;est ce samedi&hellip;<!-- AddThis Advanced Settings generic via filter on get_the_excerpt --><!-- AddThis Share Buttons generic via filter on get_the_excerpt --><\/p>\n","protected":false},"author":5,"featured_media":17058,"comment_status":"closed","ping_status":"open","sticky":false,"template":"","format":"standard","meta":{"footnotes":""},"categories":[1,79],"tags":[],"class_list":["post-17057","post","type-post","status-publish","format-standard","has-post-thumbnail","hentry","category-contact-fm-72","category-destination-vacances","category-1","category-79","description-off"],"yoast_head":"<!-- This site is optimized with the Yoast SEO plugin v27.4 - https:\/\/yoast.com\/product\/yoast-seo-wordpress\/ -->\n<title>La Trag\u00e9die &quot;Antigone&quot; au Domaine de la Cour le 10 ao\u00fbt 2024 - Contact FM 99.3<\/title>\n<meta name=\"description\" content=\"Le th\u00e9\u00e2tre r\u00e9gional des pays de la Loire a fait le tour de 5 d\u00e9partements pour rendre accessible le th\u00e9\u00e2tre au plus proche des gens. Avec 30 repr\u00e9sentations d&#039;Antigone depuis le mois de juin 2024, la derni\u00e8re date approche et c&#039;est ce samedi 10 ao\u00fbt 2024 a 10 minutes de Sabl\u00e9-sur-Sarthe.\" \/>\n<meta name=\"robots\" content=\"index, follow, max-snippet:-1, max-image-preview:large, max-video-preview:-1\" \/>\n<link rel=\"canonical\" href=\"https:\/\/contactfm72.fr\/?p=17057\" \/>\n<meta property=\"og:locale\" content=\"fr_FR\" \/>\n<meta property=\"og:type\" content=\"article\" \/>\n<meta property=\"og:title\" content=\"La Trag\u00e9die &quot;Antigone&quot; au Domaine de la Cour le 10 ao\u00fbt 2024 - Contact FM 99.3\" \/>\n<meta property=\"og:description\" content=\"Le th\u00e9\u00e2tre r\u00e9gional des pays de la Loire a fait le tour de 5 d\u00e9partements pour rendre accessible le th\u00e9\u00e2tre au plus proche des gens. Avec 30 repr\u00e9sentations d&#039;Antigone depuis le mois de juin 2024, la derni\u00e8re date approche et c&#039;est ce samedi 10 ao\u00fbt 2024 a 10 minutes de Sabl\u00e9-sur-Sarthe.\" \/>\n<meta property=\"og:url\" content=\"https:\/\/contactfm72.fr\/?p=17057\" \/>\n<meta property=\"og:site_name\" content=\"Contact FM 99.3\" \/>\n<meta property=\"article:publisher\" content=\"https:\/\/www.facebook.com\/Contactfm.Chateauduloir\" \/>\n<meta property=\"article:published_time\" content=\"2024-08-08T08:01:06+00:00\" \/>\n<meta property=\"article:modified_time\" content=\"2024-08-09T08:31:03+00:00\" \/>\n<meta property=\"og:image\" content=\"http:\/\/contactfm72.fr\/wp-content\/uploads\/2024\/08\/Visuel-Contact-FM-56.png\" \/>\n\t<meta property=\"og:image:width\" content=\"1024\" \/>\n\t<meta property=\"og:image:height\" content=\"768\" \/>\n\t<meta property=\"og:image:type\" content=\"image\/png\" \/>\n<meta name=\"author\" content=\"redaction2@contactfm72.fr\" \/>\n<meta name=\"twitter:card\" content=\"summary_large_image\" \/>\n<meta name=\"twitter:creator\" content=\"@contactfm72\" \/>\n<meta name=\"twitter:site\" content=\"@contactfm72\" \/>\n<meta name=\"twitter:label1\" content=\"\u00c9crit par\" \/>\n\t<meta name=\"twitter:data1\" content=\"redaction2@contactfm72.fr\" \/>\n\t<meta name=\"twitter:label2\" content=\"Dur\u00e9e de lecture estim\u00e9e\" \/>\n\t<meta name=\"twitter:data2\" content=\"1 minute\" \/>\n<script type=\"application\/ld+json\" class=\"yoast-schema-graph\">{\"@context\":\"https:\\\/\\\/schema.org\",\"@graph\":[{\"@type\":\"Article\",\"@id\":\"https:\\\/\\\/contactfm72.fr\\\/?p=17057#article\",\"isPartOf\":{\"@id\":\"https:\\\/\\\/contactfm72.fr\\\/?p=17057\"},\"author\":{\"name\":\"redaction2@contactfm72.fr\",\"@id\":\"https:\\\/\\\/contactfm72.fr\\\/#\\\/schema\\\/person\\\/d2ef09cdea7331b185acaddc4d14dda8\"},\"headline\":\"La Trag\u00e9die &#8220;Antigone&#8221; au Domaine de la Cour le 10 ao\u00fbt 2024\",\"datePublished\":\"2024-08-08T08:01:06+00:00\",\"dateModified\":\"2024-08-09T08:31:03+00:00\",\"mainEntityOfPage\":{\"@id\":\"https:\\\/\\\/contactfm72.fr\\\/?p=17057\"},\"wordCount\":141,\"publisher\":{\"@id\":\"https:\\\/\\\/contactfm72.fr\\\/#organization\"},\"image\":{\"@id\":\"https:\\\/\\\/contactfm72.fr\\\/?p=17057#primaryimage\"},\"thumbnailUrl\":\"https:\\\/\\\/contactfm72.fr\\\/wp-content\\\/uploads\\\/2024\\\/08\\\/Visuel-Contact-FM-56.png\",\"articleSection\":[\"Contact FM 72\",\"Destination vacances\"],\"inLanguage\":\"fr-FR\"},{\"@type\":\"WebPage\",\"@id\":\"https:\\\/\\\/contactfm72.fr\\\/?p=17057\",\"url\":\"https:\\\/\\\/contactfm72.fr\\\/?p=17057\",\"name\":\"La Trag\u00e9die \\\"Antigone\\\" au Domaine de la Cour le 10 ao\u00fbt 2024 - Contact FM 99.3\",\"isPartOf\":{\"@id\":\"https:\\\/\\\/contactfm72.fr\\\/#website\"},\"primaryImageOfPage\":{\"@id\":\"https:\\\/\\\/contactfm72.fr\\\/?p=17057#primaryimage\"},\"image\":{\"@id\":\"https:\\\/\\\/contactfm72.fr\\\/?p=17057#primaryimage\"},\"thumbnailUrl\":\"https:\\\/\\\/contactfm72.fr\\\/wp-content\\\/uploads\\\/2024\\\/08\\\/Visuel-Contact-FM-56.png\",\"datePublished\":\"2024-08-08T08:01:06+00:00\",\"dateModified\":\"2024-08-09T08:31:03+00:00\",\"description\":\"Le th\u00e9\u00e2tre r\u00e9gional des pays de la Loire a fait le tour de 5 d\u00e9partements pour rendre accessible le th\u00e9\u00e2tre au plus proche des gens. Avec 30 repr\u00e9sentations d'Antigone depuis le mois de juin 2024, la derni\u00e8re date approche et c'est ce samedi 10 ao\u00fbt 2024 a 10 minutes de Sabl\u00e9-sur-Sarthe.\",\"breadcrumb\":{\"@id\":\"https:\\\/\\\/contactfm72.fr\\\/?p=17057#breadcrumb\"},\"inLanguage\":\"fr-FR\",\"potentialAction\":[{\"@type\":\"ReadAction\",\"target\":[\"https:\\\/\\\/contactfm72.fr\\\/?p=17057\"]}]},{\"@type\":\"ImageObject\",\"inLanguage\":\"fr-FR\",\"@id\":\"https:\\\/\\\/contactfm72.fr\\\/?p=17057#primaryimage\",\"url\":\"https:\\\/\\\/contactfm72.fr\\\/wp-content\\\/uploads\\\/2024\\\/08\\\/Visuel-Contact-FM-56.png\",\"contentUrl\":\"https:\\\/\\\/contactfm72.fr\\\/wp-content\\\/uploads\\\/2024\\\/08\\\/Visuel-Contact-FM-56.png\",\"width\":2016,\"height\":1512},{\"@type\":\"BreadcrumbList\",\"@id\":\"https:\\\/\\\/contactfm72.fr\\\/?p=17057#breadcrumb\",\"itemListElement\":[{\"@type\":\"ListItem\",\"position\":1,\"name\":\"Accueil\",\"item\":\"https:\\\/\\\/contactfm72.fr\\\/\"},{\"@type\":\"ListItem\",\"position\":2,\"name\":\"La Trag\u00e9die &#8220;Antigone&#8221; au Domaine de la Cour le 10 ao\u00fbt 2024\"}]},{\"@type\":\"WebSite\",\"@id\":\"https:\\\/\\\/contactfm72.fr\\\/#website\",\"url\":\"https:\\\/\\\/contactfm72.fr\\\/\",\"name\":\"Contact FM 99.3\",\"description\":\"Votre radio en vall\u00e9e du Loir\",\"publisher\":{\"@id\":\"https:\\\/\\\/contactfm72.fr\\\/#organization\"},\"potentialAction\":[{\"@type\":\"SearchAction\",\"target\":{\"@type\":\"EntryPoint\",\"urlTemplate\":\"https:\\\/\\\/contactfm72.fr\\\/?s={search_term_string}\"},\"query-input\":{\"@type\":\"PropertyValueSpecification\",\"valueRequired\":true,\"valueName\":\"search_term_string\"}}],\"inLanguage\":\"fr-FR\"},{\"@type\":\"Organization\",\"@id\":\"https:\\\/\\\/contactfm72.fr\\\/#organization\",\"name\":\"Contact FM 99.3\",\"url\":\"https:\\\/\\\/contactfm72.fr\\\/\",\"logo\":{\"@type\":\"ImageObject\",\"inLanguage\":\"fr-FR\",\"@id\":\"https:\\\/\\\/contactfm72.fr\\\/#\\\/schema\\\/logo\\\/image\\\/\",\"url\":\"https:\\\/\\\/contactfm72.fr\\\/wp-content\\\/uploads\\\/2025\\\/04\\\/2025-04-18-2.jpg\",\"contentUrl\":\"https:\\\/\\\/contactfm72.fr\\\/wp-content\\\/uploads\\\/2025\\\/04\\\/2025-04-18-2.jpg\",\"width\":680,\"height\":307,\"caption\":\"Contact FM 99.3\"},\"image\":{\"@id\":\"https:\\\/\\\/contactfm72.fr\\\/#\\\/schema\\\/logo\\\/image\\\/\"},\"sameAs\":[\"https:\\\/\\\/www.facebook.com\\\/Contactfm.Chateauduloir\",\"https:\\\/\\\/x.com\\\/contactfm72\",\"https:\\\/\\\/www.instagram.com\\\/contact.fm.72?igsh=cGhlMHQ5N2JlNnpp\",\"https:\\\/\\\/www.tiktok.com\\\/@contact.fm\"]},{\"@type\":\"Person\",\"@id\":\"https:\\\/\\\/contactfm72.fr\\\/#\\\/schema\\\/person\\\/d2ef09cdea7331b185acaddc4d14dda8\",\"name\":\"redaction2@contactfm72.fr\",\"image\":{\"@type\":\"ImageObject\",\"inLanguage\":\"fr-FR\",\"@id\":\"https:\\\/\\\/secure.gravatar.com\\\/avatar\\\/897f3d57289c1f4c62cade1c2606ba6ded18d5f1676845e668a9f21cb751c06b?s=96&d=mm&r=g\",\"url\":\"https:\\\/\\\/secure.gravatar.com\\\/avatar\\\/897f3d57289c1f4c62cade1c2606ba6ded18d5f1676845e668a9f21cb751c06b?s=96&d=mm&r=g\",\"contentUrl\":\"https:\\\/\\\/secure.gravatar.com\\\/avatar\\\/897f3d57289c1f4c62cade1c2606ba6ded18d5f1676845e668a9f21cb751c06b?s=96&d=mm&r=g\",\"caption\":\"redaction2@contactfm72.fr\"},\"url\":\"https:\\\/\\\/contactfm72.fr\\\/?author=5\"}]}<\/script>\n<!-- \/ Yoast SEO plugin. -->","yoast_head_json":{"title":"La Trag\u00e9die \"Antigone\" au Domaine de la Cour le 10 ao\u00fbt 2024 - Contact FM 99.3","description":"Le th\u00e9\u00e2tre r\u00e9gional des pays de la Loire a fait le tour de 5 d\u00e9partements pour rendre accessible le th\u00e9\u00e2tre au plus proche des gens. Avec 30 repr\u00e9sentations d'Antigone depuis le mois de juin 2024, la derni\u00e8re date approche et c'est ce samedi 10 ao\u00fbt 2024 a 10 minutes de Sabl\u00e9-sur-Sarthe.","robots":{"index":"index","follow":"follow","max-snippet":"max-snippet:-1","max-image-preview":"max-image-preview:large","max-video-preview":"max-video-preview:-1"},"canonical":"https:\/\/contactfm72.fr\/?p=17057","og_locale":"fr_FR","og_type":"article","og_title":"La Trag\u00e9die \"Antigone\" au Domaine de la Cour le 10 ao\u00fbt 2024 - Contact FM 99.3","og_description":"Le th\u00e9\u00e2tre r\u00e9gional des pays de la Loire a fait le tour de 5 d\u00e9partements pour rendre accessible le th\u00e9\u00e2tre au plus proche des gens. Avec 30 repr\u00e9sentations d'Antigone depuis le mois de juin 2024, la derni\u00e8re date approche et c'est ce samedi 10 ao\u00fbt 2024 a 10 minutes de Sabl\u00e9-sur-Sarthe.","og_url":"https:\/\/contactfm72.fr\/?p=17057","og_site_name":"Contact FM 99.3","article_publisher":"https:\/\/www.facebook.com\/Contactfm.Chateauduloir","article_published_time":"2024-08-08T08:01:06+00:00","article_modified_time":"2024-08-09T08:31:03+00:00","og_image":[{"url":"http:\/\/contactfm72.fr\/wp-content\/uploads\/2024\/08\/Visuel-Contact-FM-56.png","width":1024,"height":768,"type":"image\/png"}],"author":"redaction2@contactfm72.fr","twitter_card":"summary_large_image","twitter_creator":"@contactfm72","twitter_site":"@contactfm72","twitter_misc":{"\u00c9crit par":"redaction2@contactfm72.fr","Dur\u00e9e de lecture estim\u00e9e":"1 minute"},"schema":{"@context":"https:\/\/schema.org","@graph":[{"@type":"Article","@id":"https:\/\/contactfm72.fr\/?p=17057#article","isPartOf":{"@id":"https:\/\/contactfm72.fr\/?p=17057"},"author":{"name":"redaction2@contactfm72.fr","@id":"https:\/\/contactfm72.fr\/#\/schema\/person\/d2ef09cdea7331b185acaddc4d14dda8"},"headline":"La Trag\u00e9die &#8220;Antigone&#8221; au Domaine de la Cour le 10 ao\u00fbt 2024","datePublished":"2024-08-08T08:01:06+00:00","dateModified":"2024-08-09T08:31:03+00:00","mainEntityOfPage":{"@id":"https:\/\/contactfm72.fr\/?p=17057"},"wordCount":141,"publisher":{"@id":"https:\/\/contactfm72.fr\/#organization"},"image":{"@id":"https:\/\/contactfm72.fr\/?p=17057#primaryimage"},"thumbnailUrl":"https:\/\/contactfm72.fr\/wp-content\/uploads\/2024\/08\/Visuel-Contact-FM-56.png","articleSection":["Contact FM 72","Destination vacances"],"inLanguage":"fr-FR"},{"@type":"WebPage","@id":"https:\/\/contactfm72.fr\/?p=17057","url":"https:\/\/contactfm72.fr\/?p=17057","name":"La Trag\u00e9die \"Antigone\" au Domaine de la Cour le 10 ao\u00fbt 2024 - Contact FM 99.3","isPartOf":{"@id":"https:\/\/contactfm72.fr\/#website"},"primaryImageOfPage":{"@id":"https:\/\/contactfm72.fr\/?p=17057#primaryimage"},"image":{"@id":"https:\/\/contactfm72.fr\/?p=17057#primaryimage"},"thumbnailUrl":"https:\/\/contactfm72.fr\/wp-content\/uploads\/2024\/08\/Visuel-Contact-FM-56.png","datePublished":"2024-08-08T08:01:06+00:00","dateModified":"2024-08-09T08:31:03+00:00","description":"Le th\u00e9\u00e2tre r\u00e9gional des pays de la Loire a fait le tour de 5 d\u00e9partements pour rendre accessible le th\u00e9\u00e2tre au plus proche des gens. Avec 30 repr\u00e9sentations d'Antigone depuis le mois de juin 2024, la derni\u00e8re date approche et c'est ce samedi 10 ao\u00fbt 2024 a 10 minutes de Sabl\u00e9-sur-Sarthe.","breadcrumb":{"@id":"https:\/\/contactfm72.fr\/?p=17057#breadcrumb"},"inLanguage":"fr-FR","potentialAction":[{"@type":"ReadAction","target":["https:\/\/contactfm72.fr\/?p=17057"]}]},{"@type":"ImageObject","inLanguage":"fr-FR","@id":"https:\/\/contactfm72.fr\/?p=17057#primaryimage","url":"https:\/\/contactfm72.fr\/wp-content\/uploads\/2024\/08\/Visuel-Contact-FM-56.png","contentUrl":"https:\/\/contactfm72.fr\/wp-content\/uploads\/2024\/08\/Visuel-Contact-FM-56.png","width":2016,"height":1512},{"@type":"BreadcrumbList","@id":"https:\/\/contactfm72.fr\/?p=17057#breadcrumb","itemListElement":[{"@type":"ListItem","position":1,"name":"Accueil","item":"https:\/\/contactfm72.fr\/"},{"@type":"ListItem","position":2,"name":"La Trag\u00e9die &#8220;Antigone&#8221; au Domaine de la Cour le 10 ao\u00fbt 2024"}]},{"@type":"WebSite","@id":"https:\/\/contactfm72.fr\/#website","url":"https:\/\/contactfm72.fr\/","name":"Contact FM 99.3","description":"Votre radio en vall\u00e9e du Loir","publisher":{"@id":"https:\/\/contactfm72.fr\/#organization"},"potentialAction":[{"@type":"SearchAction","target":{"@type":"EntryPoint","urlTemplate":"https:\/\/contactfm72.fr\/?s={search_term_string}"},"query-input":{"@type":"PropertyValueSpecification","valueRequired":true,"valueName":"search_term_string"}}],"inLanguage":"fr-FR"},{"@type":"Organization","@id":"https:\/\/contactfm72.fr\/#organization","name":"Contact FM 99.3","url":"https:\/\/contactfm72.fr\/","logo":{"@type":"ImageObject","inLanguage":"fr-FR","@id":"https:\/\/contactfm72.fr\/#\/schema\/logo\/image\/","url":"https:\/\/contactfm72.fr\/wp-content\/uploads\/2025\/04\/2025-04-18-2.jpg","contentUrl":"https:\/\/contactfm72.fr\/wp-content\/uploads\/2025\/04\/2025-04-18-2.jpg","width":680,"height":307,"caption":"Contact FM 99.3"},"image":{"@id":"https:\/\/contactfm72.fr\/#\/schema\/logo\/image\/"},"sameAs":["https:\/\/www.facebook.com\/Contactfm.Chateauduloir","https:\/\/x.com\/contactfm72","https:\/\/www.instagram.com\/contact.fm.72?igsh=cGhlMHQ5N2JlNnpp","https:\/\/www.tiktok.com\/@contact.fm"]},{"@type":"Person","@id":"https:\/\/contactfm72.fr\/#\/schema\/person\/d2ef09cdea7331b185acaddc4d14dda8","name":"redaction2@contactfm72.fr","image":{"@type":"ImageObject","inLanguage":"fr-FR","@id":"https:\/\/secure.gravatar.com\/avatar\/897f3d57289c1f4c62cade1c2606ba6ded18d5f1676845e668a9f21cb751c06b?s=96&d=mm&r=g","url":"https:\/\/secure.gravatar.com\/avatar\/897f3d57289c1f4c62cade1c2606ba6ded18d5f1676845e668a9f21cb751c06b?s=96&d=mm&r=g","contentUrl":"https:\/\/secure.gravatar.com\/avatar\/897f3d57289c1f4c62cade1c2606ba6ded18d5f1676845e668a9f21cb751c06b?s=96&d=mm&r=g","caption":"redaction2@contactfm72.fr"},"url":"https:\/\/contactfm72.fr\/?author=5"}]}},"_links":{"self":[{"href":"https:\/\/contactfm72.fr\/index.php?rest_route=\/wp\/v2\/posts\/17057","targetHints":{"allow":["GET"]}}],"collection":[{"href":"https:\/\/contactfm72.fr\/index.php?rest_route=\/wp\/v2\/posts"}],"about":[{"href":"https:\/\/contactfm72.fr\/index.php?rest_route=\/wp\/v2\/types\/post"}],"author":[{"embeddable":true,"href":"https:\/\/contactfm72.fr\/index.php?rest_route=\/wp\/v2\/users\/5"}],"replies":[{"embeddable":true,"href":"https:\/\/contactfm72.fr\/index.php?rest_route=%2Fwp%2Fv2%2Fcomments&post=17057"}],"version-history":[{"count":1,"href":"https:\/\/contactfm72.fr\/index.php?rest_route=\/wp\/v2\/posts\/17057\/revisions"}],"predecessor-version":[{"id":17059,"href":"https:\/\/contactfm72.fr\/index.php?rest_route=\/wp\/v2\/posts\/17057\/revisions\/17059"}],"wp:featuredmedia":[{"embeddable":true,"href":"https:\/\/contactfm72.fr\/index.php?rest_route=\/wp\/v2\/media\/17058"}],"wp:attachment":[{"href":"https:\/\/contactfm72.fr\/index.php?rest_route=%2Fwp%2Fv2%2Fmedia&parent=17057"}],"wp:term":[{"taxonomy":"category","embeddable":true,"href":"https:\/\/contactfm72.fr\/index.php?rest_route=%2Fwp%2Fv2%2Fcategories&post=17057"},{"taxonomy":"post_tag","embeddable":true,"href":"https:\/\/contactfm72.fr\/index.php?rest_route=%2Fwp%2Fv2%2Ftags&post=17057"}],"curies":[{"name":"wp","href":"https:\/\/api.w.org\/{rel}","templated":true}]}}