{"id":17043,"date":"2024-08-06T10:49:57","date_gmt":"2024-08-06T08:49:57","guid":{"rendered":"https:\/\/contactfm72.fr\/?p=17043"},"modified":"2024-08-06T15:13:33","modified_gmt":"2024-08-06T13:13:33","slug":"les-festivites-du-14-et-du-15-aout-a-mansigne","status":"publish","type":"post","link":"https:\/\/contactfm72.fr\/?p=17043","title":{"rendered":"Les festivit\u00e9s du 14 et du 15 ao\u00fbt \u00e0 Mansign\u00e9"},"content":{"rendered":"<p>C&#8217;est un \u00e9v\u00e9nement qui r\u00e9unit des milliers de personnes !<\/p>\n<p>L&#8217;\u00e9t\u00e9 est l\u00e0, les animations aussi. Un f\u00eate que les habitants de Mansign\u00e9 mais aussi que les Sarthois(es) attendent. Des concerts, un DJ et un beau feu d&#8217;artifice sont au programme de cette f\u00eate populaire avec aussi de la restauration sur place gr\u00e2ce au restaurant &#8220;Aux Berges du Lac&#8221;. G\u00e9rard Bentz de l&#8217;association &#8220;Village Arts &amp; Culture&#8221; est l&#8217;invit\u00e9 de &#8220;Destination Vacances&#8221; diffus\u00e9 le mardi 6 ao\u00fbt \u00e0 12h30, 15h30 et \u00e0 18h30, puis le samedi 10 ao\u00fbt \u00e0 10h00 et enfin le dimanche 11 ao\u00fbt \u00e0 13h00.<\/p>\n<div id=\"audioigniter-527\" class=\"audioigniter-root \" data-player-type=\"full\" data-tracks-url=\"https:\/\/contactfm72.fr\/?audioigniter_playlist_id=527\" data-display-track-no=\"false\" data-reverse-track-order=\"false\" data-display-tracklist-covers=\"false\" data-display-active-cover=\"false\" data-display-artist-names=\"false\" data-display-buy-buttons=\"true\" data-buy-buttons-target=\"false\" data-cycle-tracks=\"false\" data-display-credits=\"false\" data-display-tracklist=\"true\" data-allow-tracklist-toggle=\"false\" data-allow-tracklist-loop=\"true\" data-limit-tracklist-height=\"true\" data-volume=\"100\" data-tracklist-height=\"185\" data-allow-track-loop=\"false\" ><\/div>\n<!-- AddThis Advanced Settings generic via filter on the_content --><!-- AddThis Share Buttons generic via filter on the_content -->","protected":false},"excerpt":{"rendered":"<p>C&#8217;est un \u00e9v\u00e9nement qui r\u00e9unit des milliers de personnes ! L&#8217;\u00e9t\u00e9 est l\u00e0, les animations aussi. Un f\u00eate que les habitants de Mansign\u00e9 mais aussi que les Sarthois(es) attendent. Des concerts, un DJ et un beau feu d&#8217;artifice sont au programme de cette f\u00eate populaire avec aussi de la restauration sur place gr\u00e2ce au restaurant&hellip;<!-- AddThis Advanced Settings generic via filter on get_the_excerpt --><!-- AddThis Share Buttons generic via filter on get_the_excerpt --><\/p>\n","protected":false},"author":5,"featured_media":17044,"comment_status":"closed","ping_status":"open","sticky":false,"template":"","format":"standard","meta":{"footnotes":""},"categories":[1,79],"tags":[],"class_list":["post-17043","post","type-post","status-publish","format-standard","has-post-thumbnail","hentry","category-contact-fm-72","category-destination-vacances","category-1","category-79","description-off"],"yoast_head":"<!-- This site is optimized with the Yoast SEO plugin v27.4 - https:\/\/yoast.com\/product\/yoast-seo-wordpress\/ -->\n<title>Les festivit\u00e9s du 14 et du 15 ao\u00fbt \u00e0 Mansign\u00e9 - Contact FM 99.3<\/title>\n<meta name=\"description\" content=\"L&#039;\u00e9t\u00e9 est enfin l\u00e0, les animations aussi. Un f\u00eate attendue par les habitants de Mansign\u00e9 mais aussi des Sarthois(es). Des concerts, un DJ et un beau feu d&#039;artifice sont au programme de cette f\u00eate populaire avec aussi de la restauration sur place gr\u00e2ce au restaurant &quot;Aux Berges du Lac&quot;\" \/>\n<meta name=\"robots\" content=\"index, follow, max-snippet:-1, max-image-preview:large, max-video-preview:-1\" \/>\n<link rel=\"canonical\" href=\"https:\/\/contactfm72.fr\/?p=17043\" \/>\n<meta property=\"og:locale\" content=\"fr_FR\" \/>\n<meta property=\"og:type\" content=\"article\" \/>\n<meta property=\"og:title\" content=\"Les festivit\u00e9s du 14 et du 15 ao\u00fbt \u00e0 Mansign\u00e9 - Contact FM 99.3\" \/>\n<meta property=\"og:description\" content=\"L&#039;\u00e9t\u00e9 est enfin l\u00e0, les animations aussi. Un f\u00eate attendue par les habitants de Mansign\u00e9 mais aussi des Sarthois(es). Des concerts, un DJ et un beau feu d&#039;artifice sont au programme de cette f\u00eate populaire avec aussi de la restauration sur place gr\u00e2ce au restaurant &quot;Aux Berges du Lac&quot;\" \/>\n<meta property=\"og:url\" content=\"https:\/\/contactfm72.fr\/?p=17043\" \/>\n<meta property=\"og:site_name\" content=\"Contact FM 99.3\" \/>\n<meta property=\"article:publisher\" content=\"https:\/\/www.facebook.com\/Contactfm.Chateauduloir\" \/>\n<meta property=\"article:published_time\" content=\"2024-08-06T08:49:57+00:00\" \/>\n<meta property=\"article:modified_time\" content=\"2024-08-06T13:13:33+00:00\" \/>\n<meta property=\"og:image\" content=\"http:\/\/contactfm72.fr\/wp-content\/uploads\/2024\/08\/Visuel-Contact-FM-54.png\" \/>\n\t<meta property=\"og:image:width\" content=\"1024\" \/>\n\t<meta property=\"og:image:height\" content=\"768\" \/>\n\t<meta property=\"og:image:type\" content=\"image\/png\" \/>\n<meta name=\"author\" content=\"redaction2@contactfm72.fr\" \/>\n<meta name=\"twitter:card\" content=\"summary_large_image\" \/>\n<meta name=\"twitter:creator\" content=\"@contactfm72\" \/>\n<meta name=\"twitter:site\" content=\"@contactfm72\" \/>\n<meta name=\"twitter:label1\" content=\"\u00c9crit par\" \/>\n\t<meta name=\"twitter:data1\" content=\"redaction2@contactfm72.fr\" \/>\n\t<meta name=\"twitter:label2\" content=\"Dur\u00e9e de lecture estim\u00e9e\" \/>\n\t<meta name=\"twitter:data2\" content=\"1 minute\" \/>\n<script type=\"application\/ld+json\" class=\"yoast-schema-graph\">{\"@context\":\"https:\\\/\\\/schema.org\",\"@graph\":[{\"@type\":\"Article\",\"@id\":\"https:\\\/\\\/contactfm72.fr\\\/?p=17043#article\",\"isPartOf\":{\"@id\":\"https:\\\/\\\/contactfm72.fr\\\/?p=17043\"},\"author\":{\"name\":\"redaction2@contactfm72.fr\",\"@id\":\"https:\\\/\\\/contactfm72.fr\\\/#\\\/schema\\\/person\\\/d2ef09cdea7331b185acaddc4d14dda8\"},\"headline\":\"Les festivit\u00e9s du 14 et du 15 ao\u00fbt \u00e0 Mansign\u00e9\",\"datePublished\":\"2024-08-06T08:49:57+00:00\",\"dateModified\":\"2024-08-06T13:13:33+00:00\",\"mainEntityOfPage\":{\"@id\":\"https:\\\/\\\/contactfm72.fr\\\/?p=17043\"},\"wordCount\":117,\"publisher\":{\"@id\":\"https:\\\/\\\/contactfm72.fr\\\/#organization\"},\"image\":{\"@id\":\"https:\\\/\\\/contactfm72.fr\\\/?p=17043#primaryimage\"},\"thumbnailUrl\":\"https:\\\/\\\/contactfm72.fr\\\/wp-content\\\/uploads\\\/2024\\\/08\\\/Visuel-Contact-FM-54.png\",\"articleSection\":[\"Contact FM 72\",\"Destination vacances\"],\"inLanguage\":\"fr-FR\"},{\"@type\":\"WebPage\",\"@id\":\"https:\\\/\\\/contactfm72.fr\\\/?p=17043\",\"url\":\"https:\\\/\\\/contactfm72.fr\\\/?p=17043\",\"name\":\"Les festivit\u00e9s du 14 et du 15 ao\u00fbt \u00e0 Mansign\u00e9 - Contact FM 99.3\",\"isPartOf\":{\"@id\":\"https:\\\/\\\/contactfm72.fr\\\/#website\"},\"primaryImageOfPage\":{\"@id\":\"https:\\\/\\\/contactfm72.fr\\\/?p=17043#primaryimage\"},\"image\":{\"@id\":\"https:\\\/\\\/contactfm72.fr\\\/?p=17043#primaryimage\"},\"thumbnailUrl\":\"https:\\\/\\\/contactfm72.fr\\\/wp-content\\\/uploads\\\/2024\\\/08\\\/Visuel-Contact-FM-54.png\",\"datePublished\":\"2024-08-06T08:49:57+00:00\",\"dateModified\":\"2024-08-06T13:13:33+00:00\",\"description\":\"L'\u00e9t\u00e9 est enfin l\u00e0, les animations aussi. Un f\u00eate attendue par les habitants de Mansign\u00e9 mais aussi des Sarthois(es). Des concerts, un DJ et un beau feu d'artifice sont au programme de cette f\u00eate populaire avec aussi de la restauration sur place gr\u00e2ce au restaurant \\\"Aux Berges du Lac\\\"\",\"breadcrumb\":{\"@id\":\"https:\\\/\\\/contactfm72.fr\\\/?p=17043#breadcrumb\"},\"inLanguage\":\"fr-FR\",\"potentialAction\":[{\"@type\":\"ReadAction\",\"target\":[\"https:\\\/\\\/contactfm72.fr\\\/?p=17043\"]}]},{\"@type\":\"ImageObject\",\"inLanguage\":\"fr-FR\",\"@id\":\"https:\\\/\\\/contactfm72.fr\\\/?p=17043#primaryimage\",\"url\":\"https:\\\/\\\/contactfm72.fr\\\/wp-content\\\/uploads\\\/2024\\\/08\\\/Visuel-Contact-FM-54.png\",\"contentUrl\":\"https:\\\/\\\/contactfm72.fr\\\/wp-content\\\/uploads\\\/2024\\\/08\\\/Visuel-Contact-FM-54.png\",\"width\":2016,\"height\":1512},{\"@type\":\"BreadcrumbList\",\"@id\":\"https:\\\/\\\/contactfm72.fr\\\/?p=17043#breadcrumb\",\"itemListElement\":[{\"@type\":\"ListItem\",\"position\":1,\"name\":\"Accueil\",\"item\":\"https:\\\/\\\/contactfm72.fr\\\/\"},{\"@type\":\"ListItem\",\"position\":2,\"name\":\"Les festivit\u00e9s du 14 et du 15 ao\u00fbt \u00e0 Mansign\u00e9\"}]},{\"@type\":\"WebSite\",\"@id\":\"https:\\\/\\\/contactfm72.fr\\\/#website\",\"url\":\"https:\\\/\\\/contactfm72.fr\\\/\",\"name\":\"Contact FM 99.3\",\"description\":\"Votre radio en vall\u00e9e du Loir\",\"publisher\":{\"@id\":\"https:\\\/\\\/contactfm72.fr\\\/#organization\"},\"potentialAction\":[{\"@type\":\"SearchAction\",\"target\":{\"@type\":\"EntryPoint\",\"urlTemplate\":\"https:\\\/\\\/contactfm72.fr\\\/?s={search_term_string}\"},\"query-input\":{\"@type\":\"PropertyValueSpecification\",\"valueRequired\":true,\"valueName\":\"search_term_string\"}}],\"inLanguage\":\"fr-FR\"},{\"@type\":\"Organization\",\"@id\":\"https:\\\/\\\/contactfm72.fr\\\/#organization\",\"name\":\"Contact FM 99.3\",\"url\":\"https:\\\/\\\/contactfm72.fr\\\/\",\"logo\":{\"@type\":\"ImageObject\",\"inLanguage\":\"fr-FR\",\"@id\":\"https:\\\/\\\/contactfm72.fr\\\/#\\\/schema\\\/logo\\\/image\\\/\",\"url\":\"https:\\\/\\\/contactfm72.fr\\\/wp-content\\\/uploads\\\/2025\\\/04\\\/2025-04-18-2.jpg\",\"contentUrl\":\"https:\\\/\\\/contactfm72.fr\\\/wp-content\\\/uploads\\\/2025\\\/04\\\/2025-04-18-2.jpg\",\"width\":680,\"height\":307,\"caption\":\"Contact FM 99.3\"},\"image\":{\"@id\":\"https:\\\/\\\/contactfm72.fr\\\/#\\\/schema\\\/logo\\\/image\\\/\"},\"sameAs\":[\"https:\\\/\\\/www.facebook.com\\\/Contactfm.Chateauduloir\",\"https:\\\/\\\/x.com\\\/contactfm72\",\"https:\\\/\\\/www.instagram.com\\\/contact.fm.72?igsh=cGhlMHQ5N2JlNnpp\",\"https:\\\/\\\/www.tiktok.com\\\/@contact.fm\"]},{\"@type\":\"Person\",\"@id\":\"https:\\\/\\\/contactfm72.fr\\\/#\\\/schema\\\/person\\\/d2ef09cdea7331b185acaddc4d14dda8\",\"name\":\"redaction2@contactfm72.fr\",\"image\":{\"@type\":\"ImageObject\",\"inLanguage\":\"fr-FR\",\"@id\":\"https:\\\/\\\/secure.gravatar.com\\\/avatar\\\/897f3d57289c1f4c62cade1c2606ba6ded18d5f1676845e668a9f21cb751c06b?s=96&d=mm&r=g\",\"url\":\"https:\\\/\\\/secure.gravatar.com\\\/avatar\\\/897f3d57289c1f4c62cade1c2606ba6ded18d5f1676845e668a9f21cb751c06b?s=96&d=mm&r=g\",\"contentUrl\":\"https:\\\/\\\/secure.gravatar.com\\\/avatar\\\/897f3d57289c1f4c62cade1c2606ba6ded18d5f1676845e668a9f21cb751c06b?s=96&d=mm&r=g\",\"caption\":\"redaction2@contactfm72.fr\"},\"url\":\"https:\\\/\\\/contactfm72.fr\\\/?author=5\"}]}<\/script>\n<!-- \/ Yoast SEO plugin. -->","yoast_head_json":{"title":"Les festivit\u00e9s du 14 et du 15 ao\u00fbt \u00e0 Mansign\u00e9 - Contact FM 99.3","description":"L'\u00e9t\u00e9 est enfin l\u00e0, les animations aussi. Un f\u00eate attendue par les habitants de Mansign\u00e9 mais aussi des Sarthois(es). Des concerts, un DJ et un beau feu d'artifice sont au programme de cette f\u00eate populaire avec aussi de la restauration sur place gr\u00e2ce au restaurant \"Aux Berges du Lac\"","robots":{"index":"index","follow":"follow","max-snippet":"max-snippet:-1","max-image-preview":"max-image-preview:large","max-video-preview":"max-video-preview:-1"},"canonical":"https:\/\/contactfm72.fr\/?p=17043","og_locale":"fr_FR","og_type":"article","og_title":"Les festivit\u00e9s du 14 et du 15 ao\u00fbt \u00e0 Mansign\u00e9 - Contact FM 99.3","og_description":"L'\u00e9t\u00e9 est enfin l\u00e0, les animations aussi. Un f\u00eate attendue par les habitants de Mansign\u00e9 mais aussi des Sarthois(es). Des concerts, un DJ et un beau feu d'artifice sont au programme de cette f\u00eate populaire avec aussi de la restauration sur place gr\u00e2ce au restaurant \"Aux Berges du Lac\"","og_url":"https:\/\/contactfm72.fr\/?p=17043","og_site_name":"Contact FM 99.3","article_publisher":"https:\/\/www.facebook.com\/Contactfm.Chateauduloir","article_published_time":"2024-08-06T08:49:57+00:00","article_modified_time":"2024-08-06T13:13:33+00:00","og_image":[{"url":"http:\/\/contactfm72.fr\/wp-content\/uploads\/2024\/08\/Visuel-Contact-FM-54.png","width":1024,"height":768,"type":"image\/png"}],"author":"redaction2@contactfm72.fr","twitter_card":"summary_large_image","twitter_creator":"@contactfm72","twitter_site":"@contactfm72","twitter_misc":{"\u00c9crit par":"redaction2@contactfm72.fr","Dur\u00e9e de lecture estim\u00e9e":"1 minute"},"schema":{"@context":"https:\/\/schema.org","@graph":[{"@type":"Article","@id":"https:\/\/contactfm72.fr\/?p=17043#article","isPartOf":{"@id":"https:\/\/contactfm72.fr\/?p=17043"},"author":{"name":"redaction2@contactfm72.fr","@id":"https:\/\/contactfm72.fr\/#\/schema\/person\/d2ef09cdea7331b185acaddc4d14dda8"},"headline":"Les festivit\u00e9s du 14 et du 15 ao\u00fbt \u00e0 Mansign\u00e9","datePublished":"2024-08-06T08:49:57+00:00","dateModified":"2024-08-06T13:13:33+00:00","mainEntityOfPage":{"@id":"https:\/\/contactfm72.fr\/?p=17043"},"wordCount":117,"publisher":{"@id":"https:\/\/contactfm72.fr\/#organization"},"image":{"@id":"https:\/\/contactfm72.fr\/?p=17043#primaryimage"},"thumbnailUrl":"https:\/\/contactfm72.fr\/wp-content\/uploads\/2024\/08\/Visuel-Contact-FM-54.png","articleSection":["Contact FM 72","Destination vacances"],"inLanguage":"fr-FR"},{"@type":"WebPage","@id":"https:\/\/contactfm72.fr\/?p=17043","url":"https:\/\/contactfm72.fr\/?p=17043","name":"Les festivit\u00e9s du 14 et du 15 ao\u00fbt \u00e0 Mansign\u00e9 - Contact FM 99.3","isPartOf":{"@id":"https:\/\/contactfm72.fr\/#website"},"primaryImageOfPage":{"@id":"https:\/\/contactfm72.fr\/?p=17043#primaryimage"},"image":{"@id":"https:\/\/contactfm72.fr\/?p=17043#primaryimage"},"thumbnailUrl":"https:\/\/contactfm72.fr\/wp-content\/uploads\/2024\/08\/Visuel-Contact-FM-54.png","datePublished":"2024-08-06T08:49:57+00:00","dateModified":"2024-08-06T13:13:33+00:00","description":"L'\u00e9t\u00e9 est enfin l\u00e0, les animations aussi. Un f\u00eate attendue par les habitants de Mansign\u00e9 mais aussi des Sarthois(es). Des concerts, un DJ et un beau feu d'artifice sont au programme de cette f\u00eate populaire avec aussi de la restauration sur place gr\u00e2ce au restaurant \"Aux Berges du Lac\"","breadcrumb":{"@id":"https:\/\/contactfm72.fr\/?p=17043#breadcrumb"},"inLanguage":"fr-FR","potentialAction":[{"@type":"ReadAction","target":["https:\/\/contactfm72.fr\/?p=17043"]}]},{"@type":"ImageObject","inLanguage":"fr-FR","@id":"https:\/\/contactfm72.fr\/?p=17043#primaryimage","url":"https:\/\/contactfm72.fr\/wp-content\/uploads\/2024\/08\/Visuel-Contact-FM-54.png","contentUrl":"https:\/\/contactfm72.fr\/wp-content\/uploads\/2024\/08\/Visuel-Contact-FM-54.png","width":2016,"height":1512},{"@type":"BreadcrumbList","@id":"https:\/\/contactfm72.fr\/?p=17043#breadcrumb","itemListElement":[{"@type":"ListItem","position":1,"name":"Accueil","item":"https:\/\/contactfm72.fr\/"},{"@type":"ListItem","position":2,"name":"Les festivit\u00e9s du 14 et du 15 ao\u00fbt \u00e0 Mansign\u00e9"}]},{"@type":"WebSite","@id":"https:\/\/contactfm72.fr\/#website","url":"https:\/\/contactfm72.fr\/","name":"Contact FM 99.3","description":"Votre radio en vall\u00e9e du Loir","publisher":{"@id":"https:\/\/contactfm72.fr\/#organization"},"potentialAction":[{"@type":"SearchAction","target":{"@type":"EntryPoint","urlTemplate":"https:\/\/contactfm72.fr\/?s={search_term_string}"},"query-input":{"@type":"PropertyValueSpecification","valueRequired":true,"valueName":"search_term_string"}}],"inLanguage":"fr-FR"},{"@type":"Organization","@id":"https:\/\/contactfm72.fr\/#organization","name":"Contact FM 99.3","url":"https:\/\/contactfm72.fr\/","logo":{"@type":"ImageObject","inLanguage":"fr-FR","@id":"https:\/\/contactfm72.fr\/#\/schema\/logo\/image\/","url":"https:\/\/contactfm72.fr\/wp-content\/uploads\/2025\/04\/2025-04-18-2.jpg","contentUrl":"https:\/\/contactfm72.fr\/wp-content\/uploads\/2025\/04\/2025-04-18-2.jpg","width":680,"height":307,"caption":"Contact FM 99.3"},"image":{"@id":"https:\/\/contactfm72.fr\/#\/schema\/logo\/image\/"},"sameAs":["https:\/\/www.facebook.com\/Contactfm.Chateauduloir","https:\/\/x.com\/contactfm72","https:\/\/www.instagram.com\/contact.fm.72?igsh=cGhlMHQ5N2JlNnpp","https:\/\/www.tiktok.com\/@contact.fm"]},{"@type":"Person","@id":"https:\/\/contactfm72.fr\/#\/schema\/person\/d2ef09cdea7331b185acaddc4d14dda8","name":"redaction2@contactfm72.fr","image":{"@type":"ImageObject","inLanguage":"fr-FR","@id":"https:\/\/secure.gravatar.com\/avatar\/897f3d57289c1f4c62cade1c2606ba6ded18d5f1676845e668a9f21cb751c06b?s=96&d=mm&r=g","url":"https:\/\/secure.gravatar.com\/avatar\/897f3d57289c1f4c62cade1c2606ba6ded18d5f1676845e668a9f21cb751c06b?s=96&d=mm&r=g","contentUrl":"https:\/\/secure.gravatar.com\/avatar\/897f3d57289c1f4c62cade1c2606ba6ded18d5f1676845e668a9f21cb751c06b?s=96&d=mm&r=g","caption":"redaction2@contactfm72.fr"},"url":"https:\/\/contactfm72.fr\/?author=5"}]}},"_links":{"self":[{"href":"https:\/\/contactfm72.fr\/index.php?rest_route=\/wp\/v2\/posts\/17043","targetHints":{"allow":["GET"]}}],"collection":[{"href":"https:\/\/contactfm72.fr\/index.php?rest_route=\/wp\/v2\/posts"}],"about":[{"href":"https:\/\/contactfm72.fr\/index.php?rest_route=\/wp\/v2\/types\/post"}],"author":[{"embeddable":true,"href":"https:\/\/contactfm72.fr\/index.php?rest_route=\/wp\/v2\/users\/5"}],"replies":[{"embeddable":true,"href":"https:\/\/contactfm72.fr\/index.php?rest_route=%2Fwp%2Fv2%2Fcomments&post=17043"}],"version-history":[{"count":4,"href":"https:\/\/contactfm72.fr\/index.php?rest_route=\/wp\/v2\/posts\/17043\/revisions"}],"predecessor-version":[{"id":17048,"href":"https:\/\/contactfm72.fr\/index.php?rest_route=\/wp\/v2\/posts\/17043\/revisions\/17048"}],"wp:featuredmedia":[{"embeddable":true,"href":"https:\/\/contactfm72.fr\/index.php?rest_route=\/wp\/v2\/media\/17044"}],"wp:attachment":[{"href":"https:\/\/contactfm72.fr\/index.php?rest_route=%2Fwp%2Fv2%2Fmedia&parent=17043"}],"wp:term":[{"taxonomy":"category","embeddable":true,"href":"https:\/\/contactfm72.fr\/index.php?rest_route=%2Fwp%2Fv2%2Fcategories&post=17043"},{"taxonomy":"post_tag","embeddable":true,"href":"https:\/\/contactfm72.fr\/index.php?rest_route=%2Fwp%2Fv2%2Ftags&post=17043"}],"curies":[{"name":"wp","href":"https:\/\/api.w.org\/{rel}","templated":true}]}}