{"id":17024,"date":"2024-08-01T11:52:39","date_gmt":"2024-08-01T09:52:39","guid":{"rendered":"https:\/\/contactfm72.fr\/?p=17024"},"modified":"2024-08-02T11:04:27","modified_gmt":"2024-08-02T09:04:27","slug":"le-festival-les-trolls-en-folie-revient-a-jupilles","status":"publish","type":"post","link":"https:\/\/contactfm72.fr\/?p=17024","title":{"rendered":"Le Festival &#8220;Les Trolls en folie&#8221; revient \u00e0 Jupilles"},"content":{"rendered":"<p>Le Festival &#8220;Les Trolls en Folie&#8221; revient !!<\/p>\n<p>Apr\u00e8s 4 ans d&#8217;absence, le festival se d\u00e9roulant \u00e0 Jupilles fait peau neuve et revient avec son lot d&#8217;animations, d&#8217;activit\u00e9s, de groupes aussi divers que vari\u00e9s mais surtout de nouveaut\u00e9s. Pour parler de la programmation, des activit\u00e9s qui se d\u00e9rouleront le samedi 3 ao\u00fbt : Margaux Rouy, charg\u00e9e de communication du festival nous en parle dans &#8220;Destination Vacances&#8221; le jeudi 1er ao\u00fbt \u00e0 12h30, 15h30, 18h30, le samedi 3 ao\u00fbt \u00e0 10h et le dimanche 4 ao\u00fbt \u00e0 13h.<\/p>\n<p>Pour r\u00e9server vos billets : <a href=\"https:\/\/www.helloasso.com\/associations\/les-trolls-en-folie\/evenements\/festival-les-trolls-en-folie-2024\">C&#8217;est ICI !!\u00a0<\/a><\/p>\n<div id=\"audioigniter-527\" class=\"audioigniter-root \" data-player-type=\"full\" data-tracks-url=\"https:\/\/contactfm72.fr\/?audioigniter_playlist_id=527\" data-display-track-no=\"false\" data-reverse-track-order=\"false\" data-display-tracklist-covers=\"false\" data-display-active-cover=\"false\" data-display-artist-names=\"false\" data-display-buy-buttons=\"true\" data-buy-buttons-target=\"false\" data-cycle-tracks=\"false\" data-display-credits=\"false\" data-display-tracklist=\"true\" data-allow-tracklist-toggle=\"false\" data-allow-tracklist-loop=\"true\" data-limit-tracklist-height=\"true\" data-volume=\"100\" data-tracklist-height=\"185\" data-allow-track-loop=\"false\" ><\/div>\n<!-- AddThis Advanced Settings generic via filter on the_content --><!-- AddThis Share Buttons generic via filter on the_content -->","protected":false},"excerpt":{"rendered":"<p>Le Festival &#8220;Les Trolls en Folie&#8221; revient !! Apr\u00e8s 4 ans d&#8217;absence, le festival se d\u00e9roulant \u00e0 Jupilles fait peau neuve et revient avec son lot d&#8217;animations, d&#8217;activit\u00e9s, de groupes aussi divers que vari\u00e9s mais surtout de nouveaut\u00e9s. Pour parler de la programmation, des activit\u00e9s qui se d\u00e9rouleront le samedi 3 ao\u00fbt : Margaux Rouy,&hellip;<!-- AddThis Advanced Settings generic via filter on get_the_excerpt --><!-- AddThis Share Buttons generic via filter on get_the_excerpt --><\/p>\n","protected":false},"author":5,"featured_media":17025,"comment_status":"closed","ping_status":"open","sticky":false,"template":"","format":"standard","meta":{"footnotes":""},"categories":[1,79],"tags":[],"class_list":["post-17024","post","type-post","status-publish","format-standard","has-post-thumbnail","hentry","category-contact-fm-72","category-destination-vacances","category-1","category-79","description-off"],"yoast_head":"<!-- This site is optimized with the Yoast SEO plugin v27.4 - https:\/\/yoast.com\/product\/yoast-seo-wordpress\/ -->\n<title>Le Festival &quot;Les Trolls en folie&quot; revient \u00e0 Jupilles - Contact FM 99.3<\/title>\n<meta name=\"description\" content=\"Le Festival &quot;Les Trolls en Folie&quot; revient !!\u00a0Apr\u00e8s 4 ans d&#039;absence, le festival se d\u00e9roulant \u00e0 Jupilles fait peau neuve et revient avec son lot d&#039;animations, d&#039;activit\u00e9s, de groupes aussi divers que vari\u00e9s mais surtout de nouveaut\u00e9s. Pour parler de la programmation, des activit\u00e9s qui se d\u00e9rouleront le samedi 3 ao\u00fbt\" \/>\n<meta name=\"robots\" content=\"index, follow, max-snippet:-1, max-image-preview:large, max-video-preview:-1\" \/>\n<link rel=\"canonical\" href=\"https:\/\/contactfm72.fr\/?p=17024\" \/>\n<meta property=\"og:locale\" content=\"fr_FR\" \/>\n<meta property=\"og:type\" content=\"article\" \/>\n<meta property=\"og:title\" content=\"Le Festival &quot;Les Trolls en folie&quot; revient \u00e0 Jupilles - Contact FM 99.3\" \/>\n<meta property=\"og:description\" content=\"Le Festival &quot;Les Trolls en Folie&quot; revient !!\u00a0Apr\u00e8s 4 ans d&#039;absence, le festival se d\u00e9roulant \u00e0 Jupilles fait peau neuve et revient avec son lot d&#039;animations, d&#039;activit\u00e9s, de groupes aussi divers que vari\u00e9s mais surtout de nouveaut\u00e9s. Pour parler de la programmation, des activit\u00e9s qui se d\u00e9rouleront le samedi 3 ao\u00fbt\" \/>\n<meta property=\"og:url\" content=\"https:\/\/contactfm72.fr\/?p=17024\" \/>\n<meta property=\"og:site_name\" content=\"Contact FM 99.3\" \/>\n<meta property=\"article:publisher\" content=\"https:\/\/www.facebook.com\/Contactfm.Chateauduloir\" \/>\n<meta property=\"article:published_time\" content=\"2024-08-01T09:52:39+00:00\" \/>\n<meta property=\"article:modified_time\" content=\"2024-08-02T09:04:27+00:00\" \/>\n<meta property=\"og:image\" content=\"http:\/\/contactfm72.fr\/wp-content\/uploads\/2024\/08\/Visuel-Contact-FM-51-2.png\" \/>\n\t<meta property=\"og:image:width\" content=\"2016\" \/>\n\t<meta property=\"og:image:height\" content=\"1512\" \/>\n\t<meta property=\"og:image:type\" content=\"image\/png\" \/>\n<meta name=\"author\" content=\"redaction2@contactfm72.fr\" \/>\n<meta name=\"twitter:card\" content=\"summary_large_image\" \/>\n<meta name=\"twitter:creator\" content=\"@contactfm72\" \/>\n<meta name=\"twitter:site\" content=\"@contactfm72\" \/>\n<meta name=\"twitter:label1\" content=\"\u00c9crit par\" \/>\n\t<meta name=\"twitter:data1\" content=\"redaction2@contactfm72.fr\" \/>\n\t<meta name=\"twitter:label2\" content=\"Dur\u00e9e de lecture estim\u00e9e\" \/>\n\t<meta name=\"twitter:data2\" content=\"1 minute\" \/>\n<script type=\"application\/ld+json\" class=\"yoast-schema-graph\">{\"@context\":\"https:\\\/\\\/schema.org\",\"@graph\":[{\"@type\":\"Article\",\"@id\":\"https:\\\/\\\/contactfm72.fr\\\/?p=17024#article\",\"isPartOf\":{\"@id\":\"https:\\\/\\\/contactfm72.fr\\\/?p=17024\"},\"author\":{\"name\":\"redaction2@contactfm72.fr\",\"@id\":\"https:\\\/\\\/contactfm72.fr\\\/#\\\/schema\\\/person\\\/d2ef09cdea7331b185acaddc4d14dda8\"},\"headline\":\"Le Festival &#8220;Les Trolls en folie&#8221; revient \u00e0 Jupilles\",\"datePublished\":\"2024-08-01T09:52:39+00:00\",\"dateModified\":\"2024-08-02T09:04:27+00:00\",\"mainEntityOfPage\":{\"@id\":\"https:\\\/\\\/contactfm72.fr\\\/?p=17024\"},\"wordCount\":111,\"publisher\":{\"@id\":\"https:\\\/\\\/contactfm72.fr\\\/#organization\"},\"image\":{\"@id\":\"https:\\\/\\\/contactfm72.fr\\\/?p=17024#primaryimage\"},\"thumbnailUrl\":\"https:\\\/\\\/contactfm72.fr\\\/wp-content\\\/uploads\\\/2024\\\/08\\\/Visuel-Contact-FM-51-2.png\",\"articleSection\":[\"Contact FM 72\",\"Destination vacances\"],\"inLanguage\":\"fr-FR\"},{\"@type\":\"WebPage\",\"@id\":\"https:\\\/\\\/contactfm72.fr\\\/?p=17024\",\"url\":\"https:\\\/\\\/contactfm72.fr\\\/?p=17024\",\"name\":\"Le Festival \\\"Les Trolls en folie\\\" revient \u00e0 Jupilles - Contact FM 99.3\",\"isPartOf\":{\"@id\":\"https:\\\/\\\/contactfm72.fr\\\/#website\"},\"primaryImageOfPage\":{\"@id\":\"https:\\\/\\\/contactfm72.fr\\\/?p=17024#primaryimage\"},\"image\":{\"@id\":\"https:\\\/\\\/contactfm72.fr\\\/?p=17024#primaryimage\"},\"thumbnailUrl\":\"https:\\\/\\\/contactfm72.fr\\\/wp-content\\\/uploads\\\/2024\\\/08\\\/Visuel-Contact-FM-51-2.png\",\"datePublished\":\"2024-08-01T09:52:39+00:00\",\"dateModified\":\"2024-08-02T09:04:27+00:00\",\"description\":\"Le Festival \\\"Les Trolls en Folie\\\" revient !!\u00a0Apr\u00e8s 4 ans d'absence, le festival se d\u00e9roulant \u00e0 Jupilles fait peau neuve et revient avec son lot d'animations, d'activit\u00e9s, de groupes aussi divers que vari\u00e9s mais surtout de nouveaut\u00e9s. Pour parler de la programmation, des activit\u00e9s qui se d\u00e9rouleront le samedi 3 ao\u00fbt\",\"breadcrumb\":{\"@id\":\"https:\\\/\\\/contactfm72.fr\\\/?p=17024#breadcrumb\"},\"inLanguage\":\"fr-FR\",\"potentialAction\":[{\"@type\":\"ReadAction\",\"target\":[\"https:\\\/\\\/contactfm72.fr\\\/?p=17024\"]}]},{\"@type\":\"ImageObject\",\"inLanguage\":\"fr-FR\",\"@id\":\"https:\\\/\\\/contactfm72.fr\\\/?p=17024#primaryimage\",\"url\":\"https:\\\/\\\/contactfm72.fr\\\/wp-content\\\/uploads\\\/2024\\\/08\\\/Visuel-Contact-FM-51-2.png\",\"contentUrl\":\"https:\\\/\\\/contactfm72.fr\\\/wp-content\\\/uploads\\\/2024\\\/08\\\/Visuel-Contact-FM-51-2.png\",\"width\":2016,\"height\":1512},{\"@type\":\"BreadcrumbList\",\"@id\":\"https:\\\/\\\/contactfm72.fr\\\/?p=17024#breadcrumb\",\"itemListElement\":[{\"@type\":\"ListItem\",\"position\":1,\"name\":\"Accueil\",\"item\":\"https:\\\/\\\/contactfm72.fr\\\/\"},{\"@type\":\"ListItem\",\"position\":2,\"name\":\"Le Festival &#8220;Les Trolls en folie&#8221; revient \u00e0 Jupilles\"}]},{\"@type\":\"WebSite\",\"@id\":\"https:\\\/\\\/contactfm72.fr\\\/#website\",\"url\":\"https:\\\/\\\/contactfm72.fr\\\/\",\"name\":\"Contact FM 99.3\",\"description\":\"Votre radio en vall\u00e9e du Loir\",\"publisher\":{\"@id\":\"https:\\\/\\\/contactfm72.fr\\\/#organization\"},\"potentialAction\":[{\"@type\":\"SearchAction\",\"target\":{\"@type\":\"EntryPoint\",\"urlTemplate\":\"https:\\\/\\\/contactfm72.fr\\\/?s={search_term_string}\"},\"query-input\":{\"@type\":\"PropertyValueSpecification\",\"valueRequired\":true,\"valueName\":\"search_term_string\"}}],\"inLanguage\":\"fr-FR\"},{\"@type\":\"Organization\",\"@id\":\"https:\\\/\\\/contactfm72.fr\\\/#organization\",\"name\":\"Contact FM 99.3\",\"url\":\"https:\\\/\\\/contactfm72.fr\\\/\",\"logo\":{\"@type\":\"ImageObject\",\"inLanguage\":\"fr-FR\",\"@id\":\"https:\\\/\\\/contactfm72.fr\\\/#\\\/schema\\\/logo\\\/image\\\/\",\"url\":\"https:\\\/\\\/contactfm72.fr\\\/wp-content\\\/uploads\\\/2025\\\/04\\\/2025-04-18-2.jpg\",\"contentUrl\":\"https:\\\/\\\/contactfm72.fr\\\/wp-content\\\/uploads\\\/2025\\\/04\\\/2025-04-18-2.jpg\",\"width\":680,\"height\":307,\"caption\":\"Contact FM 99.3\"},\"image\":{\"@id\":\"https:\\\/\\\/contactfm72.fr\\\/#\\\/schema\\\/logo\\\/image\\\/\"},\"sameAs\":[\"https:\\\/\\\/www.facebook.com\\\/Contactfm.Chateauduloir\",\"https:\\\/\\\/x.com\\\/contactfm72\",\"https:\\\/\\\/www.instagram.com\\\/contact.fm.72?igsh=cGhlMHQ5N2JlNnpp\",\"https:\\\/\\\/www.tiktok.com\\\/@contact.fm\"]},{\"@type\":\"Person\",\"@id\":\"https:\\\/\\\/contactfm72.fr\\\/#\\\/schema\\\/person\\\/d2ef09cdea7331b185acaddc4d14dda8\",\"name\":\"redaction2@contactfm72.fr\",\"image\":{\"@type\":\"ImageObject\",\"inLanguage\":\"fr-FR\",\"@id\":\"https:\\\/\\\/secure.gravatar.com\\\/avatar\\\/897f3d57289c1f4c62cade1c2606ba6ded18d5f1676845e668a9f21cb751c06b?s=96&d=mm&r=g\",\"url\":\"https:\\\/\\\/secure.gravatar.com\\\/avatar\\\/897f3d57289c1f4c62cade1c2606ba6ded18d5f1676845e668a9f21cb751c06b?s=96&d=mm&r=g\",\"contentUrl\":\"https:\\\/\\\/secure.gravatar.com\\\/avatar\\\/897f3d57289c1f4c62cade1c2606ba6ded18d5f1676845e668a9f21cb751c06b?s=96&d=mm&r=g\",\"caption\":\"redaction2@contactfm72.fr\"},\"url\":\"https:\\\/\\\/contactfm72.fr\\\/?author=5\"}]}<\/script>\n<!-- \/ Yoast SEO plugin. -->","yoast_head_json":{"title":"Le Festival \"Les Trolls en folie\" revient \u00e0 Jupilles - Contact FM 99.3","description":"Le Festival \"Les Trolls en Folie\" revient !!\u00a0Apr\u00e8s 4 ans d'absence, le festival se d\u00e9roulant \u00e0 Jupilles fait peau neuve et revient avec son lot d'animations, d'activit\u00e9s, de groupes aussi divers que vari\u00e9s mais surtout de nouveaut\u00e9s. Pour parler de la programmation, des activit\u00e9s qui se d\u00e9rouleront le samedi 3 ao\u00fbt","robots":{"index":"index","follow":"follow","max-snippet":"max-snippet:-1","max-image-preview":"max-image-preview:large","max-video-preview":"max-video-preview:-1"},"canonical":"https:\/\/contactfm72.fr\/?p=17024","og_locale":"fr_FR","og_type":"article","og_title":"Le Festival \"Les Trolls en folie\" revient \u00e0 Jupilles - Contact FM 99.3","og_description":"Le Festival \"Les Trolls en Folie\" revient !!\u00a0Apr\u00e8s 4 ans d'absence, le festival se d\u00e9roulant \u00e0 Jupilles fait peau neuve et revient avec son lot d'animations, d'activit\u00e9s, de groupes aussi divers que vari\u00e9s mais surtout de nouveaut\u00e9s. Pour parler de la programmation, des activit\u00e9s qui se d\u00e9rouleront le samedi 3 ao\u00fbt","og_url":"https:\/\/contactfm72.fr\/?p=17024","og_site_name":"Contact FM 99.3","article_publisher":"https:\/\/www.facebook.com\/Contactfm.Chateauduloir","article_published_time":"2024-08-01T09:52:39+00:00","article_modified_time":"2024-08-02T09:04:27+00:00","og_image":[{"width":2016,"height":1512,"url":"http:\/\/contactfm72.fr\/wp-content\/uploads\/2024\/08\/Visuel-Contact-FM-51-2.png","type":"image\/png"}],"author":"redaction2@contactfm72.fr","twitter_card":"summary_large_image","twitter_creator":"@contactfm72","twitter_site":"@contactfm72","twitter_misc":{"\u00c9crit par":"redaction2@contactfm72.fr","Dur\u00e9e de lecture estim\u00e9e":"1 minute"},"schema":{"@context":"https:\/\/schema.org","@graph":[{"@type":"Article","@id":"https:\/\/contactfm72.fr\/?p=17024#article","isPartOf":{"@id":"https:\/\/contactfm72.fr\/?p=17024"},"author":{"name":"redaction2@contactfm72.fr","@id":"https:\/\/contactfm72.fr\/#\/schema\/person\/d2ef09cdea7331b185acaddc4d14dda8"},"headline":"Le Festival &#8220;Les Trolls en folie&#8221; revient \u00e0 Jupilles","datePublished":"2024-08-01T09:52:39+00:00","dateModified":"2024-08-02T09:04:27+00:00","mainEntityOfPage":{"@id":"https:\/\/contactfm72.fr\/?p=17024"},"wordCount":111,"publisher":{"@id":"https:\/\/contactfm72.fr\/#organization"},"image":{"@id":"https:\/\/contactfm72.fr\/?p=17024#primaryimage"},"thumbnailUrl":"https:\/\/contactfm72.fr\/wp-content\/uploads\/2024\/08\/Visuel-Contact-FM-51-2.png","articleSection":["Contact FM 72","Destination vacances"],"inLanguage":"fr-FR"},{"@type":"WebPage","@id":"https:\/\/contactfm72.fr\/?p=17024","url":"https:\/\/contactfm72.fr\/?p=17024","name":"Le Festival \"Les Trolls en folie\" revient \u00e0 Jupilles - Contact FM 99.3","isPartOf":{"@id":"https:\/\/contactfm72.fr\/#website"},"primaryImageOfPage":{"@id":"https:\/\/contactfm72.fr\/?p=17024#primaryimage"},"image":{"@id":"https:\/\/contactfm72.fr\/?p=17024#primaryimage"},"thumbnailUrl":"https:\/\/contactfm72.fr\/wp-content\/uploads\/2024\/08\/Visuel-Contact-FM-51-2.png","datePublished":"2024-08-01T09:52:39+00:00","dateModified":"2024-08-02T09:04:27+00:00","description":"Le Festival \"Les Trolls en Folie\" revient !!\u00a0Apr\u00e8s 4 ans d'absence, le festival se d\u00e9roulant \u00e0 Jupilles fait peau neuve et revient avec son lot d'animations, d'activit\u00e9s, de groupes aussi divers que vari\u00e9s mais surtout de nouveaut\u00e9s. Pour parler de la programmation, des activit\u00e9s qui se d\u00e9rouleront le samedi 3 ao\u00fbt","breadcrumb":{"@id":"https:\/\/contactfm72.fr\/?p=17024#breadcrumb"},"inLanguage":"fr-FR","potentialAction":[{"@type":"ReadAction","target":["https:\/\/contactfm72.fr\/?p=17024"]}]},{"@type":"ImageObject","inLanguage":"fr-FR","@id":"https:\/\/contactfm72.fr\/?p=17024#primaryimage","url":"https:\/\/contactfm72.fr\/wp-content\/uploads\/2024\/08\/Visuel-Contact-FM-51-2.png","contentUrl":"https:\/\/contactfm72.fr\/wp-content\/uploads\/2024\/08\/Visuel-Contact-FM-51-2.png","width":2016,"height":1512},{"@type":"BreadcrumbList","@id":"https:\/\/contactfm72.fr\/?p=17024#breadcrumb","itemListElement":[{"@type":"ListItem","position":1,"name":"Accueil","item":"https:\/\/contactfm72.fr\/"},{"@type":"ListItem","position":2,"name":"Le Festival &#8220;Les Trolls en folie&#8221; revient \u00e0 Jupilles"}]},{"@type":"WebSite","@id":"https:\/\/contactfm72.fr\/#website","url":"https:\/\/contactfm72.fr\/","name":"Contact FM 99.3","description":"Votre radio en vall\u00e9e du Loir","publisher":{"@id":"https:\/\/contactfm72.fr\/#organization"},"potentialAction":[{"@type":"SearchAction","target":{"@type":"EntryPoint","urlTemplate":"https:\/\/contactfm72.fr\/?s={search_term_string}"},"query-input":{"@type":"PropertyValueSpecification","valueRequired":true,"valueName":"search_term_string"}}],"inLanguage":"fr-FR"},{"@type":"Organization","@id":"https:\/\/contactfm72.fr\/#organization","name":"Contact FM 99.3","url":"https:\/\/contactfm72.fr\/","logo":{"@type":"ImageObject","inLanguage":"fr-FR","@id":"https:\/\/contactfm72.fr\/#\/schema\/logo\/image\/","url":"https:\/\/contactfm72.fr\/wp-content\/uploads\/2025\/04\/2025-04-18-2.jpg","contentUrl":"https:\/\/contactfm72.fr\/wp-content\/uploads\/2025\/04\/2025-04-18-2.jpg","width":680,"height":307,"caption":"Contact FM 99.3"},"image":{"@id":"https:\/\/contactfm72.fr\/#\/schema\/logo\/image\/"},"sameAs":["https:\/\/www.facebook.com\/Contactfm.Chateauduloir","https:\/\/x.com\/contactfm72","https:\/\/www.instagram.com\/contact.fm.72?igsh=cGhlMHQ5N2JlNnpp","https:\/\/www.tiktok.com\/@contact.fm"]},{"@type":"Person","@id":"https:\/\/contactfm72.fr\/#\/schema\/person\/d2ef09cdea7331b185acaddc4d14dda8","name":"redaction2@contactfm72.fr","image":{"@type":"ImageObject","inLanguage":"fr-FR","@id":"https:\/\/secure.gravatar.com\/avatar\/897f3d57289c1f4c62cade1c2606ba6ded18d5f1676845e668a9f21cb751c06b?s=96&d=mm&r=g","url":"https:\/\/secure.gravatar.com\/avatar\/897f3d57289c1f4c62cade1c2606ba6ded18d5f1676845e668a9f21cb751c06b?s=96&d=mm&r=g","contentUrl":"https:\/\/secure.gravatar.com\/avatar\/897f3d57289c1f4c62cade1c2606ba6ded18d5f1676845e668a9f21cb751c06b?s=96&d=mm&r=g","caption":"redaction2@contactfm72.fr"},"url":"https:\/\/contactfm72.fr\/?author=5"}]}},"_links":{"self":[{"href":"https:\/\/contactfm72.fr\/index.php?rest_route=\/wp\/v2\/posts\/17024","targetHints":{"allow":["GET"]}}],"collection":[{"href":"https:\/\/contactfm72.fr\/index.php?rest_route=\/wp\/v2\/posts"}],"about":[{"href":"https:\/\/contactfm72.fr\/index.php?rest_route=\/wp\/v2\/types\/post"}],"author":[{"embeddable":true,"href":"https:\/\/contactfm72.fr\/index.php?rest_route=\/wp\/v2\/users\/5"}],"replies":[{"embeddable":true,"href":"https:\/\/contactfm72.fr\/index.php?rest_route=%2Fwp%2Fv2%2Fcomments&post=17024"}],"version-history":[{"count":1,"href":"https:\/\/contactfm72.fr\/index.php?rest_route=\/wp\/v2\/posts\/17024\/revisions"}],"predecessor-version":[{"id":17026,"href":"https:\/\/contactfm72.fr\/index.php?rest_route=\/wp\/v2\/posts\/17024\/revisions\/17026"}],"wp:featuredmedia":[{"embeddable":true,"href":"https:\/\/contactfm72.fr\/index.php?rest_route=\/wp\/v2\/media\/17025"}],"wp:attachment":[{"href":"https:\/\/contactfm72.fr\/index.php?rest_route=%2Fwp%2Fv2%2Fmedia&parent=17024"}],"wp:term":[{"taxonomy":"category","embeddable":true,"href":"https:\/\/contactfm72.fr\/index.php?rest_route=%2Fwp%2Fv2%2Fcategories&post=17024"},{"taxonomy":"post_tag","embeddable":true,"href":"https:\/\/contactfm72.fr\/index.php?rest_route=%2Fwp%2Fv2%2Ftags&post=17024"}],"curies":[{"name":"wp","href":"https:\/\/api.w.org\/{rel}","templated":true}]}}