{"id":16886,"date":"2024-07-04T12:50:52","date_gmt":"2024-07-04T10:50:52","guid":{"rendered":"https:\/\/contactfm72.fr\/?p=16886"},"modified":"2024-07-04T12:57:37","modified_gmt":"2024-07-04T10:57:37","slug":"communicaction-speciales-legislatives-avec-romain-lemoigne-rn-et-eric-martineau-ensemble","status":"publish","type":"post","link":"https:\/\/contactfm72.fr\/?p=16886","title":{"rendered":"&#8220;Communic&#8217;action&#8221; sp\u00e9ciales l\u00e9gislatives avec Romain Lemoigne (RN) et Eric Martineau (Ensemble)"},"content":{"rendered":"<p>A l&#8217;issue du 1er tour des \u00e9lections l\u00e9gislatives du 30 juin sur la 3e circonscription de la Sarthe, Romain Lemoigne, candidat du Rassemblement National, est arriv\u00e9 en t\u00eate avec 23 638 voix, soit 42,55% des suffrages. S&#8217;est class\u00e9 second, Eric Martineau, d\u00e9put\u00e9 sortant et candidat pour Ensemble, avec 16 209 voix et 29,17% des suffrages.<\/p>\n<p>Contact FM vous propose de r\u00e9\u00e9couter ces deux candidats qui se pr\u00e9senteront aux \u00e9lecteurs dimanche 7 juillet dans &#8220;Communic&#8217;action&#8221; jeudi 4 juillet \u00e0 14h.<\/p>\n<p>&nbsp;<\/p>\n<div id=\"audioigniter-283\" class=\"audioigniter-root \" data-player-type=\"full\" data-tracks-url=\"https:\/\/contactfm72.fr\/?audioigniter_playlist_id=283\" data-display-track-no=\"false\" data-reverse-track-order=\"false\" data-display-tracklist-covers=\"false\" data-display-active-cover=\"false\" data-display-artist-names=\"false\" data-display-buy-buttons=\"true\" data-buy-buttons-target=\"false\" data-cycle-tracks=\"false\" data-display-credits=\"false\" data-display-tracklist=\"true\" data-allow-tracklist-toggle=\"false\" data-allow-tracklist-loop=\"true\" data-limit-tracklist-height=\"true\" data-volume=\"100\" data-tracklist-height=\"185\" data-allow-track-loop=\"false\" ><\/div>\n<!-- AddThis Advanced Settings generic via filter on the_content --><!-- AddThis Share Buttons generic via filter on the_content -->","protected":false},"excerpt":{"rendered":"<p>A l&#8217;issue du 1er tour des \u00e9lections l\u00e9gislatives du 30 juin sur la 3e circonscription de la Sarthe, Romain Lemoigne, candidat du Rassemblement National, est arriv\u00e9 en t\u00eate avec 23 638 voix, soit 42,55% des suffrages. S&#8217;est class\u00e9 second, Eric Martineau, d\u00e9put\u00e9 sortant et candidat pour Ensemble, avec 16 209 voix et 29,17% des suffrages.&hellip;<!-- AddThis Advanced Settings generic via filter on get_the_excerpt --><!-- AddThis Share Buttons generic via filter on get_the_excerpt --><\/p>\n","protected":false},"author":4,"featured_media":16887,"comment_status":"closed","ping_status":"open","sticky":false,"template":"","format":"standard","meta":{"footnotes":""},"categories":[21,1],"tags":[],"class_list":["post-16886","post","type-post","status-publish","format-standard","has-post-thumbnail","hentry","category-communicaction","category-contact-fm-72","category-21","category-1","description-off"],"yoast_head":"<!-- This site is optimized with the Yoast SEO plugin v27.4 - https:\/\/yoast.com\/product\/yoast-seo-wordpress\/ -->\n<title>&quot;Communic&#039;action&quot; sp\u00e9ciales l\u00e9gislatives avec Romain Lemoigne (RN) et Eric Martineau (Ensemble) - Contact FM 99.3<\/title>\n<meta name=\"robots\" content=\"index, follow, max-snippet:-1, max-image-preview:large, max-video-preview:-1\" \/>\n<link rel=\"canonical\" href=\"https:\/\/contactfm72.fr\/?p=16886\" \/>\n<meta property=\"og:locale\" content=\"fr_FR\" \/>\n<meta property=\"og:type\" content=\"article\" \/>\n<meta property=\"og:title\" content=\"&quot;Communic&#039;action&quot; sp\u00e9ciales l\u00e9gislatives avec Romain Lemoigne (RN) et Eric Martineau (Ensemble) - Contact FM 99.3\" \/>\n<meta property=\"og:description\" content=\"A l&#8217;issue du 1er tour des \u00e9lections l\u00e9gislatives du 30 juin sur la 3e circonscription de la Sarthe, Romain Lemoigne, candidat du Rassemblement National, est arriv\u00e9 en t\u00eate avec 23 638 voix, soit 42,55% des suffrages. S&#8217;est class\u00e9 second, Eric Martineau, d\u00e9put\u00e9 sortant et candidat pour Ensemble, avec 16 209 voix et 29,17% des suffrages.&hellip;\" \/>\n<meta property=\"og:url\" content=\"https:\/\/contactfm72.fr\/?p=16886\" \/>\n<meta property=\"og:site_name\" content=\"Contact FM 99.3\" \/>\n<meta property=\"article:publisher\" content=\"https:\/\/www.facebook.com\/Contactfm.Chateauduloir\" \/>\n<meta property=\"article:published_time\" content=\"2024-07-04T10:50:52+00:00\" \/>\n<meta property=\"article:modified_time\" content=\"2024-07-04T10:57:37+00:00\" \/>\n<meta property=\"og:image\" content=\"http:\/\/contactfm72.fr\/wp-content\/uploads\/2024\/07\/k2q9qcpJ.jpg\" \/>\n\t<meta property=\"og:image:width\" content=\"1366\" \/>\n\t<meta property=\"og:image:height\" content=\"768\" \/>\n\t<meta property=\"og:image:type\" content=\"image\/jpeg\" \/>\n<meta name=\"author\" content=\"Val\u00e9rie C.\" \/>\n<meta name=\"twitter:card\" content=\"summary_large_image\" \/>\n<meta name=\"twitter:creator\" content=\"@contactfm72\" \/>\n<meta name=\"twitter:site\" content=\"@contactfm72\" \/>\n<meta name=\"twitter:label1\" content=\"\u00c9crit par\" \/>\n\t<meta name=\"twitter:data1\" content=\"Val\u00e9rie C.\" \/>\n\t<meta name=\"twitter:label2\" content=\"Dur\u00e9e de lecture estim\u00e9e\" \/>\n\t<meta name=\"twitter:data2\" content=\"1 minute\" \/>\n<script type=\"application\/ld+json\" class=\"yoast-schema-graph\">{\"@context\":\"https:\\\/\\\/schema.org\",\"@graph\":[{\"@type\":\"Article\",\"@id\":\"https:\\\/\\\/contactfm72.fr\\\/?p=16886#article\",\"isPartOf\":{\"@id\":\"https:\\\/\\\/contactfm72.fr\\\/?p=16886\"},\"author\":{\"name\":\"Val\u00e9rie C.\",\"@id\":\"https:\\\/\\\/contactfm72.fr\\\/#\\\/schema\\\/person\\\/9fdc9d1c2eb029354a4f1535b90ba82d\"},\"headline\":\"&#8220;Communic&#8217;action&#8221; sp\u00e9ciales l\u00e9gislatives avec Romain Lemoigne (RN) et Eric Martineau (Ensemble)\",\"datePublished\":\"2024-07-04T10:50:52+00:00\",\"dateModified\":\"2024-07-04T10:57:37+00:00\",\"mainEntityOfPage\":{\"@id\":\"https:\\\/\\\/contactfm72.fr\\\/?p=16886\"},\"wordCount\":95,\"publisher\":{\"@id\":\"https:\\\/\\\/contactfm72.fr\\\/#organization\"},\"image\":{\"@id\":\"https:\\\/\\\/contactfm72.fr\\\/?p=16886#primaryimage\"},\"thumbnailUrl\":\"https:\\\/\\\/contactfm72.fr\\\/wp-content\\\/uploads\\\/2024\\\/07\\\/k2q9qcpJ.jpg\",\"articleSection\":[\"Communic'Action\",\"Contact FM 72\"],\"inLanguage\":\"fr-FR\"},{\"@type\":\"WebPage\",\"@id\":\"https:\\\/\\\/contactfm72.fr\\\/?p=16886\",\"url\":\"https:\\\/\\\/contactfm72.fr\\\/?p=16886\",\"name\":\"\\\"Communic'action\\\" sp\u00e9ciales l\u00e9gislatives avec Romain Lemoigne (RN) et Eric Martineau (Ensemble) - Contact FM 99.3\",\"isPartOf\":{\"@id\":\"https:\\\/\\\/contactfm72.fr\\\/#website\"},\"primaryImageOfPage\":{\"@id\":\"https:\\\/\\\/contactfm72.fr\\\/?p=16886#primaryimage\"},\"image\":{\"@id\":\"https:\\\/\\\/contactfm72.fr\\\/?p=16886#primaryimage\"},\"thumbnailUrl\":\"https:\\\/\\\/contactfm72.fr\\\/wp-content\\\/uploads\\\/2024\\\/07\\\/k2q9qcpJ.jpg\",\"datePublished\":\"2024-07-04T10:50:52+00:00\",\"dateModified\":\"2024-07-04T10:57:37+00:00\",\"breadcrumb\":{\"@id\":\"https:\\\/\\\/contactfm72.fr\\\/?p=16886#breadcrumb\"},\"inLanguage\":\"fr-FR\",\"potentialAction\":[{\"@type\":\"ReadAction\",\"target\":[\"https:\\\/\\\/contactfm72.fr\\\/?p=16886\"]}]},{\"@type\":\"ImageObject\",\"inLanguage\":\"fr-FR\",\"@id\":\"https:\\\/\\\/contactfm72.fr\\\/?p=16886#primaryimage\",\"url\":\"https:\\\/\\\/contactfm72.fr\\\/wp-content\\\/uploads\\\/2024\\\/07\\\/k2q9qcpJ.jpg\",\"contentUrl\":\"https:\\\/\\\/contactfm72.fr\\\/wp-content\\\/uploads\\\/2024\\\/07\\\/k2q9qcpJ.jpg\",\"width\":1366,\"height\":768},{\"@type\":\"BreadcrumbList\",\"@id\":\"https:\\\/\\\/contactfm72.fr\\\/?p=16886#breadcrumb\",\"itemListElement\":[{\"@type\":\"ListItem\",\"position\":1,\"name\":\"Accueil\",\"item\":\"https:\\\/\\\/contactfm72.fr\\\/\"},{\"@type\":\"ListItem\",\"position\":2,\"name\":\"&#8220;Communic&#8217;action&#8221; sp\u00e9ciales l\u00e9gislatives avec Romain Lemoigne (RN) et Eric Martineau (Ensemble)\"}]},{\"@type\":\"WebSite\",\"@id\":\"https:\\\/\\\/contactfm72.fr\\\/#website\",\"url\":\"https:\\\/\\\/contactfm72.fr\\\/\",\"name\":\"Contact FM 99.3\",\"description\":\"Votre radio en vall\u00e9e du Loir\",\"publisher\":{\"@id\":\"https:\\\/\\\/contactfm72.fr\\\/#organization\"},\"potentialAction\":[{\"@type\":\"SearchAction\",\"target\":{\"@type\":\"EntryPoint\",\"urlTemplate\":\"https:\\\/\\\/contactfm72.fr\\\/?s={search_term_string}\"},\"query-input\":{\"@type\":\"PropertyValueSpecification\",\"valueRequired\":true,\"valueName\":\"search_term_string\"}}],\"inLanguage\":\"fr-FR\"},{\"@type\":\"Organization\",\"@id\":\"https:\\\/\\\/contactfm72.fr\\\/#organization\",\"name\":\"Contact FM 99.3\",\"url\":\"https:\\\/\\\/contactfm72.fr\\\/\",\"logo\":{\"@type\":\"ImageObject\",\"inLanguage\":\"fr-FR\",\"@id\":\"https:\\\/\\\/contactfm72.fr\\\/#\\\/schema\\\/logo\\\/image\\\/\",\"url\":\"https:\\\/\\\/contactfm72.fr\\\/wp-content\\\/uploads\\\/2025\\\/04\\\/2025-04-18-2.jpg\",\"contentUrl\":\"https:\\\/\\\/contactfm72.fr\\\/wp-content\\\/uploads\\\/2025\\\/04\\\/2025-04-18-2.jpg\",\"width\":680,\"height\":307,\"caption\":\"Contact FM 99.3\"},\"image\":{\"@id\":\"https:\\\/\\\/contactfm72.fr\\\/#\\\/schema\\\/logo\\\/image\\\/\"},\"sameAs\":[\"https:\\\/\\\/www.facebook.com\\\/Contactfm.Chateauduloir\",\"https:\\\/\\\/x.com\\\/contactfm72\",\"https:\\\/\\\/www.instagram.com\\\/contact.fm.72?igsh=cGhlMHQ5N2JlNnpp\",\"https:\\\/\\\/www.tiktok.com\\\/@contact.fm\"]},{\"@type\":\"Person\",\"@id\":\"https:\\\/\\\/contactfm72.fr\\\/#\\\/schema\\\/person\\\/9fdc9d1c2eb029354a4f1535b90ba82d\",\"name\":\"Val\u00e9rie C.\",\"image\":{\"@type\":\"ImageObject\",\"inLanguage\":\"fr-FR\",\"@id\":\"https:\\\/\\\/secure.gravatar.com\\\/avatar\\\/2f8aa28f8dfbd7d4420afd1fdcdd0a349923e2c8a38ab28198b0f9d0601e4737?s=96&d=mm&r=g\",\"url\":\"https:\\\/\\\/secure.gravatar.com\\\/avatar\\\/2f8aa28f8dfbd7d4420afd1fdcdd0a349923e2c8a38ab28198b0f9d0601e4737?s=96&d=mm&r=g\",\"contentUrl\":\"https:\\\/\\\/secure.gravatar.com\\\/avatar\\\/2f8aa28f8dfbd7d4420afd1fdcdd0a349923e2c8a38ab28198b0f9d0601e4737?s=96&d=mm&r=g\",\"caption\":\"Val\u00e9rie C.\"},\"url\":\"https:\\\/\\\/contactfm72.fr\\\/?author=4\"}]}<\/script>\n<!-- \/ Yoast SEO plugin. -->","yoast_head_json":{"title":"\"Communic'action\" sp\u00e9ciales l\u00e9gislatives avec Romain Lemoigne (RN) et Eric Martineau (Ensemble) - Contact FM 99.3","robots":{"index":"index","follow":"follow","max-snippet":"max-snippet:-1","max-image-preview":"max-image-preview:large","max-video-preview":"max-video-preview:-1"},"canonical":"https:\/\/contactfm72.fr\/?p=16886","og_locale":"fr_FR","og_type":"article","og_title":"\"Communic'action\" sp\u00e9ciales l\u00e9gislatives avec Romain Lemoigne (RN) et Eric Martineau (Ensemble) - Contact FM 99.3","og_description":"A l&#8217;issue du 1er tour des \u00e9lections l\u00e9gislatives du 30 juin sur la 3e circonscription de la Sarthe, Romain Lemoigne, candidat du Rassemblement National, est arriv\u00e9 en t\u00eate avec 23 638 voix, soit 42,55% des suffrages. S&#8217;est class\u00e9 second, Eric Martineau, d\u00e9put\u00e9 sortant et candidat pour Ensemble, avec 16 209 voix et 29,17% des suffrages.&hellip;","og_url":"https:\/\/contactfm72.fr\/?p=16886","og_site_name":"Contact FM 99.3","article_publisher":"https:\/\/www.facebook.com\/Contactfm.Chateauduloir","article_published_time":"2024-07-04T10:50:52+00:00","article_modified_time":"2024-07-04T10:57:37+00:00","og_image":[{"width":1366,"height":768,"url":"http:\/\/contactfm72.fr\/wp-content\/uploads\/2024\/07\/k2q9qcpJ.jpg","type":"image\/jpeg"}],"author":"Val\u00e9rie C.","twitter_card":"summary_large_image","twitter_creator":"@contactfm72","twitter_site":"@contactfm72","twitter_misc":{"\u00c9crit par":"Val\u00e9rie C.","Dur\u00e9e de lecture estim\u00e9e":"1 minute"},"schema":{"@context":"https:\/\/schema.org","@graph":[{"@type":"Article","@id":"https:\/\/contactfm72.fr\/?p=16886#article","isPartOf":{"@id":"https:\/\/contactfm72.fr\/?p=16886"},"author":{"name":"Val\u00e9rie C.","@id":"https:\/\/contactfm72.fr\/#\/schema\/person\/9fdc9d1c2eb029354a4f1535b90ba82d"},"headline":"&#8220;Communic&#8217;action&#8221; sp\u00e9ciales l\u00e9gislatives avec Romain Lemoigne (RN) et Eric Martineau (Ensemble)","datePublished":"2024-07-04T10:50:52+00:00","dateModified":"2024-07-04T10:57:37+00:00","mainEntityOfPage":{"@id":"https:\/\/contactfm72.fr\/?p=16886"},"wordCount":95,"publisher":{"@id":"https:\/\/contactfm72.fr\/#organization"},"image":{"@id":"https:\/\/contactfm72.fr\/?p=16886#primaryimage"},"thumbnailUrl":"https:\/\/contactfm72.fr\/wp-content\/uploads\/2024\/07\/k2q9qcpJ.jpg","articleSection":["Communic'Action","Contact FM 72"],"inLanguage":"fr-FR"},{"@type":"WebPage","@id":"https:\/\/contactfm72.fr\/?p=16886","url":"https:\/\/contactfm72.fr\/?p=16886","name":"\"Communic'action\" sp\u00e9ciales l\u00e9gislatives avec Romain Lemoigne (RN) et Eric Martineau (Ensemble) - Contact FM 99.3","isPartOf":{"@id":"https:\/\/contactfm72.fr\/#website"},"primaryImageOfPage":{"@id":"https:\/\/contactfm72.fr\/?p=16886#primaryimage"},"image":{"@id":"https:\/\/contactfm72.fr\/?p=16886#primaryimage"},"thumbnailUrl":"https:\/\/contactfm72.fr\/wp-content\/uploads\/2024\/07\/k2q9qcpJ.jpg","datePublished":"2024-07-04T10:50:52+00:00","dateModified":"2024-07-04T10:57:37+00:00","breadcrumb":{"@id":"https:\/\/contactfm72.fr\/?p=16886#breadcrumb"},"inLanguage":"fr-FR","potentialAction":[{"@type":"ReadAction","target":["https:\/\/contactfm72.fr\/?p=16886"]}]},{"@type":"ImageObject","inLanguage":"fr-FR","@id":"https:\/\/contactfm72.fr\/?p=16886#primaryimage","url":"https:\/\/contactfm72.fr\/wp-content\/uploads\/2024\/07\/k2q9qcpJ.jpg","contentUrl":"https:\/\/contactfm72.fr\/wp-content\/uploads\/2024\/07\/k2q9qcpJ.jpg","width":1366,"height":768},{"@type":"BreadcrumbList","@id":"https:\/\/contactfm72.fr\/?p=16886#breadcrumb","itemListElement":[{"@type":"ListItem","position":1,"name":"Accueil","item":"https:\/\/contactfm72.fr\/"},{"@type":"ListItem","position":2,"name":"&#8220;Communic&#8217;action&#8221; sp\u00e9ciales l\u00e9gislatives avec Romain Lemoigne (RN) et Eric Martineau (Ensemble)"}]},{"@type":"WebSite","@id":"https:\/\/contactfm72.fr\/#website","url":"https:\/\/contactfm72.fr\/","name":"Contact FM 99.3","description":"Votre radio en vall\u00e9e du Loir","publisher":{"@id":"https:\/\/contactfm72.fr\/#organization"},"potentialAction":[{"@type":"SearchAction","target":{"@type":"EntryPoint","urlTemplate":"https:\/\/contactfm72.fr\/?s={search_term_string}"},"query-input":{"@type":"PropertyValueSpecification","valueRequired":true,"valueName":"search_term_string"}}],"inLanguage":"fr-FR"},{"@type":"Organization","@id":"https:\/\/contactfm72.fr\/#organization","name":"Contact FM 99.3","url":"https:\/\/contactfm72.fr\/","logo":{"@type":"ImageObject","inLanguage":"fr-FR","@id":"https:\/\/contactfm72.fr\/#\/schema\/logo\/image\/","url":"https:\/\/contactfm72.fr\/wp-content\/uploads\/2025\/04\/2025-04-18-2.jpg","contentUrl":"https:\/\/contactfm72.fr\/wp-content\/uploads\/2025\/04\/2025-04-18-2.jpg","width":680,"height":307,"caption":"Contact FM 99.3"},"image":{"@id":"https:\/\/contactfm72.fr\/#\/schema\/logo\/image\/"},"sameAs":["https:\/\/www.facebook.com\/Contactfm.Chateauduloir","https:\/\/x.com\/contactfm72","https:\/\/www.instagram.com\/contact.fm.72?igsh=cGhlMHQ5N2JlNnpp","https:\/\/www.tiktok.com\/@contact.fm"]},{"@type":"Person","@id":"https:\/\/contactfm72.fr\/#\/schema\/person\/9fdc9d1c2eb029354a4f1535b90ba82d","name":"Val\u00e9rie C.","image":{"@type":"ImageObject","inLanguage":"fr-FR","@id":"https:\/\/secure.gravatar.com\/avatar\/2f8aa28f8dfbd7d4420afd1fdcdd0a349923e2c8a38ab28198b0f9d0601e4737?s=96&d=mm&r=g","url":"https:\/\/secure.gravatar.com\/avatar\/2f8aa28f8dfbd7d4420afd1fdcdd0a349923e2c8a38ab28198b0f9d0601e4737?s=96&d=mm&r=g","contentUrl":"https:\/\/secure.gravatar.com\/avatar\/2f8aa28f8dfbd7d4420afd1fdcdd0a349923e2c8a38ab28198b0f9d0601e4737?s=96&d=mm&r=g","caption":"Val\u00e9rie C."},"url":"https:\/\/contactfm72.fr\/?author=4"}]}},"_links":{"self":[{"href":"https:\/\/contactfm72.fr\/index.php?rest_route=\/wp\/v2\/posts\/16886","targetHints":{"allow":["GET"]}}],"collection":[{"href":"https:\/\/contactfm72.fr\/index.php?rest_route=\/wp\/v2\/posts"}],"about":[{"href":"https:\/\/contactfm72.fr\/index.php?rest_route=\/wp\/v2\/types\/post"}],"author":[{"embeddable":true,"href":"https:\/\/contactfm72.fr\/index.php?rest_route=\/wp\/v2\/users\/4"}],"replies":[{"embeddable":true,"href":"https:\/\/contactfm72.fr\/index.php?rest_route=%2Fwp%2Fv2%2Fcomments&post=16886"}],"version-history":[{"count":3,"href":"https:\/\/contactfm72.fr\/index.php?rest_route=\/wp\/v2\/posts\/16886\/revisions"}],"predecessor-version":[{"id":16890,"href":"https:\/\/contactfm72.fr\/index.php?rest_route=\/wp\/v2\/posts\/16886\/revisions\/16890"}],"wp:featuredmedia":[{"embeddable":true,"href":"https:\/\/contactfm72.fr\/index.php?rest_route=\/wp\/v2\/media\/16887"}],"wp:attachment":[{"href":"https:\/\/contactfm72.fr\/index.php?rest_route=%2Fwp%2Fv2%2Fmedia&parent=16886"}],"wp:term":[{"taxonomy":"category","embeddable":true,"href":"https:\/\/contactfm72.fr\/index.php?rest_route=%2Fwp%2Fv2%2Fcategories&post=16886"},{"taxonomy":"post_tag","embeddable":true,"href":"https:\/\/contactfm72.fr\/index.php?rest_route=%2Fwp%2Fv2%2Ftags&post=16886"}],"curies":[{"name":"wp","href":"https:\/\/api.w.org\/{rel}","templated":true}]}}