{"id":16036,"date":"2024-04-02T15:04:33","date_gmt":"2024-04-02T13:04:33","guid":{"rendered":"https:\/\/contactfm72.fr\/?p=16036"},"modified":"2024-04-02T15:40:31","modified_gmt":"2024-04-02T13:40:31","slug":"le-chien-gerard-est-a-ladoption-dans-la-chronique-nouvelle-chance","status":"publish","type":"post","link":"https:\/\/contactfm72.fr\/?p=16036","title":{"rendered":"Le chien G\u00c9RARD est \u00e0 l\u2019adoption dans la chronique \u201cNouvelle chance\u201d"},"content":{"rendered":"<p>La chronique hebdomadaire \u201cNouvelle chance\u201d pr\u00e9sente chaque mercredi et samedi \u00e0 8h15 et 17h15, un animal mis \u00e0 l\u2019adoption par le refuge SPA de la Sarthe \u00e0 Yvr\u00e9 l\u2019\u00c9v\u00eaque.<\/p>\n<p>Cette semaine, je vous pr\u00e9sente G\u00c9RARD, un m\u00e2le berger crois\u00e9, n\u00e9 en juin 2022. Il est arriv\u00e9 au refuge suite \u00e0 son passage par la fourri\u00e8re, personne n&#8217;\u00e9tant venu le r\u00e9cup\u00e9rer. Tr\u00e8s gentil et affectueux, il ne comprend pas ce qu&#8217;il fait l\u00e0 et attend avec impatience sa nouvelle famille qui lui offrira la belle vie tant d\u00e9sir\u00e9e et m\u00e9rit\u00e9e. Dynamique, ce chien reste encore \u00e0 \u00e9duquer, c&#8217;est pourquoi il lui faudra un foyer qui lui propose beaucoup d&#8217;activit\u00e9s. Si vous partagez d\u00e9j\u00e0 votre quotidien avec un chien, G\u00e9rard pourra \u00e9ventuellement s&#8217;entendre avec une femelle, par contre il faut \u00e9viter les chats.<\/p>\n<p>&nbsp;<\/p>\n<div id=\"audioigniter-10864\" class=\"audioigniter-root \" data-player-type=\"full\" data-tracks-url=\"https:\/\/contactfm72.fr\/?audioigniter_playlist_id=10864\" data-display-track-no=\"false\" data-reverse-track-order=\"false\" data-display-tracklist-covers=\"false\" data-display-active-cover=\"false\" data-display-artist-names=\"false\" data-display-buy-buttons=\"true\" data-buy-buttons-target=\"false\" data-cycle-tracks=\"false\" data-display-credits=\"false\" data-display-tracklist=\"true\" data-allow-tracklist-toggle=\"true\" data-allow-tracklist-loop=\"true\" data-limit-tracklist-height=\"true\" data-volume=\"100\" data-tracklist-height=\"185\" data-allow-track-loop=\"false\" ><\/div>\n<!-- AddThis Advanced Settings generic via filter on the_content --><!-- AddThis Share Buttons generic via filter on the_content -->","protected":false},"excerpt":{"rendered":"<p>La chronique hebdomadaire \u201cNouvelle chance\u201d pr\u00e9sente chaque mercredi et samedi \u00e0 8h15 et 17h15, un animal mis \u00e0 l\u2019adoption par le refuge SPA de la Sarthe \u00e0 Yvr\u00e9 l\u2019\u00c9v\u00eaque. Cette semaine, je vous pr\u00e9sente G\u00c9RARD, un m\u00e2le berger crois\u00e9, n\u00e9 en juin 2022. Il est arriv\u00e9 au refuge suite \u00e0 son passage par la fourri\u00e8re,&hellip;<!-- AddThis Advanced Settings generic via filter on get_the_excerpt --><!-- AddThis Share Buttons generic via filter on get_the_excerpt --><\/p>\n","protected":false},"author":4,"featured_media":16038,"comment_status":"closed","ping_status":"open","sticky":false,"template":"","format":"standard","meta":{"footnotes":""},"categories":[1,78],"tags":[],"class_list":["post-16036","post","type-post","status-publish","format-standard","has-post-thumbnail","hentry","category-contact-fm-72","category-nouvelle-chance","category-1","category-78","description-off"],"yoast_head":"<!-- This site is optimized with the Yoast SEO plugin v27.4 - https:\/\/yoast.com\/product\/yoast-seo-wordpress\/ -->\n<title>Le chien G\u00c9RARD est \u00e0 l\u2019adoption dans la chronique \u201cNouvelle chance\u201d - Contact FM 99.3<\/title>\n<meta name=\"robots\" content=\"index, follow, max-snippet:-1, max-image-preview:large, max-video-preview:-1\" \/>\n<link rel=\"canonical\" href=\"https:\/\/contactfm72.fr\/?p=16036\" \/>\n<meta property=\"og:locale\" content=\"fr_FR\" \/>\n<meta property=\"og:type\" content=\"article\" \/>\n<meta property=\"og:title\" content=\"Le chien G\u00c9RARD est \u00e0 l\u2019adoption dans la chronique \u201cNouvelle chance\u201d - Contact FM 99.3\" \/>\n<meta property=\"og:description\" content=\"La chronique hebdomadaire \u201cNouvelle chance\u201d pr\u00e9sente chaque mercredi et samedi \u00e0 8h15 et 17h15, un animal mis \u00e0 l\u2019adoption par le refuge SPA de la Sarthe \u00e0 Yvr\u00e9 l\u2019\u00c9v\u00eaque. Cette semaine, je vous pr\u00e9sente G\u00c9RARD, un m\u00e2le berger crois\u00e9, n\u00e9 en juin 2022. Il est arriv\u00e9 au refuge suite \u00e0 son passage par la fourri\u00e8re,&hellip;\" \/>\n<meta property=\"og:url\" content=\"https:\/\/contactfm72.fr\/?p=16036\" \/>\n<meta property=\"og:site_name\" content=\"Contact FM 99.3\" \/>\n<meta property=\"article:publisher\" content=\"https:\/\/www.facebook.com\/Contactfm.Chateauduloir\" \/>\n<meta property=\"article:published_time\" content=\"2024-04-02T13:04:33+00:00\" \/>\n<meta property=\"article:modified_time\" content=\"2024-04-02T13:40:31+00:00\" \/>\n<meta property=\"og:image\" content=\"http:\/\/contactfm72.fr\/wp-content\/uploads\/2024\/04\/640824_638341998985905465.jpeg\" \/>\n\t<meta property=\"og:image:width\" content=\"1000\" \/>\n\t<meta property=\"og:image:height\" content=\"750\" \/>\n\t<meta property=\"og:image:type\" content=\"image\/jpeg\" \/>\n<meta name=\"author\" content=\"Val\u00e9rie C.\" \/>\n<meta name=\"twitter:card\" content=\"summary_large_image\" \/>\n<meta name=\"twitter:creator\" content=\"@contactfm72\" \/>\n<meta name=\"twitter:site\" content=\"@contactfm72\" \/>\n<meta name=\"twitter:label1\" content=\"\u00c9crit par\" \/>\n\t<meta name=\"twitter:data1\" content=\"Val\u00e9rie C.\" \/>\n\t<meta name=\"twitter:label2\" content=\"Dur\u00e9e de lecture estim\u00e9e\" \/>\n\t<meta name=\"twitter:data2\" content=\"1 minute\" \/>\n<script type=\"application\/ld+json\" class=\"yoast-schema-graph\">{\"@context\":\"https:\\\/\\\/schema.org\",\"@graph\":[{\"@type\":\"Article\",\"@id\":\"https:\\\/\\\/contactfm72.fr\\\/?p=16036#article\",\"isPartOf\":{\"@id\":\"https:\\\/\\\/contactfm72.fr\\\/?p=16036\"},\"author\":{\"name\":\"Val\u00e9rie C.\",\"@id\":\"https:\\\/\\\/contactfm72.fr\\\/#\\\/schema\\\/person\\\/9fdc9d1c2eb029354a4f1535b90ba82d\"},\"headline\":\"Le chien G\u00c9RARD est \u00e0 l\u2019adoption dans la chronique \u201cNouvelle chance\u201d\",\"datePublished\":\"2024-04-02T13:04:33+00:00\",\"dateModified\":\"2024-04-02T13:40:31+00:00\",\"mainEntityOfPage\":{\"@id\":\"https:\\\/\\\/contactfm72.fr\\\/?p=16036\"},\"wordCount\":164,\"publisher\":{\"@id\":\"https:\\\/\\\/contactfm72.fr\\\/#organization\"},\"image\":{\"@id\":\"https:\\\/\\\/contactfm72.fr\\\/?p=16036#primaryimage\"},\"thumbnailUrl\":\"https:\\\/\\\/contactfm72.fr\\\/wp-content\\\/uploads\\\/2024\\\/04\\\/640824_638341998985905465.jpeg\",\"articleSection\":[\"Contact FM 72\",\"Nouvelle chance\"],\"inLanguage\":\"fr-FR\"},{\"@type\":\"WebPage\",\"@id\":\"https:\\\/\\\/contactfm72.fr\\\/?p=16036\",\"url\":\"https:\\\/\\\/contactfm72.fr\\\/?p=16036\",\"name\":\"Le chien G\u00c9RARD est \u00e0 l\u2019adoption dans la chronique \u201cNouvelle chance\u201d - Contact FM 99.3\",\"isPartOf\":{\"@id\":\"https:\\\/\\\/contactfm72.fr\\\/#website\"},\"primaryImageOfPage\":{\"@id\":\"https:\\\/\\\/contactfm72.fr\\\/?p=16036#primaryimage\"},\"image\":{\"@id\":\"https:\\\/\\\/contactfm72.fr\\\/?p=16036#primaryimage\"},\"thumbnailUrl\":\"https:\\\/\\\/contactfm72.fr\\\/wp-content\\\/uploads\\\/2024\\\/04\\\/640824_638341998985905465.jpeg\",\"datePublished\":\"2024-04-02T13:04:33+00:00\",\"dateModified\":\"2024-04-02T13:40:31+00:00\",\"breadcrumb\":{\"@id\":\"https:\\\/\\\/contactfm72.fr\\\/?p=16036#breadcrumb\"},\"inLanguage\":\"fr-FR\",\"potentialAction\":[{\"@type\":\"ReadAction\",\"target\":[\"https:\\\/\\\/contactfm72.fr\\\/?p=16036\"]}]},{\"@type\":\"ImageObject\",\"inLanguage\":\"fr-FR\",\"@id\":\"https:\\\/\\\/contactfm72.fr\\\/?p=16036#primaryimage\",\"url\":\"https:\\\/\\\/contactfm72.fr\\\/wp-content\\\/uploads\\\/2024\\\/04\\\/640824_638341998985905465.jpeg\",\"contentUrl\":\"https:\\\/\\\/contactfm72.fr\\\/wp-content\\\/uploads\\\/2024\\\/04\\\/640824_638341998985905465.jpeg\",\"width\":1000,\"height\":750},{\"@type\":\"BreadcrumbList\",\"@id\":\"https:\\\/\\\/contactfm72.fr\\\/?p=16036#breadcrumb\",\"itemListElement\":[{\"@type\":\"ListItem\",\"position\":1,\"name\":\"Accueil\",\"item\":\"https:\\\/\\\/contactfm72.fr\\\/\"},{\"@type\":\"ListItem\",\"position\":2,\"name\":\"Le chien G\u00c9RARD est \u00e0 l\u2019adoption dans la chronique \u201cNouvelle chance\u201d\"}]},{\"@type\":\"WebSite\",\"@id\":\"https:\\\/\\\/contactfm72.fr\\\/#website\",\"url\":\"https:\\\/\\\/contactfm72.fr\\\/\",\"name\":\"Contact FM 99.3\",\"description\":\"Votre radio en vall\u00e9e du Loir\",\"publisher\":{\"@id\":\"https:\\\/\\\/contactfm72.fr\\\/#organization\"},\"potentialAction\":[{\"@type\":\"SearchAction\",\"target\":{\"@type\":\"EntryPoint\",\"urlTemplate\":\"https:\\\/\\\/contactfm72.fr\\\/?s={search_term_string}\"},\"query-input\":{\"@type\":\"PropertyValueSpecification\",\"valueRequired\":true,\"valueName\":\"search_term_string\"}}],\"inLanguage\":\"fr-FR\"},{\"@type\":\"Organization\",\"@id\":\"https:\\\/\\\/contactfm72.fr\\\/#organization\",\"name\":\"Contact FM 99.3\",\"url\":\"https:\\\/\\\/contactfm72.fr\\\/\",\"logo\":{\"@type\":\"ImageObject\",\"inLanguage\":\"fr-FR\",\"@id\":\"https:\\\/\\\/contactfm72.fr\\\/#\\\/schema\\\/logo\\\/image\\\/\",\"url\":\"https:\\\/\\\/contactfm72.fr\\\/wp-content\\\/uploads\\\/2025\\\/04\\\/2025-04-18-2.jpg\",\"contentUrl\":\"https:\\\/\\\/contactfm72.fr\\\/wp-content\\\/uploads\\\/2025\\\/04\\\/2025-04-18-2.jpg\",\"width\":680,\"height\":307,\"caption\":\"Contact FM 99.3\"},\"image\":{\"@id\":\"https:\\\/\\\/contactfm72.fr\\\/#\\\/schema\\\/logo\\\/image\\\/\"},\"sameAs\":[\"https:\\\/\\\/www.facebook.com\\\/Contactfm.Chateauduloir\",\"https:\\\/\\\/x.com\\\/contactfm72\",\"https:\\\/\\\/www.instagram.com\\\/contact.fm.72?igsh=cGhlMHQ5N2JlNnpp\",\"https:\\\/\\\/www.tiktok.com\\\/@contact.fm\"]},{\"@type\":\"Person\",\"@id\":\"https:\\\/\\\/contactfm72.fr\\\/#\\\/schema\\\/person\\\/9fdc9d1c2eb029354a4f1535b90ba82d\",\"name\":\"Val\u00e9rie C.\",\"image\":{\"@type\":\"ImageObject\",\"inLanguage\":\"fr-FR\",\"@id\":\"https:\\\/\\\/secure.gravatar.com\\\/avatar\\\/2f8aa28f8dfbd7d4420afd1fdcdd0a349923e2c8a38ab28198b0f9d0601e4737?s=96&d=mm&r=g\",\"url\":\"https:\\\/\\\/secure.gravatar.com\\\/avatar\\\/2f8aa28f8dfbd7d4420afd1fdcdd0a349923e2c8a38ab28198b0f9d0601e4737?s=96&d=mm&r=g\",\"contentUrl\":\"https:\\\/\\\/secure.gravatar.com\\\/avatar\\\/2f8aa28f8dfbd7d4420afd1fdcdd0a349923e2c8a38ab28198b0f9d0601e4737?s=96&d=mm&r=g\",\"caption\":\"Val\u00e9rie C.\"},\"url\":\"https:\\\/\\\/contactfm72.fr\\\/?author=4\"}]}<\/script>\n<!-- \/ Yoast SEO plugin. -->","yoast_head_json":{"title":"Le chien G\u00c9RARD est \u00e0 l\u2019adoption dans la chronique \u201cNouvelle chance\u201d - Contact FM 99.3","robots":{"index":"index","follow":"follow","max-snippet":"max-snippet:-1","max-image-preview":"max-image-preview:large","max-video-preview":"max-video-preview:-1"},"canonical":"https:\/\/contactfm72.fr\/?p=16036","og_locale":"fr_FR","og_type":"article","og_title":"Le chien G\u00c9RARD est \u00e0 l\u2019adoption dans la chronique \u201cNouvelle chance\u201d - Contact FM 99.3","og_description":"La chronique hebdomadaire \u201cNouvelle chance\u201d pr\u00e9sente chaque mercredi et samedi \u00e0 8h15 et 17h15, un animal mis \u00e0 l\u2019adoption par le refuge SPA de la Sarthe \u00e0 Yvr\u00e9 l\u2019\u00c9v\u00eaque. Cette semaine, je vous pr\u00e9sente G\u00c9RARD, un m\u00e2le berger crois\u00e9, n\u00e9 en juin 2022. Il est arriv\u00e9 au refuge suite \u00e0 son passage par la fourri\u00e8re,&hellip;","og_url":"https:\/\/contactfm72.fr\/?p=16036","og_site_name":"Contact FM 99.3","article_publisher":"https:\/\/www.facebook.com\/Contactfm.Chateauduloir","article_published_time":"2024-04-02T13:04:33+00:00","article_modified_time":"2024-04-02T13:40:31+00:00","og_image":[{"width":1000,"height":750,"url":"http:\/\/contactfm72.fr\/wp-content\/uploads\/2024\/04\/640824_638341998985905465.jpeg","type":"image\/jpeg"}],"author":"Val\u00e9rie C.","twitter_card":"summary_large_image","twitter_creator":"@contactfm72","twitter_site":"@contactfm72","twitter_misc":{"\u00c9crit par":"Val\u00e9rie C.","Dur\u00e9e de lecture estim\u00e9e":"1 minute"},"schema":{"@context":"https:\/\/schema.org","@graph":[{"@type":"Article","@id":"https:\/\/contactfm72.fr\/?p=16036#article","isPartOf":{"@id":"https:\/\/contactfm72.fr\/?p=16036"},"author":{"name":"Val\u00e9rie C.","@id":"https:\/\/contactfm72.fr\/#\/schema\/person\/9fdc9d1c2eb029354a4f1535b90ba82d"},"headline":"Le chien G\u00c9RARD est \u00e0 l\u2019adoption dans la chronique \u201cNouvelle chance\u201d","datePublished":"2024-04-02T13:04:33+00:00","dateModified":"2024-04-02T13:40:31+00:00","mainEntityOfPage":{"@id":"https:\/\/contactfm72.fr\/?p=16036"},"wordCount":164,"publisher":{"@id":"https:\/\/contactfm72.fr\/#organization"},"image":{"@id":"https:\/\/contactfm72.fr\/?p=16036#primaryimage"},"thumbnailUrl":"https:\/\/contactfm72.fr\/wp-content\/uploads\/2024\/04\/640824_638341998985905465.jpeg","articleSection":["Contact FM 72","Nouvelle chance"],"inLanguage":"fr-FR"},{"@type":"WebPage","@id":"https:\/\/contactfm72.fr\/?p=16036","url":"https:\/\/contactfm72.fr\/?p=16036","name":"Le chien G\u00c9RARD est \u00e0 l\u2019adoption dans la chronique \u201cNouvelle chance\u201d - Contact FM 99.3","isPartOf":{"@id":"https:\/\/contactfm72.fr\/#website"},"primaryImageOfPage":{"@id":"https:\/\/contactfm72.fr\/?p=16036#primaryimage"},"image":{"@id":"https:\/\/contactfm72.fr\/?p=16036#primaryimage"},"thumbnailUrl":"https:\/\/contactfm72.fr\/wp-content\/uploads\/2024\/04\/640824_638341998985905465.jpeg","datePublished":"2024-04-02T13:04:33+00:00","dateModified":"2024-04-02T13:40:31+00:00","breadcrumb":{"@id":"https:\/\/contactfm72.fr\/?p=16036#breadcrumb"},"inLanguage":"fr-FR","potentialAction":[{"@type":"ReadAction","target":["https:\/\/contactfm72.fr\/?p=16036"]}]},{"@type":"ImageObject","inLanguage":"fr-FR","@id":"https:\/\/contactfm72.fr\/?p=16036#primaryimage","url":"https:\/\/contactfm72.fr\/wp-content\/uploads\/2024\/04\/640824_638341998985905465.jpeg","contentUrl":"https:\/\/contactfm72.fr\/wp-content\/uploads\/2024\/04\/640824_638341998985905465.jpeg","width":1000,"height":750},{"@type":"BreadcrumbList","@id":"https:\/\/contactfm72.fr\/?p=16036#breadcrumb","itemListElement":[{"@type":"ListItem","position":1,"name":"Accueil","item":"https:\/\/contactfm72.fr\/"},{"@type":"ListItem","position":2,"name":"Le chien G\u00c9RARD est \u00e0 l\u2019adoption dans la chronique \u201cNouvelle chance\u201d"}]},{"@type":"WebSite","@id":"https:\/\/contactfm72.fr\/#website","url":"https:\/\/contactfm72.fr\/","name":"Contact FM 99.3","description":"Votre radio en vall\u00e9e du Loir","publisher":{"@id":"https:\/\/contactfm72.fr\/#organization"},"potentialAction":[{"@type":"SearchAction","target":{"@type":"EntryPoint","urlTemplate":"https:\/\/contactfm72.fr\/?s={search_term_string}"},"query-input":{"@type":"PropertyValueSpecification","valueRequired":true,"valueName":"search_term_string"}}],"inLanguage":"fr-FR"},{"@type":"Organization","@id":"https:\/\/contactfm72.fr\/#organization","name":"Contact FM 99.3","url":"https:\/\/contactfm72.fr\/","logo":{"@type":"ImageObject","inLanguage":"fr-FR","@id":"https:\/\/contactfm72.fr\/#\/schema\/logo\/image\/","url":"https:\/\/contactfm72.fr\/wp-content\/uploads\/2025\/04\/2025-04-18-2.jpg","contentUrl":"https:\/\/contactfm72.fr\/wp-content\/uploads\/2025\/04\/2025-04-18-2.jpg","width":680,"height":307,"caption":"Contact FM 99.3"},"image":{"@id":"https:\/\/contactfm72.fr\/#\/schema\/logo\/image\/"},"sameAs":["https:\/\/www.facebook.com\/Contactfm.Chateauduloir","https:\/\/x.com\/contactfm72","https:\/\/www.instagram.com\/contact.fm.72?igsh=cGhlMHQ5N2JlNnpp","https:\/\/www.tiktok.com\/@contact.fm"]},{"@type":"Person","@id":"https:\/\/contactfm72.fr\/#\/schema\/person\/9fdc9d1c2eb029354a4f1535b90ba82d","name":"Val\u00e9rie C.","image":{"@type":"ImageObject","inLanguage":"fr-FR","@id":"https:\/\/secure.gravatar.com\/avatar\/2f8aa28f8dfbd7d4420afd1fdcdd0a349923e2c8a38ab28198b0f9d0601e4737?s=96&d=mm&r=g","url":"https:\/\/secure.gravatar.com\/avatar\/2f8aa28f8dfbd7d4420afd1fdcdd0a349923e2c8a38ab28198b0f9d0601e4737?s=96&d=mm&r=g","contentUrl":"https:\/\/secure.gravatar.com\/avatar\/2f8aa28f8dfbd7d4420afd1fdcdd0a349923e2c8a38ab28198b0f9d0601e4737?s=96&d=mm&r=g","caption":"Val\u00e9rie C."},"url":"https:\/\/contactfm72.fr\/?author=4"}]}},"_links":{"self":[{"href":"https:\/\/contactfm72.fr\/index.php?rest_route=\/wp\/v2\/posts\/16036","targetHints":{"allow":["GET"]}}],"collection":[{"href":"https:\/\/contactfm72.fr\/index.php?rest_route=\/wp\/v2\/posts"}],"about":[{"href":"https:\/\/contactfm72.fr\/index.php?rest_route=\/wp\/v2\/types\/post"}],"author":[{"embeddable":true,"href":"https:\/\/contactfm72.fr\/index.php?rest_route=\/wp\/v2\/users\/4"}],"replies":[{"embeddable":true,"href":"https:\/\/contactfm72.fr\/index.php?rest_route=%2Fwp%2Fv2%2Fcomments&post=16036"}],"version-history":[{"count":2,"href":"https:\/\/contactfm72.fr\/index.php?rest_route=\/wp\/v2\/posts\/16036\/revisions"}],"predecessor-version":[{"id":16039,"href":"https:\/\/contactfm72.fr\/index.php?rest_route=\/wp\/v2\/posts\/16036\/revisions\/16039"}],"wp:featuredmedia":[{"embeddable":true,"href":"https:\/\/contactfm72.fr\/index.php?rest_route=\/wp\/v2\/media\/16038"}],"wp:attachment":[{"href":"https:\/\/contactfm72.fr\/index.php?rest_route=%2Fwp%2Fv2%2Fmedia&parent=16036"}],"wp:term":[{"taxonomy":"category","embeddable":true,"href":"https:\/\/contactfm72.fr\/index.php?rest_route=%2Fwp%2Fv2%2Fcategories&post=16036"},{"taxonomy":"post_tag","embeddable":true,"href":"https:\/\/contactfm72.fr\/index.php?rest_route=%2Fwp%2Fv2%2Ftags&post=16036"}],"curies":[{"name":"wp","href":"https:\/\/api.w.org\/{rel}","templated":true}]}}