{"id":15998,"date":"2024-03-26T13:45:19","date_gmt":"2024-03-26T12:45:19","guid":{"rendered":"https:\/\/contactfm72.fr\/?p=15998"},"modified":"2024-03-26T13:45:19","modified_gmt":"2024-03-26T12:45:19","slug":"le-chien-fido-est-a-ladoption-dans-la-chronique-nouvelle-chance","status":"publish","type":"post","link":"https:\/\/contactfm72.fr\/?p=15998","title":{"rendered":"Le chien FIDO est \u00e0 l\u2019adoption dans la chronique \u201cNouvelle chance\u201d"},"content":{"rendered":"<p>La chronique hebdomadaire \u201cNouvelle chance\u201d pr\u00e9sente chaque mercredi et samedi \u00e0 8h15 et 17h15, un animal mis \u00e0 l\u2019adoption par le refuge SPA de la Sarthe \u00e0 Yvr\u00e9 l\u2019\u00c9v\u00eaque. Cette semaine, je vous pr\u00e9sente FIDO, un m\u00e2le griffon crois\u00e9, n\u00e9 en janvier 2013. Fido est un chien super sympa. Il est plut\u00f4t calme, tr\u00e8s gentil et affectueux avec l&#8217;humain. De plus, il a de tr\u00e8s bonnes bases d&#8217;\u00e9ducation et est ob\u00e9issant. Ce magnifique toutou a un gros d\u00e9faut : il ne supporte pas les chiens, ni les chats. M\u00eame s&#8217;il commence \u00e0 prendre de l&#8217;\u00e2ge, Fido reste un papi plein de vitalit\u00e9, gourmand et dynamique. Il appr\u00e9cie les promenades.<\/p>\n<p>&nbsp;<\/p>\n<div id=\"audioigniter-10864\" class=\"audioigniter-root \" data-player-type=\"full\" data-tracks-url=\"https:\/\/contactfm72.fr\/?audioigniter_playlist_id=10864\" data-display-track-no=\"false\" data-reverse-track-order=\"false\" data-display-tracklist-covers=\"false\" data-display-active-cover=\"false\" data-display-artist-names=\"false\" data-display-buy-buttons=\"true\" data-buy-buttons-target=\"false\" data-cycle-tracks=\"false\" data-display-credits=\"false\" data-display-tracklist=\"true\" data-allow-tracklist-toggle=\"true\" data-allow-tracklist-loop=\"true\" data-limit-tracklist-height=\"true\" data-volume=\"100\" data-tracklist-height=\"185\" data-allow-track-loop=\"false\" ><\/div>\n<!-- AddThis Advanced Settings generic via filter on the_content --><!-- AddThis Share Buttons generic via filter on the_content -->","protected":false},"excerpt":{"rendered":"<p>La chronique hebdomadaire \u201cNouvelle chance\u201d pr\u00e9sente chaque mercredi et samedi \u00e0 8h15 et 17h15, un animal mis \u00e0 l\u2019adoption par le refuge SPA de la Sarthe \u00e0 Yvr\u00e9 l\u2019\u00c9v\u00eaque. Cette semaine, je vous pr\u00e9sente FIDO, un m\u00e2le griffon crois\u00e9, n\u00e9 en janvier 2013. Fido est un chien super sympa. Il est plut\u00f4t calme, tr\u00e8s gentil&hellip;<!-- AddThis Advanced Settings generic via filter on get_the_excerpt --><!-- AddThis Share Buttons generic via filter on get_the_excerpt --><\/p>\n","protected":false},"author":4,"featured_media":15999,"comment_status":"closed","ping_status":"open","sticky":false,"template":"","format":"standard","meta":{"footnotes":""},"categories":[1,78],"tags":[],"class_list":["post-15998","post","type-post","status-publish","format-standard","has-post-thumbnail","hentry","category-contact-fm-72","category-nouvelle-chance","category-1","category-78","description-off"],"yoast_head":"<!-- This site is optimized with the Yoast SEO plugin v27.4 - https:\/\/yoast.com\/product\/yoast-seo-wordpress\/ -->\n<title>Le chien FIDO est \u00e0 l\u2019adoption dans la chronique \u201cNouvelle chance\u201d - Contact FM 99.3<\/title>\n<meta name=\"robots\" content=\"index, follow, max-snippet:-1, max-image-preview:large, max-video-preview:-1\" \/>\n<link rel=\"canonical\" href=\"https:\/\/contactfm72.fr\/?p=15998\" \/>\n<meta property=\"og:locale\" content=\"fr_FR\" \/>\n<meta property=\"og:type\" content=\"article\" \/>\n<meta property=\"og:title\" content=\"Le chien FIDO est \u00e0 l\u2019adoption dans la chronique \u201cNouvelle chance\u201d - Contact FM 99.3\" \/>\n<meta property=\"og:description\" content=\"La chronique hebdomadaire \u201cNouvelle chance\u201d pr\u00e9sente chaque mercredi et samedi \u00e0 8h15 et 17h15, un animal mis \u00e0 l\u2019adoption par le refuge SPA de la Sarthe \u00e0 Yvr\u00e9 l\u2019\u00c9v\u00eaque. Cette semaine, je vous pr\u00e9sente FIDO, un m\u00e2le griffon crois\u00e9, n\u00e9 en janvier 2013. Fido est un chien super sympa. Il est plut\u00f4t calme, tr\u00e8s gentil&hellip;\" \/>\n<meta property=\"og:url\" content=\"https:\/\/contactfm72.fr\/?p=15998\" \/>\n<meta property=\"og:site_name\" content=\"Contact FM 99.3\" \/>\n<meta property=\"article:publisher\" content=\"https:\/\/www.facebook.com\/Contactfm.Chateauduloir\" \/>\n<meta property=\"article:published_time\" content=\"2024-03-26T12:45:19+00:00\" \/>\n<meta property=\"og:image\" content=\"http:\/\/contactfm72.fr\/wp-content\/uploads\/2024\/03\/550564_637656817336552547.jpeg\" \/>\n\t<meta property=\"og:image:width\" content=\"1256\" \/>\n\t<meta property=\"og:image:height\" content=\"749\" \/>\n\t<meta property=\"og:image:type\" content=\"image\/jpeg\" \/>\n<meta name=\"author\" content=\"Val\u00e9rie C.\" \/>\n<meta name=\"twitter:card\" content=\"summary_large_image\" \/>\n<meta name=\"twitter:creator\" content=\"@contactfm72\" \/>\n<meta name=\"twitter:site\" content=\"@contactfm72\" \/>\n<meta name=\"twitter:label1\" content=\"\u00c9crit par\" \/>\n\t<meta name=\"twitter:data1\" content=\"Val\u00e9rie C.\" \/>\n\t<meta name=\"twitter:label2\" content=\"Dur\u00e9e de lecture estim\u00e9e\" \/>\n\t<meta name=\"twitter:data2\" content=\"1 minute\" \/>\n<script type=\"application\/ld+json\" class=\"yoast-schema-graph\">{\"@context\":\"https:\\\/\\\/schema.org\",\"@graph\":[{\"@type\":\"Article\",\"@id\":\"https:\\\/\\\/contactfm72.fr\\\/?p=15998#article\",\"isPartOf\":{\"@id\":\"https:\\\/\\\/contactfm72.fr\\\/?p=15998\"},\"author\":{\"name\":\"Val\u00e9rie C.\",\"@id\":\"https:\\\/\\\/contactfm72.fr\\\/#\\\/schema\\\/person\\\/9fdc9d1c2eb029354a4f1535b90ba82d\"},\"headline\":\"Le chien FIDO est \u00e0 l\u2019adoption dans la chronique \u201cNouvelle chance\u201d\",\"datePublished\":\"2024-03-26T12:45:19+00:00\",\"mainEntityOfPage\":{\"@id\":\"https:\\\/\\\/contactfm72.fr\\\/?p=15998\"},\"wordCount\":135,\"publisher\":{\"@id\":\"https:\\\/\\\/contactfm72.fr\\\/#organization\"},\"image\":{\"@id\":\"https:\\\/\\\/contactfm72.fr\\\/?p=15998#primaryimage\"},\"thumbnailUrl\":\"https:\\\/\\\/contactfm72.fr\\\/wp-content\\\/uploads\\\/2024\\\/03\\\/550564_637656817336552547.jpeg\",\"articleSection\":[\"Contact FM 72\",\"Nouvelle chance\"],\"inLanguage\":\"fr-FR\"},{\"@type\":\"WebPage\",\"@id\":\"https:\\\/\\\/contactfm72.fr\\\/?p=15998\",\"url\":\"https:\\\/\\\/contactfm72.fr\\\/?p=15998\",\"name\":\"Le chien FIDO est \u00e0 l\u2019adoption dans la chronique \u201cNouvelle chance\u201d - Contact FM 99.3\",\"isPartOf\":{\"@id\":\"https:\\\/\\\/contactfm72.fr\\\/#website\"},\"primaryImageOfPage\":{\"@id\":\"https:\\\/\\\/contactfm72.fr\\\/?p=15998#primaryimage\"},\"image\":{\"@id\":\"https:\\\/\\\/contactfm72.fr\\\/?p=15998#primaryimage\"},\"thumbnailUrl\":\"https:\\\/\\\/contactfm72.fr\\\/wp-content\\\/uploads\\\/2024\\\/03\\\/550564_637656817336552547.jpeg\",\"datePublished\":\"2024-03-26T12:45:19+00:00\",\"breadcrumb\":{\"@id\":\"https:\\\/\\\/contactfm72.fr\\\/?p=15998#breadcrumb\"},\"inLanguage\":\"fr-FR\",\"potentialAction\":[{\"@type\":\"ReadAction\",\"target\":[\"https:\\\/\\\/contactfm72.fr\\\/?p=15998\"]}]},{\"@type\":\"ImageObject\",\"inLanguage\":\"fr-FR\",\"@id\":\"https:\\\/\\\/contactfm72.fr\\\/?p=15998#primaryimage\",\"url\":\"https:\\\/\\\/contactfm72.fr\\\/wp-content\\\/uploads\\\/2024\\\/03\\\/550564_637656817336552547.jpeg\",\"contentUrl\":\"https:\\\/\\\/contactfm72.fr\\\/wp-content\\\/uploads\\\/2024\\\/03\\\/550564_637656817336552547.jpeg\",\"width\":1256,\"height\":749},{\"@type\":\"BreadcrumbList\",\"@id\":\"https:\\\/\\\/contactfm72.fr\\\/?p=15998#breadcrumb\",\"itemListElement\":[{\"@type\":\"ListItem\",\"position\":1,\"name\":\"Accueil\",\"item\":\"https:\\\/\\\/contactfm72.fr\\\/\"},{\"@type\":\"ListItem\",\"position\":2,\"name\":\"Le chien FIDO est \u00e0 l\u2019adoption dans la chronique \u201cNouvelle chance\u201d\"}]},{\"@type\":\"WebSite\",\"@id\":\"https:\\\/\\\/contactfm72.fr\\\/#website\",\"url\":\"https:\\\/\\\/contactfm72.fr\\\/\",\"name\":\"Contact FM 99.3\",\"description\":\"Votre radio en vall\u00e9e du Loir\",\"publisher\":{\"@id\":\"https:\\\/\\\/contactfm72.fr\\\/#organization\"},\"potentialAction\":[{\"@type\":\"SearchAction\",\"target\":{\"@type\":\"EntryPoint\",\"urlTemplate\":\"https:\\\/\\\/contactfm72.fr\\\/?s={search_term_string}\"},\"query-input\":{\"@type\":\"PropertyValueSpecification\",\"valueRequired\":true,\"valueName\":\"search_term_string\"}}],\"inLanguage\":\"fr-FR\"},{\"@type\":\"Organization\",\"@id\":\"https:\\\/\\\/contactfm72.fr\\\/#organization\",\"name\":\"Contact FM 99.3\",\"url\":\"https:\\\/\\\/contactfm72.fr\\\/\",\"logo\":{\"@type\":\"ImageObject\",\"inLanguage\":\"fr-FR\",\"@id\":\"https:\\\/\\\/contactfm72.fr\\\/#\\\/schema\\\/logo\\\/image\\\/\",\"url\":\"https:\\\/\\\/contactfm72.fr\\\/wp-content\\\/uploads\\\/2025\\\/04\\\/2025-04-18-2.jpg\",\"contentUrl\":\"https:\\\/\\\/contactfm72.fr\\\/wp-content\\\/uploads\\\/2025\\\/04\\\/2025-04-18-2.jpg\",\"width\":680,\"height\":307,\"caption\":\"Contact FM 99.3\"},\"image\":{\"@id\":\"https:\\\/\\\/contactfm72.fr\\\/#\\\/schema\\\/logo\\\/image\\\/\"},\"sameAs\":[\"https:\\\/\\\/www.facebook.com\\\/Contactfm.Chateauduloir\",\"https:\\\/\\\/x.com\\\/contactfm72\",\"https:\\\/\\\/www.instagram.com\\\/contact.fm.72?igsh=cGhlMHQ5N2JlNnpp\",\"https:\\\/\\\/www.tiktok.com\\\/@contact.fm\"]},{\"@type\":\"Person\",\"@id\":\"https:\\\/\\\/contactfm72.fr\\\/#\\\/schema\\\/person\\\/9fdc9d1c2eb029354a4f1535b90ba82d\",\"name\":\"Val\u00e9rie C.\",\"image\":{\"@type\":\"ImageObject\",\"inLanguage\":\"fr-FR\",\"@id\":\"https:\\\/\\\/secure.gravatar.com\\\/avatar\\\/2f8aa28f8dfbd7d4420afd1fdcdd0a349923e2c8a38ab28198b0f9d0601e4737?s=96&d=mm&r=g\",\"url\":\"https:\\\/\\\/secure.gravatar.com\\\/avatar\\\/2f8aa28f8dfbd7d4420afd1fdcdd0a349923e2c8a38ab28198b0f9d0601e4737?s=96&d=mm&r=g\",\"contentUrl\":\"https:\\\/\\\/secure.gravatar.com\\\/avatar\\\/2f8aa28f8dfbd7d4420afd1fdcdd0a349923e2c8a38ab28198b0f9d0601e4737?s=96&d=mm&r=g\",\"caption\":\"Val\u00e9rie C.\"},\"url\":\"https:\\\/\\\/contactfm72.fr\\\/?author=4\"}]}<\/script>\n<!-- \/ Yoast SEO plugin. -->","yoast_head_json":{"title":"Le chien FIDO est \u00e0 l\u2019adoption dans la chronique \u201cNouvelle chance\u201d - Contact FM 99.3","robots":{"index":"index","follow":"follow","max-snippet":"max-snippet:-1","max-image-preview":"max-image-preview:large","max-video-preview":"max-video-preview:-1"},"canonical":"https:\/\/contactfm72.fr\/?p=15998","og_locale":"fr_FR","og_type":"article","og_title":"Le chien FIDO est \u00e0 l\u2019adoption dans la chronique \u201cNouvelle chance\u201d - Contact FM 99.3","og_description":"La chronique hebdomadaire \u201cNouvelle chance\u201d pr\u00e9sente chaque mercredi et samedi \u00e0 8h15 et 17h15, un animal mis \u00e0 l\u2019adoption par le refuge SPA de la Sarthe \u00e0 Yvr\u00e9 l\u2019\u00c9v\u00eaque. Cette semaine, je vous pr\u00e9sente FIDO, un m\u00e2le griffon crois\u00e9, n\u00e9 en janvier 2013. Fido est un chien super sympa. Il est plut\u00f4t calme, tr\u00e8s gentil&hellip;","og_url":"https:\/\/contactfm72.fr\/?p=15998","og_site_name":"Contact FM 99.3","article_publisher":"https:\/\/www.facebook.com\/Contactfm.Chateauduloir","article_published_time":"2024-03-26T12:45:19+00:00","og_image":[{"width":1256,"height":749,"url":"http:\/\/contactfm72.fr\/wp-content\/uploads\/2024\/03\/550564_637656817336552547.jpeg","type":"image\/jpeg"}],"author":"Val\u00e9rie C.","twitter_card":"summary_large_image","twitter_creator":"@contactfm72","twitter_site":"@contactfm72","twitter_misc":{"\u00c9crit par":"Val\u00e9rie C.","Dur\u00e9e de lecture estim\u00e9e":"1 minute"},"schema":{"@context":"https:\/\/schema.org","@graph":[{"@type":"Article","@id":"https:\/\/contactfm72.fr\/?p=15998#article","isPartOf":{"@id":"https:\/\/contactfm72.fr\/?p=15998"},"author":{"name":"Val\u00e9rie C.","@id":"https:\/\/contactfm72.fr\/#\/schema\/person\/9fdc9d1c2eb029354a4f1535b90ba82d"},"headline":"Le chien FIDO est \u00e0 l\u2019adoption dans la chronique \u201cNouvelle chance\u201d","datePublished":"2024-03-26T12:45:19+00:00","mainEntityOfPage":{"@id":"https:\/\/contactfm72.fr\/?p=15998"},"wordCount":135,"publisher":{"@id":"https:\/\/contactfm72.fr\/#organization"},"image":{"@id":"https:\/\/contactfm72.fr\/?p=15998#primaryimage"},"thumbnailUrl":"https:\/\/contactfm72.fr\/wp-content\/uploads\/2024\/03\/550564_637656817336552547.jpeg","articleSection":["Contact FM 72","Nouvelle chance"],"inLanguage":"fr-FR"},{"@type":"WebPage","@id":"https:\/\/contactfm72.fr\/?p=15998","url":"https:\/\/contactfm72.fr\/?p=15998","name":"Le chien FIDO est \u00e0 l\u2019adoption dans la chronique \u201cNouvelle chance\u201d - Contact FM 99.3","isPartOf":{"@id":"https:\/\/contactfm72.fr\/#website"},"primaryImageOfPage":{"@id":"https:\/\/contactfm72.fr\/?p=15998#primaryimage"},"image":{"@id":"https:\/\/contactfm72.fr\/?p=15998#primaryimage"},"thumbnailUrl":"https:\/\/contactfm72.fr\/wp-content\/uploads\/2024\/03\/550564_637656817336552547.jpeg","datePublished":"2024-03-26T12:45:19+00:00","breadcrumb":{"@id":"https:\/\/contactfm72.fr\/?p=15998#breadcrumb"},"inLanguage":"fr-FR","potentialAction":[{"@type":"ReadAction","target":["https:\/\/contactfm72.fr\/?p=15998"]}]},{"@type":"ImageObject","inLanguage":"fr-FR","@id":"https:\/\/contactfm72.fr\/?p=15998#primaryimage","url":"https:\/\/contactfm72.fr\/wp-content\/uploads\/2024\/03\/550564_637656817336552547.jpeg","contentUrl":"https:\/\/contactfm72.fr\/wp-content\/uploads\/2024\/03\/550564_637656817336552547.jpeg","width":1256,"height":749},{"@type":"BreadcrumbList","@id":"https:\/\/contactfm72.fr\/?p=15998#breadcrumb","itemListElement":[{"@type":"ListItem","position":1,"name":"Accueil","item":"https:\/\/contactfm72.fr\/"},{"@type":"ListItem","position":2,"name":"Le chien FIDO est \u00e0 l\u2019adoption dans la chronique \u201cNouvelle chance\u201d"}]},{"@type":"WebSite","@id":"https:\/\/contactfm72.fr\/#website","url":"https:\/\/contactfm72.fr\/","name":"Contact FM 99.3","description":"Votre radio en vall\u00e9e du Loir","publisher":{"@id":"https:\/\/contactfm72.fr\/#organization"},"potentialAction":[{"@type":"SearchAction","target":{"@type":"EntryPoint","urlTemplate":"https:\/\/contactfm72.fr\/?s={search_term_string}"},"query-input":{"@type":"PropertyValueSpecification","valueRequired":true,"valueName":"search_term_string"}}],"inLanguage":"fr-FR"},{"@type":"Organization","@id":"https:\/\/contactfm72.fr\/#organization","name":"Contact FM 99.3","url":"https:\/\/contactfm72.fr\/","logo":{"@type":"ImageObject","inLanguage":"fr-FR","@id":"https:\/\/contactfm72.fr\/#\/schema\/logo\/image\/","url":"https:\/\/contactfm72.fr\/wp-content\/uploads\/2025\/04\/2025-04-18-2.jpg","contentUrl":"https:\/\/contactfm72.fr\/wp-content\/uploads\/2025\/04\/2025-04-18-2.jpg","width":680,"height":307,"caption":"Contact FM 99.3"},"image":{"@id":"https:\/\/contactfm72.fr\/#\/schema\/logo\/image\/"},"sameAs":["https:\/\/www.facebook.com\/Contactfm.Chateauduloir","https:\/\/x.com\/contactfm72","https:\/\/www.instagram.com\/contact.fm.72?igsh=cGhlMHQ5N2JlNnpp","https:\/\/www.tiktok.com\/@contact.fm"]},{"@type":"Person","@id":"https:\/\/contactfm72.fr\/#\/schema\/person\/9fdc9d1c2eb029354a4f1535b90ba82d","name":"Val\u00e9rie C.","image":{"@type":"ImageObject","inLanguage":"fr-FR","@id":"https:\/\/secure.gravatar.com\/avatar\/2f8aa28f8dfbd7d4420afd1fdcdd0a349923e2c8a38ab28198b0f9d0601e4737?s=96&d=mm&r=g","url":"https:\/\/secure.gravatar.com\/avatar\/2f8aa28f8dfbd7d4420afd1fdcdd0a349923e2c8a38ab28198b0f9d0601e4737?s=96&d=mm&r=g","contentUrl":"https:\/\/secure.gravatar.com\/avatar\/2f8aa28f8dfbd7d4420afd1fdcdd0a349923e2c8a38ab28198b0f9d0601e4737?s=96&d=mm&r=g","caption":"Val\u00e9rie C."},"url":"https:\/\/contactfm72.fr\/?author=4"}]}},"_links":{"self":[{"href":"https:\/\/contactfm72.fr\/index.php?rest_route=\/wp\/v2\/posts\/15998","targetHints":{"allow":["GET"]}}],"collection":[{"href":"https:\/\/contactfm72.fr\/index.php?rest_route=\/wp\/v2\/posts"}],"about":[{"href":"https:\/\/contactfm72.fr\/index.php?rest_route=\/wp\/v2\/types\/post"}],"author":[{"embeddable":true,"href":"https:\/\/contactfm72.fr\/index.php?rest_route=\/wp\/v2\/users\/4"}],"replies":[{"embeddable":true,"href":"https:\/\/contactfm72.fr\/index.php?rest_route=%2Fwp%2Fv2%2Fcomments&post=15998"}],"version-history":[{"count":3,"href":"https:\/\/contactfm72.fr\/index.php?rest_route=\/wp\/v2\/posts\/15998\/revisions"}],"predecessor-version":[{"id":16002,"href":"https:\/\/contactfm72.fr\/index.php?rest_route=\/wp\/v2\/posts\/15998\/revisions\/16002"}],"wp:featuredmedia":[{"embeddable":true,"href":"https:\/\/contactfm72.fr\/index.php?rest_route=\/wp\/v2\/media\/15999"}],"wp:attachment":[{"href":"https:\/\/contactfm72.fr\/index.php?rest_route=%2Fwp%2Fv2%2Fmedia&parent=15998"}],"wp:term":[{"taxonomy":"category","embeddable":true,"href":"https:\/\/contactfm72.fr\/index.php?rest_route=%2Fwp%2Fv2%2Fcategories&post=15998"},{"taxonomy":"post_tag","embeddable":true,"href":"https:\/\/contactfm72.fr\/index.php?rest_route=%2Fwp%2Fv2%2Ftags&post=15998"}],"curies":[{"name":"wp","href":"https:\/\/api.w.org\/{rel}","templated":true}]}}