{"id":15014,"date":"2023-11-13T11:04:28","date_gmt":"2023-11-13T10:04:28","guid":{"rendered":"https:\/\/contactfm72.fr\/?p=15014"},"modified":"2023-11-13T12:26:32","modified_gmt":"2023-11-13T11:26:32","slug":"le-bourgeois-gentilhomme-vendredi-sur-la-scene-de-la-castelorienne-a-montval","status":"publish","type":"post","link":"https:\/\/contactfm72.fr\/?p=15014","title":{"rendered":"Le Bourgeois Gentilhomme, vendredi sur la sc\u00e8ne de La Cast\u00e9lorienne \u00e0 Montval"},"content":{"rendered":"<p>Le service culturel de Montval-sur-Loir programme la pi\u00e8ce <em>Le Bourgeois Gentilhomme<\/em> de Moli\u00e8re, jou\u00e9e par le Th\u00e9\u00e2tre du Kronope, vendredi 17 novembre \u00e0 20h30 \u00e0 La Cast\u00e9lorienne.<\/p>\n<p>Guy Simon, le metteur en sc\u00e8ne, pr\u00e9sente cette cr\u00e9ation \u00e0 l&#8217;interpr\u00e9tation originale et masqu\u00e9e m\u00ealant acrobaties, danse et th\u00e9\u00e2tre, dans l&#8217;\u00e9mission &#8220;En coulisses&#8221;, lundi 13 novembre \u00e0 14h et mercredi 15 \u00e0 19h.<\/p>\n<p>&nbsp;<\/p>\n<div id=\"audioigniter-548\" class=\"audioigniter-root \" data-player-type=\"full\" data-tracks-url=\"https:\/\/contactfm72.fr\/?audioigniter_playlist_id=548\" data-display-track-no=\"false\" data-reverse-track-order=\"false\" data-display-tracklist-covers=\"false\" data-display-active-cover=\"false\" data-display-artist-names=\"false\" data-display-buy-buttons=\"true\" data-buy-buttons-target=\"false\" data-cycle-tracks=\"false\" data-display-credits=\"false\" data-display-tracklist=\"true\" data-allow-tracklist-toggle=\"true\" data-allow-tracklist-loop=\"true\" data-limit-tracklist-height=\"true\" data-volume=\"100\" data-tracklist-height=\"185\" data-allow-track-loop=\"false\" ><\/div>\n<!-- AddThis Advanced Settings generic via filter on the_content --><!-- AddThis Share Buttons generic via filter on the_content -->","protected":false},"excerpt":{"rendered":"<p>Le service culturel de Montval-sur-Loir programme la pi\u00e8ce Le Bourgeois Gentilhomme de Moli\u00e8re, jou\u00e9e par le Th\u00e9\u00e2tre du Kronope, vendredi 17 novembre \u00e0 20h30 \u00e0 La Cast\u00e9lorienne. Guy Simon, le metteur en sc\u00e8ne, pr\u00e9sente cette cr\u00e9ation \u00e0 l&#8217;interpr\u00e9tation originale et masqu\u00e9e m\u00ealant acrobaties, danse et th\u00e9\u00e2tre, dans l&#8217;\u00e9mission &#8220;En coulisses&#8221;, lundi 13 novembre \u00e0 14h&hellip;<!-- AddThis Advanced Settings generic via filter on get_the_excerpt --><!-- AddThis Share Buttons generic via filter on get_the_excerpt --><\/p>\n","protected":false},"author":4,"featured_media":15015,"comment_status":"closed","ping_status":"open","sticky":false,"template":"","format":"standard","meta":{"footnotes":""},"categories":[1,35],"tags":[],"class_list":["post-15014","post","type-post","status-publish","format-standard","has-post-thumbnail","hentry","category-contact-fm-72","category-en-coulisses","category-1","category-35","description-off"],"yoast_head":"<!-- This site is optimized with the Yoast SEO plugin v27.4 - https:\/\/yoast.com\/product\/yoast-seo-wordpress\/ -->\n<title>Le Bourgeois Gentilhomme, vendredi sur la sc\u00e8ne de La Cast\u00e9lorienne \u00e0 Montval - Contact FM 99.3<\/title>\n<meta name=\"robots\" content=\"index, follow, max-snippet:-1, max-image-preview:large, max-video-preview:-1\" \/>\n<link rel=\"canonical\" href=\"https:\/\/contactfm72.fr\/?p=15014\" \/>\n<meta property=\"og:locale\" content=\"fr_FR\" \/>\n<meta property=\"og:type\" content=\"article\" \/>\n<meta property=\"og:title\" content=\"Le Bourgeois Gentilhomme, vendredi sur la sc\u00e8ne de La Cast\u00e9lorienne \u00e0 Montval - Contact FM 99.3\" \/>\n<meta property=\"og:description\" content=\"Le service culturel de Montval-sur-Loir programme la pi\u00e8ce Le Bourgeois Gentilhomme de Moli\u00e8re, jou\u00e9e par le Th\u00e9\u00e2tre du Kronope, vendredi 17 novembre \u00e0 20h30 \u00e0 La Cast\u00e9lorienne. Guy Simon, le metteur en sc\u00e8ne, pr\u00e9sente cette cr\u00e9ation \u00e0 l&#8217;interpr\u00e9tation originale et masqu\u00e9e m\u00ealant acrobaties, danse et th\u00e9\u00e2tre, dans l&#8217;\u00e9mission &#8220;En coulisses&#8221;, lundi 13 novembre \u00e0 14h&hellip;\" \/>\n<meta property=\"og:url\" content=\"https:\/\/contactfm72.fr\/?p=15014\" \/>\n<meta property=\"og:site_name\" content=\"Contact FM 99.3\" \/>\n<meta property=\"article:publisher\" content=\"https:\/\/www.facebook.com\/Contactfm.Chateauduloir\" \/>\n<meta property=\"article:published_time\" content=\"2023-11-13T10:04:28+00:00\" \/>\n<meta property=\"article:modified_time\" content=\"2023-11-13T11:26:32+00:00\" \/>\n<meta property=\"og:image\" content=\"http:\/\/contactfm72.fr\/wp-content\/uploads\/2023\/11\/396982031_816548030479971_75466884174883649_n.jpg\" \/>\n\t<meta property=\"og:image:width\" content=\"2048\" \/>\n\t<meta property=\"og:image:height\" content=\"1365\" \/>\n\t<meta property=\"og:image:type\" content=\"image\/jpeg\" \/>\n<meta name=\"author\" content=\"Val\u00e9rie C.\" \/>\n<meta name=\"twitter:card\" content=\"summary_large_image\" \/>\n<meta name=\"twitter:creator\" content=\"@contactfm72\" \/>\n<meta name=\"twitter:site\" content=\"@contactfm72\" \/>\n<meta name=\"twitter:label1\" content=\"\u00c9crit par\" \/>\n\t<meta name=\"twitter:data1\" content=\"Val\u00e9rie C.\" \/>\n\t<meta name=\"twitter:label2\" content=\"Dur\u00e9e de lecture estim\u00e9e\" \/>\n\t<meta name=\"twitter:data2\" content=\"1 minute\" \/>\n<script type=\"application\/ld+json\" class=\"yoast-schema-graph\">{\"@context\":\"https:\\\/\\\/schema.org\",\"@graph\":[{\"@type\":\"Article\",\"@id\":\"https:\\\/\\\/contactfm72.fr\\\/?p=15014#article\",\"isPartOf\":{\"@id\":\"https:\\\/\\\/contactfm72.fr\\\/?p=15014\"},\"author\":{\"name\":\"Val\u00e9rie C.\",\"@id\":\"https:\\\/\\\/contactfm72.fr\\\/#\\\/schema\\\/person\\\/9fdc9d1c2eb029354a4f1535b90ba82d\"},\"headline\":\"Le Bourgeois Gentilhomme, vendredi sur la sc\u00e8ne de La Cast\u00e9lorienne \u00e0 Montval\",\"datePublished\":\"2023-11-13T10:04:28+00:00\",\"dateModified\":\"2023-11-13T11:26:32+00:00\",\"mainEntityOfPage\":{\"@id\":\"https:\\\/\\\/contactfm72.fr\\\/?p=15014\"},\"wordCount\":83,\"publisher\":{\"@id\":\"https:\\\/\\\/contactfm72.fr\\\/#organization\"},\"image\":{\"@id\":\"https:\\\/\\\/contactfm72.fr\\\/?p=15014#primaryimage\"},\"thumbnailUrl\":\"https:\\\/\\\/contactfm72.fr\\\/wp-content\\\/uploads\\\/2023\\\/11\\\/396982031_816548030479971_75466884174883649_n.jpg\",\"articleSection\":[\"Contact FM 72\",\"En coulisses\"],\"inLanguage\":\"fr-FR\"},{\"@type\":\"WebPage\",\"@id\":\"https:\\\/\\\/contactfm72.fr\\\/?p=15014\",\"url\":\"https:\\\/\\\/contactfm72.fr\\\/?p=15014\",\"name\":\"Le Bourgeois Gentilhomme, vendredi sur la sc\u00e8ne de La Cast\u00e9lorienne \u00e0 Montval - Contact FM 99.3\",\"isPartOf\":{\"@id\":\"https:\\\/\\\/contactfm72.fr\\\/#website\"},\"primaryImageOfPage\":{\"@id\":\"https:\\\/\\\/contactfm72.fr\\\/?p=15014#primaryimage\"},\"image\":{\"@id\":\"https:\\\/\\\/contactfm72.fr\\\/?p=15014#primaryimage\"},\"thumbnailUrl\":\"https:\\\/\\\/contactfm72.fr\\\/wp-content\\\/uploads\\\/2023\\\/11\\\/396982031_816548030479971_75466884174883649_n.jpg\",\"datePublished\":\"2023-11-13T10:04:28+00:00\",\"dateModified\":\"2023-11-13T11:26:32+00:00\",\"breadcrumb\":{\"@id\":\"https:\\\/\\\/contactfm72.fr\\\/?p=15014#breadcrumb\"},\"inLanguage\":\"fr-FR\",\"potentialAction\":[{\"@type\":\"ReadAction\",\"target\":[\"https:\\\/\\\/contactfm72.fr\\\/?p=15014\"]}]},{\"@type\":\"ImageObject\",\"inLanguage\":\"fr-FR\",\"@id\":\"https:\\\/\\\/contactfm72.fr\\\/?p=15014#primaryimage\",\"url\":\"https:\\\/\\\/contactfm72.fr\\\/wp-content\\\/uploads\\\/2023\\\/11\\\/396982031_816548030479971_75466884174883649_n.jpg\",\"contentUrl\":\"https:\\\/\\\/contactfm72.fr\\\/wp-content\\\/uploads\\\/2023\\\/11\\\/396982031_816548030479971_75466884174883649_n.jpg\",\"width\":2048,\"height\":1365},{\"@type\":\"BreadcrumbList\",\"@id\":\"https:\\\/\\\/contactfm72.fr\\\/?p=15014#breadcrumb\",\"itemListElement\":[{\"@type\":\"ListItem\",\"position\":1,\"name\":\"Accueil\",\"item\":\"https:\\\/\\\/contactfm72.fr\\\/\"},{\"@type\":\"ListItem\",\"position\":2,\"name\":\"Le Bourgeois Gentilhomme, vendredi sur la sc\u00e8ne de La Cast\u00e9lorienne \u00e0 Montval\"}]},{\"@type\":\"WebSite\",\"@id\":\"https:\\\/\\\/contactfm72.fr\\\/#website\",\"url\":\"https:\\\/\\\/contactfm72.fr\\\/\",\"name\":\"Contact FM 99.3\",\"description\":\"Votre radio en vall\u00e9e du Loir\",\"publisher\":{\"@id\":\"https:\\\/\\\/contactfm72.fr\\\/#organization\"},\"potentialAction\":[{\"@type\":\"SearchAction\",\"target\":{\"@type\":\"EntryPoint\",\"urlTemplate\":\"https:\\\/\\\/contactfm72.fr\\\/?s={search_term_string}\"},\"query-input\":{\"@type\":\"PropertyValueSpecification\",\"valueRequired\":true,\"valueName\":\"search_term_string\"}}],\"inLanguage\":\"fr-FR\"},{\"@type\":\"Organization\",\"@id\":\"https:\\\/\\\/contactfm72.fr\\\/#organization\",\"name\":\"Contact FM 99.3\",\"url\":\"https:\\\/\\\/contactfm72.fr\\\/\",\"logo\":{\"@type\":\"ImageObject\",\"inLanguage\":\"fr-FR\",\"@id\":\"https:\\\/\\\/contactfm72.fr\\\/#\\\/schema\\\/logo\\\/image\\\/\",\"url\":\"https:\\\/\\\/contactfm72.fr\\\/wp-content\\\/uploads\\\/2025\\\/04\\\/2025-04-18-2.jpg\",\"contentUrl\":\"https:\\\/\\\/contactfm72.fr\\\/wp-content\\\/uploads\\\/2025\\\/04\\\/2025-04-18-2.jpg\",\"width\":680,\"height\":307,\"caption\":\"Contact FM 99.3\"},\"image\":{\"@id\":\"https:\\\/\\\/contactfm72.fr\\\/#\\\/schema\\\/logo\\\/image\\\/\"},\"sameAs\":[\"https:\\\/\\\/www.facebook.com\\\/Contactfm.Chateauduloir\",\"https:\\\/\\\/x.com\\\/contactfm72\",\"https:\\\/\\\/www.instagram.com\\\/contact.fm.72?igsh=cGhlMHQ5N2JlNnpp\",\"https:\\\/\\\/www.tiktok.com\\\/@contact.fm\"]},{\"@type\":\"Person\",\"@id\":\"https:\\\/\\\/contactfm72.fr\\\/#\\\/schema\\\/person\\\/9fdc9d1c2eb029354a4f1535b90ba82d\",\"name\":\"Val\u00e9rie C.\",\"image\":{\"@type\":\"ImageObject\",\"inLanguage\":\"fr-FR\",\"@id\":\"https:\\\/\\\/secure.gravatar.com\\\/avatar\\\/2f8aa28f8dfbd7d4420afd1fdcdd0a349923e2c8a38ab28198b0f9d0601e4737?s=96&d=mm&r=g\",\"url\":\"https:\\\/\\\/secure.gravatar.com\\\/avatar\\\/2f8aa28f8dfbd7d4420afd1fdcdd0a349923e2c8a38ab28198b0f9d0601e4737?s=96&d=mm&r=g\",\"contentUrl\":\"https:\\\/\\\/secure.gravatar.com\\\/avatar\\\/2f8aa28f8dfbd7d4420afd1fdcdd0a349923e2c8a38ab28198b0f9d0601e4737?s=96&d=mm&r=g\",\"caption\":\"Val\u00e9rie C.\"},\"url\":\"https:\\\/\\\/contactfm72.fr\\\/?author=4\"}]}<\/script>\n<!-- \/ Yoast SEO plugin. -->","yoast_head_json":{"title":"Le Bourgeois Gentilhomme, vendredi sur la sc\u00e8ne de La Cast\u00e9lorienne \u00e0 Montval - Contact FM 99.3","robots":{"index":"index","follow":"follow","max-snippet":"max-snippet:-1","max-image-preview":"max-image-preview:large","max-video-preview":"max-video-preview:-1"},"canonical":"https:\/\/contactfm72.fr\/?p=15014","og_locale":"fr_FR","og_type":"article","og_title":"Le Bourgeois Gentilhomme, vendredi sur la sc\u00e8ne de La Cast\u00e9lorienne \u00e0 Montval - Contact FM 99.3","og_description":"Le service culturel de Montval-sur-Loir programme la pi\u00e8ce Le Bourgeois Gentilhomme de Moli\u00e8re, jou\u00e9e par le Th\u00e9\u00e2tre du Kronope, vendredi 17 novembre \u00e0 20h30 \u00e0 La Cast\u00e9lorienne. Guy Simon, le metteur en sc\u00e8ne, pr\u00e9sente cette cr\u00e9ation \u00e0 l&#8217;interpr\u00e9tation originale et masqu\u00e9e m\u00ealant acrobaties, danse et th\u00e9\u00e2tre, dans l&#8217;\u00e9mission &#8220;En coulisses&#8221;, lundi 13 novembre \u00e0 14h&hellip;","og_url":"https:\/\/contactfm72.fr\/?p=15014","og_site_name":"Contact FM 99.3","article_publisher":"https:\/\/www.facebook.com\/Contactfm.Chateauduloir","article_published_time":"2023-11-13T10:04:28+00:00","article_modified_time":"2023-11-13T11:26:32+00:00","og_image":[{"width":2048,"height":1365,"url":"http:\/\/contactfm72.fr\/wp-content\/uploads\/2023\/11\/396982031_816548030479971_75466884174883649_n.jpg","type":"image\/jpeg"}],"author":"Val\u00e9rie C.","twitter_card":"summary_large_image","twitter_creator":"@contactfm72","twitter_site":"@contactfm72","twitter_misc":{"\u00c9crit par":"Val\u00e9rie C.","Dur\u00e9e de lecture estim\u00e9e":"1 minute"},"schema":{"@context":"https:\/\/schema.org","@graph":[{"@type":"Article","@id":"https:\/\/contactfm72.fr\/?p=15014#article","isPartOf":{"@id":"https:\/\/contactfm72.fr\/?p=15014"},"author":{"name":"Val\u00e9rie C.","@id":"https:\/\/contactfm72.fr\/#\/schema\/person\/9fdc9d1c2eb029354a4f1535b90ba82d"},"headline":"Le Bourgeois Gentilhomme, vendredi sur la sc\u00e8ne de La Cast\u00e9lorienne \u00e0 Montval","datePublished":"2023-11-13T10:04:28+00:00","dateModified":"2023-11-13T11:26:32+00:00","mainEntityOfPage":{"@id":"https:\/\/contactfm72.fr\/?p=15014"},"wordCount":83,"publisher":{"@id":"https:\/\/contactfm72.fr\/#organization"},"image":{"@id":"https:\/\/contactfm72.fr\/?p=15014#primaryimage"},"thumbnailUrl":"https:\/\/contactfm72.fr\/wp-content\/uploads\/2023\/11\/396982031_816548030479971_75466884174883649_n.jpg","articleSection":["Contact FM 72","En coulisses"],"inLanguage":"fr-FR"},{"@type":"WebPage","@id":"https:\/\/contactfm72.fr\/?p=15014","url":"https:\/\/contactfm72.fr\/?p=15014","name":"Le Bourgeois Gentilhomme, vendredi sur la sc\u00e8ne de La Cast\u00e9lorienne \u00e0 Montval - Contact FM 99.3","isPartOf":{"@id":"https:\/\/contactfm72.fr\/#website"},"primaryImageOfPage":{"@id":"https:\/\/contactfm72.fr\/?p=15014#primaryimage"},"image":{"@id":"https:\/\/contactfm72.fr\/?p=15014#primaryimage"},"thumbnailUrl":"https:\/\/contactfm72.fr\/wp-content\/uploads\/2023\/11\/396982031_816548030479971_75466884174883649_n.jpg","datePublished":"2023-11-13T10:04:28+00:00","dateModified":"2023-11-13T11:26:32+00:00","breadcrumb":{"@id":"https:\/\/contactfm72.fr\/?p=15014#breadcrumb"},"inLanguage":"fr-FR","potentialAction":[{"@type":"ReadAction","target":["https:\/\/contactfm72.fr\/?p=15014"]}]},{"@type":"ImageObject","inLanguage":"fr-FR","@id":"https:\/\/contactfm72.fr\/?p=15014#primaryimage","url":"https:\/\/contactfm72.fr\/wp-content\/uploads\/2023\/11\/396982031_816548030479971_75466884174883649_n.jpg","contentUrl":"https:\/\/contactfm72.fr\/wp-content\/uploads\/2023\/11\/396982031_816548030479971_75466884174883649_n.jpg","width":2048,"height":1365},{"@type":"BreadcrumbList","@id":"https:\/\/contactfm72.fr\/?p=15014#breadcrumb","itemListElement":[{"@type":"ListItem","position":1,"name":"Accueil","item":"https:\/\/contactfm72.fr\/"},{"@type":"ListItem","position":2,"name":"Le Bourgeois Gentilhomme, vendredi sur la sc\u00e8ne de La Cast\u00e9lorienne \u00e0 Montval"}]},{"@type":"WebSite","@id":"https:\/\/contactfm72.fr\/#website","url":"https:\/\/contactfm72.fr\/","name":"Contact FM 99.3","description":"Votre radio en vall\u00e9e du Loir","publisher":{"@id":"https:\/\/contactfm72.fr\/#organization"},"potentialAction":[{"@type":"SearchAction","target":{"@type":"EntryPoint","urlTemplate":"https:\/\/contactfm72.fr\/?s={search_term_string}"},"query-input":{"@type":"PropertyValueSpecification","valueRequired":true,"valueName":"search_term_string"}}],"inLanguage":"fr-FR"},{"@type":"Organization","@id":"https:\/\/contactfm72.fr\/#organization","name":"Contact FM 99.3","url":"https:\/\/contactfm72.fr\/","logo":{"@type":"ImageObject","inLanguage":"fr-FR","@id":"https:\/\/contactfm72.fr\/#\/schema\/logo\/image\/","url":"https:\/\/contactfm72.fr\/wp-content\/uploads\/2025\/04\/2025-04-18-2.jpg","contentUrl":"https:\/\/contactfm72.fr\/wp-content\/uploads\/2025\/04\/2025-04-18-2.jpg","width":680,"height":307,"caption":"Contact FM 99.3"},"image":{"@id":"https:\/\/contactfm72.fr\/#\/schema\/logo\/image\/"},"sameAs":["https:\/\/www.facebook.com\/Contactfm.Chateauduloir","https:\/\/x.com\/contactfm72","https:\/\/www.instagram.com\/contact.fm.72?igsh=cGhlMHQ5N2JlNnpp","https:\/\/www.tiktok.com\/@contact.fm"]},{"@type":"Person","@id":"https:\/\/contactfm72.fr\/#\/schema\/person\/9fdc9d1c2eb029354a4f1535b90ba82d","name":"Val\u00e9rie C.","image":{"@type":"ImageObject","inLanguage":"fr-FR","@id":"https:\/\/secure.gravatar.com\/avatar\/2f8aa28f8dfbd7d4420afd1fdcdd0a349923e2c8a38ab28198b0f9d0601e4737?s=96&d=mm&r=g","url":"https:\/\/secure.gravatar.com\/avatar\/2f8aa28f8dfbd7d4420afd1fdcdd0a349923e2c8a38ab28198b0f9d0601e4737?s=96&d=mm&r=g","contentUrl":"https:\/\/secure.gravatar.com\/avatar\/2f8aa28f8dfbd7d4420afd1fdcdd0a349923e2c8a38ab28198b0f9d0601e4737?s=96&d=mm&r=g","caption":"Val\u00e9rie C."},"url":"https:\/\/contactfm72.fr\/?author=4"}]}},"_links":{"self":[{"href":"https:\/\/contactfm72.fr\/index.php?rest_route=\/wp\/v2\/posts\/15014","targetHints":{"allow":["GET"]}}],"collection":[{"href":"https:\/\/contactfm72.fr\/index.php?rest_route=\/wp\/v2\/posts"}],"about":[{"href":"https:\/\/contactfm72.fr\/index.php?rest_route=\/wp\/v2\/types\/post"}],"author":[{"embeddable":true,"href":"https:\/\/contactfm72.fr\/index.php?rest_route=\/wp\/v2\/users\/4"}],"replies":[{"embeddable":true,"href":"https:\/\/contactfm72.fr\/index.php?rest_route=%2Fwp%2Fv2%2Fcomments&post=15014"}],"version-history":[{"count":2,"href":"https:\/\/contactfm72.fr\/index.php?rest_route=\/wp\/v2\/posts\/15014\/revisions"}],"predecessor-version":[{"id":15017,"href":"https:\/\/contactfm72.fr\/index.php?rest_route=\/wp\/v2\/posts\/15014\/revisions\/15017"}],"wp:featuredmedia":[{"embeddable":true,"href":"https:\/\/contactfm72.fr\/index.php?rest_route=\/wp\/v2\/media\/15015"}],"wp:attachment":[{"href":"https:\/\/contactfm72.fr\/index.php?rest_route=%2Fwp%2Fv2%2Fmedia&parent=15014"}],"wp:term":[{"taxonomy":"category","embeddable":true,"href":"https:\/\/contactfm72.fr\/index.php?rest_route=%2Fwp%2Fv2%2Fcategories&post=15014"},{"taxonomy":"post_tag","embeddable":true,"href":"https:\/\/contactfm72.fr\/index.php?rest_route=%2Fwp%2Fv2%2Ftags&post=15014"}],"curies":[{"name":"wp","href":"https:\/\/api.w.org\/{rel}","templated":true}]}}