{"id":14324,"date":"2023-08-21T10:26:44","date_gmt":"2023-08-21T08:26:44","guid":{"rendered":"https:\/\/contactfm72.fr\/?p=14324"},"modified":"2023-08-21T10:45:01","modified_gmt":"2023-08-21T08:45:01","slug":"la-piece-richard-iii-est-jouee-au-chateau-de-vaujours-a-chateau-la-valliere-mercredi","status":"publish","type":"post","link":"https:\/\/contactfm72.fr\/?p=14324","title":{"rendered":"La pi\u00e8ce Richard III est jou\u00e9e au ch\u00e2teau de Vaujours \u00e0 Ch\u00e2teau-la-Valli\u00e8re mercredi"},"content":{"rendered":"<p><span class=\"x193iq5w xeuugli x13faqbe x1vvkbs x1xmvt09 x1lliihq x1s928wv xhkezso x1gmr53x x1cpjm7i x1fgarty x1943h6x xudqn12 x3x7a5m x6prxxf xvq8zen xo1l8bm xzsf02u x1yc453h\" dir=\"auto\">La compagnie Th\u00e9\u00e2tre en Pi\u00e8ces, originaire de Chartres, joue l\u2019\u0153uvre Richard III, d&#8217;apr\u00e8s William Shakespeare, mercredi 23 ao\u00fbt \u00e0 21h15 au Ch\u00e2teau de Vaujours \u00e0 Ch\u00e2teau-la-Valli\u00e8re. <\/span><\/p>\n<p><span class=\"x193iq5w xeuugli x13faqbe x1vvkbs x1xmvt09 x1lliihq x1s928wv xhkezso x1gmr53x x1cpjm7i x1fgarty x1943h6x xudqn12 x3x7a5m x6prxxf xvq8zen xo1l8bm xzsf02u x1yc453h\" dir=\"auto\">Le metteur en sc\u00e8ne et le sc\u00e9nographe de la pi\u00e8ce, Emmanuel Ray, pr\u00e9sente la compagnie et son travail dans &#8220;Destination vacances&#8221; lundi 21 ao\u00fbt \u00e0 12h30, 15h30 et 18h30.<\/span><\/p>\n<p>&nbsp;<\/p>\n<div id=\"audioigniter-527\" class=\"audioigniter-root \" data-player-type=\"full\" data-tracks-url=\"https:\/\/contactfm72.fr\/?audioigniter_playlist_id=527\" data-display-track-no=\"false\" data-reverse-track-order=\"false\" data-display-tracklist-covers=\"false\" data-display-active-cover=\"false\" data-display-artist-names=\"false\" data-display-buy-buttons=\"true\" data-buy-buttons-target=\"false\" data-cycle-tracks=\"false\" data-display-credits=\"false\" data-display-tracklist=\"true\" data-allow-tracklist-toggle=\"false\" data-allow-tracklist-loop=\"true\" data-limit-tracklist-height=\"true\" data-volume=\"100\" data-tracklist-height=\"185\" data-allow-track-loop=\"false\" ><\/div>\n<!-- AddThis Advanced Settings generic via filter on the_content --><!-- AddThis Share Buttons generic via filter on the_content -->","protected":false},"excerpt":{"rendered":"<p>La compagnie Th\u00e9\u00e2tre en Pi\u00e8ces, originaire de Chartres, joue l\u2019\u0153uvre Richard III, d&#8217;apr\u00e8s William Shakespeare, mercredi 23 ao\u00fbt \u00e0 21h15 au Ch\u00e2teau de Vaujours \u00e0 Ch\u00e2teau-la-Valli\u00e8re. Le metteur en sc\u00e8ne et le sc\u00e9nographe de la pi\u00e8ce, Emmanuel Ray, pr\u00e9sente la compagnie et son travail dans &#8220;Destination vacances&#8221; lundi 21 ao\u00fbt \u00e0 12h30, 15h30 et 18h30.&hellip;<!-- AddThis Advanced Settings generic via filter on get_the_excerpt --><!-- AddThis Share Buttons generic via filter on get_the_excerpt --><\/p>\n","protected":false},"author":4,"featured_media":14326,"comment_status":"closed","ping_status":"open","sticky":false,"template":"","format":"standard","meta":{"footnotes":""},"categories":[1,79],"tags":[],"class_list":["post-14324","post","type-post","status-publish","format-standard","has-post-thumbnail","hentry","category-contact-fm-72","category-destination-vacances","category-1","category-79","description-off"],"yoast_head":"<!-- This site is optimized with the Yoast SEO plugin v27.4 - https:\/\/yoast.com\/product\/yoast-seo-wordpress\/ -->\n<title>La pi\u00e8ce Richard III est jou\u00e9e au ch\u00e2teau de Vaujours \u00e0 Ch\u00e2teau-la-Valli\u00e8re mercredi - Contact FM 99.3<\/title>\n<meta name=\"robots\" content=\"index, follow, max-snippet:-1, max-image-preview:large, max-video-preview:-1\" \/>\n<link rel=\"canonical\" href=\"https:\/\/contactfm72.fr\/?p=14324\" \/>\n<meta property=\"og:locale\" content=\"fr_FR\" \/>\n<meta property=\"og:type\" content=\"article\" \/>\n<meta property=\"og:title\" content=\"La pi\u00e8ce Richard III est jou\u00e9e au ch\u00e2teau de Vaujours \u00e0 Ch\u00e2teau-la-Valli\u00e8re mercredi - Contact FM 99.3\" \/>\n<meta property=\"og:description\" content=\"La compagnie Th\u00e9\u00e2tre en Pi\u00e8ces, originaire de Chartres, joue l\u2019\u0153uvre Richard III, d&#8217;apr\u00e8s William Shakespeare, mercredi 23 ao\u00fbt \u00e0 21h15 au Ch\u00e2teau de Vaujours \u00e0 Ch\u00e2teau-la-Valli\u00e8re. Le metteur en sc\u00e8ne et le sc\u00e9nographe de la pi\u00e8ce, Emmanuel Ray, pr\u00e9sente la compagnie et son travail dans &#8220;Destination vacances&#8221; lundi 21 ao\u00fbt \u00e0 12h30, 15h30 et 18h30.&hellip;\" \/>\n<meta property=\"og:url\" content=\"https:\/\/contactfm72.fr\/?p=14324\" \/>\n<meta property=\"og:site_name\" content=\"Contact FM 99.3\" \/>\n<meta property=\"article:publisher\" content=\"https:\/\/www.facebook.com\/Contactfm.Chateauduloir\" \/>\n<meta property=\"article:published_time\" content=\"2023-08-21T08:26:44+00:00\" \/>\n<meta property=\"article:modified_time\" content=\"2023-08-21T08:45:01+00:00\" \/>\n<meta property=\"og:image\" content=\"http:\/\/contactfm72.fr\/wp-content\/uploads\/2023\/08\/364118060_661044056047908_4380247108734242124_n.jpg\" \/>\n\t<meta property=\"og:image:width\" content=\"2048\" \/>\n\t<meta property=\"og:image:height\" content=\"1365\" \/>\n\t<meta property=\"og:image:type\" content=\"image\/jpeg\" \/>\n<meta name=\"author\" content=\"Val\u00e9rie C.\" \/>\n<meta name=\"twitter:card\" content=\"summary_large_image\" \/>\n<meta name=\"twitter:creator\" content=\"@contactfm72\" \/>\n<meta name=\"twitter:site\" content=\"@contactfm72\" \/>\n<meta name=\"twitter:label1\" content=\"\u00c9crit par\" \/>\n\t<meta name=\"twitter:data1\" content=\"Val\u00e9rie C.\" \/>\n\t<meta name=\"twitter:label2\" content=\"Dur\u00e9e de lecture estim\u00e9e\" \/>\n\t<meta name=\"twitter:data2\" content=\"1 minute\" \/>\n<script type=\"application\/ld+json\" class=\"yoast-schema-graph\">{\"@context\":\"https:\\\/\\\/schema.org\",\"@graph\":[{\"@type\":\"Article\",\"@id\":\"https:\\\/\\\/contactfm72.fr\\\/?p=14324#article\",\"isPartOf\":{\"@id\":\"https:\\\/\\\/contactfm72.fr\\\/?p=14324\"},\"author\":{\"name\":\"Val\u00e9rie C.\",\"@id\":\"https:\\\/\\\/contactfm72.fr\\\/#\\\/schema\\\/person\\\/9fdc9d1c2eb029354a4f1535b90ba82d\"},\"headline\":\"La pi\u00e8ce Richard III est jou\u00e9e au ch\u00e2teau de Vaujours \u00e0 Ch\u00e2teau-la-Valli\u00e8re mercredi\",\"datePublished\":\"2023-08-21T08:26:44+00:00\",\"dateModified\":\"2023-08-21T08:45:01+00:00\",\"mainEntityOfPage\":{\"@id\":\"https:\\\/\\\/contactfm72.fr\\\/?p=14324\"},\"wordCount\":85,\"publisher\":{\"@id\":\"https:\\\/\\\/contactfm72.fr\\\/#organization\"},\"image\":{\"@id\":\"https:\\\/\\\/contactfm72.fr\\\/?p=14324#primaryimage\"},\"thumbnailUrl\":\"https:\\\/\\\/contactfm72.fr\\\/wp-content\\\/uploads\\\/2023\\\/08\\\/364118060_661044056047908_4380247108734242124_n.jpg\",\"articleSection\":[\"Contact FM 72\",\"Destination vacances\"],\"inLanguage\":\"fr-FR\"},{\"@type\":\"WebPage\",\"@id\":\"https:\\\/\\\/contactfm72.fr\\\/?p=14324\",\"url\":\"https:\\\/\\\/contactfm72.fr\\\/?p=14324\",\"name\":\"La pi\u00e8ce Richard III est jou\u00e9e au ch\u00e2teau de Vaujours \u00e0 Ch\u00e2teau-la-Valli\u00e8re mercredi - Contact FM 99.3\",\"isPartOf\":{\"@id\":\"https:\\\/\\\/contactfm72.fr\\\/#website\"},\"primaryImageOfPage\":{\"@id\":\"https:\\\/\\\/contactfm72.fr\\\/?p=14324#primaryimage\"},\"image\":{\"@id\":\"https:\\\/\\\/contactfm72.fr\\\/?p=14324#primaryimage\"},\"thumbnailUrl\":\"https:\\\/\\\/contactfm72.fr\\\/wp-content\\\/uploads\\\/2023\\\/08\\\/364118060_661044056047908_4380247108734242124_n.jpg\",\"datePublished\":\"2023-08-21T08:26:44+00:00\",\"dateModified\":\"2023-08-21T08:45:01+00:00\",\"breadcrumb\":{\"@id\":\"https:\\\/\\\/contactfm72.fr\\\/?p=14324#breadcrumb\"},\"inLanguage\":\"fr-FR\",\"potentialAction\":[{\"@type\":\"ReadAction\",\"target\":[\"https:\\\/\\\/contactfm72.fr\\\/?p=14324\"]}]},{\"@type\":\"ImageObject\",\"inLanguage\":\"fr-FR\",\"@id\":\"https:\\\/\\\/contactfm72.fr\\\/?p=14324#primaryimage\",\"url\":\"https:\\\/\\\/contactfm72.fr\\\/wp-content\\\/uploads\\\/2023\\\/08\\\/364118060_661044056047908_4380247108734242124_n.jpg\",\"contentUrl\":\"https:\\\/\\\/contactfm72.fr\\\/wp-content\\\/uploads\\\/2023\\\/08\\\/364118060_661044056047908_4380247108734242124_n.jpg\",\"width\":2048,\"height\":1365,\"caption\":\"RICHARD III de Carmelo Bene d'apres William Shakespeare, mise en scene Emmanuel Ray salle Doussineau a Chartres du 20 septembre au 20 octobre 2019. Avec Fabien Moiny (Richard III), Myriam Jarmache (Lady Anne), Stephanie Lanier (La Duchesse), Melanie Pichot la Reine Elisabeth), Justine Wojtyniak (Marguerite D'anjou)\"},{\"@type\":\"BreadcrumbList\",\"@id\":\"https:\\\/\\\/contactfm72.fr\\\/?p=14324#breadcrumb\",\"itemListElement\":[{\"@type\":\"ListItem\",\"position\":1,\"name\":\"Accueil\",\"item\":\"https:\\\/\\\/contactfm72.fr\\\/\"},{\"@type\":\"ListItem\",\"position\":2,\"name\":\"La pi\u00e8ce Richard III est jou\u00e9e au ch\u00e2teau de Vaujours \u00e0 Ch\u00e2teau-la-Valli\u00e8re mercredi\"}]},{\"@type\":\"WebSite\",\"@id\":\"https:\\\/\\\/contactfm72.fr\\\/#website\",\"url\":\"https:\\\/\\\/contactfm72.fr\\\/\",\"name\":\"Contact FM 99.3\",\"description\":\"Votre radio en vall\u00e9e du Loir\",\"publisher\":{\"@id\":\"https:\\\/\\\/contactfm72.fr\\\/#organization\"},\"potentialAction\":[{\"@type\":\"SearchAction\",\"target\":{\"@type\":\"EntryPoint\",\"urlTemplate\":\"https:\\\/\\\/contactfm72.fr\\\/?s={search_term_string}\"},\"query-input\":{\"@type\":\"PropertyValueSpecification\",\"valueRequired\":true,\"valueName\":\"search_term_string\"}}],\"inLanguage\":\"fr-FR\"},{\"@type\":\"Organization\",\"@id\":\"https:\\\/\\\/contactfm72.fr\\\/#organization\",\"name\":\"Contact FM 99.3\",\"url\":\"https:\\\/\\\/contactfm72.fr\\\/\",\"logo\":{\"@type\":\"ImageObject\",\"inLanguage\":\"fr-FR\",\"@id\":\"https:\\\/\\\/contactfm72.fr\\\/#\\\/schema\\\/logo\\\/image\\\/\",\"url\":\"https:\\\/\\\/contactfm72.fr\\\/wp-content\\\/uploads\\\/2025\\\/04\\\/2025-04-18-2.jpg\",\"contentUrl\":\"https:\\\/\\\/contactfm72.fr\\\/wp-content\\\/uploads\\\/2025\\\/04\\\/2025-04-18-2.jpg\",\"width\":680,\"height\":307,\"caption\":\"Contact FM 99.3\"},\"image\":{\"@id\":\"https:\\\/\\\/contactfm72.fr\\\/#\\\/schema\\\/logo\\\/image\\\/\"},\"sameAs\":[\"https:\\\/\\\/www.facebook.com\\\/Contactfm.Chateauduloir\",\"https:\\\/\\\/x.com\\\/contactfm72\",\"https:\\\/\\\/www.instagram.com\\\/contact.fm.72?igsh=cGhlMHQ5N2JlNnpp\",\"https:\\\/\\\/www.tiktok.com\\\/@contact.fm\"]},{\"@type\":\"Person\",\"@id\":\"https:\\\/\\\/contactfm72.fr\\\/#\\\/schema\\\/person\\\/9fdc9d1c2eb029354a4f1535b90ba82d\",\"name\":\"Val\u00e9rie C.\",\"image\":{\"@type\":\"ImageObject\",\"inLanguage\":\"fr-FR\",\"@id\":\"https:\\\/\\\/secure.gravatar.com\\\/avatar\\\/2f8aa28f8dfbd7d4420afd1fdcdd0a349923e2c8a38ab28198b0f9d0601e4737?s=96&d=mm&r=g\",\"url\":\"https:\\\/\\\/secure.gravatar.com\\\/avatar\\\/2f8aa28f8dfbd7d4420afd1fdcdd0a349923e2c8a38ab28198b0f9d0601e4737?s=96&d=mm&r=g\",\"contentUrl\":\"https:\\\/\\\/secure.gravatar.com\\\/avatar\\\/2f8aa28f8dfbd7d4420afd1fdcdd0a349923e2c8a38ab28198b0f9d0601e4737?s=96&d=mm&r=g\",\"caption\":\"Val\u00e9rie C.\"},\"url\":\"https:\\\/\\\/contactfm72.fr\\\/?author=4\"}]}<\/script>\n<!-- \/ Yoast SEO plugin. -->","yoast_head_json":{"title":"La pi\u00e8ce Richard III est jou\u00e9e au ch\u00e2teau de Vaujours \u00e0 Ch\u00e2teau-la-Valli\u00e8re mercredi - Contact FM 99.3","robots":{"index":"index","follow":"follow","max-snippet":"max-snippet:-1","max-image-preview":"max-image-preview:large","max-video-preview":"max-video-preview:-1"},"canonical":"https:\/\/contactfm72.fr\/?p=14324","og_locale":"fr_FR","og_type":"article","og_title":"La pi\u00e8ce Richard III est jou\u00e9e au ch\u00e2teau de Vaujours \u00e0 Ch\u00e2teau-la-Valli\u00e8re mercredi - Contact FM 99.3","og_description":"La compagnie Th\u00e9\u00e2tre en Pi\u00e8ces, originaire de Chartres, joue l\u2019\u0153uvre Richard III, d&#8217;apr\u00e8s William Shakespeare, mercredi 23 ao\u00fbt \u00e0 21h15 au Ch\u00e2teau de Vaujours \u00e0 Ch\u00e2teau-la-Valli\u00e8re. Le metteur en sc\u00e8ne et le sc\u00e9nographe de la pi\u00e8ce, Emmanuel Ray, pr\u00e9sente la compagnie et son travail dans &#8220;Destination vacances&#8221; lundi 21 ao\u00fbt \u00e0 12h30, 15h30 et 18h30.&hellip;","og_url":"https:\/\/contactfm72.fr\/?p=14324","og_site_name":"Contact FM 99.3","article_publisher":"https:\/\/www.facebook.com\/Contactfm.Chateauduloir","article_published_time":"2023-08-21T08:26:44+00:00","article_modified_time":"2023-08-21T08:45:01+00:00","og_image":[{"width":2048,"height":1365,"url":"http:\/\/contactfm72.fr\/wp-content\/uploads\/2023\/08\/364118060_661044056047908_4380247108734242124_n.jpg","type":"image\/jpeg"}],"author":"Val\u00e9rie C.","twitter_card":"summary_large_image","twitter_creator":"@contactfm72","twitter_site":"@contactfm72","twitter_misc":{"\u00c9crit par":"Val\u00e9rie C.","Dur\u00e9e de lecture estim\u00e9e":"1 minute"},"schema":{"@context":"https:\/\/schema.org","@graph":[{"@type":"Article","@id":"https:\/\/contactfm72.fr\/?p=14324#article","isPartOf":{"@id":"https:\/\/contactfm72.fr\/?p=14324"},"author":{"name":"Val\u00e9rie C.","@id":"https:\/\/contactfm72.fr\/#\/schema\/person\/9fdc9d1c2eb029354a4f1535b90ba82d"},"headline":"La pi\u00e8ce Richard III est jou\u00e9e au ch\u00e2teau de Vaujours \u00e0 Ch\u00e2teau-la-Valli\u00e8re mercredi","datePublished":"2023-08-21T08:26:44+00:00","dateModified":"2023-08-21T08:45:01+00:00","mainEntityOfPage":{"@id":"https:\/\/contactfm72.fr\/?p=14324"},"wordCount":85,"publisher":{"@id":"https:\/\/contactfm72.fr\/#organization"},"image":{"@id":"https:\/\/contactfm72.fr\/?p=14324#primaryimage"},"thumbnailUrl":"https:\/\/contactfm72.fr\/wp-content\/uploads\/2023\/08\/364118060_661044056047908_4380247108734242124_n.jpg","articleSection":["Contact FM 72","Destination vacances"],"inLanguage":"fr-FR"},{"@type":"WebPage","@id":"https:\/\/contactfm72.fr\/?p=14324","url":"https:\/\/contactfm72.fr\/?p=14324","name":"La pi\u00e8ce Richard III est jou\u00e9e au ch\u00e2teau de Vaujours \u00e0 Ch\u00e2teau-la-Valli\u00e8re mercredi - Contact FM 99.3","isPartOf":{"@id":"https:\/\/contactfm72.fr\/#website"},"primaryImageOfPage":{"@id":"https:\/\/contactfm72.fr\/?p=14324#primaryimage"},"image":{"@id":"https:\/\/contactfm72.fr\/?p=14324#primaryimage"},"thumbnailUrl":"https:\/\/contactfm72.fr\/wp-content\/uploads\/2023\/08\/364118060_661044056047908_4380247108734242124_n.jpg","datePublished":"2023-08-21T08:26:44+00:00","dateModified":"2023-08-21T08:45:01+00:00","breadcrumb":{"@id":"https:\/\/contactfm72.fr\/?p=14324#breadcrumb"},"inLanguage":"fr-FR","potentialAction":[{"@type":"ReadAction","target":["https:\/\/contactfm72.fr\/?p=14324"]}]},{"@type":"ImageObject","inLanguage":"fr-FR","@id":"https:\/\/contactfm72.fr\/?p=14324#primaryimage","url":"https:\/\/contactfm72.fr\/wp-content\/uploads\/2023\/08\/364118060_661044056047908_4380247108734242124_n.jpg","contentUrl":"https:\/\/contactfm72.fr\/wp-content\/uploads\/2023\/08\/364118060_661044056047908_4380247108734242124_n.jpg","width":2048,"height":1365,"caption":"RICHARD III de Carmelo Bene d'apres William Shakespeare, mise en scene Emmanuel Ray salle Doussineau a Chartres du 20 septembre au 20 octobre 2019. Avec Fabien Moiny (Richard III), Myriam Jarmache (Lady Anne), Stephanie Lanier (La Duchesse), Melanie Pichot la Reine Elisabeth), Justine Wojtyniak (Marguerite D'anjou)"},{"@type":"BreadcrumbList","@id":"https:\/\/contactfm72.fr\/?p=14324#breadcrumb","itemListElement":[{"@type":"ListItem","position":1,"name":"Accueil","item":"https:\/\/contactfm72.fr\/"},{"@type":"ListItem","position":2,"name":"La pi\u00e8ce Richard III est jou\u00e9e au ch\u00e2teau de Vaujours \u00e0 Ch\u00e2teau-la-Valli\u00e8re mercredi"}]},{"@type":"WebSite","@id":"https:\/\/contactfm72.fr\/#website","url":"https:\/\/contactfm72.fr\/","name":"Contact FM 99.3","description":"Votre radio en vall\u00e9e du Loir","publisher":{"@id":"https:\/\/contactfm72.fr\/#organization"},"potentialAction":[{"@type":"SearchAction","target":{"@type":"EntryPoint","urlTemplate":"https:\/\/contactfm72.fr\/?s={search_term_string}"},"query-input":{"@type":"PropertyValueSpecification","valueRequired":true,"valueName":"search_term_string"}}],"inLanguage":"fr-FR"},{"@type":"Organization","@id":"https:\/\/contactfm72.fr\/#organization","name":"Contact FM 99.3","url":"https:\/\/contactfm72.fr\/","logo":{"@type":"ImageObject","inLanguage":"fr-FR","@id":"https:\/\/contactfm72.fr\/#\/schema\/logo\/image\/","url":"https:\/\/contactfm72.fr\/wp-content\/uploads\/2025\/04\/2025-04-18-2.jpg","contentUrl":"https:\/\/contactfm72.fr\/wp-content\/uploads\/2025\/04\/2025-04-18-2.jpg","width":680,"height":307,"caption":"Contact FM 99.3"},"image":{"@id":"https:\/\/contactfm72.fr\/#\/schema\/logo\/image\/"},"sameAs":["https:\/\/www.facebook.com\/Contactfm.Chateauduloir","https:\/\/x.com\/contactfm72","https:\/\/www.instagram.com\/contact.fm.72?igsh=cGhlMHQ5N2JlNnpp","https:\/\/www.tiktok.com\/@contact.fm"]},{"@type":"Person","@id":"https:\/\/contactfm72.fr\/#\/schema\/person\/9fdc9d1c2eb029354a4f1535b90ba82d","name":"Val\u00e9rie C.","image":{"@type":"ImageObject","inLanguage":"fr-FR","@id":"https:\/\/secure.gravatar.com\/avatar\/2f8aa28f8dfbd7d4420afd1fdcdd0a349923e2c8a38ab28198b0f9d0601e4737?s=96&d=mm&r=g","url":"https:\/\/secure.gravatar.com\/avatar\/2f8aa28f8dfbd7d4420afd1fdcdd0a349923e2c8a38ab28198b0f9d0601e4737?s=96&d=mm&r=g","contentUrl":"https:\/\/secure.gravatar.com\/avatar\/2f8aa28f8dfbd7d4420afd1fdcdd0a349923e2c8a38ab28198b0f9d0601e4737?s=96&d=mm&r=g","caption":"Val\u00e9rie C."},"url":"https:\/\/contactfm72.fr\/?author=4"}]}},"_links":{"self":[{"href":"https:\/\/contactfm72.fr\/index.php?rest_route=\/wp\/v2\/posts\/14324","targetHints":{"allow":["GET"]}}],"collection":[{"href":"https:\/\/contactfm72.fr\/index.php?rest_route=\/wp\/v2\/posts"}],"about":[{"href":"https:\/\/contactfm72.fr\/index.php?rest_route=\/wp\/v2\/types\/post"}],"author":[{"embeddable":true,"href":"https:\/\/contactfm72.fr\/index.php?rest_route=\/wp\/v2\/users\/4"}],"replies":[{"embeddable":true,"href":"https:\/\/contactfm72.fr\/index.php?rest_route=%2Fwp%2Fv2%2Fcomments&post=14324"}],"version-history":[{"count":3,"href":"https:\/\/contactfm72.fr\/index.php?rest_route=\/wp\/v2\/posts\/14324\/revisions"}],"predecessor-version":[{"id":14330,"href":"https:\/\/contactfm72.fr\/index.php?rest_route=\/wp\/v2\/posts\/14324\/revisions\/14330"}],"wp:featuredmedia":[{"embeddable":true,"href":"https:\/\/contactfm72.fr\/index.php?rest_route=\/wp\/v2\/media\/14326"}],"wp:attachment":[{"href":"https:\/\/contactfm72.fr\/index.php?rest_route=%2Fwp%2Fv2%2Fmedia&parent=14324"}],"wp:term":[{"taxonomy":"category","embeddable":true,"href":"https:\/\/contactfm72.fr\/index.php?rest_route=%2Fwp%2Fv2%2Fcategories&post=14324"},{"taxonomy":"post_tag","embeddable":true,"href":"https:\/\/contactfm72.fr\/index.php?rest_route=%2Fwp%2Fv2%2Ftags&post=14324"}],"curies":[{"name":"wp","href":"https:\/\/api.w.org\/{rel}","templated":true}]}}