{"id":14286,"date":"2023-08-15T12:11:46","date_gmt":"2023-08-15T10:11:46","guid":{"rendered":"https:\/\/contactfm72.fr\/?p=14286"},"modified":"2023-08-15T12:26:54","modified_gmt":"2023-08-15T10:26:54","slug":"keenv-tete-daffiche-du-45e-festival-des-tuffeeries-samedi","status":"publish","type":"post","link":"https:\/\/contactfm72.fr\/?p=14286","title":{"rendered":"Keen&#8217;V, t\u00eate d&#8217;affiche du 45e festival des Tuff\u00e9eries samedi"},"content":{"rendered":"<p>Le comit\u00e9 des f\u00eates de Tuff\u00e9 organise samedi 19 ao\u00fbt la 45e \u00e9dition de son festival des Tuff\u00e9ries, au plan d&#8217;eau de Tuff\u00e9-Val-de-la-Ch\u00e9ronne. Des stars des ann\u00e9es 80 assureront le show, avant l&#8217;arriv\u00e9e de la t\u00eate d&#8217;affiche de cette ann\u00e9e, le chanteur Keen&#8217;V. Les festivit\u00e9s se prolongent dimanche 20 ao\u00fbt avec la foire des Tuff\u00e9eries et le comice agricole.<\/p>\n<p>Patrice Lemay, le pr\u00e9sident du comit\u00e9 des f\u00eates, pr\u00e9sente ce week-end de f\u00eate dans &#8220;Destination vacances&#8221; mardi 15 ao\u00fbt \u00e0 12h30, 15h30 et 18h30, samedi 19 \u00e0 12h et dimanche 20 \u00e0 10h.<\/p>\n<div id=\"audioigniter-527\" class=\"audioigniter-root \" data-player-type=\"full\" data-tracks-url=\"https:\/\/contactfm72.fr\/?audioigniter_playlist_id=527\" data-display-track-no=\"false\" data-reverse-track-order=\"false\" data-display-tracklist-covers=\"false\" data-display-active-cover=\"false\" data-display-artist-names=\"false\" data-display-buy-buttons=\"true\" data-buy-buttons-target=\"false\" data-cycle-tracks=\"false\" data-display-credits=\"false\" data-display-tracklist=\"true\" data-allow-tracklist-toggle=\"false\" data-allow-tracklist-loop=\"true\" data-limit-tracklist-height=\"true\" data-volume=\"100\" data-tracklist-height=\"185\" data-allow-track-loop=\"false\" ><\/div>\n<!-- AddThis Advanced Settings generic via filter on the_content --><!-- AddThis Share Buttons generic via filter on the_content -->","protected":false},"excerpt":{"rendered":"<p>Le comit\u00e9 des f\u00eates de Tuff\u00e9 organise samedi 19 ao\u00fbt la 45e \u00e9dition de son festival des Tuff\u00e9ries, au plan d&#8217;eau de Tuff\u00e9-Val-de-la-Ch\u00e9ronne. Des stars des ann\u00e9es 80 assureront le show, avant l&#8217;arriv\u00e9e de la t\u00eate d&#8217;affiche de cette ann\u00e9e, le chanteur Keen&#8217;V. Les festivit\u00e9s se prolongent dimanche 20 ao\u00fbt avec la foire des Tuff\u00e9eries&hellip;<!-- AddThis Advanced Settings generic via filter on get_the_excerpt --><!-- AddThis Share Buttons generic via filter on get_the_excerpt --><\/p>\n","protected":false},"author":4,"featured_media":14289,"comment_status":"closed","ping_status":"open","sticky":false,"template":"","format":"standard","meta":{"footnotes":""},"categories":[1,79],"tags":[],"class_list":["post-14286","post","type-post","status-publish","format-standard","has-post-thumbnail","hentry","category-contact-fm-72","category-destination-vacances","category-1","category-79","description-off"],"yoast_head":"<!-- This site is optimized with the Yoast SEO plugin v27.4 - https:\/\/yoast.com\/product\/yoast-seo-wordpress\/ -->\n<title>Keen&#039;V, t\u00eate d&#039;affiche du 45e festival des Tuff\u00e9eries samedi - Contact FM 99.3<\/title>\n<meta name=\"robots\" content=\"index, follow, max-snippet:-1, max-image-preview:large, max-video-preview:-1\" \/>\n<link rel=\"canonical\" href=\"https:\/\/contactfm72.fr\/?p=14286\" \/>\n<meta property=\"og:locale\" content=\"fr_FR\" \/>\n<meta property=\"og:type\" content=\"article\" \/>\n<meta property=\"og:title\" content=\"Keen&#039;V, t\u00eate d&#039;affiche du 45e festival des Tuff\u00e9eries samedi - Contact FM 99.3\" \/>\n<meta property=\"og:description\" content=\"Le comit\u00e9 des f\u00eates de Tuff\u00e9 organise samedi 19 ao\u00fbt la 45e \u00e9dition de son festival des Tuff\u00e9ries, au plan d&#8217;eau de Tuff\u00e9-Val-de-la-Ch\u00e9ronne. Des stars des ann\u00e9es 80 assureront le show, avant l&#8217;arriv\u00e9e de la t\u00eate d&#8217;affiche de cette ann\u00e9e, le chanteur Keen&#8217;V. Les festivit\u00e9s se prolongent dimanche 20 ao\u00fbt avec la foire des Tuff\u00e9eries&hellip;\" \/>\n<meta property=\"og:url\" content=\"https:\/\/contactfm72.fr\/?p=14286\" \/>\n<meta property=\"og:site_name\" content=\"Contact FM 99.3\" \/>\n<meta property=\"article:publisher\" content=\"https:\/\/www.facebook.com\/Contactfm.Chateauduloir\" \/>\n<meta property=\"article:published_time\" content=\"2023-08-15T10:11:46+00:00\" \/>\n<meta property=\"article:modified_time\" content=\"2023-08-15T10:26:54+00:00\" \/>\n<meta property=\"og:image\" content=\"http:\/\/contactfm72.fr\/wp-content\/uploads\/2023\/08\/EXCLU-Interview-1h-avec-Keen-V-Je-viens-de-me-separer-de-ma-femme-apres-plus-de-quinze-ans.jpg\" \/>\n\t<meta property=\"og:image:width\" content=\"1200\" \/>\n\t<meta property=\"og:image:height\" content=\"900\" \/>\n\t<meta property=\"og:image:type\" content=\"image\/jpeg\" \/>\n<meta name=\"author\" content=\"Val\u00e9rie C.\" \/>\n<meta name=\"twitter:card\" content=\"summary_large_image\" \/>\n<meta name=\"twitter:creator\" content=\"@contactfm72\" \/>\n<meta name=\"twitter:site\" content=\"@contactfm72\" \/>\n<meta name=\"twitter:label1\" content=\"\u00c9crit par\" \/>\n\t<meta name=\"twitter:data1\" content=\"Val\u00e9rie C.\" \/>\n\t<meta name=\"twitter:label2\" content=\"Dur\u00e9e de lecture estim\u00e9e\" \/>\n\t<meta name=\"twitter:data2\" content=\"1 minute\" \/>\n<script type=\"application\/ld+json\" class=\"yoast-schema-graph\">{\"@context\":\"https:\\\/\\\/schema.org\",\"@graph\":[{\"@type\":\"Article\",\"@id\":\"https:\\\/\\\/contactfm72.fr\\\/?p=14286#article\",\"isPartOf\":{\"@id\":\"https:\\\/\\\/contactfm72.fr\\\/?p=14286\"},\"author\":{\"name\":\"Val\u00e9rie C.\",\"@id\":\"https:\\\/\\\/contactfm72.fr\\\/#\\\/schema\\\/person\\\/9fdc9d1c2eb029354a4f1535b90ba82d\"},\"headline\":\"Keen&#8217;V, t\u00eate d&#8217;affiche du 45e festival des Tuff\u00e9eries samedi\",\"datePublished\":\"2023-08-15T10:11:46+00:00\",\"dateModified\":\"2023-08-15T10:26:54+00:00\",\"mainEntityOfPage\":{\"@id\":\"https:\\\/\\\/contactfm72.fr\\\/?p=14286\"},\"wordCount\":120,\"publisher\":{\"@id\":\"https:\\\/\\\/contactfm72.fr\\\/#organization\"},\"image\":{\"@id\":\"https:\\\/\\\/contactfm72.fr\\\/?p=14286#primaryimage\"},\"thumbnailUrl\":\"https:\\\/\\\/contactfm72.fr\\\/wp-content\\\/uploads\\\/2023\\\/08\\\/EXCLU-Interview-1h-avec-Keen-V-Je-viens-de-me-separer-de-ma-femme-apres-plus-de-quinze-ans.jpg\",\"articleSection\":[\"Contact FM 72\",\"Destination vacances\"],\"inLanguage\":\"fr-FR\"},{\"@type\":\"WebPage\",\"@id\":\"https:\\\/\\\/contactfm72.fr\\\/?p=14286\",\"url\":\"https:\\\/\\\/contactfm72.fr\\\/?p=14286\",\"name\":\"Keen'V, t\u00eate d'affiche du 45e festival des Tuff\u00e9eries samedi - Contact FM 99.3\",\"isPartOf\":{\"@id\":\"https:\\\/\\\/contactfm72.fr\\\/#website\"},\"primaryImageOfPage\":{\"@id\":\"https:\\\/\\\/contactfm72.fr\\\/?p=14286#primaryimage\"},\"image\":{\"@id\":\"https:\\\/\\\/contactfm72.fr\\\/?p=14286#primaryimage\"},\"thumbnailUrl\":\"https:\\\/\\\/contactfm72.fr\\\/wp-content\\\/uploads\\\/2023\\\/08\\\/EXCLU-Interview-1h-avec-Keen-V-Je-viens-de-me-separer-de-ma-femme-apres-plus-de-quinze-ans.jpg\",\"datePublished\":\"2023-08-15T10:11:46+00:00\",\"dateModified\":\"2023-08-15T10:26:54+00:00\",\"breadcrumb\":{\"@id\":\"https:\\\/\\\/contactfm72.fr\\\/?p=14286#breadcrumb\"},\"inLanguage\":\"fr-FR\",\"potentialAction\":[{\"@type\":\"ReadAction\",\"target\":[\"https:\\\/\\\/contactfm72.fr\\\/?p=14286\"]}]},{\"@type\":\"ImageObject\",\"inLanguage\":\"fr-FR\",\"@id\":\"https:\\\/\\\/contactfm72.fr\\\/?p=14286#primaryimage\",\"url\":\"https:\\\/\\\/contactfm72.fr\\\/wp-content\\\/uploads\\\/2023\\\/08\\\/EXCLU-Interview-1h-avec-Keen-V-Je-viens-de-me-separer-de-ma-femme-apres-plus-de-quinze-ans.jpg\",\"contentUrl\":\"https:\\\/\\\/contactfm72.fr\\\/wp-content\\\/uploads\\\/2023\\\/08\\\/EXCLU-Interview-1h-avec-Keen-V-Je-viens-de-me-separer-de-ma-femme-apres-plus-de-quinze-ans.jpg\",\"width\":1200,\"height\":900},{\"@type\":\"BreadcrumbList\",\"@id\":\"https:\\\/\\\/contactfm72.fr\\\/?p=14286#breadcrumb\",\"itemListElement\":[{\"@type\":\"ListItem\",\"position\":1,\"name\":\"Accueil\",\"item\":\"https:\\\/\\\/contactfm72.fr\\\/\"},{\"@type\":\"ListItem\",\"position\":2,\"name\":\"Keen&#8217;V, t\u00eate d&#8217;affiche du 45e festival des Tuff\u00e9eries samedi\"}]},{\"@type\":\"WebSite\",\"@id\":\"https:\\\/\\\/contactfm72.fr\\\/#website\",\"url\":\"https:\\\/\\\/contactfm72.fr\\\/\",\"name\":\"Contact FM 99.3\",\"description\":\"Votre radio en vall\u00e9e du Loir\",\"publisher\":{\"@id\":\"https:\\\/\\\/contactfm72.fr\\\/#organization\"},\"potentialAction\":[{\"@type\":\"SearchAction\",\"target\":{\"@type\":\"EntryPoint\",\"urlTemplate\":\"https:\\\/\\\/contactfm72.fr\\\/?s={search_term_string}\"},\"query-input\":{\"@type\":\"PropertyValueSpecification\",\"valueRequired\":true,\"valueName\":\"search_term_string\"}}],\"inLanguage\":\"fr-FR\"},{\"@type\":\"Organization\",\"@id\":\"https:\\\/\\\/contactfm72.fr\\\/#organization\",\"name\":\"Contact FM 99.3\",\"url\":\"https:\\\/\\\/contactfm72.fr\\\/\",\"logo\":{\"@type\":\"ImageObject\",\"inLanguage\":\"fr-FR\",\"@id\":\"https:\\\/\\\/contactfm72.fr\\\/#\\\/schema\\\/logo\\\/image\\\/\",\"url\":\"https:\\\/\\\/contactfm72.fr\\\/wp-content\\\/uploads\\\/2025\\\/04\\\/2025-04-18-2.jpg\",\"contentUrl\":\"https:\\\/\\\/contactfm72.fr\\\/wp-content\\\/uploads\\\/2025\\\/04\\\/2025-04-18-2.jpg\",\"width\":680,\"height\":307,\"caption\":\"Contact FM 99.3\"},\"image\":{\"@id\":\"https:\\\/\\\/contactfm72.fr\\\/#\\\/schema\\\/logo\\\/image\\\/\"},\"sameAs\":[\"https:\\\/\\\/www.facebook.com\\\/Contactfm.Chateauduloir\",\"https:\\\/\\\/x.com\\\/contactfm72\",\"https:\\\/\\\/www.instagram.com\\\/contact.fm.72?igsh=cGhlMHQ5N2JlNnpp\",\"https:\\\/\\\/www.tiktok.com\\\/@contact.fm\"]},{\"@type\":\"Person\",\"@id\":\"https:\\\/\\\/contactfm72.fr\\\/#\\\/schema\\\/person\\\/9fdc9d1c2eb029354a4f1535b90ba82d\",\"name\":\"Val\u00e9rie C.\",\"image\":{\"@type\":\"ImageObject\",\"inLanguage\":\"fr-FR\",\"@id\":\"https:\\\/\\\/secure.gravatar.com\\\/avatar\\\/2f8aa28f8dfbd7d4420afd1fdcdd0a349923e2c8a38ab28198b0f9d0601e4737?s=96&d=mm&r=g\",\"url\":\"https:\\\/\\\/secure.gravatar.com\\\/avatar\\\/2f8aa28f8dfbd7d4420afd1fdcdd0a349923e2c8a38ab28198b0f9d0601e4737?s=96&d=mm&r=g\",\"contentUrl\":\"https:\\\/\\\/secure.gravatar.com\\\/avatar\\\/2f8aa28f8dfbd7d4420afd1fdcdd0a349923e2c8a38ab28198b0f9d0601e4737?s=96&d=mm&r=g\",\"caption\":\"Val\u00e9rie C.\"},\"url\":\"https:\\\/\\\/contactfm72.fr\\\/?author=4\"}]}<\/script>\n<!-- \/ Yoast SEO plugin. -->","yoast_head_json":{"title":"Keen'V, t\u00eate d'affiche du 45e festival des Tuff\u00e9eries samedi - Contact FM 99.3","robots":{"index":"index","follow":"follow","max-snippet":"max-snippet:-1","max-image-preview":"max-image-preview:large","max-video-preview":"max-video-preview:-1"},"canonical":"https:\/\/contactfm72.fr\/?p=14286","og_locale":"fr_FR","og_type":"article","og_title":"Keen'V, t\u00eate d'affiche du 45e festival des Tuff\u00e9eries samedi - Contact FM 99.3","og_description":"Le comit\u00e9 des f\u00eates de Tuff\u00e9 organise samedi 19 ao\u00fbt la 45e \u00e9dition de son festival des Tuff\u00e9ries, au plan d&#8217;eau de Tuff\u00e9-Val-de-la-Ch\u00e9ronne. Des stars des ann\u00e9es 80 assureront le show, avant l&#8217;arriv\u00e9e de la t\u00eate d&#8217;affiche de cette ann\u00e9e, le chanteur Keen&#8217;V. Les festivit\u00e9s se prolongent dimanche 20 ao\u00fbt avec la foire des Tuff\u00e9eries&hellip;","og_url":"https:\/\/contactfm72.fr\/?p=14286","og_site_name":"Contact FM 99.3","article_publisher":"https:\/\/www.facebook.com\/Contactfm.Chateauduloir","article_published_time":"2023-08-15T10:11:46+00:00","article_modified_time":"2023-08-15T10:26:54+00:00","og_image":[{"width":1200,"height":900,"url":"http:\/\/contactfm72.fr\/wp-content\/uploads\/2023\/08\/EXCLU-Interview-1h-avec-Keen-V-Je-viens-de-me-separer-de-ma-femme-apres-plus-de-quinze-ans.jpg","type":"image\/jpeg"}],"author":"Val\u00e9rie C.","twitter_card":"summary_large_image","twitter_creator":"@contactfm72","twitter_site":"@contactfm72","twitter_misc":{"\u00c9crit par":"Val\u00e9rie C.","Dur\u00e9e de lecture estim\u00e9e":"1 minute"},"schema":{"@context":"https:\/\/schema.org","@graph":[{"@type":"Article","@id":"https:\/\/contactfm72.fr\/?p=14286#article","isPartOf":{"@id":"https:\/\/contactfm72.fr\/?p=14286"},"author":{"name":"Val\u00e9rie C.","@id":"https:\/\/contactfm72.fr\/#\/schema\/person\/9fdc9d1c2eb029354a4f1535b90ba82d"},"headline":"Keen&#8217;V, t\u00eate d&#8217;affiche du 45e festival des Tuff\u00e9eries samedi","datePublished":"2023-08-15T10:11:46+00:00","dateModified":"2023-08-15T10:26:54+00:00","mainEntityOfPage":{"@id":"https:\/\/contactfm72.fr\/?p=14286"},"wordCount":120,"publisher":{"@id":"https:\/\/contactfm72.fr\/#organization"},"image":{"@id":"https:\/\/contactfm72.fr\/?p=14286#primaryimage"},"thumbnailUrl":"https:\/\/contactfm72.fr\/wp-content\/uploads\/2023\/08\/EXCLU-Interview-1h-avec-Keen-V-Je-viens-de-me-separer-de-ma-femme-apres-plus-de-quinze-ans.jpg","articleSection":["Contact FM 72","Destination vacances"],"inLanguage":"fr-FR"},{"@type":"WebPage","@id":"https:\/\/contactfm72.fr\/?p=14286","url":"https:\/\/contactfm72.fr\/?p=14286","name":"Keen'V, t\u00eate d'affiche du 45e festival des Tuff\u00e9eries samedi - Contact FM 99.3","isPartOf":{"@id":"https:\/\/contactfm72.fr\/#website"},"primaryImageOfPage":{"@id":"https:\/\/contactfm72.fr\/?p=14286#primaryimage"},"image":{"@id":"https:\/\/contactfm72.fr\/?p=14286#primaryimage"},"thumbnailUrl":"https:\/\/contactfm72.fr\/wp-content\/uploads\/2023\/08\/EXCLU-Interview-1h-avec-Keen-V-Je-viens-de-me-separer-de-ma-femme-apres-plus-de-quinze-ans.jpg","datePublished":"2023-08-15T10:11:46+00:00","dateModified":"2023-08-15T10:26:54+00:00","breadcrumb":{"@id":"https:\/\/contactfm72.fr\/?p=14286#breadcrumb"},"inLanguage":"fr-FR","potentialAction":[{"@type":"ReadAction","target":["https:\/\/contactfm72.fr\/?p=14286"]}]},{"@type":"ImageObject","inLanguage":"fr-FR","@id":"https:\/\/contactfm72.fr\/?p=14286#primaryimage","url":"https:\/\/contactfm72.fr\/wp-content\/uploads\/2023\/08\/EXCLU-Interview-1h-avec-Keen-V-Je-viens-de-me-separer-de-ma-femme-apres-plus-de-quinze-ans.jpg","contentUrl":"https:\/\/contactfm72.fr\/wp-content\/uploads\/2023\/08\/EXCLU-Interview-1h-avec-Keen-V-Je-viens-de-me-separer-de-ma-femme-apres-plus-de-quinze-ans.jpg","width":1200,"height":900},{"@type":"BreadcrumbList","@id":"https:\/\/contactfm72.fr\/?p=14286#breadcrumb","itemListElement":[{"@type":"ListItem","position":1,"name":"Accueil","item":"https:\/\/contactfm72.fr\/"},{"@type":"ListItem","position":2,"name":"Keen&#8217;V, t\u00eate d&#8217;affiche du 45e festival des Tuff\u00e9eries samedi"}]},{"@type":"WebSite","@id":"https:\/\/contactfm72.fr\/#website","url":"https:\/\/contactfm72.fr\/","name":"Contact FM 99.3","description":"Votre radio en vall\u00e9e du Loir","publisher":{"@id":"https:\/\/contactfm72.fr\/#organization"},"potentialAction":[{"@type":"SearchAction","target":{"@type":"EntryPoint","urlTemplate":"https:\/\/contactfm72.fr\/?s={search_term_string}"},"query-input":{"@type":"PropertyValueSpecification","valueRequired":true,"valueName":"search_term_string"}}],"inLanguage":"fr-FR"},{"@type":"Organization","@id":"https:\/\/contactfm72.fr\/#organization","name":"Contact FM 99.3","url":"https:\/\/contactfm72.fr\/","logo":{"@type":"ImageObject","inLanguage":"fr-FR","@id":"https:\/\/contactfm72.fr\/#\/schema\/logo\/image\/","url":"https:\/\/contactfm72.fr\/wp-content\/uploads\/2025\/04\/2025-04-18-2.jpg","contentUrl":"https:\/\/contactfm72.fr\/wp-content\/uploads\/2025\/04\/2025-04-18-2.jpg","width":680,"height":307,"caption":"Contact FM 99.3"},"image":{"@id":"https:\/\/contactfm72.fr\/#\/schema\/logo\/image\/"},"sameAs":["https:\/\/www.facebook.com\/Contactfm.Chateauduloir","https:\/\/x.com\/contactfm72","https:\/\/www.instagram.com\/contact.fm.72?igsh=cGhlMHQ5N2JlNnpp","https:\/\/www.tiktok.com\/@contact.fm"]},{"@type":"Person","@id":"https:\/\/contactfm72.fr\/#\/schema\/person\/9fdc9d1c2eb029354a4f1535b90ba82d","name":"Val\u00e9rie C.","image":{"@type":"ImageObject","inLanguage":"fr-FR","@id":"https:\/\/secure.gravatar.com\/avatar\/2f8aa28f8dfbd7d4420afd1fdcdd0a349923e2c8a38ab28198b0f9d0601e4737?s=96&d=mm&r=g","url":"https:\/\/secure.gravatar.com\/avatar\/2f8aa28f8dfbd7d4420afd1fdcdd0a349923e2c8a38ab28198b0f9d0601e4737?s=96&d=mm&r=g","contentUrl":"https:\/\/secure.gravatar.com\/avatar\/2f8aa28f8dfbd7d4420afd1fdcdd0a349923e2c8a38ab28198b0f9d0601e4737?s=96&d=mm&r=g","caption":"Val\u00e9rie C."},"url":"https:\/\/contactfm72.fr\/?author=4"}]}},"_links":{"self":[{"href":"https:\/\/contactfm72.fr\/index.php?rest_route=\/wp\/v2\/posts\/14286","targetHints":{"allow":["GET"]}}],"collection":[{"href":"https:\/\/contactfm72.fr\/index.php?rest_route=\/wp\/v2\/posts"}],"about":[{"href":"https:\/\/contactfm72.fr\/index.php?rest_route=\/wp\/v2\/types\/post"}],"author":[{"embeddable":true,"href":"https:\/\/contactfm72.fr\/index.php?rest_route=\/wp\/v2\/users\/4"}],"replies":[{"embeddable":true,"href":"https:\/\/contactfm72.fr\/index.php?rest_route=%2Fwp%2Fv2%2Fcomments&post=14286"}],"version-history":[{"count":3,"href":"https:\/\/contactfm72.fr\/index.php?rest_route=\/wp\/v2\/posts\/14286\/revisions"}],"predecessor-version":[{"id":14291,"href":"https:\/\/contactfm72.fr\/index.php?rest_route=\/wp\/v2\/posts\/14286\/revisions\/14291"}],"wp:featuredmedia":[{"embeddable":true,"href":"https:\/\/contactfm72.fr\/index.php?rest_route=\/wp\/v2\/media\/14289"}],"wp:attachment":[{"href":"https:\/\/contactfm72.fr\/index.php?rest_route=%2Fwp%2Fv2%2Fmedia&parent=14286"}],"wp:term":[{"taxonomy":"category","embeddable":true,"href":"https:\/\/contactfm72.fr\/index.php?rest_route=%2Fwp%2Fv2%2Fcategories&post=14286"},{"taxonomy":"post_tag","embeddable":true,"href":"https:\/\/contactfm72.fr\/index.php?rest_route=%2Fwp%2Fv2%2Ftags&post=14286"}],"curies":[{"name":"wp","href":"https:\/\/api.w.org\/{rel}","templated":true}]}}