{"id":14060,"date":"2023-07-04T11:11:57","date_gmt":"2023-07-04T09:11:57","guid":{"rendered":"https:\/\/contactfm72.fr\/?p=14060"},"modified":"2023-07-05T11:36:50","modified_gmt":"2023-07-05T09:36:50","slug":"les-nouveautes-2023-de-lexperience-a-la-poursuite-du-temps-cache-en-vallee-du-loir","status":"publish","type":"post","link":"https:\/\/contactfm72.fr\/?p=14060","title":{"rendered":"Les nouveaut\u00e9s 2023 de l&#8217;exp\u00e9rience &#8220;A la poursuite du temps cach\u00e9&#8221; en Vall\u00e9e du Loir"},"content":{"rendered":"<p>&#8220;A la poursuite du temps cach\u00e9&#8221; est une exp\u00e9rience, un voyage au c\u0153ur de la Vall\u00e9e du Loir, accessible \u00e0 tous via diff\u00e9rents supports. Un sc\u00e9nario original sert de base \u00e0 une d\u00e9marche p\u00e9dagogique, ludique et multig\u00e9n\u00e9rationnelle. C&#8217;est une fa\u00e7on simple d&#8217;en apprendre plus sur le patrimoine, tout en s&#8217;amusant. Chaque lieu d&#8217;exploration du projet &#8220;A la poursuite du temps cach\u00e9&#8221; se situe sur un site historique de la Vall\u00e9e du Loir.<\/p>\n<p>Gali\u00e8ne Cohu, pr\u00e9sidente de la commission culture-patrimoine du Pays Vall\u00e9e du Loir, revient sur l&#8217;aspect novateur du concept, et Mathilde Estadieu, directrice du Pays d&#8217;art et d&#8217;histoire, pr\u00e9sente les nouveaut\u00e9s 2023 dans votre magazine estival &#8220;Destination vacances&#8221;, mardi 4 juillet exceptionnellement \u00e0 13h, 15h30 et 18h30, samedi 8 \u00e0 13h et dimanche 9 \u00e0 10h.<\/p>\n<p>&nbsp;<\/p>\n<div id=\"audioigniter-527\" class=\"audioigniter-root \" data-player-type=\"full\" data-tracks-url=\"https:\/\/contactfm72.fr\/?audioigniter_playlist_id=527\" data-display-track-no=\"false\" data-reverse-track-order=\"false\" data-display-tracklist-covers=\"false\" data-display-active-cover=\"false\" data-display-artist-names=\"false\" data-display-buy-buttons=\"true\" data-buy-buttons-target=\"false\" data-cycle-tracks=\"false\" data-display-credits=\"false\" data-display-tracklist=\"true\" data-allow-tracklist-toggle=\"false\" data-allow-tracklist-loop=\"true\" data-limit-tracklist-height=\"true\" data-volume=\"100\" data-tracklist-height=\"185\" data-allow-track-loop=\"false\" ><\/div>\n<p>&nbsp;<\/p>\n<!-- AddThis Advanced Settings generic via filter on the_content --><!-- AddThis Share Buttons generic via filter on the_content -->","protected":false},"excerpt":{"rendered":"<p>&#8220;A la poursuite du temps cach\u00e9&#8221; est une exp\u00e9rience, un voyage au c\u0153ur de la Vall\u00e9e du Loir, accessible \u00e0 tous via diff\u00e9rents supports. Un sc\u00e9nario original sert de base \u00e0 une d\u00e9marche p\u00e9dagogique, ludique et multig\u00e9n\u00e9rationnelle. C&#8217;est une fa\u00e7on simple d&#8217;en apprendre plus sur le patrimoine, tout en s&#8217;amusant. Chaque lieu d&#8217;exploration du projet&hellip;<!-- AddThis Advanced Settings generic via filter on get_the_excerpt --><!-- AddThis Share Buttons generic via filter on get_the_excerpt --><\/p>\n","protected":false},"author":4,"featured_media":14061,"comment_status":"closed","ping_status":"open","sticky":false,"template":"","format":"standard","meta":{"footnotes":""},"categories":[1,79],"tags":[],"class_list":["post-14060","post","type-post","status-publish","format-standard","has-post-thumbnail","hentry","category-contact-fm-72","category-destination-vacances","category-1","category-79","description-off"],"yoast_head":"<!-- This site is optimized with the Yoast SEO plugin v27.4 - https:\/\/yoast.com\/product\/yoast-seo-wordpress\/ -->\n<title>Les nouveaut\u00e9s 2023 de l&#039;exp\u00e9rience &quot;A la poursuite du temps cach\u00e9&quot; en Vall\u00e9e du Loir - Contact FM 99.3<\/title>\n<meta name=\"robots\" content=\"index, follow, max-snippet:-1, max-image-preview:large, max-video-preview:-1\" \/>\n<link rel=\"canonical\" href=\"https:\/\/contactfm72.fr\/?p=14060\" \/>\n<meta property=\"og:locale\" content=\"fr_FR\" \/>\n<meta property=\"og:type\" content=\"article\" \/>\n<meta property=\"og:title\" content=\"Les nouveaut\u00e9s 2023 de l&#039;exp\u00e9rience &quot;A la poursuite du temps cach\u00e9&quot; en Vall\u00e9e du Loir - Contact FM 99.3\" \/>\n<meta property=\"og:description\" content=\"&#8220;A la poursuite du temps cach\u00e9&#8221; est une exp\u00e9rience, un voyage au c\u0153ur de la Vall\u00e9e du Loir, accessible \u00e0 tous via diff\u00e9rents supports. Un sc\u00e9nario original sert de base \u00e0 une d\u00e9marche p\u00e9dagogique, ludique et multig\u00e9n\u00e9rationnelle. C&#8217;est une fa\u00e7on simple d&#8217;en apprendre plus sur le patrimoine, tout en s&#8217;amusant. Chaque lieu d&#8217;exploration du projet&hellip;\" \/>\n<meta property=\"og:url\" content=\"https:\/\/contactfm72.fr\/?p=14060\" \/>\n<meta property=\"og:site_name\" content=\"Contact FM 99.3\" \/>\n<meta property=\"article:publisher\" content=\"https:\/\/www.facebook.com\/Contactfm.Chateauduloir\" \/>\n<meta property=\"article:published_time\" content=\"2023-07-04T09:11:57+00:00\" \/>\n<meta property=\"article:modified_time\" content=\"2023-07-05T09:36:50+00:00\" \/>\n<meta property=\"og:image\" content=\"http:\/\/contactfm72.fr\/wp-content\/uploads\/2023\/07\/343728512_997147941694941_4415952036761926395_n-Copier.jpg\" \/>\n\t<meta property=\"og:image:width\" content=\"825\" \/>\n\t<meta property=\"og:image:height\" content=\"619\" \/>\n\t<meta property=\"og:image:type\" content=\"image\/jpeg\" \/>\n<meta name=\"author\" content=\"Val\u00e9rie C.\" \/>\n<meta name=\"twitter:card\" content=\"summary_large_image\" \/>\n<meta name=\"twitter:creator\" content=\"@contactfm72\" \/>\n<meta name=\"twitter:site\" content=\"@contactfm72\" \/>\n<meta name=\"twitter:label1\" content=\"\u00c9crit par\" \/>\n\t<meta name=\"twitter:data1\" content=\"Val\u00e9rie C.\" \/>\n\t<meta name=\"twitter:label2\" content=\"Dur\u00e9e de lecture estim\u00e9e\" \/>\n\t<meta name=\"twitter:data2\" content=\"1 minute\" \/>\n<script type=\"application\/ld+json\" class=\"yoast-schema-graph\">{\"@context\":\"https:\\\/\\\/schema.org\",\"@graph\":[{\"@type\":\"Article\",\"@id\":\"https:\\\/\\\/contactfm72.fr\\\/?p=14060#article\",\"isPartOf\":{\"@id\":\"https:\\\/\\\/contactfm72.fr\\\/?p=14060\"},\"author\":{\"name\":\"Val\u00e9rie C.\",\"@id\":\"https:\\\/\\\/contactfm72.fr\\\/#\\\/schema\\\/person\\\/9fdc9d1c2eb029354a4f1535b90ba82d\"},\"headline\":\"Les nouveaut\u00e9s 2023 de l&#8217;exp\u00e9rience &#8220;A la poursuite du temps cach\u00e9&#8221; en Vall\u00e9e du Loir\",\"datePublished\":\"2023-07-04T09:11:57+00:00\",\"dateModified\":\"2023-07-05T09:36:50+00:00\",\"mainEntityOfPage\":{\"@id\":\"https:\\\/\\\/contactfm72.fr\\\/?p=14060\"},\"wordCount\":164,\"publisher\":{\"@id\":\"https:\\\/\\\/contactfm72.fr\\\/#organization\"},\"image\":{\"@id\":\"https:\\\/\\\/contactfm72.fr\\\/?p=14060#primaryimage\"},\"thumbnailUrl\":\"https:\\\/\\\/contactfm72.fr\\\/wp-content\\\/uploads\\\/2023\\\/07\\\/343728512_997147941694941_4415952036761926395_n-Copier.jpg\",\"articleSection\":[\"Contact FM 72\",\"Destination vacances\"],\"inLanguage\":\"fr-FR\"},{\"@type\":\"WebPage\",\"@id\":\"https:\\\/\\\/contactfm72.fr\\\/?p=14060\",\"url\":\"https:\\\/\\\/contactfm72.fr\\\/?p=14060\",\"name\":\"Les nouveaut\u00e9s 2023 de l'exp\u00e9rience \\\"A la poursuite du temps cach\u00e9\\\" en Vall\u00e9e du Loir - Contact FM 99.3\",\"isPartOf\":{\"@id\":\"https:\\\/\\\/contactfm72.fr\\\/#website\"},\"primaryImageOfPage\":{\"@id\":\"https:\\\/\\\/contactfm72.fr\\\/?p=14060#primaryimage\"},\"image\":{\"@id\":\"https:\\\/\\\/contactfm72.fr\\\/?p=14060#primaryimage\"},\"thumbnailUrl\":\"https:\\\/\\\/contactfm72.fr\\\/wp-content\\\/uploads\\\/2023\\\/07\\\/343728512_997147941694941_4415952036761926395_n-Copier.jpg\",\"datePublished\":\"2023-07-04T09:11:57+00:00\",\"dateModified\":\"2023-07-05T09:36:50+00:00\",\"breadcrumb\":{\"@id\":\"https:\\\/\\\/contactfm72.fr\\\/?p=14060#breadcrumb\"},\"inLanguage\":\"fr-FR\",\"potentialAction\":[{\"@type\":\"ReadAction\",\"target\":[\"https:\\\/\\\/contactfm72.fr\\\/?p=14060\"]}]},{\"@type\":\"ImageObject\",\"inLanguage\":\"fr-FR\",\"@id\":\"https:\\\/\\\/contactfm72.fr\\\/?p=14060#primaryimage\",\"url\":\"https:\\\/\\\/contactfm72.fr\\\/wp-content\\\/uploads\\\/2023\\\/07\\\/343728512_997147941694941_4415952036761926395_n-Copier.jpg\",\"contentUrl\":\"https:\\\/\\\/contactfm72.fr\\\/wp-content\\\/uploads\\\/2023\\\/07\\\/343728512_997147941694941_4415952036761926395_n-Copier.jpg\",\"width\":825,\"height\":619},{\"@type\":\"BreadcrumbList\",\"@id\":\"https:\\\/\\\/contactfm72.fr\\\/?p=14060#breadcrumb\",\"itemListElement\":[{\"@type\":\"ListItem\",\"position\":1,\"name\":\"Accueil\",\"item\":\"https:\\\/\\\/contactfm72.fr\\\/\"},{\"@type\":\"ListItem\",\"position\":2,\"name\":\"Les nouveaut\u00e9s 2023 de l&#8217;exp\u00e9rience &#8220;A la poursuite du temps cach\u00e9&#8221; en Vall\u00e9e du Loir\"}]},{\"@type\":\"WebSite\",\"@id\":\"https:\\\/\\\/contactfm72.fr\\\/#website\",\"url\":\"https:\\\/\\\/contactfm72.fr\\\/\",\"name\":\"Contact FM 99.3\",\"description\":\"Votre radio en vall\u00e9e du Loir\",\"publisher\":{\"@id\":\"https:\\\/\\\/contactfm72.fr\\\/#organization\"},\"potentialAction\":[{\"@type\":\"SearchAction\",\"target\":{\"@type\":\"EntryPoint\",\"urlTemplate\":\"https:\\\/\\\/contactfm72.fr\\\/?s={search_term_string}\"},\"query-input\":{\"@type\":\"PropertyValueSpecification\",\"valueRequired\":true,\"valueName\":\"search_term_string\"}}],\"inLanguage\":\"fr-FR\"},{\"@type\":\"Organization\",\"@id\":\"https:\\\/\\\/contactfm72.fr\\\/#organization\",\"name\":\"Contact FM 99.3\",\"url\":\"https:\\\/\\\/contactfm72.fr\\\/\",\"logo\":{\"@type\":\"ImageObject\",\"inLanguage\":\"fr-FR\",\"@id\":\"https:\\\/\\\/contactfm72.fr\\\/#\\\/schema\\\/logo\\\/image\\\/\",\"url\":\"https:\\\/\\\/contactfm72.fr\\\/wp-content\\\/uploads\\\/2025\\\/04\\\/2025-04-18-2.jpg\",\"contentUrl\":\"https:\\\/\\\/contactfm72.fr\\\/wp-content\\\/uploads\\\/2025\\\/04\\\/2025-04-18-2.jpg\",\"width\":680,\"height\":307,\"caption\":\"Contact FM 99.3\"},\"image\":{\"@id\":\"https:\\\/\\\/contactfm72.fr\\\/#\\\/schema\\\/logo\\\/image\\\/\"},\"sameAs\":[\"https:\\\/\\\/www.facebook.com\\\/Contactfm.Chateauduloir\",\"https:\\\/\\\/x.com\\\/contactfm72\",\"https:\\\/\\\/www.instagram.com\\\/contact.fm.72?igsh=cGhlMHQ5N2JlNnpp\",\"https:\\\/\\\/www.tiktok.com\\\/@contact.fm\"]},{\"@type\":\"Person\",\"@id\":\"https:\\\/\\\/contactfm72.fr\\\/#\\\/schema\\\/person\\\/9fdc9d1c2eb029354a4f1535b90ba82d\",\"name\":\"Val\u00e9rie C.\",\"image\":{\"@type\":\"ImageObject\",\"inLanguage\":\"fr-FR\",\"@id\":\"https:\\\/\\\/secure.gravatar.com\\\/avatar\\\/2f8aa28f8dfbd7d4420afd1fdcdd0a349923e2c8a38ab28198b0f9d0601e4737?s=96&d=mm&r=g\",\"url\":\"https:\\\/\\\/secure.gravatar.com\\\/avatar\\\/2f8aa28f8dfbd7d4420afd1fdcdd0a349923e2c8a38ab28198b0f9d0601e4737?s=96&d=mm&r=g\",\"contentUrl\":\"https:\\\/\\\/secure.gravatar.com\\\/avatar\\\/2f8aa28f8dfbd7d4420afd1fdcdd0a349923e2c8a38ab28198b0f9d0601e4737?s=96&d=mm&r=g\",\"caption\":\"Val\u00e9rie C.\"},\"url\":\"https:\\\/\\\/contactfm72.fr\\\/?author=4\"}]}<\/script>\n<!-- \/ Yoast SEO plugin. -->","yoast_head_json":{"title":"Les nouveaut\u00e9s 2023 de l'exp\u00e9rience \"A la poursuite du temps cach\u00e9\" en Vall\u00e9e du Loir - Contact FM 99.3","robots":{"index":"index","follow":"follow","max-snippet":"max-snippet:-1","max-image-preview":"max-image-preview:large","max-video-preview":"max-video-preview:-1"},"canonical":"https:\/\/contactfm72.fr\/?p=14060","og_locale":"fr_FR","og_type":"article","og_title":"Les nouveaut\u00e9s 2023 de l'exp\u00e9rience \"A la poursuite du temps cach\u00e9\" en Vall\u00e9e du Loir - Contact FM 99.3","og_description":"&#8220;A la poursuite du temps cach\u00e9&#8221; est une exp\u00e9rience, un voyage au c\u0153ur de la Vall\u00e9e du Loir, accessible \u00e0 tous via diff\u00e9rents supports. Un sc\u00e9nario original sert de base \u00e0 une d\u00e9marche p\u00e9dagogique, ludique et multig\u00e9n\u00e9rationnelle. C&#8217;est une fa\u00e7on simple d&#8217;en apprendre plus sur le patrimoine, tout en s&#8217;amusant. Chaque lieu d&#8217;exploration du projet&hellip;","og_url":"https:\/\/contactfm72.fr\/?p=14060","og_site_name":"Contact FM 99.3","article_publisher":"https:\/\/www.facebook.com\/Contactfm.Chateauduloir","article_published_time":"2023-07-04T09:11:57+00:00","article_modified_time":"2023-07-05T09:36:50+00:00","og_image":[{"width":825,"height":619,"url":"http:\/\/contactfm72.fr\/wp-content\/uploads\/2023\/07\/343728512_997147941694941_4415952036761926395_n-Copier.jpg","type":"image\/jpeg"}],"author":"Val\u00e9rie C.","twitter_card":"summary_large_image","twitter_creator":"@contactfm72","twitter_site":"@contactfm72","twitter_misc":{"\u00c9crit par":"Val\u00e9rie C.","Dur\u00e9e de lecture estim\u00e9e":"1 minute"},"schema":{"@context":"https:\/\/schema.org","@graph":[{"@type":"Article","@id":"https:\/\/contactfm72.fr\/?p=14060#article","isPartOf":{"@id":"https:\/\/contactfm72.fr\/?p=14060"},"author":{"name":"Val\u00e9rie C.","@id":"https:\/\/contactfm72.fr\/#\/schema\/person\/9fdc9d1c2eb029354a4f1535b90ba82d"},"headline":"Les nouveaut\u00e9s 2023 de l&#8217;exp\u00e9rience &#8220;A la poursuite du temps cach\u00e9&#8221; en Vall\u00e9e du Loir","datePublished":"2023-07-04T09:11:57+00:00","dateModified":"2023-07-05T09:36:50+00:00","mainEntityOfPage":{"@id":"https:\/\/contactfm72.fr\/?p=14060"},"wordCount":164,"publisher":{"@id":"https:\/\/contactfm72.fr\/#organization"},"image":{"@id":"https:\/\/contactfm72.fr\/?p=14060#primaryimage"},"thumbnailUrl":"https:\/\/contactfm72.fr\/wp-content\/uploads\/2023\/07\/343728512_997147941694941_4415952036761926395_n-Copier.jpg","articleSection":["Contact FM 72","Destination vacances"],"inLanguage":"fr-FR"},{"@type":"WebPage","@id":"https:\/\/contactfm72.fr\/?p=14060","url":"https:\/\/contactfm72.fr\/?p=14060","name":"Les nouveaut\u00e9s 2023 de l'exp\u00e9rience \"A la poursuite du temps cach\u00e9\" en Vall\u00e9e du Loir - Contact FM 99.3","isPartOf":{"@id":"https:\/\/contactfm72.fr\/#website"},"primaryImageOfPage":{"@id":"https:\/\/contactfm72.fr\/?p=14060#primaryimage"},"image":{"@id":"https:\/\/contactfm72.fr\/?p=14060#primaryimage"},"thumbnailUrl":"https:\/\/contactfm72.fr\/wp-content\/uploads\/2023\/07\/343728512_997147941694941_4415952036761926395_n-Copier.jpg","datePublished":"2023-07-04T09:11:57+00:00","dateModified":"2023-07-05T09:36:50+00:00","breadcrumb":{"@id":"https:\/\/contactfm72.fr\/?p=14060#breadcrumb"},"inLanguage":"fr-FR","potentialAction":[{"@type":"ReadAction","target":["https:\/\/contactfm72.fr\/?p=14060"]}]},{"@type":"ImageObject","inLanguage":"fr-FR","@id":"https:\/\/contactfm72.fr\/?p=14060#primaryimage","url":"https:\/\/contactfm72.fr\/wp-content\/uploads\/2023\/07\/343728512_997147941694941_4415952036761926395_n-Copier.jpg","contentUrl":"https:\/\/contactfm72.fr\/wp-content\/uploads\/2023\/07\/343728512_997147941694941_4415952036761926395_n-Copier.jpg","width":825,"height":619},{"@type":"BreadcrumbList","@id":"https:\/\/contactfm72.fr\/?p=14060#breadcrumb","itemListElement":[{"@type":"ListItem","position":1,"name":"Accueil","item":"https:\/\/contactfm72.fr\/"},{"@type":"ListItem","position":2,"name":"Les nouveaut\u00e9s 2023 de l&#8217;exp\u00e9rience &#8220;A la poursuite du temps cach\u00e9&#8221; en Vall\u00e9e du Loir"}]},{"@type":"WebSite","@id":"https:\/\/contactfm72.fr\/#website","url":"https:\/\/contactfm72.fr\/","name":"Contact FM 99.3","description":"Votre radio en vall\u00e9e du Loir","publisher":{"@id":"https:\/\/contactfm72.fr\/#organization"},"potentialAction":[{"@type":"SearchAction","target":{"@type":"EntryPoint","urlTemplate":"https:\/\/contactfm72.fr\/?s={search_term_string}"},"query-input":{"@type":"PropertyValueSpecification","valueRequired":true,"valueName":"search_term_string"}}],"inLanguage":"fr-FR"},{"@type":"Organization","@id":"https:\/\/contactfm72.fr\/#organization","name":"Contact FM 99.3","url":"https:\/\/contactfm72.fr\/","logo":{"@type":"ImageObject","inLanguage":"fr-FR","@id":"https:\/\/contactfm72.fr\/#\/schema\/logo\/image\/","url":"https:\/\/contactfm72.fr\/wp-content\/uploads\/2025\/04\/2025-04-18-2.jpg","contentUrl":"https:\/\/contactfm72.fr\/wp-content\/uploads\/2025\/04\/2025-04-18-2.jpg","width":680,"height":307,"caption":"Contact FM 99.3"},"image":{"@id":"https:\/\/contactfm72.fr\/#\/schema\/logo\/image\/"},"sameAs":["https:\/\/www.facebook.com\/Contactfm.Chateauduloir","https:\/\/x.com\/contactfm72","https:\/\/www.instagram.com\/contact.fm.72?igsh=cGhlMHQ5N2JlNnpp","https:\/\/www.tiktok.com\/@contact.fm"]},{"@type":"Person","@id":"https:\/\/contactfm72.fr\/#\/schema\/person\/9fdc9d1c2eb029354a4f1535b90ba82d","name":"Val\u00e9rie C.","image":{"@type":"ImageObject","inLanguage":"fr-FR","@id":"https:\/\/secure.gravatar.com\/avatar\/2f8aa28f8dfbd7d4420afd1fdcdd0a349923e2c8a38ab28198b0f9d0601e4737?s=96&d=mm&r=g","url":"https:\/\/secure.gravatar.com\/avatar\/2f8aa28f8dfbd7d4420afd1fdcdd0a349923e2c8a38ab28198b0f9d0601e4737?s=96&d=mm&r=g","contentUrl":"https:\/\/secure.gravatar.com\/avatar\/2f8aa28f8dfbd7d4420afd1fdcdd0a349923e2c8a38ab28198b0f9d0601e4737?s=96&d=mm&r=g","caption":"Val\u00e9rie C."},"url":"https:\/\/contactfm72.fr\/?author=4"}]}},"_links":{"self":[{"href":"https:\/\/contactfm72.fr\/index.php?rest_route=\/wp\/v2\/posts\/14060","targetHints":{"allow":["GET"]}}],"collection":[{"href":"https:\/\/contactfm72.fr\/index.php?rest_route=\/wp\/v2\/posts"}],"about":[{"href":"https:\/\/contactfm72.fr\/index.php?rest_route=\/wp\/v2\/types\/post"}],"author":[{"embeddable":true,"href":"https:\/\/contactfm72.fr\/index.php?rest_route=\/wp\/v2\/users\/4"}],"replies":[{"embeddable":true,"href":"https:\/\/contactfm72.fr\/index.php?rest_route=%2Fwp%2Fv2%2Fcomments&post=14060"}],"version-history":[{"count":4,"href":"https:\/\/contactfm72.fr\/index.php?rest_route=\/wp\/v2\/posts\/14060\/revisions"}],"predecessor-version":[{"id":14074,"href":"https:\/\/contactfm72.fr\/index.php?rest_route=\/wp\/v2\/posts\/14060\/revisions\/14074"}],"wp:featuredmedia":[{"embeddable":true,"href":"https:\/\/contactfm72.fr\/index.php?rest_route=\/wp\/v2\/media\/14061"}],"wp:attachment":[{"href":"https:\/\/contactfm72.fr\/index.php?rest_route=%2Fwp%2Fv2%2Fmedia&parent=14060"}],"wp:term":[{"taxonomy":"category","embeddable":true,"href":"https:\/\/contactfm72.fr\/index.php?rest_route=%2Fwp%2Fv2%2Fcategories&post=14060"},{"taxonomy":"post_tag","embeddable":true,"href":"https:\/\/contactfm72.fr\/index.php?rest_route=%2Fwp%2Fv2%2Ftags&post=14060"}],"curies":[{"name":"wp","href":"https:\/\/api.w.org\/{rel}","templated":true}]}}