{"id":13754,"date":"2023-06-02T15:16:37","date_gmt":"2023-06-02T13:16:37","guid":{"rendered":"https:\/\/contactfm72.fr\/?p=13754"},"modified":"2023-06-02T15:18:42","modified_gmt":"2023-06-02T13:18:42","slug":"a-la-rencontre-de-claire-lelais-viticultrice-et-caviste-du-sud-sarthe","status":"publish","type":"post","link":"https:\/\/contactfm72.fr\/?p=13754","title":{"rendered":"\u00c0 la rencontre de Claire LELAIS viticultrice et caviste du sud Sarthe"},"content":{"rendered":"<p>Native de Ruill\u00e9-sur-loir Claire Lelais a repris en 2018 le domaine familial fond\u00e9 en 1984 par ses parents. C\u2019est avec passion comme elle le pr\u00e9cise que l\u2019on doit exercer ce m\u00e9tier. \u00ab\u00a0C\u2019est un m\u00e9tier qui ce fait avec le c\u0153ur\u00a0\u00bb. C\u2019est en 2012 apr\u00e8s des \u00e9tudes de commercialisation et un master en oenologie que Claire Lelais int\u00e8gre la production familiale en tant que salari\u00e9.<\/p>\n<p>Elle prit la succession de son p\u00e8re de mani\u00e8re progressive avant d\u2019\u00eatre pleinement directrice en 2018. Une responsabilit\u00e9 qu\u2019elle a d\u00fb g\u00e9rer dans ce secteur o\u00f9 l\u2019on exerce souvent 4 m\u00e9tiers \u00ab\u00a0agriculture \/ production \/ commercialisation \/ gestion d\u2019entreprise\u00a0\u00bb<\/p>\n<p>Fier de l\u2019\u00e9volution du domaine en 40 ans, Claire Lelais souhaite apporter sa touche personnelle en restant dans la continuit\u00e9 de ses parents. En d\u00e9mocratisant notamment l\u2019aspect patrimonial du domaine, avec les caves Troglodytes qui sont ouvertes \u00e0 la visite.<\/p>\n<p><b>Une parit\u00e9 qui se d\u00e9mocratise <\/b><\/p>\n<p>Avec l\u2019arriv\u00e9e des nouvelles g\u00e9n\u00e9rations de plus en plus de femmes deviennent viticultrice et directrice d\u2019un domaine. Cela s\u2019explique par l\u2019\u00e9volution technologique des m\u00e9tiers de l\u2019agriculture qui s\u2019ouvrent et s\u2019adaptent de plus en plus aux femmes. Mais aussi par la communication qui a largement \u00e9volu\u00e9 notamment avec l\u2019arriv\u00e9e des r\u00e9seaux sociaux qui permettent aux nouvelles g\u00e9n\u00e9rations de d\u00e9couvrir les m\u00e9tiers du vin.<\/p>\n<p>C\u2019est sur ce point particulier de d\u00e9couverte que Claire Lelais veut d\u00e9velopper son entreprise, en exposant notamment sur les r\u00e9seaux sociaux les diff\u00e9rentes \u00e9tapes de production. Elle souligne l\u2019importance des rencontres qui permettent aux jeunes g\u00e9n\u00e9rations de renforcer leur \u00e9ducation sur la gastronomie et la d\u00e9gustation de vins.<\/p>\n<p>Infos pratiques\u00a0: Du lundi au samedi : 9h-12h \/ 14h-18h, Dimanches et jours f\u00e9ri\u00e9s : Ferm\u00e9. &#8211;<em>D\u00e9gustation et vente de vin \u2013 Gratuit- Sans Rdv. &#8211;<\/em><i> <\/i><em>Visite des caves comment\u00e9e sur r\u00e9servation. &#8211; <\/em><span style=\"color: #666666;\"><span style=\"font-family: Arial, serif;\"><span style=\"font-size: small;\">\u00a0<\/span><\/span><\/span><u><a href=\"mailto:vins@domainelelais.com\"><span style=\"color: #789314;\"><span style=\"font-family: Arial, serif;\"><span style=\"font-size: small;\"><span style=\"color: #0000ff;\">vins@domainelelais.com<\/span><\/span><\/span><\/span><\/a><\/u> &#8211; <span style=\"color: #0000ff;\"><u><a href=\"http:\/\/www.domainelelais.com\/\">www.domainelelais.com<\/a><\/u><\/span> &#8211;<span style=\"font-family: Arial, serif;\"><span style=\"font-size: small;\"><b><span style=\"color: #666666;\">\u00a0<\/span><\/b><\/span><\/span><b>02 43 79 09 59 &#8211; <\/b>41 route de Ponc\u00e9, 72340 Ruill\u00e9 sur Loir<\/p>\n<!-- AddThis Advanced Settings generic via filter on the_content --><!-- AddThis Share Buttons generic via filter on the_content -->","protected":false},"excerpt":{"rendered":"<p>Native de Ruill\u00e9-sur-loir Claire Lelais a repris en 2018 le domaine familial fond\u00e9 en 1984 par ses parents. C\u2019est avec passion comme elle le pr\u00e9cise que l\u2019on doit exercer ce m\u00e9tier. \u00ab\u00a0C\u2019est un m\u00e9tier qui ce fait avec le c\u0153ur\u00a0\u00bb. C\u2019est en 2012 apr\u00e8s des \u00e9tudes de commercialisation et un master en oenologie que Claire&hellip;<!-- AddThis Advanced Settings generic via filter on get_the_excerpt --><!-- AddThis Share Buttons generic via filter on get_the_excerpt --><\/p>\n","protected":false},"author":4,"featured_media":13744,"comment_status":"closed","ping_status":"open","sticky":false,"template":"","format":"standard","meta":{"footnotes":""},"categories":[1],"tags":[],"class_list":["post-13754","post","type-post","status-publish","format-standard","has-post-thumbnail","hentry","category-contact-fm-72","category-1","description-off"],"yoast_head":"<!-- This site is optimized with the Yoast SEO plugin v27.4 - https:\/\/yoast.com\/product\/yoast-seo-wordpress\/ -->\n<title>\u00c0 la rencontre de Claire LELAIS viticultrice et caviste du sud Sarthe - Contact FM 99.3<\/title>\n<meta name=\"robots\" content=\"index, follow, max-snippet:-1, max-image-preview:large, max-video-preview:-1\" \/>\n<link rel=\"canonical\" href=\"https:\/\/contactfm72.fr\/?p=13754\" \/>\n<meta property=\"og:locale\" content=\"fr_FR\" \/>\n<meta property=\"og:type\" content=\"article\" \/>\n<meta property=\"og:title\" content=\"\u00c0 la rencontre de Claire LELAIS viticultrice et caviste du sud Sarthe - Contact FM 99.3\" \/>\n<meta property=\"og:description\" content=\"Native de Ruill\u00e9-sur-loir Claire Lelais a repris en 2018 le domaine familial fond\u00e9 en 1984 par ses parents. C\u2019est avec passion comme elle le pr\u00e9cise que l\u2019on doit exercer ce m\u00e9tier. \u00ab\u00a0C\u2019est un m\u00e9tier qui ce fait avec le c\u0153ur\u00a0\u00bb. C\u2019est en 2012 apr\u00e8s des \u00e9tudes de commercialisation et un master en oenologie que Claire&hellip;\" \/>\n<meta property=\"og:url\" content=\"https:\/\/contactfm72.fr\/?p=13754\" \/>\n<meta property=\"og:site_name\" content=\"Contact FM 99.3\" \/>\n<meta property=\"article:publisher\" content=\"https:\/\/www.facebook.com\/Contactfm.Chateauduloir\" \/>\n<meta property=\"article:published_time\" content=\"2023-06-02T13:16:37+00:00\" \/>\n<meta property=\"article:modified_time\" content=\"2023-06-02T13:18:42+00:00\" \/>\n<meta property=\"og:image\" content=\"http:\/\/contactfm72.fr\/wp-content\/uploads\/2023\/06\/IMG-5287.jpg\" \/>\n\t<meta property=\"og:image:width\" content=\"1024\" \/>\n\t<meta property=\"og:image:height\" content=\"768\" \/>\n\t<meta property=\"og:image:type\" content=\"image\/jpeg\" \/>\n<meta name=\"author\" content=\"Val\u00e9rie C.\" \/>\n<meta name=\"twitter:card\" content=\"summary_large_image\" \/>\n<meta name=\"twitter:creator\" content=\"@contactfm72\" \/>\n<meta name=\"twitter:site\" content=\"@contactfm72\" \/>\n<meta name=\"twitter:label1\" content=\"\u00c9crit par\" \/>\n\t<meta name=\"twitter:data1\" content=\"Val\u00e9rie C.\" \/>\n\t<meta name=\"twitter:label2\" content=\"Dur\u00e9e de lecture estim\u00e9e\" \/>\n\t<meta name=\"twitter:data2\" content=\"2 minutes\" \/>\n<script type=\"application\/ld+json\" class=\"yoast-schema-graph\">{\"@context\":\"https:\\\/\\\/schema.org\",\"@graph\":[{\"@type\":\"Article\",\"@id\":\"https:\\\/\\\/contactfm72.fr\\\/?p=13754#article\",\"isPartOf\":{\"@id\":\"https:\\\/\\\/contactfm72.fr\\\/?p=13754\"},\"author\":{\"name\":\"Val\u00e9rie C.\",\"@id\":\"https:\\\/\\\/contactfm72.fr\\\/#\\\/schema\\\/person\\\/9fdc9d1c2eb029354a4f1535b90ba82d\"},\"headline\":\"\u00c0 la rencontre de Claire LELAIS viticultrice et caviste du sud Sarthe\",\"datePublished\":\"2023-06-02T13:16:37+00:00\",\"dateModified\":\"2023-06-02T13:18:42+00:00\",\"mainEntityOfPage\":{\"@id\":\"https:\\\/\\\/contactfm72.fr\\\/?p=13754\"},\"wordCount\":360,\"publisher\":{\"@id\":\"https:\\\/\\\/contactfm72.fr\\\/#organization\"},\"image\":{\"@id\":\"https:\\\/\\\/contactfm72.fr\\\/?p=13754#primaryimage\"},\"thumbnailUrl\":\"https:\\\/\\\/contactfm72.fr\\\/wp-content\\\/uploads\\\/2023\\\/06\\\/IMG-5287.jpg\",\"articleSection\":[\"Contact FM 72\"],\"inLanguage\":\"fr-FR\"},{\"@type\":\"WebPage\",\"@id\":\"https:\\\/\\\/contactfm72.fr\\\/?p=13754\",\"url\":\"https:\\\/\\\/contactfm72.fr\\\/?p=13754\",\"name\":\"\u00c0 la rencontre de Claire LELAIS viticultrice et caviste du sud Sarthe - Contact FM 99.3\",\"isPartOf\":{\"@id\":\"https:\\\/\\\/contactfm72.fr\\\/#website\"},\"primaryImageOfPage\":{\"@id\":\"https:\\\/\\\/contactfm72.fr\\\/?p=13754#primaryimage\"},\"image\":{\"@id\":\"https:\\\/\\\/contactfm72.fr\\\/?p=13754#primaryimage\"},\"thumbnailUrl\":\"https:\\\/\\\/contactfm72.fr\\\/wp-content\\\/uploads\\\/2023\\\/06\\\/IMG-5287.jpg\",\"datePublished\":\"2023-06-02T13:16:37+00:00\",\"dateModified\":\"2023-06-02T13:18:42+00:00\",\"breadcrumb\":{\"@id\":\"https:\\\/\\\/contactfm72.fr\\\/?p=13754#breadcrumb\"},\"inLanguage\":\"fr-FR\",\"potentialAction\":[{\"@type\":\"ReadAction\",\"target\":[\"https:\\\/\\\/contactfm72.fr\\\/?p=13754\"]}]},{\"@type\":\"ImageObject\",\"inLanguage\":\"fr-FR\",\"@id\":\"https:\\\/\\\/contactfm72.fr\\\/?p=13754#primaryimage\",\"url\":\"https:\\\/\\\/contactfm72.fr\\\/wp-content\\\/uploads\\\/2023\\\/06\\\/IMG-5287.jpg\",\"contentUrl\":\"https:\\\/\\\/contactfm72.fr\\\/wp-content\\\/uploads\\\/2023\\\/06\\\/IMG-5287.jpg\",\"width\":4032,\"height\":3024},{\"@type\":\"BreadcrumbList\",\"@id\":\"https:\\\/\\\/contactfm72.fr\\\/?p=13754#breadcrumb\",\"itemListElement\":[{\"@type\":\"ListItem\",\"position\":1,\"name\":\"Accueil\",\"item\":\"https:\\\/\\\/contactfm72.fr\\\/\"},{\"@type\":\"ListItem\",\"position\":2,\"name\":\"\u00c0 la rencontre de Claire LELAIS viticultrice et caviste du sud Sarthe\"}]},{\"@type\":\"WebSite\",\"@id\":\"https:\\\/\\\/contactfm72.fr\\\/#website\",\"url\":\"https:\\\/\\\/contactfm72.fr\\\/\",\"name\":\"Contact FM 99.3\",\"description\":\"Votre radio en vall\u00e9e du Loir\",\"publisher\":{\"@id\":\"https:\\\/\\\/contactfm72.fr\\\/#organization\"},\"potentialAction\":[{\"@type\":\"SearchAction\",\"target\":{\"@type\":\"EntryPoint\",\"urlTemplate\":\"https:\\\/\\\/contactfm72.fr\\\/?s={search_term_string}\"},\"query-input\":{\"@type\":\"PropertyValueSpecification\",\"valueRequired\":true,\"valueName\":\"search_term_string\"}}],\"inLanguage\":\"fr-FR\"},{\"@type\":\"Organization\",\"@id\":\"https:\\\/\\\/contactfm72.fr\\\/#organization\",\"name\":\"Contact FM 99.3\",\"url\":\"https:\\\/\\\/contactfm72.fr\\\/\",\"logo\":{\"@type\":\"ImageObject\",\"inLanguage\":\"fr-FR\",\"@id\":\"https:\\\/\\\/contactfm72.fr\\\/#\\\/schema\\\/logo\\\/image\\\/\",\"url\":\"https:\\\/\\\/contactfm72.fr\\\/wp-content\\\/uploads\\\/2025\\\/04\\\/2025-04-18-2.jpg\",\"contentUrl\":\"https:\\\/\\\/contactfm72.fr\\\/wp-content\\\/uploads\\\/2025\\\/04\\\/2025-04-18-2.jpg\",\"width\":680,\"height\":307,\"caption\":\"Contact FM 99.3\"},\"image\":{\"@id\":\"https:\\\/\\\/contactfm72.fr\\\/#\\\/schema\\\/logo\\\/image\\\/\"},\"sameAs\":[\"https:\\\/\\\/www.facebook.com\\\/Contactfm.Chateauduloir\",\"https:\\\/\\\/x.com\\\/contactfm72\",\"https:\\\/\\\/www.instagram.com\\\/contact.fm.72?igsh=cGhlMHQ5N2JlNnpp\",\"https:\\\/\\\/www.tiktok.com\\\/@contact.fm\"]},{\"@type\":\"Person\",\"@id\":\"https:\\\/\\\/contactfm72.fr\\\/#\\\/schema\\\/person\\\/9fdc9d1c2eb029354a4f1535b90ba82d\",\"name\":\"Val\u00e9rie C.\",\"image\":{\"@type\":\"ImageObject\",\"inLanguage\":\"fr-FR\",\"@id\":\"https:\\\/\\\/secure.gravatar.com\\\/avatar\\\/2f8aa28f8dfbd7d4420afd1fdcdd0a349923e2c8a38ab28198b0f9d0601e4737?s=96&d=mm&r=g\",\"url\":\"https:\\\/\\\/secure.gravatar.com\\\/avatar\\\/2f8aa28f8dfbd7d4420afd1fdcdd0a349923e2c8a38ab28198b0f9d0601e4737?s=96&d=mm&r=g\",\"contentUrl\":\"https:\\\/\\\/secure.gravatar.com\\\/avatar\\\/2f8aa28f8dfbd7d4420afd1fdcdd0a349923e2c8a38ab28198b0f9d0601e4737?s=96&d=mm&r=g\",\"caption\":\"Val\u00e9rie C.\"},\"url\":\"https:\\\/\\\/contactfm72.fr\\\/?author=4\"}]}<\/script>\n<!-- \/ Yoast SEO plugin. -->","yoast_head_json":{"title":"\u00c0 la rencontre de Claire LELAIS viticultrice et caviste du sud Sarthe - Contact FM 99.3","robots":{"index":"index","follow":"follow","max-snippet":"max-snippet:-1","max-image-preview":"max-image-preview:large","max-video-preview":"max-video-preview:-1"},"canonical":"https:\/\/contactfm72.fr\/?p=13754","og_locale":"fr_FR","og_type":"article","og_title":"\u00c0 la rencontre de Claire LELAIS viticultrice et caviste du sud Sarthe - Contact FM 99.3","og_description":"Native de Ruill\u00e9-sur-loir Claire Lelais a repris en 2018 le domaine familial fond\u00e9 en 1984 par ses parents. C\u2019est avec passion comme elle le pr\u00e9cise que l\u2019on doit exercer ce m\u00e9tier. \u00ab\u00a0C\u2019est un m\u00e9tier qui ce fait avec le c\u0153ur\u00a0\u00bb. C\u2019est en 2012 apr\u00e8s des \u00e9tudes de commercialisation et un master en oenologie que Claire&hellip;","og_url":"https:\/\/contactfm72.fr\/?p=13754","og_site_name":"Contact FM 99.3","article_publisher":"https:\/\/www.facebook.com\/Contactfm.Chateauduloir","article_published_time":"2023-06-02T13:16:37+00:00","article_modified_time":"2023-06-02T13:18:42+00:00","og_image":[{"url":"http:\/\/contactfm72.fr\/wp-content\/uploads\/2023\/06\/IMG-5287.jpg","width":1024,"height":768,"type":"image\/jpeg"}],"author":"Val\u00e9rie C.","twitter_card":"summary_large_image","twitter_creator":"@contactfm72","twitter_site":"@contactfm72","twitter_misc":{"\u00c9crit par":"Val\u00e9rie C.","Dur\u00e9e de lecture estim\u00e9e":"2 minutes"},"schema":{"@context":"https:\/\/schema.org","@graph":[{"@type":"Article","@id":"https:\/\/contactfm72.fr\/?p=13754#article","isPartOf":{"@id":"https:\/\/contactfm72.fr\/?p=13754"},"author":{"name":"Val\u00e9rie C.","@id":"https:\/\/contactfm72.fr\/#\/schema\/person\/9fdc9d1c2eb029354a4f1535b90ba82d"},"headline":"\u00c0 la rencontre de Claire LELAIS viticultrice et caviste du sud Sarthe","datePublished":"2023-06-02T13:16:37+00:00","dateModified":"2023-06-02T13:18:42+00:00","mainEntityOfPage":{"@id":"https:\/\/contactfm72.fr\/?p=13754"},"wordCount":360,"publisher":{"@id":"https:\/\/contactfm72.fr\/#organization"},"image":{"@id":"https:\/\/contactfm72.fr\/?p=13754#primaryimage"},"thumbnailUrl":"https:\/\/contactfm72.fr\/wp-content\/uploads\/2023\/06\/IMG-5287.jpg","articleSection":["Contact FM 72"],"inLanguage":"fr-FR"},{"@type":"WebPage","@id":"https:\/\/contactfm72.fr\/?p=13754","url":"https:\/\/contactfm72.fr\/?p=13754","name":"\u00c0 la rencontre de Claire LELAIS viticultrice et caviste du sud Sarthe - Contact FM 99.3","isPartOf":{"@id":"https:\/\/contactfm72.fr\/#website"},"primaryImageOfPage":{"@id":"https:\/\/contactfm72.fr\/?p=13754#primaryimage"},"image":{"@id":"https:\/\/contactfm72.fr\/?p=13754#primaryimage"},"thumbnailUrl":"https:\/\/contactfm72.fr\/wp-content\/uploads\/2023\/06\/IMG-5287.jpg","datePublished":"2023-06-02T13:16:37+00:00","dateModified":"2023-06-02T13:18:42+00:00","breadcrumb":{"@id":"https:\/\/contactfm72.fr\/?p=13754#breadcrumb"},"inLanguage":"fr-FR","potentialAction":[{"@type":"ReadAction","target":["https:\/\/contactfm72.fr\/?p=13754"]}]},{"@type":"ImageObject","inLanguage":"fr-FR","@id":"https:\/\/contactfm72.fr\/?p=13754#primaryimage","url":"https:\/\/contactfm72.fr\/wp-content\/uploads\/2023\/06\/IMG-5287.jpg","contentUrl":"https:\/\/contactfm72.fr\/wp-content\/uploads\/2023\/06\/IMG-5287.jpg","width":4032,"height":3024},{"@type":"BreadcrumbList","@id":"https:\/\/contactfm72.fr\/?p=13754#breadcrumb","itemListElement":[{"@type":"ListItem","position":1,"name":"Accueil","item":"https:\/\/contactfm72.fr\/"},{"@type":"ListItem","position":2,"name":"\u00c0 la rencontre de Claire LELAIS viticultrice et caviste du sud Sarthe"}]},{"@type":"WebSite","@id":"https:\/\/contactfm72.fr\/#website","url":"https:\/\/contactfm72.fr\/","name":"Contact FM 99.3","description":"Votre radio en vall\u00e9e du Loir","publisher":{"@id":"https:\/\/contactfm72.fr\/#organization"},"potentialAction":[{"@type":"SearchAction","target":{"@type":"EntryPoint","urlTemplate":"https:\/\/contactfm72.fr\/?s={search_term_string}"},"query-input":{"@type":"PropertyValueSpecification","valueRequired":true,"valueName":"search_term_string"}}],"inLanguage":"fr-FR"},{"@type":"Organization","@id":"https:\/\/contactfm72.fr\/#organization","name":"Contact FM 99.3","url":"https:\/\/contactfm72.fr\/","logo":{"@type":"ImageObject","inLanguage":"fr-FR","@id":"https:\/\/contactfm72.fr\/#\/schema\/logo\/image\/","url":"https:\/\/contactfm72.fr\/wp-content\/uploads\/2025\/04\/2025-04-18-2.jpg","contentUrl":"https:\/\/contactfm72.fr\/wp-content\/uploads\/2025\/04\/2025-04-18-2.jpg","width":680,"height":307,"caption":"Contact FM 99.3"},"image":{"@id":"https:\/\/contactfm72.fr\/#\/schema\/logo\/image\/"},"sameAs":["https:\/\/www.facebook.com\/Contactfm.Chateauduloir","https:\/\/x.com\/contactfm72","https:\/\/www.instagram.com\/contact.fm.72?igsh=cGhlMHQ5N2JlNnpp","https:\/\/www.tiktok.com\/@contact.fm"]},{"@type":"Person","@id":"https:\/\/contactfm72.fr\/#\/schema\/person\/9fdc9d1c2eb029354a4f1535b90ba82d","name":"Val\u00e9rie C.","image":{"@type":"ImageObject","inLanguage":"fr-FR","@id":"https:\/\/secure.gravatar.com\/avatar\/2f8aa28f8dfbd7d4420afd1fdcdd0a349923e2c8a38ab28198b0f9d0601e4737?s=96&d=mm&r=g","url":"https:\/\/secure.gravatar.com\/avatar\/2f8aa28f8dfbd7d4420afd1fdcdd0a349923e2c8a38ab28198b0f9d0601e4737?s=96&d=mm&r=g","contentUrl":"https:\/\/secure.gravatar.com\/avatar\/2f8aa28f8dfbd7d4420afd1fdcdd0a349923e2c8a38ab28198b0f9d0601e4737?s=96&d=mm&r=g","caption":"Val\u00e9rie C."},"url":"https:\/\/contactfm72.fr\/?author=4"}]}},"_links":{"self":[{"href":"https:\/\/contactfm72.fr\/index.php?rest_route=\/wp\/v2\/posts\/13754","targetHints":{"allow":["GET"]}}],"collection":[{"href":"https:\/\/contactfm72.fr\/index.php?rest_route=\/wp\/v2\/posts"}],"about":[{"href":"https:\/\/contactfm72.fr\/index.php?rest_route=\/wp\/v2\/types\/post"}],"author":[{"embeddable":true,"href":"https:\/\/contactfm72.fr\/index.php?rest_route=\/wp\/v2\/users\/4"}],"replies":[{"embeddable":true,"href":"https:\/\/contactfm72.fr\/index.php?rest_route=%2Fwp%2Fv2%2Fcomments&post=13754"}],"version-history":[{"count":1,"href":"https:\/\/contactfm72.fr\/index.php?rest_route=\/wp\/v2\/posts\/13754\/revisions"}],"predecessor-version":[{"id":13755,"href":"https:\/\/contactfm72.fr\/index.php?rest_route=\/wp\/v2\/posts\/13754\/revisions\/13755"}],"wp:featuredmedia":[{"embeddable":true,"href":"https:\/\/contactfm72.fr\/index.php?rest_route=\/wp\/v2\/media\/13744"}],"wp:attachment":[{"href":"https:\/\/contactfm72.fr\/index.php?rest_route=%2Fwp%2Fv2%2Fmedia&parent=13754"}],"wp:term":[{"taxonomy":"category","embeddable":true,"href":"https:\/\/contactfm72.fr\/index.php?rest_route=%2Fwp%2Fv2%2Fcategories&post=13754"},{"taxonomy":"post_tag","embeddable":true,"href":"https:\/\/contactfm72.fr\/index.php?rest_route=%2Fwp%2Fv2%2Ftags&post=13754"}],"curies":[{"name":"wp","href":"https:\/\/api.w.org\/{rel}","templated":true}]}}