{"id":13724,"date":"2023-05-31T14:43:39","date_gmt":"2023-05-31T12:43:39","guid":{"rendered":"https:\/\/contactfm72.fr\/?p=13724"},"modified":"2023-06-01T11:36:07","modified_gmt":"2023-06-01T09:36:07","slug":"mettre-la-nature-en-poesie-pour-voix-lactee","status":"publish","type":"post","link":"https:\/\/contactfm72.fr\/?p=13724","title":{"rendered":"Mettre la nature en po\u00e9sie\u00a0pour Voix Lact\u00e9e !"},"content":{"rendered":"<p>C\u2019est le d\u00e9fi que s\u2019est lanc\u00e9 Thierry Pradier compositeur, interpr\u00e8te et guitariste accompagn\u00e9 de Sylvie Callu interpr\u00e8te flutiste et Harpiste.<\/p>\n<p>Ce groupe cr\u00e9e il y a deux ans se nomme \u00ab\u00a0Voix-Lact\u00e9es\u00a0\u00bb et met en musique des po\u00e8mes portant sur les th\u00e8mes l\u2019amour et la nature. Apr\u00e8s 30 ans sans \u00e9crire Thierry Pradier s\u2019est associ\u00e9 \u00e0 Sylvie Callu professeure de harpe, afin d\u2019exploiter compl\u00e8tement le potentiel de cet instrument et le faire d\u00e9couvrir au grand public.<\/p>\n<p><i>\u00ab\u00a0La harpe est un instrument doux qui met tr\u00e8s bien en valeur le c\u00f4t\u00e9 po\u00e9tique et lumineux et s\u2019accorde parfaitement avec les textes de Thierry Pradier<\/i>\u00a0\u00bb Appuie Sylvie Callu instrumentiste depuis son plus jeune \u00e2ge.<\/p>\n<p><b>De nombreux concerts et albums \u00e0 venir\u00a0!<\/b><\/p>\n<p>Apr\u00e8s plus de 2 ans d\u2019association leur premier album \u00ab\u00a0le vent dans les coquelicots\u00a0\u00bb sortira prochainement. Compos\u00e9 de 12 titres, Thierry Pradier reprend en musique les po\u00e8mes de son recueil <i><u>La Rose, la Muse, et l\u2019Orchid\u00e9e<\/u><\/i> accompagn\u00e9e de Sylvie Callu.<\/p>\n<p>Le groupe \u00ab\u00a0Voix-Lact\u00e9es\u00a0\u00bb sera \u00e0 l\u2019affiche de 5 dates pendant l\u2019\u00e9t\u00e9 dont 3 en Sarthe avec notamment une prestation au ch\u00e2teau du Lude le 4 juin 2023 \u00e0 l\u2019occasion de la f\u00eate des jardiniers. De quoi trouver l\u2019inspiration musicale au c\u0153ur des jardins botaniques.<\/p>\n<p>INFOS PRATIQUES\u00a0: &#8211; <span style=\"color: #0000ff;\"><u><a href=\"https:\/\/www.voix-lactees.com\/\">https:\/\/www.voix-lactees.com\/<\/a><\/u><\/span> &#8211; 06 28 25 18 15 (Thierry Pradier) \u2013 06 33 68 71 72 (Sylvie Callu)<\/p>\n<!-- AddThis Advanced Settings generic via filter on the_content --><!-- AddThis Share Buttons generic via filter on the_content -->","protected":false},"excerpt":{"rendered":"<p>C\u2019est le d\u00e9fi que s\u2019est lanc\u00e9 Thierry Pradier compositeur, interpr\u00e8te et guitariste accompagn\u00e9 de Sylvie Callu interpr\u00e8te flutiste et Harpiste. Ce groupe cr\u00e9e il y a deux ans se nomme \u00ab\u00a0Voix-Lact\u00e9es\u00a0\u00bb et met en musique des po\u00e8mes portant sur les th\u00e8mes l\u2019amour et la nature. Apr\u00e8s 30 ans sans \u00e9crire Thierry Pradier s\u2019est associ\u00e9 \u00e0&hellip;<!-- AddThis Advanced Settings generic via filter on get_the_excerpt --><!-- AddThis Share Buttons generic via filter on get_the_excerpt --><\/p>\n","protected":false},"author":4,"featured_media":13685,"comment_status":"closed","ping_status":"open","sticky":false,"template":"","format":"standard","meta":{"footnotes":""},"categories":[1],"tags":[],"class_list":["post-13724","post","type-post","status-publish","format-standard","has-post-thumbnail","hentry","category-contact-fm-72","category-1","description-off"],"yoast_head":"<!-- This site is optimized with the Yoast SEO plugin v27.4 - https:\/\/yoast.com\/product\/yoast-seo-wordpress\/ -->\n<title>Mettre la nature en po\u00e9sie\u00a0pour Voix Lact\u00e9e ! - Contact FM 99.3<\/title>\n<meta name=\"robots\" content=\"index, follow, max-snippet:-1, max-image-preview:large, max-video-preview:-1\" \/>\n<link rel=\"canonical\" href=\"https:\/\/contactfm72.fr\/?p=13724\" \/>\n<meta property=\"og:locale\" content=\"fr_FR\" \/>\n<meta property=\"og:type\" content=\"article\" \/>\n<meta property=\"og:title\" content=\"Mettre la nature en po\u00e9sie\u00a0pour Voix Lact\u00e9e ! - Contact FM 99.3\" \/>\n<meta property=\"og:description\" content=\"C\u2019est le d\u00e9fi que s\u2019est lanc\u00e9 Thierry Pradier compositeur, interpr\u00e8te et guitariste accompagn\u00e9 de Sylvie Callu interpr\u00e8te flutiste et Harpiste. Ce groupe cr\u00e9e il y a deux ans se nomme \u00ab\u00a0Voix-Lact\u00e9es\u00a0\u00bb et met en musique des po\u00e8mes portant sur les th\u00e8mes l\u2019amour et la nature. Apr\u00e8s 30 ans sans \u00e9crire Thierry Pradier s\u2019est associ\u00e9 \u00e0&hellip;\" \/>\n<meta property=\"og:url\" content=\"https:\/\/contactfm72.fr\/?p=13724\" \/>\n<meta property=\"og:site_name\" content=\"Contact FM 99.3\" \/>\n<meta property=\"article:publisher\" content=\"https:\/\/www.facebook.com\/Contactfm.Chateauduloir\" \/>\n<meta property=\"article:published_time\" content=\"2023-05-31T12:43:39+00:00\" \/>\n<meta property=\"article:modified_time\" content=\"2023-06-01T09:36:07+00:00\" \/>\n<meta property=\"og:image\" content=\"http:\/\/contactfm72.fr\/wp-content\/uploads\/2023\/05\/voix-lactee-Copier.jpg\" \/>\n\t<meta property=\"og:image:width\" content=\"825\" \/>\n\t<meta property=\"og:image:height\" content=\"619\" \/>\n\t<meta property=\"og:image:type\" content=\"image\/jpeg\" \/>\n<meta name=\"author\" content=\"Val\u00e9rie C.\" \/>\n<meta name=\"twitter:card\" content=\"summary_large_image\" \/>\n<meta name=\"twitter:creator\" content=\"@contactfm72\" \/>\n<meta name=\"twitter:site\" content=\"@contactfm72\" \/>\n<meta name=\"twitter:label1\" content=\"\u00c9crit par\" \/>\n\t<meta name=\"twitter:data1\" content=\"Val\u00e9rie C.\" \/>\n\t<meta name=\"twitter:label2\" content=\"Dur\u00e9e de lecture estim\u00e9e\" \/>\n\t<meta name=\"twitter:data2\" content=\"2 minutes\" \/>\n<script type=\"application\/ld+json\" class=\"yoast-schema-graph\">{\"@context\":\"https:\\\/\\\/schema.org\",\"@graph\":[{\"@type\":\"Article\",\"@id\":\"https:\\\/\\\/contactfm72.fr\\\/?p=13724#article\",\"isPartOf\":{\"@id\":\"https:\\\/\\\/contactfm72.fr\\\/?p=13724\"},\"author\":{\"name\":\"Val\u00e9rie C.\",\"@id\":\"https:\\\/\\\/contactfm72.fr\\\/#\\\/schema\\\/person\\\/9fdc9d1c2eb029354a4f1535b90ba82d\"},\"headline\":\"Mettre la nature en po\u00e9sie\u00a0pour Voix Lact\u00e9e !\",\"datePublished\":\"2023-05-31T12:43:39+00:00\",\"dateModified\":\"2023-06-01T09:36:07+00:00\",\"mainEntityOfPage\":{\"@id\":\"https:\\\/\\\/contactfm72.fr\\\/?p=13724\"},\"wordCount\":245,\"publisher\":{\"@id\":\"https:\\\/\\\/contactfm72.fr\\\/#organization\"},\"image\":{\"@id\":\"https:\\\/\\\/contactfm72.fr\\\/?p=13724#primaryimage\"},\"thumbnailUrl\":\"https:\\\/\\\/contactfm72.fr\\\/wp-content\\\/uploads\\\/2023\\\/05\\\/voix-lactee-Copier.jpg\",\"articleSection\":[\"Contact FM 72\"],\"inLanguage\":\"fr-FR\"},{\"@type\":\"WebPage\",\"@id\":\"https:\\\/\\\/contactfm72.fr\\\/?p=13724\",\"url\":\"https:\\\/\\\/contactfm72.fr\\\/?p=13724\",\"name\":\"Mettre la nature en po\u00e9sie\u00a0pour Voix Lact\u00e9e ! - Contact FM 99.3\",\"isPartOf\":{\"@id\":\"https:\\\/\\\/contactfm72.fr\\\/#website\"},\"primaryImageOfPage\":{\"@id\":\"https:\\\/\\\/contactfm72.fr\\\/?p=13724#primaryimage\"},\"image\":{\"@id\":\"https:\\\/\\\/contactfm72.fr\\\/?p=13724#primaryimage\"},\"thumbnailUrl\":\"https:\\\/\\\/contactfm72.fr\\\/wp-content\\\/uploads\\\/2023\\\/05\\\/voix-lactee-Copier.jpg\",\"datePublished\":\"2023-05-31T12:43:39+00:00\",\"dateModified\":\"2023-06-01T09:36:07+00:00\",\"breadcrumb\":{\"@id\":\"https:\\\/\\\/contactfm72.fr\\\/?p=13724#breadcrumb\"},\"inLanguage\":\"fr-FR\",\"potentialAction\":[{\"@type\":\"ReadAction\",\"target\":[\"https:\\\/\\\/contactfm72.fr\\\/?p=13724\"]}]},{\"@type\":\"ImageObject\",\"inLanguage\":\"fr-FR\",\"@id\":\"https:\\\/\\\/contactfm72.fr\\\/?p=13724#primaryimage\",\"url\":\"https:\\\/\\\/contactfm72.fr\\\/wp-content\\\/uploads\\\/2023\\\/05\\\/voix-lactee-Copier.jpg\",\"contentUrl\":\"https:\\\/\\\/contactfm72.fr\\\/wp-content\\\/uploads\\\/2023\\\/05\\\/voix-lactee-Copier.jpg\",\"width\":825,\"height\":619},{\"@type\":\"BreadcrumbList\",\"@id\":\"https:\\\/\\\/contactfm72.fr\\\/?p=13724#breadcrumb\",\"itemListElement\":[{\"@type\":\"ListItem\",\"position\":1,\"name\":\"Accueil\",\"item\":\"https:\\\/\\\/contactfm72.fr\\\/\"},{\"@type\":\"ListItem\",\"position\":2,\"name\":\"Mettre la nature en po\u00e9sie\u00a0pour Voix Lact\u00e9e !\"}]},{\"@type\":\"WebSite\",\"@id\":\"https:\\\/\\\/contactfm72.fr\\\/#website\",\"url\":\"https:\\\/\\\/contactfm72.fr\\\/\",\"name\":\"Contact FM 99.3\",\"description\":\"Votre radio en vall\u00e9e du Loir\",\"publisher\":{\"@id\":\"https:\\\/\\\/contactfm72.fr\\\/#organization\"},\"potentialAction\":[{\"@type\":\"SearchAction\",\"target\":{\"@type\":\"EntryPoint\",\"urlTemplate\":\"https:\\\/\\\/contactfm72.fr\\\/?s={search_term_string}\"},\"query-input\":{\"@type\":\"PropertyValueSpecification\",\"valueRequired\":true,\"valueName\":\"search_term_string\"}}],\"inLanguage\":\"fr-FR\"},{\"@type\":\"Organization\",\"@id\":\"https:\\\/\\\/contactfm72.fr\\\/#organization\",\"name\":\"Contact FM 99.3\",\"url\":\"https:\\\/\\\/contactfm72.fr\\\/\",\"logo\":{\"@type\":\"ImageObject\",\"inLanguage\":\"fr-FR\",\"@id\":\"https:\\\/\\\/contactfm72.fr\\\/#\\\/schema\\\/logo\\\/image\\\/\",\"url\":\"https:\\\/\\\/contactfm72.fr\\\/wp-content\\\/uploads\\\/2025\\\/04\\\/2025-04-18-2.jpg\",\"contentUrl\":\"https:\\\/\\\/contactfm72.fr\\\/wp-content\\\/uploads\\\/2025\\\/04\\\/2025-04-18-2.jpg\",\"width\":680,\"height\":307,\"caption\":\"Contact FM 99.3\"},\"image\":{\"@id\":\"https:\\\/\\\/contactfm72.fr\\\/#\\\/schema\\\/logo\\\/image\\\/\"},\"sameAs\":[\"https:\\\/\\\/www.facebook.com\\\/Contactfm.Chateauduloir\",\"https:\\\/\\\/x.com\\\/contactfm72\",\"https:\\\/\\\/www.instagram.com\\\/contact.fm.72?igsh=cGhlMHQ5N2JlNnpp\",\"https:\\\/\\\/www.tiktok.com\\\/@contact.fm\"]},{\"@type\":\"Person\",\"@id\":\"https:\\\/\\\/contactfm72.fr\\\/#\\\/schema\\\/person\\\/9fdc9d1c2eb029354a4f1535b90ba82d\",\"name\":\"Val\u00e9rie C.\",\"image\":{\"@type\":\"ImageObject\",\"inLanguage\":\"fr-FR\",\"@id\":\"https:\\\/\\\/secure.gravatar.com\\\/avatar\\\/2f8aa28f8dfbd7d4420afd1fdcdd0a349923e2c8a38ab28198b0f9d0601e4737?s=96&d=mm&r=g\",\"url\":\"https:\\\/\\\/secure.gravatar.com\\\/avatar\\\/2f8aa28f8dfbd7d4420afd1fdcdd0a349923e2c8a38ab28198b0f9d0601e4737?s=96&d=mm&r=g\",\"contentUrl\":\"https:\\\/\\\/secure.gravatar.com\\\/avatar\\\/2f8aa28f8dfbd7d4420afd1fdcdd0a349923e2c8a38ab28198b0f9d0601e4737?s=96&d=mm&r=g\",\"caption\":\"Val\u00e9rie C.\"},\"url\":\"https:\\\/\\\/contactfm72.fr\\\/?author=4\"}]}<\/script>\n<!-- \/ Yoast SEO plugin. -->","yoast_head_json":{"title":"Mettre la nature en po\u00e9sie\u00a0pour Voix Lact\u00e9e ! - Contact FM 99.3","robots":{"index":"index","follow":"follow","max-snippet":"max-snippet:-1","max-image-preview":"max-image-preview:large","max-video-preview":"max-video-preview:-1"},"canonical":"https:\/\/contactfm72.fr\/?p=13724","og_locale":"fr_FR","og_type":"article","og_title":"Mettre la nature en po\u00e9sie\u00a0pour Voix Lact\u00e9e ! - Contact FM 99.3","og_description":"C\u2019est le d\u00e9fi que s\u2019est lanc\u00e9 Thierry Pradier compositeur, interpr\u00e8te et guitariste accompagn\u00e9 de Sylvie Callu interpr\u00e8te flutiste et Harpiste. Ce groupe cr\u00e9e il y a deux ans se nomme \u00ab\u00a0Voix-Lact\u00e9es\u00a0\u00bb et met en musique des po\u00e8mes portant sur les th\u00e8mes l\u2019amour et la nature. Apr\u00e8s 30 ans sans \u00e9crire Thierry Pradier s\u2019est associ\u00e9 \u00e0&hellip;","og_url":"https:\/\/contactfm72.fr\/?p=13724","og_site_name":"Contact FM 99.3","article_publisher":"https:\/\/www.facebook.com\/Contactfm.Chateauduloir","article_published_time":"2023-05-31T12:43:39+00:00","article_modified_time":"2023-06-01T09:36:07+00:00","og_image":[{"width":825,"height":619,"url":"http:\/\/contactfm72.fr\/wp-content\/uploads\/2023\/05\/voix-lactee-Copier.jpg","type":"image\/jpeg"}],"author":"Val\u00e9rie C.","twitter_card":"summary_large_image","twitter_creator":"@contactfm72","twitter_site":"@contactfm72","twitter_misc":{"\u00c9crit par":"Val\u00e9rie C.","Dur\u00e9e de lecture estim\u00e9e":"2 minutes"},"schema":{"@context":"https:\/\/schema.org","@graph":[{"@type":"Article","@id":"https:\/\/contactfm72.fr\/?p=13724#article","isPartOf":{"@id":"https:\/\/contactfm72.fr\/?p=13724"},"author":{"name":"Val\u00e9rie C.","@id":"https:\/\/contactfm72.fr\/#\/schema\/person\/9fdc9d1c2eb029354a4f1535b90ba82d"},"headline":"Mettre la nature en po\u00e9sie\u00a0pour Voix Lact\u00e9e !","datePublished":"2023-05-31T12:43:39+00:00","dateModified":"2023-06-01T09:36:07+00:00","mainEntityOfPage":{"@id":"https:\/\/contactfm72.fr\/?p=13724"},"wordCount":245,"publisher":{"@id":"https:\/\/contactfm72.fr\/#organization"},"image":{"@id":"https:\/\/contactfm72.fr\/?p=13724#primaryimage"},"thumbnailUrl":"https:\/\/contactfm72.fr\/wp-content\/uploads\/2023\/05\/voix-lactee-Copier.jpg","articleSection":["Contact FM 72"],"inLanguage":"fr-FR"},{"@type":"WebPage","@id":"https:\/\/contactfm72.fr\/?p=13724","url":"https:\/\/contactfm72.fr\/?p=13724","name":"Mettre la nature en po\u00e9sie\u00a0pour Voix Lact\u00e9e ! - Contact FM 99.3","isPartOf":{"@id":"https:\/\/contactfm72.fr\/#website"},"primaryImageOfPage":{"@id":"https:\/\/contactfm72.fr\/?p=13724#primaryimage"},"image":{"@id":"https:\/\/contactfm72.fr\/?p=13724#primaryimage"},"thumbnailUrl":"https:\/\/contactfm72.fr\/wp-content\/uploads\/2023\/05\/voix-lactee-Copier.jpg","datePublished":"2023-05-31T12:43:39+00:00","dateModified":"2023-06-01T09:36:07+00:00","breadcrumb":{"@id":"https:\/\/contactfm72.fr\/?p=13724#breadcrumb"},"inLanguage":"fr-FR","potentialAction":[{"@type":"ReadAction","target":["https:\/\/contactfm72.fr\/?p=13724"]}]},{"@type":"ImageObject","inLanguage":"fr-FR","@id":"https:\/\/contactfm72.fr\/?p=13724#primaryimage","url":"https:\/\/contactfm72.fr\/wp-content\/uploads\/2023\/05\/voix-lactee-Copier.jpg","contentUrl":"https:\/\/contactfm72.fr\/wp-content\/uploads\/2023\/05\/voix-lactee-Copier.jpg","width":825,"height":619},{"@type":"BreadcrumbList","@id":"https:\/\/contactfm72.fr\/?p=13724#breadcrumb","itemListElement":[{"@type":"ListItem","position":1,"name":"Accueil","item":"https:\/\/contactfm72.fr\/"},{"@type":"ListItem","position":2,"name":"Mettre la nature en po\u00e9sie\u00a0pour Voix Lact\u00e9e !"}]},{"@type":"WebSite","@id":"https:\/\/contactfm72.fr\/#website","url":"https:\/\/contactfm72.fr\/","name":"Contact FM 99.3","description":"Votre radio en vall\u00e9e du Loir","publisher":{"@id":"https:\/\/contactfm72.fr\/#organization"},"potentialAction":[{"@type":"SearchAction","target":{"@type":"EntryPoint","urlTemplate":"https:\/\/contactfm72.fr\/?s={search_term_string}"},"query-input":{"@type":"PropertyValueSpecification","valueRequired":true,"valueName":"search_term_string"}}],"inLanguage":"fr-FR"},{"@type":"Organization","@id":"https:\/\/contactfm72.fr\/#organization","name":"Contact FM 99.3","url":"https:\/\/contactfm72.fr\/","logo":{"@type":"ImageObject","inLanguage":"fr-FR","@id":"https:\/\/contactfm72.fr\/#\/schema\/logo\/image\/","url":"https:\/\/contactfm72.fr\/wp-content\/uploads\/2025\/04\/2025-04-18-2.jpg","contentUrl":"https:\/\/contactfm72.fr\/wp-content\/uploads\/2025\/04\/2025-04-18-2.jpg","width":680,"height":307,"caption":"Contact FM 99.3"},"image":{"@id":"https:\/\/contactfm72.fr\/#\/schema\/logo\/image\/"},"sameAs":["https:\/\/www.facebook.com\/Contactfm.Chateauduloir","https:\/\/x.com\/contactfm72","https:\/\/www.instagram.com\/contact.fm.72?igsh=cGhlMHQ5N2JlNnpp","https:\/\/www.tiktok.com\/@contact.fm"]},{"@type":"Person","@id":"https:\/\/contactfm72.fr\/#\/schema\/person\/9fdc9d1c2eb029354a4f1535b90ba82d","name":"Val\u00e9rie C.","image":{"@type":"ImageObject","inLanguage":"fr-FR","@id":"https:\/\/secure.gravatar.com\/avatar\/2f8aa28f8dfbd7d4420afd1fdcdd0a349923e2c8a38ab28198b0f9d0601e4737?s=96&d=mm&r=g","url":"https:\/\/secure.gravatar.com\/avatar\/2f8aa28f8dfbd7d4420afd1fdcdd0a349923e2c8a38ab28198b0f9d0601e4737?s=96&d=mm&r=g","contentUrl":"https:\/\/secure.gravatar.com\/avatar\/2f8aa28f8dfbd7d4420afd1fdcdd0a349923e2c8a38ab28198b0f9d0601e4737?s=96&d=mm&r=g","caption":"Val\u00e9rie C."},"url":"https:\/\/contactfm72.fr\/?author=4"}]}},"_links":{"self":[{"href":"https:\/\/contactfm72.fr\/index.php?rest_route=\/wp\/v2\/posts\/13724","targetHints":{"allow":["GET"]}}],"collection":[{"href":"https:\/\/contactfm72.fr\/index.php?rest_route=\/wp\/v2\/posts"}],"about":[{"href":"https:\/\/contactfm72.fr\/index.php?rest_route=\/wp\/v2\/types\/post"}],"author":[{"embeddable":true,"href":"https:\/\/contactfm72.fr\/index.php?rest_route=\/wp\/v2\/users\/4"}],"replies":[{"embeddable":true,"href":"https:\/\/contactfm72.fr\/index.php?rest_route=%2Fwp%2Fv2%2Fcomments&post=13724"}],"version-history":[{"count":1,"href":"https:\/\/contactfm72.fr\/index.php?rest_route=\/wp\/v2\/posts\/13724\/revisions"}],"predecessor-version":[{"id":13726,"href":"https:\/\/contactfm72.fr\/index.php?rest_route=\/wp\/v2\/posts\/13724\/revisions\/13726"}],"wp:featuredmedia":[{"embeddable":true,"href":"https:\/\/contactfm72.fr\/index.php?rest_route=\/wp\/v2\/media\/13685"}],"wp:attachment":[{"href":"https:\/\/contactfm72.fr\/index.php?rest_route=%2Fwp%2Fv2%2Fmedia&parent=13724"}],"wp:term":[{"taxonomy":"category","embeddable":true,"href":"https:\/\/contactfm72.fr\/index.php?rest_route=%2Fwp%2Fv2%2Fcategories&post=13724"},{"taxonomy":"post_tag","embeddable":true,"href":"https:\/\/contactfm72.fr\/index.php?rest_route=%2Fwp%2Fv2%2Ftags&post=13724"}],"curies":[{"name":"wp","href":"https:\/\/api.w.org\/{rel}","templated":true}]}}