{"id":12997,"date":"2023-03-15T12:15:39","date_gmt":"2023-03-15T11:15:39","guid":{"rendered":"https:\/\/contactfm72.fr\/?p=12997"},"modified":"2023-03-15T04:08:51","modified_gmt":"2023-03-15T03:08:51","slug":"des-eleves-du-college-lycee-nazareth-sinteressent-aux-femmes-celebre-du-19e-siecle","status":"publish","type":"post","link":"https:\/\/contactfm72.fr\/?p=12997","title":{"rendered":"Des \u00e9l\u00e8ves du coll\u00e8ge lyc\u00e9e Nazareth s&#8217;int\u00e9ressent aux femmes c\u00e9l\u00e8bre du 19e si\u00e8cle"},"content":{"rendered":"<p>Lilou, Colleen et Ma\u00ebly sont, \u00e9l\u00e8ves en CAPa1 SAPVER, services aux personnes et vente en espace rural, au coll\u00e8ge lyc\u00e9e Nazareth \u00e0 Ruill\u00e9-sur-Loir. Dans le cadre de leurs cours d&#8217;histoire, elles ont effectu\u00e9 un travail sur les femmes du 19e si\u00e8cle. Cette r\u00e9alisation donne lieu \u00e0 une chronique \u00e0 \u00e9couter mercredi 15 mars \u00e0 14h et dimanche 19 \u00e0 19h dans &#8220;L&#8217;\u00e9cho de la jeunesse&#8221;.<\/p>\n<p>&nbsp;<\/p>\n<div id=\"audioigniter-299\" class=\"audioigniter-root \" data-player-type=\"full\" data-tracks-url=\"https:\/\/contactfm72.fr\/?audioigniter_playlist_id=299\" data-display-track-no=\"false\" data-reverse-track-order=\"false\" data-display-tracklist-covers=\"false\" data-display-active-cover=\"false\" data-display-artist-names=\"false\" data-display-buy-buttons=\"true\" data-buy-buttons-target=\"false\" data-cycle-tracks=\"false\" data-display-credits=\"false\" data-display-tracklist=\"true\" data-allow-tracklist-toggle=\"true\" data-allow-tracklist-loop=\"true\" data-limit-tracklist-height=\"true\" data-volume=\"100\" data-tracklist-height=\"185\" data-allow-track-loop=\"false\" ><\/div>\n<!-- AddThis Advanced Settings generic via filter on the_content --><!-- AddThis Share Buttons generic via filter on the_content -->","protected":false},"excerpt":{"rendered":"<p>Lilou, Colleen et Ma\u00ebly sont, \u00e9l\u00e8ves en CAPa1 SAPVER, services aux personnes et vente en espace rural, au coll\u00e8ge lyc\u00e9e Nazareth \u00e0 Ruill\u00e9-sur-Loir. Dans le cadre de leurs cours d&#8217;histoire, elles ont effectu\u00e9 un travail sur les femmes du 19e si\u00e8cle. Cette r\u00e9alisation donne lieu \u00e0 une chronique \u00e0 \u00e9couter mercredi 15 mars \u00e0 14h&hellip;<!-- AddThis Advanced Settings generic via filter on get_the_excerpt --><!-- AddThis Share Buttons generic via filter on get_the_excerpt --><\/p>\n","protected":false},"author":4,"featured_media":12998,"comment_status":"closed","ping_status":"open","sticky":false,"template":"","format":"standard","meta":{"footnotes":""},"categories":[1,7],"tags":[],"class_list":["post-12997","post","type-post","status-publish","format-standard","has-post-thumbnail","hentry","category-contact-fm-72","category-lecho-de-la-jeunesse","category-1","category-7","description-off"],"yoast_head":"<!-- This site is optimized with the Yoast SEO plugin v27.4 - https:\/\/yoast.com\/product\/yoast-seo-wordpress\/ -->\n<title>Des \u00e9l\u00e8ves du coll\u00e8ge lyc\u00e9e Nazareth s&#039;int\u00e9ressent aux femmes c\u00e9l\u00e8bre du 19e si\u00e8cle - Contact FM 99.3<\/title>\n<meta name=\"robots\" content=\"index, follow, max-snippet:-1, max-image-preview:large, max-video-preview:-1\" \/>\n<link rel=\"canonical\" href=\"https:\/\/contactfm72.fr\/?p=12997\" \/>\n<meta property=\"og:locale\" content=\"fr_FR\" \/>\n<meta property=\"og:type\" content=\"article\" \/>\n<meta property=\"og:title\" content=\"Des \u00e9l\u00e8ves du coll\u00e8ge lyc\u00e9e Nazareth s&#039;int\u00e9ressent aux femmes c\u00e9l\u00e8bre du 19e si\u00e8cle - Contact FM 99.3\" \/>\n<meta property=\"og:description\" content=\"Lilou, Colleen et Ma\u00ebly sont, \u00e9l\u00e8ves en CAPa1 SAPVER, services aux personnes et vente en espace rural, au coll\u00e8ge lyc\u00e9e Nazareth \u00e0 Ruill\u00e9-sur-Loir. Dans le cadre de leurs cours d&#8217;histoire, elles ont effectu\u00e9 un travail sur les femmes du 19e si\u00e8cle. Cette r\u00e9alisation donne lieu \u00e0 une chronique \u00e0 \u00e9couter mercredi 15 mars \u00e0 14h&hellip;\" \/>\n<meta property=\"og:url\" content=\"https:\/\/contactfm72.fr\/?p=12997\" \/>\n<meta property=\"og:site_name\" content=\"Contact FM 99.3\" \/>\n<meta property=\"article:publisher\" content=\"https:\/\/www.facebook.com\/Contactfm.Chateauduloir\" \/>\n<meta property=\"article:published_time\" content=\"2023-03-15T11:15:39+00:00\" \/>\n<meta property=\"og:image\" content=\"https:\/\/contactfm72.fr\/wp-content\/uploads\/2023\/03\/69927503945__C9C0D3F9-2BB0-4D1F-AE23-29187F36CCA4.jpg\" \/>\n\t<meta property=\"og:image:width\" content=\"2016\" \/>\n\t<meta property=\"og:image:height\" content=\"1512\" \/>\n\t<meta property=\"og:image:type\" content=\"image\/jpeg\" \/>\n<meta name=\"author\" content=\"Val\u00e9rie C.\" \/>\n<meta name=\"twitter:card\" content=\"summary_large_image\" \/>\n<meta name=\"twitter:creator\" content=\"@contactfm72\" \/>\n<meta name=\"twitter:site\" content=\"@contactfm72\" \/>\n<meta name=\"twitter:label1\" content=\"\u00c9crit par\" \/>\n\t<meta name=\"twitter:data1\" content=\"Val\u00e9rie C.\" \/>\n\t<meta name=\"twitter:label2\" content=\"Dur\u00e9e de lecture estim\u00e9e\" \/>\n\t<meta name=\"twitter:data2\" content=\"1 minute\" \/>\n<script type=\"application\/ld+json\" class=\"yoast-schema-graph\">{\"@context\":\"https:\\\/\\\/schema.org\",\"@graph\":[{\"@type\":\"Article\",\"@id\":\"https:\\\/\\\/contactfm72.fr\\\/?p=12997#article\",\"isPartOf\":{\"@id\":\"https:\\\/\\\/contactfm72.fr\\\/?p=12997\"},\"author\":{\"name\":\"Val\u00e9rie C.\",\"@id\":\"https:\\\/\\\/contactfm72.fr\\\/#\\\/schema\\\/person\\\/9fdc9d1c2eb029354a4f1535b90ba82d\"},\"headline\":\"Des \u00e9l\u00e8ves du coll\u00e8ge lyc\u00e9e Nazareth s&#8217;int\u00e9ressent aux femmes c\u00e9l\u00e8bre du 19e si\u00e8cle\",\"datePublished\":\"2023-03-15T11:15:39+00:00\",\"mainEntityOfPage\":{\"@id\":\"https:\\\/\\\/contactfm72.fr\\\/?p=12997\"},\"wordCount\":92,\"publisher\":{\"@id\":\"https:\\\/\\\/contactfm72.fr\\\/#organization\"},\"image\":{\"@id\":\"https:\\\/\\\/contactfm72.fr\\\/?p=12997#primaryimage\"},\"thumbnailUrl\":\"https:\\\/\\\/contactfm72.fr\\\/wp-content\\\/uploads\\\/2023\\\/03\\\/69927503945__C9C0D3F9-2BB0-4D1F-AE23-29187F36CCA4.jpg\",\"articleSection\":[\"Contact FM 72\",\"L\u2019\u00e9cho de la Jeunesse\"],\"inLanguage\":\"fr-FR\"},{\"@type\":\"WebPage\",\"@id\":\"https:\\\/\\\/contactfm72.fr\\\/?p=12997\",\"url\":\"https:\\\/\\\/contactfm72.fr\\\/?p=12997\",\"name\":\"Des \u00e9l\u00e8ves du coll\u00e8ge lyc\u00e9e Nazareth s'int\u00e9ressent aux femmes c\u00e9l\u00e8bre du 19e si\u00e8cle - Contact FM 99.3\",\"isPartOf\":{\"@id\":\"https:\\\/\\\/contactfm72.fr\\\/#website\"},\"primaryImageOfPage\":{\"@id\":\"https:\\\/\\\/contactfm72.fr\\\/?p=12997#primaryimage\"},\"image\":{\"@id\":\"https:\\\/\\\/contactfm72.fr\\\/?p=12997#primaryimage\"},\"thumbnailUrl\":\"https:\\\/\\\/contactfm72.fr\\\/wp-content\\\/uploads\\\/2023\\\/03\\\/69927503945__C9C0D3F9-2BB0-4D1F-AE23-29187F36CCA4.jpg\",\"datePublished\":\"2023-03-15T11:15:39+00:00\",\"breadcrumb\":{\"@id\":\"https:\\\/\\\/contactfm72.fr\\\/?p=12997#breadcrumb\"},\"inLanguage\":\"fr-FR\",\"potentialAction\":[{\"@type\":\"ReadAction\",\"target\":[\"https:\\\/\\\/contactfm72.fr\\\/?p=12997\"]}]},{\"@type\":\"ImageObject\",\"inLanguage\":\"fr-FR\",\"@id\":\"https:\\\/\\\/contactfm72.fr\\\/?p=12997#primaryimage\",\"url\":\"https:\\\/\\\/contactfm72.fr\\\/wp-content\\\/uploads\\\/2023\\\/03\\\/69927503945__C9C0D3F9-2BB0-4D1F-AE23-29187F36CCA4.jpg\",\"contentUrl\":\"https:\\\/\\\/contactfm72.fr\\\/wp-content\\\/uploads\\\/2023\\\/03\\\/69927503945__C9C0D3F9-2BB0-4D1F-AE23-29187F36CCA4.jpg\",\"width\":2016,\"height\":1512},{\"@type\":\"BreadcrumbList\",\"@id\":\"https:\\\/\\\/contactfm72.fr\\\/?p=12997#breadcrumb\",\"itemListElement\":[{\"@type\":\"ListItem\",\"position\":1,\"name\":\"Accueil\",\"item\":\"https:\\\/\\\/contactfm72.fr\\\/\"},{\"@type\":\"ListItem\",\"position\":2,\"name\":\"Des \u00e9l\u00e8ves du coll\u00e8ge lyc\u00e9e Nazareth s&#8217;int\u00e9ressent aux femmes c\u00e9l\u00e8bre du 19e si\u00e8cle\"}]},{\"@type\":\"WebSite\",\"@id\":\"https:\\\/\\\/contactfm72.fr\\\/#website\",\"url\":\"https:\\\/\\\/contactfm72.fr\\\/\",\"name\":\"Contact FM 99.3\",\"description\":\"Votre radio en vall\u00e9e du Loir\",\"publisher\":{\"@id\":\"https:\\\/\\\/contactfm72.fr\\\/#organization\"},\"potentialAction\":[{\"@type\":\"SearchAction\",\"target\":{\"@type\":\"EntryPoint\",\"urlTemplate\":\"https:\\\/\\\/contactfm72.fr\\\/?s={search_term_string}\"},\"query-input\":{\"@type\":\"PropertyValueSpecification\",\"valueRequired\":true,\"valueName\":\"search_term_string\"}}],\"inLanguage\":\"fr-FR\"},{\"@type\":\"Organization\",\"@id\":\"https:\\\/\\\/contactfm72.fr\\\/#organization\",\"name\":\"Contact FM 99.3\",\"url\":\"https:\\\/\\\/contactfm72.fr\\\/\",\"logo\":{\"@type\":\"ImageObject\",\"inLanguage\":\"fr-FR\",\"@id\":\"https:\\\/\\\/contactfm72.fr\\\/#\\\/schema\\\/logo\\\/image\\\/\",\"url\":\"https:\\\/\\\/contactfm72.fr\\\/wp-content\\\/uploads\\\/2025\\\/04\\\/2025-04-18-2.jpg\",\"contentUrl\":\"https:\\\/\\\/contactfm72.fr\\\/wp-content\\\/uploads\\\/2025\\\/04\\\/2025-04-18-2.jpg\",\"width\":680,\"height\":307,\"caption\":\"Contact FM 99.3\"},\"image\":{\"@id\":\"https:\\\/\\\/contactfm72.fr\\\/#\\\/schema\\\/logo\\\/image\\\/\"},\"sameAs\":[\"https:\\\/\\\/www.facebook.com\\\/Contactfm.Chateauduloir\",\"https:\\\/\\\/x.com\\\/contactfm72\",\"https:\\\/\\\/www.instagram.com\\\/contact.fm.72?igsh=cGhlMHQ5N2JlNnpp\",\"https:\\\/\\\/www.tiktok.com\\\/@contact.fm\"]},{\"@type\":\"Person\",\"@id\":\"https:\\\/\\\/contactfm72.fr\\\/#\\\/schema\\\/person\\\/9fdc9d1c2eb029354a4f1535b90ba82d\",\"name\":\"Val\u00e9rie C.\",\"image\":{\"@type\":\"ImageObject\",\"inLanguage\":\"fr-FR\",\"@id\":\"https:\\\/\\\/secure.gravatar.com\\\/avatar\\\/2f8aa28f8dfbd7d4420afd1fdcdd0a349923e2c8a38ab28198b0f9d0601e4737?s=96&d=mm&r=g\",\"url\":\"https:\\\/\\\/secure.gravatar.com\\\/avatar\\\/2f8aa28f8dfbd7d4420afd1fdcdd0a349923e2c8a38ab28198b0f9d0601e4737?s=96&d=mm&r=g\",\"contentUrl\":\"https:\\\/\\\/secure.gravatar.com\\\/avatar\\\/2f8aa28f8dfbd7d4420afd1fdcdd0a349923e2c8a38ab28198b0f9d0601e4737?s=96&d=mm&r=g\",\"caption\":\"Val\u00e9rie C.\"},\"url\":\"https:\\\/\\\/contactfm72.fr\\\/?author=4\"}]}<\/script>\n<!-- \/ Yoast SEO plugin. -->","yoast_head_json":{"title":"Des \u00e9l\u00e8ves du coll\u00e8ge lyc\u00e9e Nazareth s'int\u00e9ressent aux femmes c\u00e9l\u00e8bre du 19e si\u00e8cle - Contact FM 99.3","robots":{"index":"index","follow":"follow","max-snippet":"max-snippet:-1","max-image-preview":"max-image-preview:large","max-video-preview":"max-video-preview:-1"},"canonical":"https:\/\/contactfm72.fr\/?p=12997","og_locale":"fr_FR","og_type":"article","og_title":"Des \u00e9l\u00e8ves du coll\u00e8ge lyc\u00e9e Nazareth s'int\u00e9ressent aux femmes c\u00e9l\u00e8bre du 19e si\u00e8cle - Contact FM 99.3","og_description":"Lilou, Colleen et Ma\u00ebly sont, \u00e9l\u00e8ves en CAPa1 SAPVER, services aux personnes et vente en espace rural, au coll\u00e8ge lyc\u00e9e Nazareth \u00e0 Ruill\u00e9-sur-Loir. Dans le cadre de leurs cours d&#8217;histoire, elles ont effectu\u00e9 un travail sur les femmes du 19e si\u00e8cle. Cette r\u00e9alisation donne lieu \u00e0 une chronique \u00e0 \u00e9couter mercredi 15 mars \u00e0 14h&hellip;","og_url":"https:\/\/contactfm72.fr\/?p=12997","og_site_name":"Contact FM 99.3","article_publisher":"https:\/\/www.facebook.com\/Contactfm.Chateauduloir","article_published_time":"2023-03-15T11:15:39+00:00","og_image":[{"width":2016,"height":1512,"url":"https:\/\/contactfm72.fr\/wp-content\/uploads\/2023\/03\/69927503945__C9C0D3F9-2BB0-4D1F-AE23-29187F36CCA4.jpg","type":"image\/jpeg"}],"author":"Val\u00e9rie C.","twitter_card":"summary_large_image","twitter_creator":"@contactfm72","twitter_site":"@contactfm72","twitter_misc":{"\u00c9crit par":"Val\u00e9rie C.","Dur\u00e9e de lecture estim\u00e9e":"1 minute"},"schema":{"@context":"https:\/\/schema.org","@graph":[{"@type":"Article","@id":"https:\/\/contactfm72.fr\/?p=12997#article","isPartOf":{"@id":"https:\/\/contactfm72.fr\/?p=12997"},"author":{"name":"Val\u00e9rie C.","@id":"https:\/\/contactfm72.fr\/#\/schema\/person\/9fdc9d1c2eb029354a4f1535b90ba82d"},"headline":"Des \u00e9l\u00e8ves du coll\u00e8ge lyc\u00e9e Nazareth s&#8217;int\u00e9ressent aux femmes c\u00e9l\u00e8bre du 19e si\u00e8cle","datePublished":"2023-03-15T11:15:39+00:00","mainEntityOfPage":{"@id":"https:\/\/contactfm72.fr\/?p=12997"},"wordCount":92,"publisher":{"@id":"https:\/\/contactfm72.fr\/#organization"},"image":{"@id":"https:\/\/contactfm72.fr\/?p=12997#primaryimage"},"thumbnailUrl":"https:\/\/contactfm72.fr\/wp-content\/uploads\/2023\/03\/69927503945__C9C0D3F9-2BB0-4D1F-AE23-29187F36CCA4.jpg","articleSection":["Contact FM 72","L\u2019\u00e9cho de la Jeunesse"],"inLanguage":"fr-FR"},{"@type":"WebPage","@id":"https:\/\/contactfm72.fr\/?p=12997","url":"https:\/\/contactfm72.fr\/?p=12997","name":"Des \u00e9l\u00e8ves du coll\u00e8ge lyc\u00e9e Nazareth s'int\u00e9ressent aux femmes c\u00e9l\u00e8bre du 19e si\u00e8cle - Contact FM 99.3","isPartOf":{"@id":"https:\/\/contactfm72.fr\/#website"},"primaryImageOfPage":{"@id":"https:\/\/contactfm72.fr\/?p=12997#primaryimage"},"image":{"@id":"https:\/\/contactfm72.fr\/?p=12997#primaryimage"},"thumbnailUrl":"https:\/\/contactfm72.fr\/wp-content\/uploads\/2023\/03\/69927503945__C9C0D3F9-2BB0-4D1F-AE23-29187F36CCA4.jpg","datePublished":"2023-03-15T11:15:39+00:00","breadcrumb":{"@id":"https:\/\/contactfm72.fr\/?p=12997#breadcrumb"},"inLanguage":"fr-FR","potentialAction":[{"@type":"ReadAction","target":["https:\/\/contactfm72.fr\/?p=12997"]}]},{"@type":"ImageObject","inLanguage":"fr-FR","@id":"https:\/\/contactfm72.fr\/?p=12997#primaryimage","url":"https:\/\/contactfm72.fr\/wp-content\/uploads\/2023\/03\/69927503945__C9C0D3F9-2BB0-4D1F-AE23-29187F36CCA4.jpg","contentUrl":"https:\/\/contactfm72.fr\/wp-content\/uploads\/2023\/03\/69927503945__C9C0D3F9-2BB0-4D1F-AE23-29187F36CCA4.jpg","width":2016,"height":1512},{"@type":"BreadcrumbList","@id":"https:\/\/contactfm72.fr\/?p=12997#breadcrumb","itemListElement":[{"@type":"ListItem","position":1,"name":"Accueil","item":"https:\/\/contactfm72.fr\/"},{"@type":"ListItem","position":2,"name":"Des \u00e9l\u00e8ves du coll\u00e8ge lyc\u00e9e Nazareth s&#8217;int\u00e9ressent aux femmes c\u00e9l\u00e8bre du 19e si\u00e8cle"}]},{"@type":"WebSite","@id":"https:\/\/contactfm72.fr\/#website","url":"https:\/\/contactfm72.fr\/","name":"Contact FM 99.3","description":"Votre radio en vall\u00e9e du Loir","publisher":{"@id":"https:\/\/contactfm72.fr\/#organization"},"potentialAction":[{"@type":"SearchAction","target":{"@type":"EntryPoint","urlTemplate":"https:\/\/contactfm72.fr\/?s={search_term_string}"},"query-input":{"@type":"PropertyValueSpecification","valueRequired":true,"valueName":"search_term_string"}}],"inLanguage":"fr-FR"},{"@type":"Organization","@id":"https:\/\/contactfm72.fr\/#organization","name":"Contact FM 99.3","url":"https:\/\/contactfm72.fr\/","logo":{"@type":"ImageObject","inLanguage":"fr-FR","@id":"https:\/\/contactfm72.fr\/#\/schema\/logo\/image\/","url":"https:\/\/contactfm72.fr\/wp-content\/uploads\/2025\/04\/2025-04-18-2.jpg","contentUrl":"https:\/\/contactfm72.fr\/wp-content\/uploads\/2025\/04\/2025-04-18-2.jpg","width":680,"height":307,"caption":"Contact FM 99.3"},"image":{"@id":"https:\/\/contactfm72.fr\/#\/schema\/logo\/image\/"},"sameAs":["https:\/\/www.facebook.com\/Contactfm.Chateauduloir","https:\/\/x.com\/contactfm72","https:\/\/www.instagram.com\/contact.fm.72?igsh=cGhlMHQ5N2JlNnpp","https:\/\/www.tiktok.com\/@contact.fm"]},{"@type":"Person","@id":"https:\/\/contactfm72.fr\/#\/schema\/person\/9fdc9d1c2eb029354a4f1535b90ba82d","name":"Val\u00e9rie C.","image":{"@type":"ImageObject","inLanguage":"fr-FR","@id":"https:\/\/secure.gravatar.com\/avatar\/2f8aa28f8dfbd7d4420afd1fdcdd0a349923e2c8a38ab28198b0f9d0601e4737?s=96&d=mm&r=g","url":"https:\/\/secure.gravatar.com\/avatar\/2f8aa28f8dfbd7d4420afd1fdcdd0a349923e2c8a38ab28198b0f9d0601e4737?s=96&d=mm&r=g","contentUrl":"https:\/\/secure.gravatar.com\/avatar\/2f8aa28f8dfbd7d4420afd1fdcdd0a349923e2c8a38ab28198b0f9d0601e4737?s=96&d=mm&r=g","caption":"Val\u00e9rie C."},"url":"https:\/\/contactfm72.fr\/?author=4"}]}},"_links":{"self":[{"href":"https:\/\/contactfm72.fr\/index.php?rest_route=\/wp\/v2\/posts\/12997","targetHints":{"allow":["GET"]}}],"collection":[{"href":"https:\/\/contactfm72.fr\/index.php?rest_route=\/wp\/v2\/posts"}],"about":[{"href":"https:\/\/contactfm72.fr\/index.php?rest_route=\/wp\/v2\/types\/post"}],"author":[{"embeddable":true,"href":"https:\/\/contactfm72.fr\/index.php?rest_route=\/wp\/v2\/users\/4"}],"replies":[{"embeddable":true,"href":"https:\/\/contactfm72.fr\/index.php?rest_route=%2Fwp%2Fv2%2Fcomments&post=12997"}],"version-history":[{"count":3,"href":"https:\/\/contactfm72.fr\/index.php?rest_route=\/wp\/v2\/posts\/12997\/revisions"}],"predecessor-version":[{"id":13002,"href":"https:\/\/contactfm72.fr\/index.php?rest_route=\/wp\/v2\/posts\/12997\/revisions\/13002"}],"wp:featuredmedia":[{"embeddable":true,"href":"https:\/\/contactfm72.fr\/index.php?rest_route=\/wp\/v2\/media\/12998"}],"wp:attachment":[{"href":"https:\/\/contactfm72.fr\/index.php?rest_route=%2Fwp%2Fv2%2Fmedia&parent=12997"}],"wp:term":[{"taxonomy":"category","embeddable":true,"href":"https:\/\/contactfm72.fr\/index.php?rest_route=%2Fwp%2Fv2%2Fcategories&post=12997"},{"taxonomy":"post_tag","embeddable":true,"href":"https:\/\/contactfm72.fr\/index.php?rest_route=%2Fwp%2Fv2%2Ftags&post=12997"}],"curies":[{"name":"wp","href":"https:\/\/api.w.org\/{rel}","templated":true}]}}