{"id":12853,"date":"2023-03-01T09:31:19","date_gmt":"2023-03-01T08:31:19","guid":{"rendered":"https:\/\/contactfm72.fr\/?p=12853"},"modified":"2023-03-01T11:37:45","modified_gmt":"2023-03-01T10:37:45","slug":"81-000-e-de-pret-dhonneur-pour-sept-entrepreneurs","status":"publish","type":"post","link":"https:\/\/contactfm72.fr\/?p=12853","title":{"rendered":"81\u00a0000\u00a0\u20ac de pr\u00eat d\u2019honneur pour sept entrepreneurs de Sud Sarthe"},"content":{"rendered":"<p class=\"xsm-p\">Le service d\u00e9veloppement \u00e9conomique de la communaut\u00e9 de communes Sud Sarthe et l\u2019association Initiative Sarthe ont convi\u00e9 lundi 27 f\u00e9vier \u00e0 Loir\u00e9copark les professionnels qui ont b\u00e9n\u00e9fici\u00e9 d\u2018un pr\u00eat d\u2019honneur et d\u2019un accompagnement du r\u00e9seau Initiative Sarthe pour la cr\u00e9ation ou la reprise d\u2019une entreprise en 2022 sur le territoire.<\/p>\n<p class=\"xsm-p\"><b class=\"xsm-b\">\u00ab<span data-value=\"u00a0\">\u00a0<\/span>Sur les cinq derni\u00e8res ann\u00e9es, cet accompagnement envers les porteurs de projets a permis le maintien ou la cr\u00e9ation de 43<span data-value=\"u00a0\">\u00a0<\/span>emplois directs en Sud Sarthe,\u00a0<\/b>pr\u00e9cise Fran\u00e7ois Boussard, pr\u00e9sident de l\u2019intercommunalit\u00e9.<b class=\"xsm-b\"> En 2022, sept entreprises ont re\u00e7u une aide financi\u00e8re d\u2018un montant total de 81<span data-value=\"u00a0\">\u00a0<\/span>000<span data-value=\"u00a0\">\u00a0<\/span>\u20ac, dont 15<span data-value=\"u00a0\">\u00a0<\/span>% de fonds de la communaut\u00e9 de communes Sud Sarthe.<span data-value=\"u00a0\">\u00a0<\/span>\u00bb\u00a0<\/b><\/p>\n<p class=\"xsm-p\"><i class=\"xsm-i\">Magic Ko\u00ef,<\/i> enseigne consacr\u00e9e aux carpes japonaises ko\u00ef au Lude, a re\u00e7u 8<span data-value=\"u00a0\">\u00a0<\/span>000<span data-value=\"u00a0\">\u00a0<\/span>\u20ac,\u00a0<i class=\"xsm-i\">Le Select bar<\/i> et<i class=\"xsm-i\"> Le bar des sports,\u00a0<\/i>tous deux \u00e0 Vaas, ont obtenu respectivement 7<span data-value=\"u00a0\">\u00a0<\/span>000<span data-value=\"u00a0\">\u00a0<\/span>et 15<span data-value=\"u00a0\">\u00a0<\/span>000<span data-value=\"u00a0\">\u00a0<\/span>\u20ac, le restaurant cr\u00eaperie\u00a0<i class=\"xsm-i\">Au bois sacr\u00e9<\/i> \u00e0 Luch\u00e9-Pring\u00e9 a eu 6<span data-value=\"u00a0\">\u00a0<\/span>000<span data-value=\"u00a0\">\u00a0<\/span>\u20ac, la p\u00e9pini\u00e8re\u00a0<i class=\"xsm-i\">Vert\u2019scion v\u00e9g\u00e9tal<\/i> \u00e0 Mayet a \u00e9t\u00e9 aid\u00e9e \u00e0 hauteur de 20<span data-value=\"u00a0\">\u00a0<\/span>000<span data-value=\"u00a0\">\u00a0<\/span>\u20ac, le salon de coiffure barbier\u00a0<i class=\"xsm-i\">l\u2019Univers du cheveu<\/i> \u00e0 Requeil s\u2019est vu octroyer 5<span data-value=\"u00a0\">\u00a0<\/span>000<span data-value=\"u00a0\">\u00a0<\/span>\u20ac et\u00a0<i class=\"xsm-i\">AD Expert,<\/i> garage automobile \u00e0 Mansign\u00e9, a per\u00e7u 20<span data-value=\"u00a0\">\u00a0<\/span>000<span data-value=\"u00a0\">\u00a0<\/span>\u20ac. Ces sommes pr\u00eat\u00e9es sont remboursables \u00e0 taux 0<span data-value=\"u00a0\">\u00a0<\/span>%.<\/p>\n<!-- AddThis Advanced Settings generic via filter on the_content --><!-- AddThis Share Buttons generic via filter on the_content -->","protected":false},"excerpt":{"rendered":"<p>Le service d\u00e9veloppement \u00e9conomique de la communaut\u00e9 de communes Sud Sarthe et l\u2019association Initiative Sarthe ont convi\u00e9 lundi 27 f\u00e9vier \u00e0 Loir\u00e9copark les professionnels qui ont b\u00e9n\u00e9fici\u00e9 d\u2018un pr\u00eat d\u2019honneur et d\u2019un accompagnement du r\u00e9seau Initiative Sarthe pour la cr\u00e9ation ou la reprise d\u2019une entreprise en 2022 sur le territoire. \u00ab\u00a0Sur les cinq derni\u00e8res ann\u00e9es,&hellip;<!-- AddThis Advanced Settings generic via filter on get_the_excerpt --><!-- AddThis Share Buttons generic via filter on get_the_excerpt --><\/p>\n","protected":false},"author":4,"featured_media":12855,"comment_status":"closed","ping_status":"open","sticky":false,"template":"","format":"standard","meta":{"footnotes":""},"categories":[1],"tags":[],"class_list":["post-12853","post","type-post","status-publish","format-standard","has-post-thumbnail","hentry","category-contact-fm-72","category-1","description-off"],"yoast_head":"<!-- This site is optimized with the Yoast SEO plugin v27.4 - https:\/\/yoast.com\/product\/yoast-seo-wordpress\/ -->\n<title>81\u00a0000\u00a0\u20ac de pr\u00eat d\u2019honneur pour sept entrepreneurs de Sud Sarthe - Contact FM 99.3<\/title>\n<meta name=\"robots\" content=\"index, follow, max-snippet:-1, max-image-preview:large, max-video-preview:-1\" \/>\n<link rel=\"canonical\" href=\"https:\/\/contactfm72.fr\/?p=12853\" \/>\n<meta property=\"og:locale\" content=\"fr_FR\" \/>\n<meta property=\"og:type\" content=\"article\" \/>\n<meta property=\"og:title\" content=\"81\u00a0000\u00a0\u20ac de pr\u00eat d\u2019honneur pour sept entrepreneurs de Sud Sarthe - Contact FM 99.3\" \/>\n<meta property=\"og:description\" content=\"Le service d\u00e9veloppement \u00e9conomique de la communaut\u00e9 de communes Sud Sarthe et l\u2019association Initiative Sarthe ont convi\u00e9 lundi 27 f\u00e9vier \u00e0 Loir\u00e9copark les professionnels qui ont b\u00e9n\u00e9fici\u00e9 d\u2018un pr\u00eat d\u2019honneur et d\u2019un accompagnement du r\u00e9seau Initiative Sarthe pour la cr\u00e9ation ou la reprise d\u2019une entreprise en 2022 sur le territoire. \u00ab\u00a0Sur les cinq derni\u00e8res ann\u00e9es,&hellip;\" \/>\n<meta property=\"og:url\" content=\"https:\/\/contactfm72.fr\/?p=12853\" \/>\n<meta property=\"og:site_name\" content=\"Contact FM 99.3\" \/>\n<meta property=\"article:publisher\" content=\"https:\/\/www.facebook.com\/Contactfm.Chateauduloir\" \/>\n<meta property=\"article:published_time\" content=\"2023-03-01T08:31:19+00:00\" \/>\n<meta property=\"article:modified_time\" content=\"2023-03-01T10:37:45+00:00\" \/>\n<meta property=\"og:image\" content=\"http:\/\/contactfm72.fr\/wp-content\/uploads\/2023\/03\/331563270_1235068587427649_8874741428027838940_n.jpg\" \/>\n\t<meta property=\"og:image:width\" content=\"2048\" \/>\n\t<meta property=\"og:image:height\" content=\"1536\" \/>\n\t<meta property=\"og:image:type\" content=\"image\/jpeg\" \/>\n<meta name=\"author\" content=\"Val\u00e9rie C.\" \/>\n<meta name=\"twitter:card\" content=\"summary_large_image\" \/>\n<meta name=\"twitter:creator\" content=\"@contactfm72\" \/>\n<meta name=\"twitter:site\" content=\"@contactfm72\" \/>\n<meta name=\"twitter:label1\" content=\"\u00c9crit par\" \/>\n\t<meta name=\"twitter:data1\" content=\"Val\u00e9rie C.\" \/>\n\t<meta name=\"twitter:label2\" content=\"Dur\u00e9e de lecture estim\u00e9e\" \/>\n\t<meta name=\"twitter:data2\" content=\"2 minutes\" \/>\n<script type=\"application\/ld+json\" class=\"yoast-schema-graph\">{\"@context\":\"https:\\\/\\\/schema.org\",\"@graph\":[{\"@type\":\"Article\",\"@id\":\"https:\\\/\\\/contactfm72.fr\\\/?p=12853#article\",\"isPartOf\":{\"@id\":\"https:\\\/\\\/contactfm72.fr\\\/?p=12853\"},\"author\":{\"name\":\"Val\u00e9rie C.\",\"@id\":\"https:\\\/\\\/contactfm72.fr\\\/#\\\/schema\\\/person\\\/9fdc9d1c2eb029354a4f1535b90ba82d\"},\"headline\":\"81\u00a0000\u00a0\u20ac de pr\u00eat d\u2019honneur pour sept entrepreneurs de Sud Sarthe\",\"datePublished\":\"2023-03-01T08:31:19+00:00\",\"dateModified\":\"2023-03-01T10:37:45+00:00\",\"mainEntityOfPage\":{\"@id\":\"https:\\\/\\\/contactfm72.fr\\\/?p=12853\"},\"wordCount\":221,\"publisher\":{\"@id\":\"https:\\\/\\\/contactfm72.fr\\\/#organization\"},\"image\":{\"@id\":\"https:\\\/\\\/contactfm72.fr\\\/?p=12853#primaryimage\"},\"thumbnailUrl\":\"https:\\\/\\\/contactfm72.fr\\\/wp-content\\\/uploads\\\/2023\\\/03\\\/331563270_1235068587427649_8874741428027838940_n.jpg\",\"articleSection\":[\"Contact FM 72\"],\"inLanguage\":\"fr-FR\"},{\"@type\":\"WebPage\",\"@id\":\"https:\\\/\\\/contactfm72.fr\\\/?p=12853\",\"url\":\"https:\\\/\\\/contactfm72.fr\\\/?p=12853\",\"name\":\"81\u00a0000\u00a0\u20ac de pr\u00eat d\u2019honneur pour sept entrepreneurs de Sud Sarthe - Contact FM 99.3\",\"isPartOf\":{\"@id\":\"https:\\\/\\\/contactfm72.fr\\\/#website\"},\"primaryImageOfPage\":{\"@id\":\"https:\\\/\\\/contactfm72.fr\\\/?p=12853#primaryimage\"},\"image\":{\"@id\":\"https:\\\/\\\/contactfm72.fr\\\/?p=12853#primaryimage\"},\"thumbnailUrl\":\"https:\\\/\\\/contactfm72.fr\\\/wp-content\\\/uploads\\\/2023\\\/03\\\/331563270_1235068587427649_8874741428027838940_n.jpg\",\"datePublished\":\"2023-03-01T08:31:19+00:00\",\"dateModified\":\"2023-03-01T10:37:45+00:00\",\"breadcrumb\":{\"@id\":\"https:\\\/\\\/contactfm72.fr\\\/?p=12853#breadcrumb\"},\"inLanguage\":\"fr-FR\",\"potentialAction\":[{\"@type\":\"ReadAction\",\"target\":[\"https:\\\/\\\/contactfm72.fr\\\/?p=12853\"]}]},{\"@type\":\"ImageObject\",\"inLanguage\":\"fr-FR\",\"@id\":\"https:\\\/\\\/contactfm72.fr\\\/?p=12853#primaryimage\",\"url\":\"https:\\\/\\\/contactfm72.fr\\\/wp-content\\\/uploads\\\/2023\\\/03\\\/331563270_1235068587427649_8874741428027838940_n.jpg\",\"contentUrl\":\"https:\\\/\\\/contactfm72.fr\\\/wp-content\\\/uploads\\\/2023\\\/03\\\/331563270_1235068587427649_8874741428027838940_n.jpg\",\"width\":2048,\"height\":1536},{\"@type\":\"BreadcrumbList\",\"@id\":\"https:\\\/\\\/contactfm72.fr\\\/?p=12853#breadcrumb\",\"itemListElement\":[{\"@type\":\"ListItem\",\"position\":1,\"name\":\"Accueil\",\"item\":\"https:\\\/\\\/contactfm72.fr\\\/\"},{\"@type\":\"ListItem\",\"position\":2,\"name\":\"81\u00a0000\u00a0\u20ac de pr\u00eat d\u2019honneur pour sept entrepreneurs de Sud Sarthe\"}]},{\"@type\":\"WebSite\",\"@id\":\"https:\\\/\\\/contactfm72.fr\\\/#website\",\"url\":\"https:\\\/\\\/contactfm72.fr\\\/\",\"name\":\"Contact FM 99.3\",\"description\":\"Votre radio en vall\u00e9e du Loir\",\"publisher\":{\"@id\":\"https:\\\/\\\/contactfm72.fr\\\/#organization\"},\"potentialAction\":[{\"@type\":\"SearchAction\",\"target\":{\"@type\":\"EntryPoint\",\"urlTemplate\":\"https:\\\/\\\/contactfm72.fr\\\/?s={search_term_string}\"},\"query-input\":{\"@type\":\"PropertyValueSpecification\",\"valueRequired\":true,\"valueName\":\"search_term_string\"}}],\"inLanguage\":\"fr-FR\"},{\"@type\":\"Organization\",\"@id\":\"https:\\\/\\\/contactfm72.fr\\\/#organization\",\"name\":\"Contact FM 99.3\",\"url\":\"https:\\\/\\\/contactfm72.fr\\\/\",\"logo\":{\"@type\":\"ImageObject\",\"inLanguage\":\"fr-FR\",\"@id\":\"https:\\\/\\\/contactfm72.fr\\\/#\\\/schema\\\/logo\\\/image\\\/\",\"url\":\"https:\\\/\\\/contactfm72.fr\\\/wp-content\\\/uploads\\\/2025\\\/04\\\/2025-04-18-2.jpg\",\"contentUrl\":\"https:\\\/\\\/contactfm72.fr\\\/wp-content\\\/uploads\\\/2025\\\/04\\\/2025-04-18-2.jpg\",\"width\":680,\"height\":307,\"caption\":\"Contact FM 99.3\"},\"image\":{\"@id\":\"https:\\\/\\\/contactfm72.fr\\\/#\\\/schema\\\/logo\\\/image\\\/\"},\"sameAs\":[\"https:\\\/\\\/www.facebook.com\\\/Contactfm.Chateauduloir\",\"https:\\\/\\\/x.com\\\/contactfm72\",\"https:\\\/\\\/www.instagram.com\\\/contact.fm.72?igsh=cGhlMHQ5N2JlNnpp\",\"https:\\\/\\\/www.tiktok.com\\\/@contact.fm\"]},{\"@type\":\"Person\",\"@id\":\"https:\\\/\\\/contactfm72.fr\\\/#\\\/schema\\\/person\\\/9fdc9d1c2eb029354a4f1535b90ba82d\",\"name\":\"Val\u00e9rie C.\",\"image\":{\"@type\":\"ImageObject\",\"inLanguage\":\"fr-FR\",\"@id\":\"https:\\\/\\\/secure.gravatar.com\\\/avatar\\\/2f8aa28f8dfbd7d4420afd1fdcdd0a349923e2c8a38ab28198b0f9d0601e4737?s=96&d=mm&r=g\",\"url\":\"https:\\\/\\\/secure.gravatar.com\\\/avatar\\\/2f8aa28f8dfbd7d4420afd1fdcdd0a349923e2c8a38ab28198b0f9d0601e4737?s=96&d=mm&r=g\",\"contentUrl\":\"https:\\\/\\\/secure.gravatar.com\\\/avatar\\\/2f8aa28f8dfbd7d4420afd1fdcdd0a349923e2c8a38ab28198b0f9d0601e4737?s=96&d=mm&r=g\",\"caption\":\"Val\u00e9rie C.\"},\"url\":\"https:\\\/\\\/contactfm72.fr\\\/?author=4\"}]}<\/script>\n<!-- \/ Yoast SEO plugin. -->","yoast_head_json":{"title":"81\u00a0000\u00a0\u20ac de pr\u00eat d\u2019honneur pour sept entrepreneurs de Sud Sarthe - Contact FM 99.3","robots":{"index":"index","follow":"follow","max-snippet":"max-snippet:-1","max-image-preview":"max-image-preview:large","max-video-preview":"max-video-preview:-1"},"canonical":"https:\/\/contactfm72.fr\/?p=12853","og_locale":"fr_FR","og_type":"article","og_title":"81\u00a0000\u00a0\u20ac de pr\u00eat d\u2019honneur pour sept entrepreneurs de Sud Sarthe - Contact FM 99.3","og_description":"Le service d\u00e9veloppement \u00e9conomique de la communaut\u00e9 de communes Sud Sarthe et l\u2019association Initiative Sarthe ont convi\u00e9 lundi 27 f\u00e9vier \u00e0 Loir\u00e9copark les professionnels qui ont b\u00e9n\u00e9fici\u00e9 d\u2018un pr\u00eat d\u2019honneur et d\u2019un accompagnement du r\u00e9seau Initiative Sarthe pour la cr\u00e9ation ou la reprise d\u2019une entreprise en 2022 sur le territoire. \u00ab\u00a0Sur les cinq derni\u00e8res ann\u00e9es,&hellip;","og_url":"https:\/\/contactfm72.fr\/?p=12853","og_site_name":"Contact FM 99.3","article_publisher":"https:\/\/www.facebook.com\/Contactfm.Chateauduloir","article_published_time":"2023-03-01T08:31:19+00:00","article_modified_time":"2023-03-01T10:37:45+00:00","og_image":[{"width":2048,"height":1536,"url":"http:\/\/contactfm72.fr\/wp-content\/uploads\/2023\/03\/331563270_1235068587427649_8874741428027838940_n.jpg","type":"image\/jpeg"}],"author":"Val\u00e9rie C.","twitter_card":"summary_large_image","twitter_creator":"@contactfm72","twitter_site":"@contactfm72","twitter_misc":{"\u00c9crit par":"Val\u00e9rie C.","Dur\u00e9e de lecture estim\u00e9e":"2 minutes"},"schema":{"@context":"https:\/\/schema.org","@graph":[{"@type":"Article","@id":"https:\/\/contactfm72.fr\/?p=12853#article","isPartOf":{"@id":"https:\/\/contactfm72.fr\/?p=12853"},"author":{"name":"Val\u00e9rie C.","@id":"https:\/\/contactfm72.fr\/#\/schema\/person\/9fdc9d1c2eb029354a4f1535b90ba82d"},"headline":"81\u00a0000\u00a0\u20ac de pr\u00eat d\u2019honneur pour sept entrepreneurs de Sud Sarthe","datePublished":"2023-03-01T08:31:19+00:00","dateModified":"2023-03-01T10:37:45+00:00","mainEntityOfPage":{"@id":"https:\/\/contactfm72.fr\/?p=12853"},"wordCount":221,"publisher":{"@id":"https:\/\/contactfm72.fr\/#organization"},"image":{"@id":"https:\/\/contactfm72.fr\/?p=12853#primaryimage"},"thumbnailUrl":"https:\/\/contactfm72.fr\/wp-content\/uploads\/2023\/03\/331563270_1235068587427649_8874741428027838940_n.jpg","articleSection":["Contact FM 72"],"inLanguage":"fr-FR"},{"@type":"WebPage","@id":"https:\/\/contactfm72.fr\/?p=12853","url":"https:\/\/contactfm72.fr\/?p=12853","name":"81\u00a0000\u00a0\u20ac de pr\u00eat d\u2019honneur pour sept entrepreneurs de Sud Sarthe - Contact FM 99.3","isPartOf":{"@id":"https:\/\/contactfm72.fr\/#website"},"primaryImageOfPage":{"@id":"https:\/\/contactfm72.fr\/?p=12853#primaryimage"},"image":{"@id":"https:\/\/contactfm72.fr\/?p=12853#primaryimage"},"thumbnailUrl":"https:\/\/contactfm72.fr\/wp-content\/uploads\/2023\/03\/331563270_1235068587427649_8874741428027838940_n.jpg","datePublished":"2023-03-01T08:31:19+00:00","dateModified":"2023-03-01T10:37:45+00:00","breadcrumb":{"@id":"https:\/\/contactfm72.fr\/?p=12853#breadcrumb"},"inLanguage":"fr-FR","potentialAction":[{"@type":"ReadAction","target":["https:\/\/contactfm72.fr\/?p=12853"]}]},{"@type":"ImageObject","inLanguage":"fr-FR","@id":"https:\/\/contactfm72.fr\/?p=12853#primaryimage","url":"https:\/\/contactfm72.fr\/wp-content\/uploads\/2023\/03\/331563270_1235068587427649_8874741428027838940_n.jpg","contentUrl":"https:\/\/contactfm72.fr\/wp-content\/uploads\/2023\/03\/331563270_1235068587427649_8874741428027838940_n.jpg","width":2048,"height":1536},{"@type":"BreadcrumbList","@id":"https:\/\/contactfm72.fr\/?p=12853#breadcrumb","itemListElement":[{"@type":"ListItem","position":1,"name":"Accueil","item":"https:\/\/contactfm72.fr\/"},{"@type":"ListItem","position":2,"name":"81\u00a0000\u00a0\u20ac de pr\u00eat d\u2019honneur pour sept entrepreneurs de Sud Sarthe"}]},{"@type":"WebSite","@id":"https:\/\/contactfm72.fr\/#website","url":"https:\/\/contactfm72.fr\/","name":"Contact FM 99.3","description":"Votre radio en vall\u00e9e du Loir","publisher":{"@id":"https:\/\/contactfm72.fr\/#organization"},"potentialAction":[{"@type":"SearchAction","target":{"@type":"EntryPoint","urlTemplate":"https:\/\/contactfm72.fr\/?s={search_term_string}"},"query-input":{"@type":"PropertyValueSpecification","valueRequired":true,"valueName":"search_term_string"}}],"inLanguage":"fr-FR"},{"@type":"Organization","@id":"https:\/\/contactfm72.fr\/#organization","name":"Contact FM 99.3","url":"https:\/\/contactfm72.fr\/","logo":{"@type":"ImageObject","inLanguage":"fr-FR","@id":"https:\/\/contactfm72.fr\/#\/schema\/logo\/image\/","url":"https:\/\/contactfm72.fr\/wp-content\/uploads\/2025\/04\/2025-04-18-2.jpg","contentUrl":"https:\/\/contactfm72.fr\/wp-content\/uploads\/2025\/04\/2025-04-18-2.jpg","width":680,"height":307,"caption":"Contact FM 99.3"},"image":{"@id":"https:\/\/contactfm72.fr\/#\/schema\/logo\/image\/"},"sameAs":["https:\/\/www.facebook.com\/Contactfm.Chateauduloir","https:\/\/x.com\/contactfm72","https:\/\/www.instagram.com\/contact.fm.72?igsh=cGhlMHQ5N2JlNnpp","https:\/\/www.tiktok.com\/@contact.fm"]},{"@type":"Person","@id":"https:\/\/contactfm72.fr\/#\/schema\/person\/9fdc9d1c2eb029354a4f1535b90ba82d","name":"Val\u00e9rie C.","image":{"@type":"ImageObject","inLanguage":"fr-FR","@id":"https:\/\/secure.gravatar.com\/avatar\/2f8aa28f8dfbd7d4420afd1fdcdd0a349923e2c8a38ab28198b0f9d0601e4737?s=96&d=mm&r=g","url":"https:\/\/secure.gravatar.com\/avatar\/2f8aa28f8dfbd7d4420afd1fdcdd0a349923e2c8a38ab28198b0f9d0601e4737?s=96&d=mm&r=g","contentUrl":"https:\/\/secure.gravatar.com\/avatar\/2f8aa28f8dfbd7d4420afd1fdcdd0a349923e2c8a38ab28198b0f9d0601e4737?s=96&d=mm&r=g","caption":"Val\u00e9rie C."},"url":"https:\/\/contactfm72.fr\/?author=4"}]}},"_links":{"self":[{"href":"https:\/\/contactfm72.fr\/index.php?rest_route=\/wp\/v2\/posts\/12853","targetHints":{"allow":["GET"]}}],"collection":[{"href":"https:\/\/contactfm72.fr\/index.php?rest_route=\/wp\/v2\/posts"}],"about":[{"href":"https:\/\/contactfm72.fr\/index.php?rest_route=\/wp\/v2\/types\/post"}],"author":[{"embeddable":true,"href":"https:\/\/contactfm72.fr\/index.php?rest_route=\/wp\/v2\/users\/4"}],"replies":[{"embeddable":true,"href":"https:\/\/contactfm72.fr\/index.php?rest_route=%2Fwp%2Fv2%2Fcomments&post=12853"}],"version-history":[{"count":2,"href":"https:\/\/contactfm72.fr\/index.php?rest_route=\/wp\/v2\/posts\/12853\/revisions"}],"predecessor-version":[{"id":12857,"href":"https:\/\/contactfm72.fr\/index.php?rest_route=\/wp\/v2\/posts\/12853\/revisions\/12857"}],"wp:featuredmedia":[{"embeddable":true,"href":"https:\/\/contactfm72.fr\/index.php?rest_route=\/wp\/v2\/media\/12855"}],"wp:attachment":[{"href":"https:\/\/contactfm72.fr\/index.php?rest_route=%2Fwp%2Fv2%2Fmedia&parent=12853"}],"wp:term":[{"taxonomy":"category","embeddable":true,"href":"https:\/\/contactfm72.fr\/index.php?rest_route=%2Fwp%2Fv2%2Fcategories&post=12853"},{"taxonomy":"post_tag","embeddable":true,"href":"https:\/\/contactfm72.fr\/index.php?rest_route=%2Fwp%2Fv2%2Ftags&post=12853"}],"curies":[{"name":"wp","href":"https:\/\/api.w.org\/{rel}","templated":true}]}}