{"id":12736,"date":"2023-02-21T13:17:43","date_gmt":"2023-02-21T12:17:43","guid":{"rendered":"https:\/\/contactfm72.fr\/?p=12736"},"modified":"2023-02-23T10:41:57","modified_gmt":"2023-02-23T09:41:57","slug":"un-championnat-departemental-pour-les-40-ans-du-club-de-boxe-daubigne-racan","status":"publish","type":"post","link":"https:\/\/contactfm72.fr\/?p=12736","title":{"rendered":"Un championnat d\u00e9partemental pour les 40 ans du club de boxe d&#8217;Aubign\u00e9-Racan"},"content":{"rendered":"<p><span style=\"font-family: Times New Roman, serif;\"><span style=\"font-size: medium;\">A l\u2019occasion des 40 ans du club de boxe, la Jeunesse Sportive d\u2019Aubign\u00e9-Racan organise une rencontre de boxe \u00e9ducative assaut entre les boxeurs des clubs de Maine-et-Loire (49), de Mayenne (53) et de Sarthe (72). 40 assauts soit 80 boxeurs sont attendus samedi 25 f\u00e9vrier \u00e0 partir de 14h, au gymnase du complexe polyvalent de la commune. <\/span><\/span><\/p>\n<p><span style=\"font-family: Times New Roman, serif;\"><span style=\"font-size: medium;\"><b>Un club de boxe familial et convivial avec une belle histoire<\/b><\/span><\/span><\/p>\n<p><span style=\"font-family: Times New Roman, serif;\"><span style=\"font-size: medium;\">Le club de boxe a \u00e9t\u00e9 cr\u00e9\u00e9 par Michel Dupuy en 1983 et s\u2019est d\u00e9velopp\u00e9 au fil des ann\u00e9es. D\u00e9sormais, il couvre plusieurs disciplines dans la boxe, la boxe \u00e9ducative assaut (pas de frappe mais que des touches), la boxe amateur (droit de frapper et de mettre des coups) et la boxe loisir (pas de comp\u00e9tition). Le club compte aujourd\u2019hui 42 licenci\u00e9s jeunes et adultes, filles et gar\u00e7ons. En effet, le club a annonc\u00e9 avoir une quinzaine de filles et est fier de voir l\u2019investissement f\u00e9minin qui se d\u00e9veloppe au sein de celui-ci. Parmi les licenci\u00e9s la JSAR, on compte deux \u00e9ducateurs, dont un pr\u00e9v\u00f4t f\u00e9d\u00e9ral. Seulement deux \u00e9ducateurs ce qui ne rend pas possible l\u2019acc\u00e8s \u00e0 la boxe pour les enfants de moins de 11 ans. Cependant, le club accueille des boxeurs dans les cat\u00e9gories minimes, cadets et juniors.<\/span><\/span><\/p>\n<p><span style=\"font-family: Times New Roman, serif;\"><span style=\"font-size: medium;\"><b>Un \u00e9v\u00e9nement pour conqu\u00e9rir des c\u0153urs<\/b><\/span><\/span><\/p>\n<p><span style=\"font-family: Times New Roman, serif;\"><span style=\"font-size: medium;\">Le samedi 25 f\u00e9vrier, la JSAR organise des rencontres dans le cadre du championnat d\u00e9partemental de trois d\u00e9partements. En raison du faible nombre de comp\u00e9titeurs en Sarthe, la JSAR a d\u00fb se tourner vers les d\u00e9partements voisins. Au programme, des assauts entre les boxeurs venant du m\u00eame d\u00e9partement et des \u00e2ges allant de 2007 \u00e0 2010. Les parents et tous les autres spectateurs pourront venir voir les boxeurs gratuitement. L\u2019objectif de l\u2019\u00e9v\u00e9nement est d\u2019attirer de nouveaux boxeurs et montrer que la boxe n\u2019est pas un sport dangereux tant qu\u2019il est respect\u00e9, les gens pourront d\u00e9couvrir que la boxe n\u2019est pas forc\u00e9ment que des coups mais aussi de la strat\u00e9gie et des touches intelligentes.<\/span><\/span><\/p>\n<p><span style=\"font-family: Times New Roman, serif;\"><span style=\"font-size: medium;\">Venez donc nombreux f\u00eater les 40 ans du club et soutenir les boxeurs du club d\u2019Aubign\u00e9-Racan. Venez \u00e9galement d\u00e9couvrir la boxe tout en passant un bon moment, le samedi 25 f\u00e9vrier au gymnase du complexe polyvalent d\u2019Aubign\u00e9-Racan. Entr\u00e9e gratuite avec buvette et restauration rapide. <\/span><\/span><\/p>\n<p><span style=\"font-family: Times New Roman, serif;\"><span style=\"font-size: medium;\">Infos pratiques : JSAR \u2013 Rue de la Gare, 72800 Aubign\u00e9-Racan \u2013 02 43 46 15 20 \u2013 Entrainements les lundis, mercredis et vendredis de 18h \u00e0 20h.<\/span><\/span><\/p>\n<!-- AddThis Advanced Settings generic via filter on the_content --><!-- AddThis Share Buttons generic via filter on the_content -->","protected":false},"excerpt":{"rendered":"<p>A l\u2019occasion des 40 ans du club de boxe, la Jeunesse Sportive d\u2019Aubign\u00e9-Racan organise une rencontre de boxe \u00e9ducative assaut entre les boxeurs des clubs de Maine-et-Loire (49), de Mayenne (53) et de Sarthe (72). 40 assauts soit 80 boxeurs sont attendus samedi 25 f\u00e9vrier \u00e0 partir de 14h, au gymnase du complexe polyvalent de&hellip;<!-- AddThis Advanced Settings generic via filter on get_the_excerpt --><!-- AddThis Share Buttons generic via filter on get_the_excerpt --><\/p>\n","protected":false},"author":4,"featured_media":12702,"comment_status":"closed","ping_status":"open","sticky":false,"template":"","format":"standard","meta":{"footnotes":""},"categories":[1],"tags":[],"class_list":["post-12736","post","type-post","status-publish","format-standard","has-post-thumbnail","hentry","category-contact-fm-72","category-1","description-off"],"yoast_head":"<!-- This site is optimized with the Yoast SEO plugin v27.4 - https:\/\/yoast.com\/product\/yoast-seo-wordpress\/ -->\n<title>Un championnat d\u00e9partemental pour les 40 ans du club de boxe d&#039;Aubign\u00e9-Racan - Contact FM 99.3<\/title>\n<meta name=\"robots\" content=\"index, follow, max-snippet:-1, max-image-preview:large, max-video-preview:-1\" \/>\n<link rel=\"canonical\" href=\"https:\/\/contactfm72.fr\/?p=12736\" \/>\n<meta property=\"og:locale\" content=\"fr_FR\" \/>\n<meta property=\"og:type\" content=\"article\" \/>\n<meta property=\"og:title\" content=\"Un championnat d\u00e9partemental pour les 40 ans du club de boxe d&#039;Aubign\u00e9-Racan - Contact FM 99.3\" \/>\n<meta property=\"og:description\" content=\"A l\u2019occasion des 40 ans du club de boxe, la Jeunesse Sportive d\u2019Aubign\u00e9-Racan organise une rencontre de boxe \u00e9ducative assaut entre les boxeurs des clubs de Maine-et-Loire (49), de Mayenne (53) et de Sarthe (72). 40 assauts soit 80 boxeurs sont attendus samedi 25 f\u00e9vrier \u00e0 partir de 14h, au gymnase du complexe polyvalent de&hellip;\" \/>\n<meta property=\"og:url\" content=\"https:\/\/contactfm72.fr\/?p=12736\" \/>\n<meta property=\"og:site_name\" content=\"Contact FM 99.3\" \/>\n<meta property=\"article:publisher\" content=\"https:\/\/www.facebook.com\/Contactfm.Chateauduloir\" \/>\n<meta property=\"article:published_time\" content=\"2023-02-21T12:17:43+00:00\" \/>\n<meta property=\"article:modified_time\" content=\"2023-02-23T09:41:57+00:00\" \/>\n<meta property=\"og:image\" content=\"http:\/\/contactfm72.fr\/wp-content\/uploads\/2023\/02\/IMG_6911.jpg\" \/>\n\t<meta property=\"og:image:width\" content=\"2016\" \/>\n\t<meta property=\"og:image:height\" content=\"1512\" \/>\n\t<meta property=\"og:image:type\" content=\"image\/jpeg\" \/>\n<meta name=\"author\" content=\"Val\u00e9rie C.\" \/>\n<meta name=\"twitter:card\" content=\"summary_large_image\" \/>\n<meta name=\"twitter:creator\" content=\"@contactfm72\" \/>\n<meta name=\"twitter:site\" content=\"@contactfm72\" \/>\n<meta name=\"twitter:label1\" content=\"\u00c9crit par\" \/>\n\t<meta name=\"twitter:data1\" content=\"Val\u00e9rie C.\" \/>\n\t<meta name=\"twitter:label2\" content=\"Dur\u00e9e de lecture estim\u00e9e\" \/>\n\t<meta name=\"twitter:data2\" content=\"3 minutes\" \/>\n<script type=\"application\/ld+json\" class=\"yoast-schema-graph\">{\"@context\":\"https:\\\/\\\/schema.org\",\"@graph\":[{\"@type\":\"Article\",\"@id\":\"https:\\\/\\\/contactfm72.fr\\\/?p=12736#article\",\"isPartOf\":{\"@id\":\"https:\\\/\\\/contactfm72.fr\\\/?p=12736\"},\"author\":{\"name\":\"Val\u00e9rie C.\",\"@id\":\"https:\\\/\\\/contactfm72.fr\\\/#\\\/schema\\\/person\\\/9fdc9d1c2eb029354a4f1535b90ba82d\"},\"headline\":\"Un championnat d\u00e9partemental pour les 40 ans du club de boxe d&#8217;Aubign\u00e9-Racan\",\"datePublished\":\"2023-02-21T12:17:43+00:00\",\"dateModified\":\"2023-02-23T09:41:57+00:00\",\"mainEntityOfPage\":{\"@id\":\"https:\\\/\\\/contactfm72.fr\\\/?p=12736\"},\"wordCount\":436,\"publisher\":{\"@id\":\"https:\\\/\\\/contactfm72.fr\\\/#organization\"},\"image\":{\"@id\":\"https:\\\/\\\/contactfm72.fr\\\/?p=12736#primaryimage\"},\"thumbnailUrl\":\"https:\\\/\\\/contactfm72.fr\\\/wp-content\\\/uploads\\\/2023\\\/02\\\/IMG_6911.jpg\",\"articleSection\":[\"Contact FM 72\"],\"inLanguage\":\"fr-FR\"},{\"@type\":\"WebPage\",\"@id\":\"https:\\\/\\\/contactfm72.fr\\\/?p=12736\",\"url\":\"https:\\\/\\\/contactfm72.fr\\\/?p=12736\",\"name\":\"Un championnat d\u00e9partemental pour les 40 ans du club de boxe d'Aubign\u00e9-Racan - Contact FM 99.3\",\"isPartOf\":{\"@id\":\"https:\\\/\\\/contactfm72.fr\\\/#website\"},\"primaryImageOfPage\":{\"@id\":\"https:\\\/\\\/contactfm72.fr\\\/?p=12736#primaryimage\"},\"image\":{\"@id\":\"https:\\\/\\\/contactfm72.fr\\\/?p=12736#primaryimage\"},\"thumbnailUrl\":\"https:\\\/\\\/contactfm72.fr\\\/wp-content\\\/uploads\\\/2023\\\/02\\\/IMG_6911.jpg\",\"datePublished\":\"2023-02-21T12:17:43+00:00\",\"dateModified\":\"2023-02-23T09:41:57+00:00\",\"breadcrumb\":{\"@id\":\"https:\\\/\\\/contactfm72.fr\\\/?p=12736#breadcrumb\"},\"inLanguage\":\"fr-FR\",\"potentialAction\":[{\"@type\":\"ReadAction\",\"target\":[\"https:\\\/\\\/contactfm72.fr\\\/?p=12736\"]}]},{\"@type\":\"ImageObject\",\"inLanguage\":\"fr-FR\",\"@id\":\"https:\\\/\\\/contactfm72.fr\\\/?p=12736#primaryimage\",\"url\":\"https:\\\/\\\/contactfm72.fr\\\/wp-content\\\/uploads\\\/2023\\\/02\\\/IMG_6911.jpg\",\"contentUrl\":\"https:\\\/\\\/contactfm72.fr\\\/wp-content\\\/uploads\\\/2023\\\/02\\\/IMG_6911.jpg\",\"width\":2016,\"height\":1512},{\"@type\":\"BreadcrumbList\",\"@id\":\"https:\\\/\\\/contactfm72.fr\\\/?p=12736#breadcrumb\",\"itemListElement\":[{\"@type\":\"ListItem\",\"position\":1,\"name\":\"Accueil\",\"item\":\"https:\\\/\\\/contactfm72.fr\\\/\"},{\"@type\":\"ListItem\",\"position\":2,\"name\":\"Un championnat d\u00e9partemental pour les 40 ans du club de boxe d&#8217;Aubign\u00e9-Racan\"}]},{\"@type\":\"WebSite\",\"@id\":\"https:\\\/\\\/contactfm72.fr\\\/#website\",\"url\":\"https:\\\/\\\/contactfm72.fr\\\/\",\"name\":\"Contact FM 99.3\",\"description\":\"Votre radio en vall\u00e9e du Loir\",\"publisher\":{\"@id\":\"https:\\\/\\\/contactfm72.fr\\\/#organization\"},\"potentialAction\":[{\"@type\":\"SearchAction\",\"target\":{\"@type\":\"EntryPoint\",\"urlTemplate\":\"https:\\\/\\\/contactfm72.fr\\\/?s={search_term_string}\"},\"query-input\":{\"@type\":\"PropertyValueSpecification\",\"valueRequired\":true,\"valueName\":\"search_term_string\"}}],\"inLanguage\":\"fr-FR\"},{\"@type\":\"Organization\",\"@id\":\"https:\\\/\\\/contactfm72.fr\\\/#organization\",\"name\":\"Contact FM 99.3\",\"url\":\"https:\\\/\\\/contactfm72.fr\\\/\",\"logo\":{\"@type\":\"ImageObject\",\"inLanguage\":\"fr-FR\",\"@id\":\"https:\\\/\\\/contactfm72.fr\\\/#\\\/schema\\\/logo\\\/image\\\/\",\"url\":\"https:\\\/\\\/contactfm72.fr\\\/wp-content\\\/uploads\\\/2025\\\/04\\\/2025-04-18-2.jpg\",\"contentUrl\":\"https:\\\/\\\/contactfm72.fr\\\/wp-content\\\/uploads\\\/2025\\\/04\\\/2025-04-18-2.jpg\",\"width\":680,\"height\":307,\"caption\":\"Contact FM 99.3\"},\"image\":{\"@id\":\"https:\\\/\\\/contactfm72.fr\\\/#\\\/schema\\\/logo\\\/image\\\/\"},\"sameAs\":[\"https:\\\/\\\/www.facebook.com\\\/Contactfm.Chateauduloir\",\"https:\\\/\\\/x.com\\\/contactfm72\",\"https:\\\/\\\/www.instagram.com\\\/contact.fm.72?igsh=cGhlMHQ5N2JlNnpp\",\"https:\\\/\\\/www.tiktok.com\\\/@contact.fm\"]},{\"@type\":\"Person\",\"@id\":\"https:\\\/\\\/contactfm72.fr\\\/#\\\/schema\\\/person\\\/9fdc9d1c2eb029354a4f1535b90ba82d\",\"name\":\"Val\u00e9rie C.\",\"image\":{\"@type\":\"ImageObject\",\"inLanguage\":\"fr-FR\",\"@id\":\"https:\\\/\\\/secure.gravatar.com\\\/avatar\\\/2f8aa28f8dfbd7d4420afd1fdcdd0a349923e2c8a38ab28198b0f9d0601e4737?s=96&d=mm&r=g\",\"url\":\"https:\\\/\\\/secure.gravatar.com\\\/avatar\\\/2f8aa28f8dfbd7d4420afd1fdcdd0a349923e2c8a38ab28198b0f9d0601e4737?s=96&d=mm&r=g\",\"contentUrl\":\"https:\\\/\\\/secure.gravatar.com\\\/avatar\\\/2f8aa28f8dfbd7d4420afd1fdcdd0a349923e2c8a38ab28198b0f9d0601e4737?s=96&d=mm&r=g\",\"caption\":\"Val\u00e9rie C.\"},\"url\":\"https:\\\/\\\/contactfm72.fr\\\/?author=4\"}]}<\/script>\n<!-- \/ Yoast SEO plugin. -->","yoast_head_json":{"title":"Un championnat d\u00e9partemental pour les 40 ans du club de boxe d'Aubign\u00e9-Racan - Contact FM 99.3","robots":{"index":"index","follow":"follow","max-snippet":"max-snippet:-1","max-image-preview":"max-image-preview:large","max-video-preview":"max-video-preview:-1"},"canonical":"https:\/\/contactfm72.fr\/?p=12736","og_locale":"fr_FR","og_type":"article","og_title":"Un championnat d\u00e9partemental pour les 40 ans du club de boxe d'Aubign\u00e9-Racan - Contact FM 99.3","og_description":"A l\u2019occasion des 40 ans du club de boxe, la Jeunesse Sportive d\u2019Aubign\u00e9-Racan organise une rencontre de boxe \u00e9ducative assaut entre les boxeurs des clubs de Maine-et-Loire (49), de Mayenne (53) et de Sarthe (72). 40 assauts soit 80 boxeurs sont attendus samedi 25 f\u00e9vrier \u00e0 partir de 14h, au gymnase du complexe polyvalent de&hellip;","og_url":"https:\/\/contactfm72.fr\/?p=12736","og_site_name":"Contact FM 99.3","article_publisher":"https:\/\/www.facebook.com\/Contactfm.Chateauduloir","article_published_time":"2023-02-21T12:17:43+00:00","article_modified_time":"2023-02-23T09:41:57+00:00","og_image":[{"width":2016,"height":1512,"url":"http:\/\/contactfm72.fr\/wp-content\/uploads\/2023\/02\/IMG_6911.jpg","type":"image\/jpeg"}],"author":"Val\u00e9rie C.","twitter_card":"summary_large_image","twitter_creator":"@contactfm72","twitter_site":"@contactfm72","twitter_misc":{"\u00c9crit par":"Val\u00e9rie C.","Dur\u00e9e de lecture estim\u00e9e":"3 minutes"},"schema":{"@context":"https:\/\/schema.org","@graph":[{"@type":"Article","@id":"https:\/\/contactfm72.fr\/?p=12736#article","isPartOf":{"@id":"https:\/\/contactfm72.fr\/?p=12736"},"author":{"name":"Val\u00e9rie C.","@id":"https:\/\/contactfm72.fr\/#\/schema\/person\/9fdc9d1c2eb029354a4f1535b90ba82d"},"headline":"Un championnat d\u00e9partemental pour les 40 ans du club de boxe d&#8217;Aubign\u00e9-Racan","datePublished":"2023-02-21T12:17:43+00:00","dateModified":"2023-02-23T09:41:57+00:00","mainEntityOfPage":{"@id":"https:\/\/contactfm72.fr\/?p=12736"},"wordCount":436,"publisher":{"@id":"https:\/\/contactfm72.fr\/#organization"},"image":{"@id":"https:\/\/contactfm72.fr\/?p=12736#primaryimage"},"thumbnailUrl":"https:\/\/contactfm72.fr\/wp-content\/uploads\/2023\/02\/IMG_6911.jpg","articleSection":["Contact FM 72"],"inLanguage":"fr-FR"},{"@type":"WebPage","@id":"https:\/\/contactfm72.fr\/?p=12736","url":"https:\/\/contactfm72.fr\/?p=12736","name":"Un championnat d\u00e9partemental pour les 40 ans du club de boxe d'Aubign\u00e9-Racan - Contact FM 99.3","isPartOf":{"@id":"https:\/\/contactfm72.fr\/#website"},"primaryImageOfPage":{"@id":"https:\/\/contactfm72.fr\/?p=12736#primaryimage"},"image":{"@id":"https:\/\/contactfm72.fr\/?p=12736#primaryimage"},"thumbnailUrl":"https:\/\/contactfm72.fr\/wp-content\/uploads\/2023\/02\/IMG_6911.jpg","datePublished":"2023-02-21T12:17:43+00:00","dateModified":"2023-02-23T09:41:57+00:00","breadcrumb":{"@id":"https:\/\/contactfm72.fr\/?p=12736#breadcrumb"},"inLanguage":"fr-FR","potentialAction":[{"@type":"ReadAction","target":["https:\/\/contactfm72.fr\/?p=12736"]}]},{"@type":"ImageObject","inLanguage":"fr-FR","@id":"https:\/\/contactfm72.fr\/?p=12736#primaryimage","url":"https:\/\/contactfm72.fr\/wp-content\/uploads\/2023\/02\/IMG_6911.jpg","contentUrl":"https:\/\/contactfm72.fr\/wp-content\/uploads\/2023\/02\/IMG_6911.jpg","width":2016,"height":1512},{"@type":"BreadcrumbList","@id":"https:\/\/contactfm72.fr\/?p=12736#breadcrumb","itemListElement":[{"@type":"ListItem","position":1,"name":"Accueil","item":"https:\/\/contactfm72.fr\/"},{"@type":"ListItem","position":2,"name":"Un championnat d\u00e9partemental pour les 40 ans du club de boxe d&#8217;Aubign\u00e9-Racan"}]},{"@type":"WebSite","@id":"https:\/\/contactfm72.fr\/#website","url":"https:\/\/contactfm72.fr\/","name":"Contact FM 99.3","description":"Votre radio en vall\u00e9e du Loir","publisher":{"@id":"https:\/\/contactfm72.fr\/#organization"},"potentialAction":[{"@type":"SearchAction","target":{"@type":"EntryPoint","urlTemplate":"https:\/\/contactfm72.fr\/?s={search_term_string}"},"query-input":{"@type":"PropertyValueSpecification","valueRequired":true,"valueName":"search_term_string"}}],"inLanguage":"fr-FR"},{"@type":"Organization","@id":"https:\/\/contactfm72.fr\/#organization","name":"Contact FM 99.3","url":"https:\/\/contactfm72.fr\/","logo":{"@type":"ImageObject","inLanguage":"fr-FR","@id":"https:\/\/contactfm72.fr\/#\/schema\/logo\/image\/","url":"https:\/\/contactfm72.fr\/wp-content\/uploads\/2025\/04\/2025-04-18-2.jpg","contentUrl":"https:\/\/contactfm72.fr\/wp-content\/uploads\/2025\/04\/2025-04-18-2.jpg","width":680,"height":307,"caption":"Contact FM 99.3"},"image":{"@id":"https:\/\/contactfm72.fr\/#\/schema\/logo\/image\/"},"sameAs":["https:\/\/www.facebook.com\/Contactfm.Chateauduloir","https:\/\/x.com\/contactfm72","https:\/\/www.instagram.com\/contact.fm.72?igsh=cGhlMHQ5N2JlNnpp","https:\/\/www.tiktok.com\/@contact.fm"]},{"@type":"Person","@id":"https:\/\/contactfm72.fr\/#\/schema\/person\/9fdc9d1c2eb029354a4f1535b90ba82d","name":"Val\u00e9rie C.","image":{"@type":"ImageObject","inLanguage":"fr-FR","@id":"https:\/\/secure.gravatar.com\/avatar\/2f8aa28f8dfbd7d4420afd1fdcdd0a349923e2c8a38ab28198b0f9d0601e4737?s=96&d=mm&r=g","url":"https:\/\/secure.gravatar.com\/avatar\/2f8aa28f8dfbd7d4420afd1fdcdd0a349923e2c8a38ab28198b0f9d0601e4737?s=96&d=mm&r=g","contentUrl":"https:\/\/secure.gravatar.com\/avatar\/2f8aa28f8dfbd7d4420afd1fdcdd0a349923e2c8a38ab28198b0f9d0601e4737?s=96&d=mm&r=g","caption":"Val\u00e9rie C."},"url":"https:\/\/contactfm72.fr\/?author=4"}]}},"_links":{"self":[{"href":"https:\/\/contactfm72.fr\/index.php?rest_route=\/wp\/v2\/posts\/12736","targetHints":{"allow":["GET"]}}],"collection":[{"href":"https:\/\/contactfm72.fr\/index.php?rest_route=\/wp\/v2\/posts"}],"about":[{"href":"https:\/\/contactfm72.fr\/index.php?rest_route=\/wp\/v2\/types\/post"}],"author":[{"embeddable":true,"href":"https:\/\/contactfm72.fr\/index.php?rest_route=\/wp\/v2\/users\/4"}],"replies":[{"embeddable":true,"href":"https:\/\/contactfm72.fr\/index.php?rest_route=%2Fwp%2Fv2%2Fcomments&post=12736"}],"version-history":[{"count":4,"href":"https:\/\/contactfm72.fr\/index.php?rest_route=\/wp\/v2\/posts\/12736\/revisions"}],"predecessor-version":[{"id":12781,"href":"https:\/\/contactfm72.fr\/index.php?rest_route=\/wp\/v2\/posts\/12736\/revisions\/12781"}],"wp:featuredmedia":[{"embeddable":true,"href":"https:\/\/contactfm72.fr\/index.php?rest_route=\/wp\/v2\/media\/12702"}],"wp:attachment":[{"href":"https:\/\/contactfm72.fr\/index.php?rest_route=%2Fwp%2Fv2%2Fmedia&parent=12736"}],"wp:term":[{"taxonomy":"category","embeddable":true,"href":"https:\/\/contactfm72.fr\/index.php?rest_route=%2Fwp%2Fv2%2Fcategories&post=12736"},{"taxonomy":"post_tag","embeddable":true,"href":"https:\/\/contactfm72.fr\/index.php?rest_route=%2Fwp%2Fv2%2Ftags&post=12736"}],"curies":[{"name":"wp","href":"https:\/\/api.w.org\/{rel}","templated":true}]}}