{"id":12695,"date":"2023-02-16T11:14:31","date_gmt":"2023-02-16T10:14:31","guid":{"rendered":"https:\/\/contactfm72.fr\/?p=12695"},"modified":"2023-02-16T12:07:12","modified_gmt":"2023-02-16T11:07:12","slug":"le-ptit-marconnais-a-marcon-developpe-ses-services-de-proximite","status":"publish","type":"post","link":"https:\/\/contactfm72.fr\/?p=12695","title":{"rendered":"Le P&#8217;tit Mar\u00e7onnais \u00e0 Mar\u00e7on d\u00e9veloppe ses services de proximit\u00e9"},"content":{"rendered":"<p><span style=\"font-size: medium;\"><b>Patrick Duchesne, patron du bar-tabac-presse <em>Le P&#8217;tit Mar\u00e7onnais<\/em> \u00e0 Mar\u00e7on fait le point sur les activit\u00e9s et les services qu\u2019il propose.<\/b><\/span><\/p>\n<p><span style=\"font-size: medium;\">L\u2019unique bar-tabac-presse de la commune propose d\u00e9sormais en plus de ses services principaux, la r\u00e9ception des colis, la mise \u00e0 disposition d\u2019une imprimante\/photocopieuse et le retrait d\u2019argent. Il s\u2019est \u00e9galement d\u00e9velopp\u00e9 dans la vente de jeux avec la FDJ, des cartes de p\u00eache, d&#8217;articles de vapotage, de CBD et les paris PMU. <\/span><\/p>\n<p><span style=\"font-size: large;\"><b>Une p\u00e9riode de COVID d\u00e9licate<\/b><\/span><\/p>\n<p><span style=\"font-size: medium;\">Lors de son arriv\u00e9e aux commandes du bar, il a d\u00fb faire face \u00e0 la crise sanitaire. Autant dire que ce n\u2019\u00e9tait pas la meilleure entr\u00e9e en mati\u00e8re. <\/span><\/p>\n<p><span style=\"font-size: medium;\"><b>\u00ab J\u2019ai essay\u00e9 de vendre mais personne n\u2019\u00e9tait int\u00e9ress\u00e9 alors j\u2019ai pris le bar \u00e0 temps plein. Pendant cette p\u00e9riode, je ne pouvais pas vendre de boissons mais seulement des jeux et du tabac. \u00bb<\/b><\/span><\/p>\n<p><span style=\"font-size: medium;\">Heureusement pour lui, ses clients fid\u00e8les ont permis \u00e0 Patrick Duchesne de retrouver une activit\u00e9 plus int\u00e9ressante. <\/span><\/p>\n<p><span style=\"font-size: large;\"><b>Une relance plus qu\u2019encourageante <\/b><\/span><\/p>\n<p><span style=\"font-size: medium;\">D\u00e8s l\u2019\u00e9t\u00e9 suivant, sa fille est venue l\u2019aider \u00e0 g\u00e9rer l\u2019\u00e9tablissement car le bar a connu une fr\u00e9quentation 2 \u00e0 3 fois plus important qu\u2019en saison hivernale. <\/span><span style=\"font-size: medium;\"><b>\u00ab\u00a0Les \u00e9t\u00e9s, ma fille vient travailler avec moi car il n\u2019est pas possible pour moi seul de g\u00e9rer tous les clients et les activit\u00e9s.\u00bb<\/b><\/span><\/p>\n<p><span style=\"font-size: medium;\">Afin d\u2019am\u00e9liorer la convivialit\u00e9 de son bar, il a am\u00e9nag\u00e9 une terrasse dans la cour int\u00e9rieure afin d\u2019accueillir plus de monde en p\u00e9riode estivale. <\/span><span style=\"font-size: medium;\"><b>\u00ab Les tables ext\u00e9rieures sur le trottoir ne sont pas assez s\u00e9curis\u00e9es pour que je puisse installer tous les clients, c\u2019est pourquoi j\u2019ai am\u00e9nag\u00e9 cette terrasse en juin 2022. \u00bb<\/b><\/span><\/p>\n<p><span style=\"font-size: medium;\">Enfin, avec l\u2019arriv\u00e9e du restaurant \u00ab La Bonne Pioche \u00bb, les deux \u00e9tablissements arrivent \u00e0 trouver une certaine compl\u00e9mentarit\u00e9 et non une concurrence. <\/span><\/p>\n<p><span style=\"font-size: large;\"><b>Un patron avec de belles ambitions<\/b><\/span><\/p>\n<p><span style=\"font-size: medium;\">Pour continuer sur sa dynamique lanc\u00e9e, Patrick Duchesne a de beaux projets en t\u00eate. <\/span><span style=\"font-size: medium;\"><b>\u00ab A c\u00f4t\u00e9 il y a le P\u2019tit Tacot, pizzeria g\u00e9r\u00e9e par mon gendre, qui j\u2019esp\u00e8re continuera \u00e0 se d\u00e9velopper de la meilleure des mani\u00e8res. Je ferai en sorte que cela arrive. \u00bb<\/b><\/span><\/p>\n<p>&nbsp;<\/p>\n<p><strong><span style=\"font-size: medium;\">Le P\u2019tit Mar\u00e7onnais, <\/span><\/strong><span style=\"color: #202124;\"><span style=\"font-size: medium;\">38 Route du Val de Loir, 72340 Mar\u00e7on. Ouvert du lundi au samedi, sauf le mercredi, de 7h30 \u00e0 20h et le dimanche de 7h30 \u00e0 13h. Renseignements au 02.43.44.13.20.<\/span><\/span><\/p>\n<p>&nbsp;<\/p>\n<p>&nbsp;<\/p>\n<!-- AddThis Advanced Settings generic via filter on the_content --><!-- AddThis Share Buttons generic via filter on the_content -->","protected":false},"excerpt":{"rendered":"<p>Patrick Duchesne, patron du bar-tabac-presse Le P&#8217;tit Mar\u00e7onnais \u00e0 Mar\u00e7on fait le point sur les activit\u00e9s et les services qu\u2019il propose. L\u2019unique bar-tabac-presse de la commune propose d\u00e9sormais en plus de ses services principaux, la r\u00e9ception des colis, la mise \u00e0 disposition d\u2019une imprimante\/photocopieuse et le retrait d\u2019argent. Il s\u2019est \u00e9galement d\u00e9velopp\u00e9 dans la vente&hellip;<!-- AddThis Advanced Settings generic via filter on get_the_excerpt --><!-- AddThis Share Buttons generic via filter on get_the_excerpt --><\/p>\n","protected":false},"author":4,"featured_media":12698,"comment_status":"closed","ping_status":"open","sticky":false,"template":"","format":"standard","meta":{"footnotes":""},"categories":[1],"tags":[],"class_list":["post-12695","post","type-post","status-publish","format-standard","has-post-thumbnail","hentry","category-contact-fm-72","category-1","description-off"],"yoast_head":"<!-- This site is optimized with the Yoast SEO plugin v27.4 - https:\/\/yoast.com\/product\/yoast-seo-wordpress\/ -->\n<title>Le P&#039;tit Mar\u00e7onnais \u00e0 Mar\u00e7on d\u00e9veloppe ses services de proximit\u00e9 - Contact FM 99.3<\/title>\n<meta name=\"robots\" content=\"index, follow, max-snippet:-1, max-image-preview:large, max-video-preview:-1\" \/>\n<link rel=\"canonical\" href=\"https:\/\/contactfm72.fr\/?p=12695\" \/>\n<meta property=\"og:locale\" content=\"fr_FR\" \/>\n<meta property=\"og:type\" content=\"article\" \/>\n<meta property=\"og:title\" content=\"Le P&#039;tit Mar\u00e7onnais \u00e0 Mar\u00e7on d\u00e9veloppe ses services de proximit\u00e9 - Contact FM 99.3\" \/>\n<meta property=\"og:description\" content=\"Patrick Duchesne, patron du bar-tabac-presse Le P&#8217;tit Mar\u00e7onnais \u00e0 Mar\u00e7on fait le point sur les activit\u00e9s et les services qu\u2019il propose. L\u2019unique bar-tabac-presse de la commune propose d\u00e9sormais en plus de ses services principaux, la r\u00e9ception des colis, la mise \u00e0 disposition d\u2019une imprimante\/photocopieuse et le retrait d\u2019argent. Il s\u2019est \u00e9galement d\u00e9velopp\u00e9 dans la vente&hellip;\" \/>\n<meta property=\"og:url\" content=\"https:\/\/contactfm72.fr\/?p=12695\" \/>\n<meta property=\"og:site_name\" content=\"Contact FM 99.3\" \/>\n<meta property=\"article:publisher\" content=\"https:\/\/www.facebook.com\/Contactfm.Chateauduloir\" \/>\n<meta property=\"article:published_time\" content=\"2023-02-16T10:14:31+00:00\" \/>\n<meta property=\"article:modified_time\" content=\"2023-02-16T11:07:12+00:00\" \/>\n<meta property=\"og:image\" content=\"http:\/\/contactfm72.fr\/wp-content\/uploads\/2023\/02\/IMG_6898.jpg\" \/>\n\t<meta property=\"og:image:width\" content=\"2016\" \/>\n\t<meta property=\"og:image:height\" content=\"1512\" \/>\n\t<meta property=\"og:image:type\" content=\"image\/jpeg\" \/>\n<meta name=\"author\" content=\"Val\u00e9rie C.\" \/>\n<meta name=\"twitter:card\" content=\"summary_large_image\" \/>\n<meta name=\"twitter:creator\" content=\"@contactfm72\" \/>\n<meta name=\"twitter:site\" content=\"@contactfm72\" \/>\n<meta name=\"twitter:label1\" content=\"\u00c9crit par\" \/>\n\t<meta name=\"twitter:data1\" content=\"Val\u00e9rie C.\" \/>\n\t<meta name=\"twitter:label2\" content=\"Dur\u00e9e de lecture estim\u00e9e\" \/>\n\t<meta name=\"twitter:data2\" content=\"2 minutes\" \/>\n<script type=\"application\/ld+json\" class=\"yoast-schema-graph\">{\"@context\":\"https:\\\/\\\/schema.org\",\"@graph\":[{\"@type\":\"Article\",\"@id\":\"https:\\\/\\\/contactfm72.fr\\\/?p=12695#article\",\"isPartOf\":{\"@id\":\"https:\\\/\\\/contactfm72.fr\\\/?p=12695\"},\"author\":{\"name\":\"Val\u00e9rie C.\",\"@id\":\"https:\\\/\\\/contactfm72.fr\\\/#\\\/schema\\\/person\\\/9fdc9d1c2eb029354a4f1535b90ba82d\"},\"headline\":\"Le P&#8217;tit Mar\u00e7onnais \u00e0 Mar\u00e7on d\u00e9veloppe ses services de proximit\u00e9\",\"datePublished\":\"2023-02-16T10:14:31+00:00\",\"dateModified\":\"2023-02-16T11:07:12+00:00\",\"mainEntityOfPage\":{\"@id\":\"https:\\\/\\\/contactfm72.fr\\\/?p=12695\"},\"wordCount\":435,\"publisher\":{\"@id\":\"https:\\\/\\\/contactfm72.fr\\\/#organization\"},\"image\":{\"@id\":\"https:\\\/\\\/contactfm72.fr\\\/?p=12695#primaryimage\"},\"thumbnailUrl\":\"https:\\\/\\\/contactfm72.fr\\\/wp-content\\\/uploads\\\/2023\\\/02\\\/IMG_6898.jpg\",\"articleSection\":[\"Contact FM 72\"],\"inLanguage\":\"fr-FR\"},{\"@type\":\"WebPage\",\"@id\":\"https:\\\/\\\/contactfm72.fr\\\/?p=12695\",\"url\":\"https:\\\/\\\/contactfm72.fr\\\/?p=12695\",\"name\":\"Le P'tit Mar\u00e7onnais \u00e0 Mar\u00e7on d\u00e9veloppe ses services de proximit\u00e9 - Contact FM 99.3\",\"isPartOf\":{\"@id\":\"https:\\\/\\\/contactfm72.fr\\\/#website\"},\"primaryImageOfPage\":{\"@id\":\"https:\\\/\\\/contactfm72.fr\\\/?p=12695#primaryimage\"},\"image\":{\"@id\":\"https:\\\/\\\/contactfm72.fr\\\/?p=12695#primaryimage\"},\"thumbnailUrl\":\"https:\\\/\\\/contactfm72.fr\\\/wp-content\\\/uploads\\\/2023\\\/02\\\/IMG_6898.jpg\",\"datePublished\":\"2023-02-16T10:14:31+00:00\",\"dateModified\":\"2023-02-16T11:07:12+00:00\",\"breadcrumb\":{\"@id\":\"https:\\\/\\\/contactfm72.fr\\\/?p=12695#breadcrumb\"},\"inLanguage\":\"fr-FR\",\"potentialAction\":[{\"@type\":\"ReadAction\",\"target\":[\"https:\\\/\\\/contactfm72.fr\\\/?p=12695\"]}]},{\"@type\":\"ImageObject\",\"inLanguage\":\"fr-FR\",\"@id\":\"https:\\\/\\\/contactfm72.fr\\\/?p=12695#primaryimage\",\"url\":\"https:\\\/\\\/contactfm72.fr\\\/wp-content\\\/uploads\\\/2023\\\/02\\\/IMG_6898.jpg\",\"contentUrl\":\"https:\\\/\\\/contactfm72.fr\\\/wp-content\\\/uploads\\\/2023\\\/02\\\/IMG_6898.jpg\",\"width\":2016,\"height\":1512},{\"@type\":\"BreadcrumbList\",\"@id\":\"https:\\\/\\\/contactfm72.fr\\\/?p=12695#breadcrumb\",\"itemListElement\":[{\"@type\":\"ListItem\",\"position\":1,\"name\":\"Accueil\",\"item\":\"https:\\\/\\\/contactfm72.fr\\\/\"},{\"@type\":\"ListItem\",\"position\":2,\"name\":\"Le P&#8217;tit Mar\u00e7onnais \u00e0 Mar\u00e7on d\u00e9veloppe ses services de proximit\u00e9\"}]},{\"@type\":\"WebSite\",\"@id\":\"https:\\\/\\\/contactfm72.fr\\\/#website\",\"url\":\"https:\\\/\\\/contactfm72.fr\\\/\",\"name\":\"Contact FM 99.3\",\"description\":\"Votre radio en vall\u00e9e du Loir\",\"publisher\":{\"@id\":\"https:\\\/\\\/contactfm72.fr\\\/#organization\"},\"potentialAction\":[{\"@type\":\"SearchAction\",\"target\":{\"@type\":\"EntryPoint\",\"urlTemplate\":\"https:\\\/\\\/contactfm72.fr\\\/?s={search_term_string}\"},\"query-input\":{\"@type\":\"PropertyValueSpecification\",\"valueRequired\":true,\"valueName\":\"search_term_string\"}}],\"inLanguage\":\"fr-FR\"},{\"@type\":\"Organization\",\"@id\":\"https:\\\/\\\/contactfm72.fr\\\/#organization\",\"name\":\"Contact FM 99.3\",\"url\":\"https:\\\/\\\/contactfm72.fr\\\/\",\"logo\":{\"@type\":\"ImageObject\",\"inLanguage\":\"fr-FR\",\"@id\":\"https:\\\/\\\/contactfm72.fr\\\/#\\\/schema\\\/logo\\\/image\\\/\",\"url\":\"https:\\\/\\\/contactfm72.fr\\\/wp-content\\\/uploads\\\/2025\\\/04\\\/2025-04-18-2.jpg\",\"contentUrl\":\"https:\\\/\\\/contactfm72.fr\\\/wp-content\\\/uploads\\\/2025\\\/04\\\/2025-04-18-2.jpg\",\"width\":680,\"height\":307,\"caption\":\"Contact FM 99.3\"},\"image\":{\"@id\":\"https:\\\/\\\/contactfm72.fr\\\/#\\\/schema\\\/logo\\\/image\\\/\"},\"sameAs\":[\"https:\\\/\\\/www.facebook.com\\\/Contactfm.Chateauduloir\",\"https:\\\/\\\/x.com\\\/contactfm72\",\"https:\\\/\\\/www.instagram.com\\\/contact.fm.72?igsh=cGhlMHQ5N2JlNnpp\",\"https:\\\/\\\/www.tiktok.com\\\/@contact.fm\"]},{\"@type\":\"Person\",\"@id\":\"https:\\\/\\\/contactfm72.fr\\\/#\\\/schema\\\/person\\\/9fdc9d1c2eb029354a4f1535b90ba82d\",\"name\":\"Val\u00e9rie C.\",\"image\":{\"@type\":\"ImageObject\",\"inLanguage\":\"fr-FR\",\"@id\":\"https:\\\/\\\/secure.gravatar.com\\\/avatar\\\/2f8aa28f8dfbd7d4420afd1fdcdd0a349923e2c8a38ab28198b0f9d0601e4737?s=96&d=mm&r=g\",\"url\":\"https:\\\/\\\/secure.gravatar.com\\\/avatar\\\/2f8aa28f8dfbd7d4420afd1fdcdd0a349923e2c8a38ab28198b0f9d0601e4737?s=96&d=mm&r=g\",\"contentUrl\":\"https:\\\/\\\/secure.gravatar.com\\\/avatar\\\/2f8aa28f8dfbd7d4420afd1fdcdd0a349923e2c8a38ab28198b0f9d0601e4737?s=96&d=mm&r=g\",\"caption\":\"Val\u00e9rie C.\"},\"url\":\"https:\\\/\\\/contactfm72.fr\\\/?author=4\"}]}<\/script>\n<!-- \/ Yoast SEO plugin. -->","yoast_head_json":{"title":"Le P'tit Mar\u00e7onnais \u00e0 Mar\u00e7on d\u00e9veloppe ses services de proximit\u00e9 - Contact FM 99.3","robots":{"index":"index","follow":"follow","max-snippet":"max-snippet:-1","max-image-preview":"max-image-preview:large","max-video-preview":"max-video-preview:-1"},"canonical":"https:\/\/contactfm72.fr\/?p=12695","og_locale":"fr_FR","og_type":"article","og_title":"Le P'tit Mar\u00e7onnais \u00e0 Mar\u00e7on d\u00e9veloppe ses services de proximit\u00e9 - Contact FM 99.3","og_description":"Patrick Duchesne, patron du bar-tabac-presse Le P&#8217;tit Mar\u00e7onnais \u00e0 Mar\u00e7on fait le point sur les activit\u00e9s et les services qu\u2019il propose. L\u2019unique bar-tabac-presse de la commune propose d\u00e9sormais en plus de ses services principaux, la r\u00e9ception des colis, la mise \u00e0 disposition d\u2019une imprimante\/photocopieuse et le retrait d\u2019argent. Il s\u2019est \u00e9galement d\u00e9velopp\u00e9 dans la vente&hellip;","og_url":"https:\/\/contactfm72.fr\/?p=12695","og_site_name":"Contact FM 99.3","article_publisher":"https:\/\/www.facebook.com\/Contactfm.Chateauduloir","article_published_time":"2023-02-16T10:14:31+00:00","article_modified_time":"2023-02-16T11:07:12+00:00","og_image":[{"width":2016,"height":1512,"url":"http:\/\/contactfm72.fr\/wp-content\/uploads\/2023\/02\/IMG_6898.jpg","type":"image\/jpeg"}],"author":"Val\u00e9rie C.","twitter_card":"summary_large_image","twitter_creator":"@contactfm72","twitter_site":"@contactfm72","twitter_misc":{"\u00c9crit par":"Val\u00e9rie C.","Dur\u00e9e de lecture estim\u00e9e":"2 minutes"},"schema":{"@context":"https:\/\/schema.org","@graph":[{"@type":"Article","@id":"https:\/\/contactfm72.fr\/?p=12695#article","isPartOf":{"@id":"https:\/\/contactfm72.fr\/?p=12695"},"author":{"name":"Val\u00e9rie C.","@id":"https:\/\/contactfm72.fr\/#\/schema\/person\/9fdc9d1c2eb029354a4f1535b90ba82d"},"headline":"Le P&#8217;tit Mar\u00e7onnais \u00e0 Mar\u00e7on d\u00e9veloppe ses services de proximit\u00e9","datePublished":"2023-02-16T10:14:31+00:00","dateModified":"2023-02-16T11:07:12+00:00","mainEntityOfPage":{"@id":"https:\/\/contactfm72.fr\/?p=12695"},"wordCount":435,"publisher":{"@id":"https:\/\/contactfm72.fr\/#organization"},"image":{"@id":"https:\/\/contactfm72.fr\/?p=12695#primaryimage"},"thumbnailUrl":"https:\/\/contactfm72.fr\/wp-content\/uploads\/2023\/02\/IMG_6898.jpg","articleSection":["Contact FM 72"],"inLanguage":"fr-FR"},{"@type":"WebPage","@id":"https:\/\/contactfm72.fr\/?p=12695","url":"https:\/\/contactfm72.fr\/?p=12695","name":"Le P'tit Mar\u00e7onnais \u00e0 Mar\u00e7on d\u00e9veloppe ses services de proximit\u00e9 - Contact FM 99.3","isPartOf":{"@id":"https:\/\/contactfm72.fr\/#website"},"primaryImageOfPage":{"@id":"https:\/\/contactfm72.fr\/?p=12695#primaryimage"},"image":{"@id":"https:\/\/contactfm72.fr\/?p=12695#primaryimage"},"thumbnailUrl":"https:\/\/contactfm72.fr\/wp-content\/uploads\/2023\/02\/IMG_6898.jpg","datePublished":"2023-02-16T10:14:31+00:00","dateModified":"2023-02-16T11:07:12+00:00","breadcrumb":{"@id":"https:\/\/contactfm72.fr\/?p=12695#breadcrumb"},"inLanguage":"fr-FR","potentialAction":[{"@type":"ReadAction","target":["https:\/\/contactfm72.fr\/?p=12695"]}]},{"@type":"ImageObject","inLanguage":"fr-FR","@id":"https:\/\/contactfm72.fr\/?p=12695#primaryimage","url":"https:\/\/contactfm72.fr\/wp-content\/uploads\/2023\/02\/IMG_6898.jpg","contentUrl":"https:\/\/contactfm72.fr\/wp-content\/uploads\/2023\/02\/IMG_6898.jpg","width":2016,"height":1512},{"@type":"BreadcrumbList","@id":"https:\/\/contactfm72.fr\/?p=12695#breadcrumb","itemListElement":[{"@type":"ListItem","position":1,"name":"Accueil","item":"https:\/\/contactfm72.fr\/"},{"@type":"ListItem","position":2,"name":"Le P&#8217;tit Mar\u00e7onnais \u00e0 Mar\u00e7on d\u00e9veloppe ses services de proximit\u00e9"}]},{"@type":"WebSite","@id":"https:\/\/contactfm72.fr\/#website","url":"https:\/\/contactfm72.fr\/","name":"Contact FM 99.3","description":"Votre radio en vall\u00e9e du Loir","publisher":{"@id":"https:\/\/contactfm72.fr\/#organization"},"potentialAction":[{"@type":"SearchAction","target":{"@type":"EntryPoint","urlTemplate":"https:\/\/contactfm72.fr\/?s={search_term_string}"},"query-input":{"@type":"PropertyValueSpecification","valueRequired":true,"valueName":"search_term_string"}}],"inLanguage":"fr-FR"},{"@type":"Organization","@id":"https:\/\/contactfm72.fr\/#organization","name":"Contact FM 99.3","url":"https:\/\/contactfm72.fr\/","logo":{"@type":"ImageObject","inLanguage":"fr-FR","@id":"https:\/\/contactfm72.fr\/#\/schema\/logo\/image\/","url":"https:\/\/contactfm72.fr\/wp-content\/uploads\/2025\/04\/2025-04-18-2.jpg","contentUrl":"https:\/\/contactfm72.fr\/wp-content\/uploads\/2025\/04\/2025-04-18-2.jpg","width":680,"height":307,"caption":"Contact FM 99.3"},"image":{"@id":"https:\/\/contactfm72.fr\/#\/schema\/logo\/image\/"},"sameAs":["https:\/\/www.facebook.com\/Contactfm.Chateauduloir","https:\/\/x.com\/contactfm72","https:\/\/www.instagram.com\/contact.fm.72?igsh=cGhlMHQ5N2JlNnpp","https:\/\/www.tiktok.com\/@contact.fm"]},{"@type":"Person","@id":"https:\/\/contactfm72.fr\/#\/schema\/person\/9fdc9d1c2eb029354a4f1535b90ba82d","name":"Val\u00e9rie C.","image":{"@type":"ImageObject","inLanguage":"fr-FR","@id":"https:\/\/secure.gravatar.com\/avatar\/2f8aa28f8dfbd7d4420afd1fdcdd0a349923e2c8a38ab28198b0f9d0601e4737?s=96&d=mm&r=g","url":"https:\/\/secure.gravatar.com\/avatar\/2f8aa28f8dfbd7d4420afd1fdcdd0a349923e2c8a38ab28198b0f9d0601e4737?s=96&d=mm&r=g","contentUrl":"https:\/\/secure.gravatar.com\/avatar\/2f8aa28f8dfbd7d4420afd1fdcdd0a349923e2c8a38ab28198b0f9d0601e4737?s=96&d=mm&r=g","caption":"Val\u00e9rie C."},"url":"https:\/\/contactfm72.fr\/?author=4"}]}},"_links":{"self":[{"href":"https:\/\/contactfm72.fr\/index.php?rest_route=\/wp\/v2\/posts\/12695","targetHints":{"allow":["GET"]}}],"collection":[{"href":"https:\/\/contactfm72.fr\/index.php?rest_route=\/wp\/v2\/posts"}],"about":[{"href":"https:\/\/contactfm72.fr\/index.php?rest_route=\/wp\/v2\/types\/post"}],"author":[{"embeddable":true,"href":"https:\/\/contactfm72.fr\/index.php?rest_route=\/wp\/v2\/users\/4"}],"replies":[{"embeddable":true,"href":"https:\/\/contactfm72.fr\/index.php?rest_route=%2Fwp%2Fv2%2Fcomments&post=12695"}],"version-history":[{"count":1,"href":"https:\/\/contactfm72.fr\/index.php?rest_route=\/wp\/v2\/posts\/12695\/revisions"}],"predecessor-version":[{"id":12697,"href":"https:\/\/contactfm72.fr\/index.php?rest_route=\/wp\/v2\/posts\/12695\/revisions\/12697"}],"wp:featuredmedia":[{"embeddable":true,"href":"https:\/\/contactfm72.fr\/index.php?rest_route=\/wp\/v2\/media\/12698"}],"wp:attachment":[{"href":"https:\/\/contactfm72.fr\/index.php?rest_route=%2Fwp%2Fv2%2Fmedia&parent=12695"}],"wp:term":[{"taxonomy":"category","embeddable":true,"href":"https:\/\/contactfm72.fr\/index.php?rest_route=%2Fwp%2Fv2%2Fcategories&post=12695"},{"taxonomy":"post_tag","embeddable":true,"href":"https:\/\/contactfm72.fr\/index.php?rest_route=%2Fwp%2Fv2%2Ftags&post=12695"}],"curies":[{"name":"wp","href":"https:\/\/api.w.org\/{rel}","templated":true}]}}