{"id":12574,"date":"2023-02-08T11:11:16","date_gmt":"2023-02-08T10:11:16","guid":{"rendered":"https:\/\/contactfm72.fr\/?p=12574"},"modified":"2023-02-08T11:11:16","modified_gmt":"2023-02-08T10:11:16","slug":"reformes-des-retraites-plus-de-400-personnes-dans-les-rues-de-montval-sur-loir","status":"publish","type":"post","link":"https:\/\/contactfm72.fr\/?p=12574","title":{"rendered":"R\u00e9formes des retraites\u00a0: plus de 400 personnes dans les rues de Montval-sur-Loir"},"content":{"rendered":"<p><span style=\"font-family: Liberation Serif, serif;\"><span style=\"font-size: medium;\"><strong>Mardi 7 f\u00e9vrier, plus de 400 personnes se sont rassembl\u00e9s \u00e0 Ch\u00e2teau-du-Loir pour manifester ensemble contre la r\u00e9forme des retraites. Celle-ci regroupe l\u2019\u00e2ge de d\u00e9part qui est recul\u00e9 \u00e0 64 ans en 2030 ainsi que dur\u00e9e de cotisation qui serait port\u00e9e \u00e0 43 ans d\u2019ici 2027. Des manifestants qui veulent faire entendre leur m\u00e9contentement.<\/strong> <\/span><\/span><\/p>\n<p>&nbsp;<\/p>\n<p><span style=\"font-family: Liberation Serif, serif;\"><span style=\"font-size: medium;\"><b>Continuer sur sa bonne lanc\u00e9e<\/b><\/span><\/span><\/p>\n<p><span style=\"font-family: Liberation Serif, serif;\"><span style=\"font-size: medium;\">Apr\u00e8s deux journ\u00e9es de mobilisations, dont la premi\u00e8re qui avait accueilli environ 270 personnes, les syndicats de la CGT (Conf\u00e9d\u00e9ration G\u00e9n\u00e9rale du Travail), la CFDT (Conf\u00e9d\u00e9ration Fran\u00e7aise D\u00e9mocrate du Travail) et Force Ouvri\u00e8re ont r\u00e9organis\u00e9 une nouvelle marche ce mardi 7 f\u00e9vrier. Ils ont d\u00e9cid\u00e9 de se retrouver sur Montval-sur-Loir en raison de la non-disponibilit\u00e9 des syndicalistes qui travaille dans les usines rurales telles qu\u2019Aro, Amada, Rustin, Serve, M\u00e9ral, le centre hospitalier, des professeurs&#8230; Le rassemblement a eu lieu \u00e0 13h30 sur la place de l\u2019H\u00f4tel de ville pour un d\u00e9part \u00e0 14h. Le cort\u00e8ge s\u2019est d\u00e9plac\u00e9 dans les rues de la ville en passant devant Amada et donc la gare puis, en direction du si\u00e8ge social de l\u2019entreprise d\u2019Aro avant de retourner sur la place de l\u2019H\u00f4tel de ville.<\/span><\/span><\/p>\n<p><span style=\"font-family: Liberation Serif, serif;\"><span style=\"font-size: medium;\"><b>Des manifestants motiv\u00e9s<\/b><\/span><\/span><\/p>\n<p><span style=\"font-family: Liberation Serif, serif;\"><span style=\"font-size: medium;\">La motivation des manifestants ne se prononcent pas seulement par leur pr\u00e9sence dans le cort\u00e8ge. En effet, les manifestants ont pr\u00e9par\u00e9 de douces m\u00e9lodies pour ce rassemblement. On a notamment eu le droit \u00e0 \u00ab Pas content, \u00e0 la retraite \u00e0 64 ans \u00bb ou encore \u00ab Macron, Aucune h\u00e9sitation, oui aux augmentations.\u00bb Enfin, de nombreuses chansons populaires ont \u00e9t\u00e9 reprises telles que \u00ab Pourquoi ? \u00bb qui remplace \u00ab Envole-moi \u00bb de Jean-Jacques Goldman et biens d\u2019autres encore. Les manifestants ont \u00e9galement pr\u00e9par\u00e9 des pancartes avec des slogans dignes de grandes po\u00e9sies. Par exemple \u00ab Macron t\u2019a d\u00e9pass\u00e9 les borne \u00bb mais aussi \u00ab Metro\/Boulot\/Tombeau \u00bb et pour finir en beaut\u00e9 \u00ab La retraite avant l\u2019arthrite \u00bb.<\/span><\/span><\/p>\n<p><span style=\"font-family: Liberation Serif, serif;\"><span style=\"font-size: medium;\">Contrairement au reste de la Sarthe, la ville de Montval-sur-Loir a vu son nombre de manifestants augmenter pendant que dans les autres villes dans lesquelles des manifestations \u00e9taient organis\u00e9es, ont vu une baisse du nombre de participants. En effet, il y avait seulement 6 700 manifestants dans toute la Sarthe ce mardi 7 f\u00e9vrier contre environ 13 500 pour celle du 31 janvier, soit une baisse de 50%.<\/span><\/span><\/p>\n<p><span style=\"font-family: Liberation Serif, serif;\"><span style=\"font-size: medium;\">Une nouvelle manifestation est pr\u00e9vue ce samedi 11 f\u00e9vrier aux d\u00e9parts cette fois-ci de La Fl\u00e8che, Sabl\u00e9-sur-Sarthe, La Fert\u00e9-Bernard et de Le Mans.<br \/>\n<\/span><\/span><\/p>\n<!-- AddThis Advanced Settings generic via filter on the_content --><!-- AddThis Share Buttons generic via filter on the_content -->","protected":false},"excerpt":{"rendered":"<p>Mardi 7 f\u00e9vrier, plus de 400 personnes se sont rassembl\u00e9s \u00e0 Ch\u00e2teau-du-Loir pour manifester ensemble contre la r\u00e9forme des retraites. Celle-ci regroupe l\u2019\u00e2ge de d\u00e9part qui est recul\u00e9 \u00e0 64 ans en 2030 ainsi que dur\u00e9e de cotisation qui serait port\u00e9e \u00e0 43 ans d\u2019ici 2027. Des manifestants qui veulent faire entendre leur m\u00e9contentement. &nbsp;&hellip;<!-- AddThis Advanced Settings generic via filter on get_the_excerpt --><!-- AddThis Share Buttons generic via filter on get_the_excerpt --><\/p>\n","protected":false},"author":4,"featured_media":12575,"comment_status":"closed","ping_status":"open","sticky":false,"template":"","format":"standard","meta":{"footnotes":""},"categories":[1],"tags":[],"class_list":["post-12574","post","type-post","status-publish","format-standard","has-post-thumbnail","hentry","category-contact-fm-72","category-1","description-off"],"yoast_head":"<!-- This site is optimized with the Yoast SEO plugin v27.4 - https:\/\/yoast.com\/product\/yoast-seo-wordpress\/ -->\n<title>R\u00e9formes des retraites\u00a0: plus de 400 personnes dans les rues de Montval-sur-Loir - Contact FM 99.3<\/title>\n<meta name=\"robots\" content=\"index, follow, max-snippet:-1, max-image-preview:large, max-video-preview:-1\" \/>\n<link rel=\"canonical\" href=\"https:\/\/contactfm72.fr\/?p=12574\" \/>\n<meta property=\"og:locale\" content=\"fr_FR\" \/>\n<meta property=\"og:type\" content=\"article\" \/>\n<meta property=\"og:title\" content=\"R\u00e9formes des retraites\u00a0: plus de 400 personnes dans les rues de Montval-sur-Loir - Contact FM 99.3\" \/>\n<meta property=\"og:description\" content=\"Mardi 7 f\u00e9vrier, plus de 400 personnes se sont rassembl\u00e9s \u00e0 Ch\u00e2teau-du-Loir pour manifester ensemble contre la r\u00e9forme des retraites. Celle-ci regroupe l\u2019\u00e2ge de d\u00e9part qui est recul\u00e9 \u00e0 64 ans en 2030 ainsi que dur\u00e9e de cotisation qui serait port\u00e9e \u00e0 43 ans d\u2019ici 2027. Des manifestants qui veulent faire entendre leur m\u00e9contentement. &nbsp;&hellip;\" \/>\n<meta property=\"og:url\" content=\"https:\/\/contactfm72.fr\/?p=12574\" \/>\n<meta property=\"og:site_name\" content=\"Contact FM 99.3\" \/>\n<meta property=\"article:publisher\" content=\"https:\/\/www.facebook.com\/Contactfm.Chateauduloir\" \/>\n<meta property=\"article:published_time\" content=\"2023-02-08T10:11:16+00:00\" \/>\n<meta property=\"og:image\" content=\"http:\/\/contactfm72.fr\/wp-content\/uploads\/2023\/02\/IMG_6769.jpg\" \/>\n\t<meta property=\"og:image:width\" content=\"2016\" \/>\n\t<meta property=\"og:image:height\" content=\"1512\" \/>\n\t<meta property=\"og:image:type\" content=\"image\/jpeg\" \/>\n<meta name=\"author\" content=\"Val\u00e9rie C.\" \/>\n<meta name=\"twitter:card\" content=\"summary_large_image\" \/>\n<meta name=\"twitter:creator\" content=\"@contactfm72\" \/>\n<meta name=\"twitter:site\" content=\"@contactfm72\" \/>\n<meta name=\"twitter:label1\" content=\"\u00c9crit par\" \/>\n\t<meta name=\"twitter:data1\" content=\"Val\u00e9rie C.\" \/>\n\t<meta name=\"twitter:label2\" content=\"Dur\u00e9e de lecture estim\u00e9e\" \/>\n\t<meta name=\"twitter:data2\" content=\"2 minutes\" \/>\n<script type=\"application\/ld+json\" class=\"yoast-schema-graph\">{\"@context\":\"https:\\\/\\\/schema.org\",\"@graph\":[{\"@type\":\"Article\",\"@id\":\"https:\\\/\\\/contactfm72.fr\\\/?p=12574#article\",\"isPartOf\":{\"@id\":\"https:\\\/\\\/contactfm72.fr\\\/?p=12574\"},\"author\":{\"name\":\"Val\u00e9rie C.\",\"@id\":\"https:\\\/\\\/contactfm72.fr\\\/#\\\/schema\\\/person\\\/9fdc9d1c2eb029354a4f1535b90ba82d\"},\"headline\":\"R\u00e9formes des retraites\u00a0: plus de 400 personnes dans les rues de Montval-sur-Loir\",\"datePublished\":\"2023-02-08T10:11:16+00:00\",\"mainEntityOfPage\":{\"@id\":\"https:\\\/\\\/contactfm72.fr\\\/?p=12574\"},\"wordCount\":436,\"publisher\":{\"@id\":\"https:\\\/\\\/contactfm72.fr\\\/#organization\"},\"image\":{\"@id\":\"https:\\\/\\\/contactfm72.fr\\\/?p=12574#primaryimage\"},\"thumbnailUrl\":\"https:\\\/\\\/contactfm72.fr\\\/wp-content\\\/uploads\\\/2023\\\/02\\\/IMG_6769.jpg\",\"articleSection\":[\"Contact FM 72\"],\"inLanguage\":\"fr-FR\"},{\"@type\":\"WebPage\",\"@id\":\"https:\\\/\\\/contactfm72.fr\\\/?p=12574\",\"url\":\"https:\\\/\\\/contactfm72.fr\\\/?p=12574\",\"name\":\"R\u00e9formes des retraites\u00a0: plus de 400 personnes dans les rues de Montval-sur-Loir - Contact FM 99.3\",\"isPartOf\":{\"@id\":\"https:\\\/\\\/contactfm72.fr\\\/#website\"},\"primaryImageOfPage\":{\"@id\":\"https:\\\/\\\/contactfm72.fr\\\/?p=12574#primaryimage\"},\"image\":{\"@id\":\"https:\\\/\\\/contactfm72.fr\\\/?p=12574#primaryimage\"},\"thumbnailUrl\":\"https:\\\/\\\/contactfm72.fr\\\/wp-content\\\/uploads\\\/2023\\\/02\\\/IMG_6769.jpg\",\"datePublished\":\"2023-02-08T10:11:16+00:00\",\"breadcrumb\":{\"@id\":\"https:\\\/\\\/contactfm72.fr\\\/?p=12574#breadcrumb\"},\"inLanguage\":\"fr-FR\",\"potentialAction\":[{\"@type\":\"ReadAction\",\"target\":[\"https:\\\/\\\/contactfm72.fr\\\/?p=12574\"]}]},{\"@type\":\"ImageObject\",\"inLanguage\":\"fr-FR\",\"@id\":\"https:\\\/\\\/contactfm72.fr\\\/?p=12574#primaryimage\",\"url\":\"https:\\\/\\\/contactfm72.fr\\\/wp-content\\\/uploads\\\/2023\\\/02\\\/IMG_6769.jpg\",\"contentUrl\":\"https:\\\/\\\/contactfm72.fr\\\/wp-content\\\/uploads\\\/2023\\\/02\\\/IMG_6769.jpg\",\"width\":2016,\"height\":1512},{\"@type\":\"BreadcrumbList\",\"@id\":\"https:\\\/\\\/contactfm72.fr\\\/?p=12574#breadcrumb\",\"itemListElement\":[{\"@type\":\"ListItem\",\"position\":1,\"name\":\"Accueil\",\"item\":\"https:\\\/\\\/contactfm72.fr\\\/\"},{\"@type\":\"ListItem\",\"position\":2,\"name\":\"R\u00e9formes des retraites\u00a0: plus de 400 personnes dans les rues de Montval-sur-Loir\"}]},{\"@type\":\"WebSite\",\"@id\":\"https:\\\/\\\/contactfm72.fr\\\/#website\",\"url\":\"https:\\\/\\\/contactfm72.fr\\\/\",\"name\":\"Contact FM 99.3\",\"description\":\"Votre radio en vall\u00e9e du Loir\",\"publisher\":{\"@id\":\"https:\\\/\\\/contactfm72.fr\\\/#organization\"},\"potentialAction\":[{\"@type\":\"SearchAction\",\"target\":{\"@type\":\"EntryPoint\",\"urlTemplate\":\"https:\\\/\\\/contactfm72.fr\\\/?s={search_term_string}\"},\"query-input\":{\"@type\":\"PropertyValueSpecification\",\"valueRequired\":true,\"valueName\":\"search_term_string\"}}],\"inLanguage\":\"fr-FR\"},{\"@type\":\"Organization\",\"@id\":\"https:\\\/\\\/contactfm72.fr\\\/#organization\",\"name\":\"Contact FM 99.3\",\"url\":\"https:\\\/\\\/contactfm72.fr\\\/\",\"logo\":{\"@type\":\"ImageObject\",\"inLanguage\":\"fr-FR\",\"@id\":\"https:\\\/\\\/contactfm72.fr\\\/#\\\/schema\\\/logo\\\/image\\\/\",\"url\":\"https:\\\/\\\/contactfm72.fr\\\/wp-content\\\/uploads\\\/2025\\\/04\\\/2025-04-18-2.jpg\",\"contentUrl\":\"https:\\\/\\\/contactfm72.fr\\\/wp-content\\\/uploads\\\/2025\\\/04\\\/2025-04-18-2.jpg\",\"width\":680,\"height\":307,\"caption\":\"Contact FM 99.3\"},\"image\":{\"@id\":\"https:\\\/\\\/contactfm72.fr\\\/#\\\/schema\\\/logo\\\/image\\\/\"},\"sameAs\":[\"https:\\\/\\\/www.facebook.com\\\/Contactfm.Chateauduloir\",\"https:\\\/\\\/x.com\\\/contactfm72\",\"https:\\\/\\\/www.instagram.com\\\/contact.fm.72?igsh=cGhlMHQ5N2JlNnpp\",\"https:\\\/\\\/www.tiktok.com\\\/@contact.fm\"]},{\"@type\":\"Person\",\"@id\":\"https:\\\/\\\/contactfm72.fr\\\/#\\\/schema\\\/person\\\/9fdc9d1c2eb029354a4f1535b90ba82d\",\"name\":\"Val\u00e9rie C.\",\"image\":{\"@type\":\"ImageObject\",\"inLanguage\":\"fr-FR\",\"@id\":\"https:\\\/\\\/secure.gravatar.com\\\/avatar\\\/2f8aa28f8dfbd7d4420afd1fdcdd0a349923e2c8a38ab28198b0f9d0601e4737?s=96&d=mm&r=g\",\"url\":\"https:\\\/\\\/secure.gravatar.com\\\/avatar\\\/2f8aa28f8dfbd7d4420afd1fdcdd0a349923e2c8a38ab28198b0f9d0601e4737?s=96&d=mm&r=g\",\"contentUrl\":\"https:\\\/\\\/secure.gravatar.com\\\/avatar\\\/2f8aa28f8dfbd7d4420afd1fdcdd0a349923e2c8a38ab28198b0f9d0601e4737?s=96&d=mm&r=g\",\"caption\":\"Val\u00e9rie C.\"},\"url\":\"https:\\\/\\\/contactfm72.fr\\\/?author=4\"}]}<\/script>\n<!-- \/ Yoast SEO plugin. -->","yoast_head_json":{"title":"R\u00e9formes des retraites\u00a0: plus de 400 personnes dans les rues de Montval-sur-Loir - Contact FM 99.3","robots":{"index":"index","follow":"follow","max-snippet":"max-snippet:-1","max-image-preview":"max-image-preview:large","max-video-preview":"max-video-preview:-1"},"canonical":"https:\/\/contactfm72.fr\/?p=12574","og_locale":"fr_FR","og_type":"article","og_title":"R\u00e9formes des retraites\u00a0: plus de 400 personnes dans les rues de Montval-sur-Loir - Contact FM 99.3","og_description":"Mardi 7 f\u00e9vrier, plus de 400 personnes se sont rassembl\u00e9s \u00e0 Ch\u00e2teau-du-Loir pour manifester ensemble contre la r\u00e9forme des retraites. Celle-ci regroupe l\u2019\u00e2ge de d\u00e9part qui est recul\u00e9 \u00e0 64 ans en 2030 ainsi que dur\u00e9e de cotisation qui serait port\u00e9e \u00e0 43 ans d\u2019ici 2027. Des manifestants qui veulent faire entendre leur m\u00e9contentement. &nbsp;&hellip;","og_url":"https:\/\/contactfm72.fr\/?p=12574","og_site_name":"Contact FM 99.3","article_publisher":"https:\/\/www.facebook.com\/Contactfm.Chateauduloir","article_published_time":"2023-02-08T10:11:16+00:00","og_image":[{"width":2016,"height":1512,"url":"http:\/\/contactfm72.fr\/wp-content\/uploads\/2023\/02\/IMG_6769.jpg","type":"image\/jpeg"}],"author":"Val\u00e9rie C.","twitter_card":"summary_large_image","twitter_creator":"@contactfm72","twitter_site":"@contactfm72","twitter_misc":{"\u00c9crit par":"Val\u00e9rie C.","Dur\u00e9e de lecture estim\u00e9e":"2 minutes"},"schema":{"@context":"https:\/\/schema.org","@graph":[{"@type":"Article","@id":"https:\/\/contactfm72.fr\/?p=12574#article","isPartOf":{"@id":"https:\/\/contactfm72.fr\/?p=12574"},"author":{"name":"Val\u00e9rie C.","@id":"https:\/\/contactfm72.fr\/#\/schema\/person\/9fdc9d1c2eb029354a4f1535b90ba82d"},"headline":"R\u00e9formes des retraites\u00a0: plus de 400 personnes dans les rues de Montval-sur-Loir","datePublished":"2023-02-08T10:11:16+00:00","mainEntityOfPage":{"@id":"https:\/\/contactfm72.fr\/?p=12574"},"wordCount":436,"publisher":{"@id":"https:\/\/contactfm72.fr\/#organization"},"image":{"@id":"https:\/\/contactfm72.fr\/?p=12574#primaryimage"},"thumbnailUrl":"https:\/\/contactfm72.fr\/wp-content\/uploads\/2023\/02\/IMG_6769.jpg","articleSection":["Contact FM 72"],"inLanguage":"fr-FR"},{"@type":"WebPage","@id":"https:\/\/contactfm72.fr\/?p=12574","url":"https:\/\/contactfm72.fr\/?p=12574","name":"R\u00e9formes des retraites\u00a0: plus de 400 personnes dans les rues de Montval-sur-Loir - Contact FM 99.3","isPartOf":{"@id":"https:\/\/contactfm72.fr\/#website"},"primaryImageOfPage":{"@id":"https:\/\/contactfm72.fr\/?p=12574#primaryimage"},"image":{"@id":"https:\/\/contactfm72.fr\/?p=12574#primaryimage"},"thumbnailUrl":"https:\/\/contactfm72.fr\/wp-content\/uploads\/2023\/02\/IMG_6769.jpg","datePublished":"2023-02-08T10:11:16+00:00","breadcrumb":{"@id":"https:\/\/contactfm72.fr\/?p=12574#breadcrumb"},"inLanguage":"fr-FR","potentialAction":[{"@type":"ReadAction","target":["https:\/\/contactfm72.fr\/?p=12574"]}]},{"@type":"ImageObject","inLanguage":"fr-FR","@id":"https:\/\/contactfm72.fr\/?p=12574#primaryimage","url":"https:\/\/contactfm72.fr\/wp-content\/uploads\/2023\/02\/IMG_6769.jpg","contentUrl":"https:\/\/contactfm72.fr\/wp-content\/uploads\/2023\/02\/IMG_6769.jpg","width":2016,"height":1512},{"@type":"BreadcrumbList","@id":"https:\/\/contactfm72.fr\/?p=12574#breadcrumb","itemListElement":[{"@type":"ListItem","position":1,"name":"Accueil","item":"https:\/\/contactfm72.fr\/"},{"@type":"ListItem","position":2,"name":"R\u00e9formes des retraites\u00a0: plus de 400 personnes dans les rues de Montval-sur-Loir"}]},{"@type":"WebSite","@id":"https:\/\/contactfm72.fr\/#website","url":"https:\/\/contactfm72.fr\/","name":"Contact FM 99.3","description":"Votre radio en vall\u00e9e du Loir","publisher":{"@id":"https:\/\/contactfm72.fr\/#organization"},"potentialAction":[{"@type":"SearchAction","target":{"@type":"EntryPoint","urlTemplate":"https:\/\/contactfm72.fr\/?s={search_term_string}"},"query-input":{"@type":"PropertyValueSpecification","valueRequired":true,"valueName":"search_term_string"}}],"inLanguage":"fr-FR"},{"@type":"Organization","@id":"https:\/\/contactfm72.fr\/#organization","name":"Contact FM 99.3","url":"https:\/\/contactfm72.fr\/","logo":{"@type":"ImageObject","inLanguage":"fr-FR","@id":"https:\/\/contactfm72.fr\/#\/schema\/logo\/image\/","url":"https:\/\/contactfm72.fr\/wp-content\/uploads\/2025\/04\/2025-04-18-2.jpg","contentUrl":"https:\/\/contactfm72.fr\/wp-content\/uploads\/2025\/04\/2025-04-18-2.jpg","width":680,"height":307,"caption":"Contact FM 99.3"},"image":{"@id":"https:\/\/contactfm72.fr\/#\/schema\/logo\/image\/"},"sameAs":["https:\/\/www.facebook.com\/Contactfm.Chateauduloir","https:\/\/x.com\/contactfm72","https:\/\/www.instagram.com\/contact.fm.72?igsh=cGhlMHQ5N2JlNnpp","https:\/\/www.tiktok.com\/@contact.fm"]},{"@type":"Person","@id":"https:\/\/contactfm72.fr\/#\/schema\/person\/9fdc9d1c2eb029354a4f1535b90ba82d","name":"Val\u00e9rie C.","image":{"@type":"ImageObject","inLanguage":"fr-FR","@id":"https:\/\/secure.gravatar.com\/avatar\/2f8aa28f8dfbd7d4420afd1fdcdd0a349923e2c8a38ab28198b0f9d0601e4737?s=96&d=mm&r=g","url":"https:\/\/secure.gravatar.com\/avatar\/2f8aa28f8dfbd7d4420afd1fdcdd0a349923e2c8a38ab28198b0f9d0601e4737?s=96&d=mm&r=g","contentUrl":"https:\/\/secure.gravatar.com\/avatar\/2f8aa28f8dfbd7d4420afd1fdcdd0a349923e2c8a38ab28198b0f9d0601e4737?s=96&d=mm&r=g","caption":"Val\u00e9rie C."},"url":"https:\/\/contactfm72.fr\/?author=4"}]}},"_links":{"self":[{"href":"https:\/\/contactfm72.fr\/index.php?rest_route=\/wp\/v2\/posts\/12574","targetHints":{"allow":["GET"]}}],"collection":[{"href":"https:\/\/contactfm72.fr\/index.php?rest_route=\/wp\/v2\/posts"}],"about":[{"href":"https:\/\/contactfm72.fr\/index.php?rest_route=\/wp\/v2\/types\/post"}],"author":[{"embeddable":true,"href":"https:\/\/contactfm72.fr\/index.php?rest_route=\/wp\/v2\/users\/4"}],"replies":[{"embeddable":true,"href":"https:\/\/contactfm72.fr\/index.php?rest_route=%2Fwp%2Fv2%2Fcomments&post=12574"}],"version-history":[{"count":3,"href":"https:\/\/contactfm72.fr\/index.php?rest_route=\/wp\/v2\/posts\/12574\/revisions"}],"predecessor-version":[{"id":12578,"href":"https:\/\/contactfm72.fr\/index.php?rest_route=\/wp\/v2\/posts\/12574\/revisions\/12578"}],"wp:featuredmedia":[{"embeddable":true,"href":"https:\/\/contactfm72.fr\/index.php?rest_route=\/wp\/v2\/media\/12575"}],"wp:attachment":[{"href":"https:\/\/contactfm72.fr\/index.php?rest_route=%2Fwp%2Fv2%2Fmedia&parent=12574"}],"wp:term":[{"taxonomy":"category","embeddable":true,"href":"https:\/\/contactfm72.fr\/index.php?rest_route=%2Fwp%2Fv2%2Fcategories&post=12574"},{"taxonomy":"post_tag","embeddable":true,"href":"https:\/\/contactfm72.fr\/index.php?rest_route=%2Fwp%2Fv2%2Ftags&post=12574"}],"curies":[{"name":"wp","href":"https:\/\/api.w.org\/{rel}","templated":true}]}}