{"id":12548,"date":"2023-02-07T11:05:32","date_gmt":"2023-02-07T10:05:32","guid":{"rendered":"https:\/\/contactfm72.fr\/?p=12548"},"modified":"2023-02-07T11:07:02","modified_gmt":"2023-02-07T10:07:02","slug":"eric-martineau-des-eleves-de-1re-et-terminale-du-lycee-racan-face-au-depute","status":"publish","type":"post","link":"https:\/\/contactfm72.fr\/?p=12548","title":{"rendered":"\u00c9ric Martineau\u00a0: des \u00e9l\u00e8ves de 1re et terminale du lyc\u00e9e Racan face au d\u00e9put\u00e9"},"content":{"rendered":"<p><strong><span style=\"font-size: medium;\">Lundi 6 f\u00e9vrier, \u00c9ric Martineau, d\u00e9put\u00e9 MoDem (Mouvement D\u00e9mocrate) de la 3<\/span><sup><span style=\"font-size: medium;\">e<\/span><\/sup><span style=\"font-size: medium;\"> circonscription de la Sarthe, s\u2019est rendu au lyc\u00e9e Racan \u00e0 Montval-sur-Loir pour s\u2019entretenir avec les \u00e9l\u00e8ves.<\/span><\/strong><\/p>\n<p>&nbsp;<\/p>\n<p>Dans un entretien de deux heures, le d\u00e9put\u00e9 a pu r\u00e9pondre aux questions pos\u00e9es par les \u00e9l\u00e8ves de premi\u00e8res et de terminales pratiquant l\u2019option Sciences \u00c9conomiques et Sociales (SES) et \u00e9tant en cours d\u2019Enseignement Moral et Civique (EMC). Apr\u00e8s s\u2019\u00eatre pr\u00e9sent\u00e9 lui et sa petite \u00e9quipe, les professeurs Monsieur Antigny et Mesdames Davier et Jeanjot-Emery ont expliqu\u00e9 le d\u00e9roulement de la matin\u00e9e qui s\u2019est d\u00e9coup\u00e9e en trois th\u00e8mes principaux.<\/p>\n<p><span style=\"font-size: medium;\"><b>Le pass\u00e9 du d\u00e9put\u00e9<\/b><\/span><\/p>\n<p>Dans un premier temps, les \u00e9l\u00e8ves ont pos\u00e9 des questions sur l\u2019enfance, le parcours scolaire ou encore le m\u00e9tier d\u2019arboriculteur et bien \u00e9videmment le fait d\u2019\u00eatre maire d\u2019un village, en l\u2019occurrence Chenu. Il a donc \u00e9voqu\u00e9 l\u2019histoire de ses parents et comment il s\u2019est retrouv\u00e9 dans l\u2019arboriculture. Il a ensuite parl\u00e9 des \u00e9tudes qu\u2019il a r\u00e9alis\u00e9es, \u00e0 savoir des \u00e9coles dans le domaine de l\u2019agriculture puisqu\u2019il \u00e9tait vou\u00e9 \u00e0 reprendre l\u2019exploitation agricole familiale. Avant sa carri\u00e8re politique, il s\u2019occupait de cultures, <b>\u00ab j\u2019ai des vergers bio responsables dont je m\u2019occupe d\u00e8s que je le peux. \u00bb <\/b>\u00c9ric Martineau s\u2019est tout d\u2019abord, engag\u00e9 en tant que conseiller municipal du village de Chenu en 2001 sous les commandes de Solange Carr\u00e9. Apr\u00e8s 19 ans, de bons et loyaux services et de nombreux changements de responsabilit\u00e9s, \u00c9ric Martineau a pris sa place et est devenu maire du petit village le 24 mai 2020.<\/p>\n<p><span style=\"font-size: medium;\"><b>La transition vers le palais Bourbon<\/b><\/span><\/p>\n<p>Le 22 juin 2022, \u00c9ric Martineau a \u00e9t\u00e9 \u00e9lu d\u00e9put\u00e9 de la 3<sup>e<\/sup> circonscription de la Sarthe, oppos\u00e9 au second tour \u00e0 Bruno Pin\u00e7on, le candidat du Rassemblement national. Il a donc de nouvelles fonctions bien plus importantes qu\u2019auparavant. En cons\u00e9quence de son \u00e9lection, il a <b>\u00ab d\u00fb arr\u00eater mes fonctions de maire de Chenu car les deux mandats ne sont pas cumulables. \u00bb<\/b> Cependant, il pratique toujours son activit\u00e9 agricole mais \u00e0 bien moindre \u00e9chelle en raison de son emploi du temps bien plus charg\u00e9. Par ailleurs, le d\u00e9put\u00e9 est constamment en d\u00e9placement et travaille toute la semaine. Derni\u00e8rement, il a voyag\u00e9 au Vatican et pr\u00e9pare un autre voyage pour le mois de mars en Isra\u00ebl \/ Palestine. Le d\u00e9put\u00e9 a avou\u00e9 utiliser les avantages r\u00e9serv\u00e9s aux d\u00e9put\u00e9s concernant les billets de train gratuits pour se rendre \u00e0 Paris. Cependant, arriv\u00e9 \u00e0 la capitale il pr\u00e9f\u00e8re utiliser le bus ou tout simplement la marche pour se d\u00e9placer. En tant que nouveau d\u00e9put\u00e9, il a d\u00fb reprendre les anciens dossiers de l\u2019ancienne d\u00e9put\u00e9e et travaille d\u00e9sormais avec trois collaborateurs et s\u2019occupe des affaires \u00e9conomiques du monde rural. Trois collaborateurs qu\u2019il doit payer avec un budget de 10 500 \u20ac, qui ne fait pas partie de ses indemnit\u00e9s qui elles s&#8217;\u00e9l\u00e8vent \u00e0 7 000 \u20ac brut. Enfin, il a annonc\u00e9 vouloir am\u00e9liorer l\u2019\u00e9galit\u00e9 entre les individus notamment \u00e0 l\u2019acc\u00e8s aux services mais \u00e9galement am\u00e9liorer le vivre-ensemble de la soci\u00e9t\u00e9 qu\u2019il estime trop faible.<\/p>\n<p><span style=\"font-size: medium;\"><b>Les moyens pour en arriver \u00e0 ce niveau<\/b><\/span><\/p>\n<p>Pour devenir d\u00e9put\u00e9, \u00c9ric Martineau a \u00e9t\u00e9 contact\u00e9 par Pascale Fontenel-Personne, la d\u00e9put\u00e9e sortante, qui l\u2019a convaincu de se pr\u00e9senter pour ce mandat. A la suite de cela, il a d\u00fb compl\u00e9ter un dossier qu\u2019il a ensuite envoy\u00e9 au Pr\u00e9sident de la R\u00e9publique. Ce dernier a alors accept\u00e9 sa candidature et c\u2019est ainsi que le maire de Chenu a pr\u00e9par\u00e9 une campagne. Campagne qu\u2019il a pleinement men\u00e9e avec un budget de 12\u00a0800\u20ac sur les 47\u00a0000 autoris\u00e9s. Il a donn\u00e9 des conseils aux jeunes pour r\u00e9ussir dans la politique, \u00e0 savoir, s\u2019engager le plus possible et apprendre \u00e0 penser et r\u00e9fl\u00e9chir par soi-m\u00eame, avoir ses propres id\u00e9es et bien \u00e9videmment, avoir l\u2019envie de changer les choses. De plus, pour devenir d\u00e9put\u00e9, il faut, selon lui, \u00eatre \u00e0 l\u2019\u00e9coute et \u00eatre soi-m\u00eame. Il a termin\u00e9 par dire <b>\u00ab ce n\u2019est pas parce que nous faisons parti d\u2019un parti politique que nous sommes d\u2019accord avec toutes les id\u00e9es de ce groupe. \u00bb <\/b>Par exemple, \u00c9ric Martineau n\u2019a pas du tout \u00e9t\u00e9 d\u2019accord sur une loi propos\u00e9 par le MoDem concernant les retraites agricoles. C\u2019est donc sur ces bons conseils que l\u2019entretien avec les lyc\u00e9ens de Racan s\u2019est conclu.<\/p>\n<!-- AddThis Advanced Settings generic via filter on the_content --><!-- AddThis Share Buttons generic via filter on the_content -->","protected":false},"excerpt":{"rendered":"<p>Lundi 6 f\u00e9vrier, \u00c9ric Martineau, d\u00e9put\u00e9 MoDem (Mouvement D\u00e9mocrate) de la 3e circonscription de la Sarthe, s\u2019est rendu au lyc\u00e9e Racan \u00e0 Montval-sur-Loir pour s\u2019entretenir avec les \u00e9l\u00e8ves. &nbsp; Dans un entretien de deux heures, le d\u00e9put\u00e9 a pu r\u00e9pondre aux questions pos\u00e9es par les \u00e9l\u00e8ves de premi\u00e8res et de terminales pratiquant l\u2019option Sciences \u00c9conomiques&hellip;<!-- AddThis Advanced Settings generic via filter on get_the_excerpt --><!-- AddThis Share Buttons generic via filter on get_the_excerpt --><\/p>\n","protected":false},"author":4,"featured_media":12549,"comment_status":"closed","ping_status":"open","sticky":false,"template":"","format":"standard","meta":{"footnotes":""},"categories":[1],"tags":[],"class_list":["post-12548","post","type-post","status-publish","format-standard","has-post-thumbnail","hentry","category-contact-fm-72","category-1","description-off"],"yoast_head":"<!-- This site is optimized with the Yoast SEO plugin v27.4 - https:\/\/yoast.com\/product\/yoast-seo-wordpress\/ -->\n<title>\u00c9ric Martineau\u00a0: des \u00e9l\u00e8ves de 1re et terminale du lyc\u00e9e Racan face au d\u00e9put\u00e9 - Contact FM 99.3<\/title>\n<meta name=\"robots\" content=\"index, follow, max-snippet:-1, max-image-preview:large, max-video-preview:-1\" \/>\n<link rel=\"canonical\" href=\"https:\/\/contactfm72.fr\/?p=12548\" \/>\n<meta property=\"og:locale\" content=\"fr_FR\" \/>\n<meta property=\"og:type\" content=\"article\" \/>\n<meta property=\"og:title\" content=\"\u00c9ric Martineau\u00a0: des \u00e9l\u00e8ves de 1re et terminale du lyc\u00e9e Racan face au d\u00e9put\u00e9 - Contact FM 99.3\" \/>\n<meta property=\"og:description\" content=\"Lundi 6 f\u00e9vrier, \u00c9ric Martineau, d\u00e9put\u00e9 MoDem (Mouvement D\u00e9mocrate) de la 3e circonscription de la Sarthe, s\u2019est rendu au lyc\u00e9e Racan \u00e0 Montval-sur-Loir pour s\u2019entretenir avec les \u00e9l\u00e8ves. &nbsp; Dans un entretien de deux heures, le d\u00e9put\u00e9 a pu r\u00e9pondre aux questions pos\u00e9es par les \u00e9l\u00e8ves de premi\u00e8res et de terminales pratiquant l\u2019option Sciences \u00c9conomiques&hellip;\" \/>\n<meta property=\"og:url\" content=\"https:\/\/contactfm72.fr\/?p=12548\" \/>\n<meta property=\"og:site_name\" content=\"Contact FM 99.3\" \/>\n<meta property=\"article:publisher\" content=\"https:\/\/www.facebook.com\/Contactfm.Chateauduloir\" \/>\n<meta property=\"article:published_time\" content=\"2023-02-07T10:05:32+00:00\" \/>\n<meta property=\"article:modified_time\" content=\"2023-02-07T10:07:02+00:00\" \/>\n<meta property=\"og:image\" content=\"http:\/\/contactfm72.fr\/wp-content\/uploads\/2023\/02\/IMG_6743.jpg\" \/>\n\t<meta property=\"og:image:width\" content=\"2016\" \/>\n\t<meta property=\"og:image:height\" content=\"1512\" \/>\n\t<meta property=\"og:image:type\" content=\"image\/jpeg\" \/>\n<meta name=\"author\" content=\"Val\u00e9rie C.\" \/>\n<meta name=\"twitter:card\" content=\"summary_large_image\" \/>\n<meta name=\"twitter:creator\" content=\"@contactfm72\" \/>\n<meta name=\"twitter:site\" content=\"@contactfm72\" \/>\n<meta name=\"twitter:label1\" content=\"\u00c9crit par\" \/>\n\t<meta name=\"twitter:data1\" content=\"Val\u00e9rie C.\" \/>\n\t<meta name=\"twitter:label2\" content=\"Dur\u00e9e de lecture estim\u00e9e\" \/>\n\t<meta name=\"twitter:data2\" content=\"4 minutes\" \/>\n<script type=\"application\/ld+json\" class=\"yoast-schema-graph\">{\"@context\":\"https:\\\/\\\/schema.org\",\"@graph\":[{\"@type\":\"Article\",\"@id\":\"https:\\\/\\\/contactfm72.fr\\\/?p=12548#article\",\"isPartOf\":{\"@id\":\"https:\\\/\\\/contactfm72.fr\\\/?p=12548\"},\"author\":{\"name\":\"Val\u00e9rie C.\",\"@id\":\"https:\\\/\\\/contactfm72.fr\\\/#\\\/schema\\\/person\\\/9fdc9d1c2eb029354a4f1535b90ba82d\"},\"headline\":\"\u00c9ric Martineau\u00a0: des \u00e9l\u00e8ves de 1re et terminale du lyc\u00e9e Racan face au d\u00e9put\u00e9\",\"datePublished\":\"2023-02-07T10:05:32+00:00\",\"dateModified\":\"2023-02-07T10:07:02+00:00\",\"mainEntityOfPage\":{\"@id\":\"https:\\\/\\\/contactfm72.fr\\\/?p=12548\"},\"wordCount\":803,\"publisher\":{\"@id\":\"https:\\\/\\\/contactfm72.fr\\\/#organization\"},\"image\":{\"@id\":\"https:\\\/\\\/contactfm72.fr\\\/?p=12548#primaryimage\"},\"thumbnailUrl\":\"https:\\\/\\\/contactfm72.fr\\\/wp-content\\\/uploads\\\/2023\\\/02\\\/IMG_6743.jpg\",\"articleSection\":[\"Contact FM 72\"],\"inLanguage\":\"fr-FR\"},{\"@type\":\"WebPage\",\"@id\":\"https:\\\/\\\/contactfm72.fr\\\/?p=12548\",\"url\":\"https:\\\/\\\/contactfm72.fr\\\/?p=12548\",\"name\":\"\u00c9ric Martineau\u00a0: des \u00e9l\u00e8ves de 1re et terminale du lyc\u00e9e Racan face au d\u00e9put\u00e9 - Contact FM 99.3\",\"isPartOf\":{\"@id\":\"https:\\\/\\\/contactfm72.fr\\\/#website\"},\"primaryImageOfPage\":{\"@id\":\"https:\\\/\\\/contactfm72.fr\\\/?p=12548#primaryimage\"},\"image\":{\"@id\":\"https:\\\/\\\/contactfm72.fr\\\/?p=12548#primaryimage\"},\"thumbnailUrl\":\"https:\\\/\\\/contactfm72.fr\\\/wp-content\\\/uploads\\\/2023\\\/02\\\/IMG_6743.jpg\",\"datePublished\":\"2023-02-07T10:05:32+00:00\",\"dateModified\":\"2023-02-07T10:07:02+00:00\",\"breadcrumb\":{\"@id\":\"https:\\\/\\\/contactfm72.fr\\\/?p=12548#breadcrumb\"},\"inLanguage\":\"fr-FR\",\"potentialAction\":[{\"@type\":\"ReadAction\",\"target\":[\"https:\\\/\\\/contactfm72.fr\\\/?p=12548\"]}]},{\"@type\":\"ImageObject\",\"inLanguage\":\"fr-FR\",\"@id\":\"https:\\\/\\\/contactfm72.fr\\\/?p=12548#primaryimage\",\"url\":\"https:\\\/\\\/contactfm72.fr\\\/wp-content\\\/uploads\\\/2023\\\/02\\\/IMG_6743.jpg\",\"contentUrl\":\"https:\\\/\\\/contactfm72.fr\\\/wp-content\\\/uploads\\\/2023\\\/02\\\/IMG_6743.jpg\",\"width\":2016,\"height\":1512},{\"@type\":\"BreadcrumbList\",\"@id\":\"https:\\\/\\\/contactfm72.fr\\\/?p=12548#breadcrumb\",\"itemListElement\":[{\"@type\":\"ListItem\",\"position\":1,\"name\":\"Accueil\",\"item\":\"https:\\\/\\\/contactfm72.fr\\\/\"},{\"@type\":\"ListItem\",\"position\":2,\"name\":\"\u00c9ric Martineau\u00a0: des \u00e9l\u00e8ves de 1re et terminale du lyc\u00e9e Racan face au d\u00e9put\u00e9\"}]},{\"@type\":\"WebSite\",\"@id\":\"https:\\\/\\\/contactfm72.fr\\\/#website\",\"url\":\"https:\\\/\\\/contactfm72.fr\\\/\",\"name\":\"Contact FM 99.3\",\"description\":\"Votre radio en vall\u00e9e du Loir\",\"publisher\":{\"@id\":\"https:\\\/\\\/contactfm72.fr\\\/#organization\"},\"potentialAction\":[{\"@type\":\"SearchAction\",\"target\":{\"@type\":\"EntryPoint\",\"urlTemplate\":\"https:\\\/\\\/contactfm72.fr\\\/?s={search_term_string}\"},\"query-input\":{\"@type\":\"PropertyValueSpecification\",\"valueRequired\":true,\"valueName\":\"search_term_string\"}}],\"inLanguage\":\"fr-FR\"},{\"@type\":\"Organization\",\"@id\":\"https:\\\/\\\/contactfm72.fr\\\/#organization\",\"name\":\"Contact FM 99.3\",\"url\":\"https:\\\/\\\/contactfm72.fr\\\/\",\"logo\":{\"@type\":\"ImageObject\",\"inLanguage\":\"fr-FR\",\"@id\":\"https:\\\/\\\/contactfm72.fr\\\/#\\\/schema\\\/logo\\\/image\\\/\",\"url\":\"https:\\\/\\\/contactfm72.fr\\\/wp-content\\\/uploads\\\/2025\\\/04\\\/2025-04-18-2.jpg\",\"contentUrl\":\"https:\\\/\\\/contactfm72.fr\\\/wp-content\\\/uploads\\\/2025\\\/04\\\/2025-04-18-2.jpg\",\"width\":680,\"height\":307,\"caption\":\"Contact FM 99.3\"},\"image\":{\"@id\":\"https:\\\/\\\/contactfm72.fr\\\/#\\\/schema\\\/logo\\\/image\\\/\"},\"sameAs\":[\"https:\\\/\\\/www.facebook.com\\\/Contactfm.Chateauduloir\",\"https:\\\/\\\/x.com\\\/contactfm72\",\"https:\\\/\\\/www.instagram.com\\\/contact.fm.72?igsh=cGhlMHQ5N2JlNnpp\",\"https:\\\/\\\/www.tiktok.com\\\/@contact.fm\"]},{\"@type\":\"Person\",\"@id\":\"https:\\\/\\\/contactfm72.fr\\\/#\\\/schema\\\/person\\\/9fdc9d1c2eb029354a4f1535b90ba82d\",\"name\":\"Val\u00e9rie C.\",\"image\":{\"@type\":\"ImageObject\",\"inLanguage\":\"fr-FR\",\"@id\":\"https:\\\/\\\/secure.gravatar.com\\\/avatar\\\/2f8aa28f8dfbd7d4420afd1fdcdd0a349923e2c8a38ab28198b0f9d0601e4737?s=96&d=mm&r=g\",\"url\":\"https:\\\/\\\/secure.gravatar.com\\\/avatar\\\/2f8aa28f8dfbd7d4420afd1fdcdd0a349923e2c8a38ab28198b0f9d0601e4737?s=96&d=mm&r=g\",\"contentUrl\":\"https:\\\/\\\/secure.gravatar.com\\\/avatar\\\/2f8aa28f8dfbd7d4420afd1fdcdd0a349923e2c8a38ab28198b0f9d0601e4737?s=96&d=mm&r=g\",\"caption\":\"Val\u00e9rie C.\"},\"url\":\"https:\\\/\\\/contactfm72.fr\\\/?author=4\"}]}<\/script>\n<!-- \/ Yoast SEO plugin. -->","yoast_head_json":{"title":"\u00c9ric Martineau\u00a0: des \u00e9l\u00e8ves de 1re et terminale du lyc\u00e9e Racan face au d\u00e9put\u00e9 - Contact FM 99.3","robots":{"index":"index","follow":"follow","max-snippet":"max-snippet:-1","max-image-preview":"max-image-preview:large","max-video-preview":"max-video-preview:-1"},"canonical":"https:\/\/contactfm72.fr\/?p=12548","og_locale":"fr_FR","og_type":"article","og_title":"\u00c9ric Martineau\u00a0: des \u00e9l\u00e8ves de 1re et terminale du lyc\u00e9e Racan face au d\u00e9put\u00e9 - Contact FM 99.3","og_description":"Lundi 6 f\u00e9vrier, \u00c9ric Martineau, d\u00e9put\u00e9 MoDem (Mouvement D\u00e9mocrate) de la 3e circonscription de la Sarthe, s\u2019est rendu au lyc\u00e9e Racan \u00e0 Montval-sur-Loir pour s\u2019entretenir avec les \u00e9l\u00e8ves. &nbsp; Dans un entretien de deux heures, le d\u00e9put\u00e9 a pu r\u00e9pondre aux questions pos\u00e9es par les \u00e9l\u00e8ves de premi\u00e8res et de terminales pratiquant l\u2019option Sciences \u00c9conomiques&hellip;","og_url":"https:\/\/contactfm72.fr\/?p=12548","og_site_name":"Contact FM 99.3","article_publisher":"https:\/\/www.facebook.com\/Contactfm.Chateauduloir","article_published_time":"2023-02-07T10:05:32+00:00","article_modified_time":"2023-02-07T10:07:02+00:00","og_image":[{"width":2016,"height":1512,"url":"http:\/\/contactfm72.fr\/wp-content\/uploads\/2023\/02\/IMG_6743.jpg","type":"image\/jpeg"}],"author":"Val\u00e9rie C.","twitter_card":"summary_large_image","twitter_creator":"@contactfm72","twitter_site":"@contactfm72","twitter_misc":{"\u00c9crit par":"Val\u00e9rie C.","Dur\u00e9e de lecture estim\u00e9e":"4 minutes"},"schema":{"@context":"https:\/\/schema.org","@graph":[{"@type":"Article","@id":"https:\/\/contactfm72.fr\/?p=12548#article","isPartOf":{"@id":"https:\/\/contactfm72.fr\/?p=12548"},"author":{"name":"Val\u00e9rie C.","@id":"https:\/\/contactfm72.fr\/#\/schema\/person\/9fdc9d1c2eb029354a4f1535b90ba82d"},"headline":"\u00c9ric Martineau\u00a0: des \u00e9l\u00e8ves de 1re et terminale du lyc\u00e9e Racan face au d\u00e9put\u00e9","datePublished":"2023-02-07T10:05:32+00:00","dateModified":"2023-02-07T10:07:02+00:00","mainEntityOfPage":{"@id":"https:\/\/contactfm72.fr\/?p=12548"},"wordCount":803,"publisher":{"@id":"https:\/\/contactfm72.fr\/#organization"},"image":{"@id":"https:\/\/contactfm72.fr\/?p=12548#primaryimage"},"thumbnailUrl":"https:\/\/contactfm72.fr\/wp-content\/uploads\/2023\/02\/IMG_6743.jpg","articleSection":["Contact FM 72"],"inLanguage":"fr-FR"},{"@type":"WebPage","@id":"https:\/\/contactfm72.fr\/?p=12548","url":"https:\/\/contactfm72.fr\/?p=12548","name":"\u00c9ric Martineau\u00a0: des \u00e9l\u00e8ves de 1re et terminale du lyc\u00e9e Racan face au d\u00e9put\u00e9 - Contact FM 99.3","isPartOf":{"@id":"https:\/\/contactfm72.fr\/#website"},"primaryImageOfPage":{"@id":"https:\/\/contactfm72.fr\/?p=12548#primaryimage"},"image":{"@id":"https:\/\/contactfm72.fr\/?p=12548#primaryimage"},"thumbnailUrl":"https:\/\/contactfm72.fr\/wp-content\/uploads\/2023\/02\/IMG_6743.jpg","datePublished":"2023-02-07T10:05:32+00:00","dateModified":"2023-02-07T10:07:02+00:00","breadcrumb":{"@id":"https:\/\/contactfm72.fr\/?p=12548#breadcrumb"},"inLanguage":"fr-FR","potentialAction":[{"@type":"ReadAction","target":["https:\/\/contactfm72.fr\/?p=12548"]}]},{"@type":"ImageObject","inLanguage":"fr-FR","@id":"https:\/\/contactfm72.fr\/?p=12548#primaryimage","url":"https:\/\/contactfm72.fr\/wp-content\/uploads\/2023\/02\/IMG_6743.jpg","contentUrl":"https:\/\/contactfm72.fr\/wp-content\/uploads\/2023\/02\/IMG_6743.jpg","width":2016,"height":1512},{"@type":"BreadcrumbList","@id":"https:\/\/contactfm72.fr\/?p=12548#breadcrumb","itemListElement":[{"@type":"ListItem","position":1,"name":"Accueil","item":"https:\/\/contactfm72.fr\/"},{"@type":"ListItem","position":2,"name":"\u00c9ric Martineau\u00a0: des \u00e9l\u00e8ves de 1re et terminale du lyc\u00e9e Racan face au d\u00e9put\u00e9"}]},{"@type":"WebSite","@id":"https:\/\/contactfm72.fr\/#website","url":"https:\/\/contactfm72.fr\/","name":"Contact FM 99.3","description":"Votre radio en vall\u00e9e du Loir","publisher":{"@id":"https:\/\/contactfm72.fr\/#organization"},"potentialAction":[{"@type":"SearchAction","target":{"@type":"EntryPoint","urlTemplate":"https:\/\/contactfm72.fr\/?s={search_term_string}"},"query-input":{"@type":"PropertyValueSpecification","valueRequired":true,"valueName":"search_term_string"}}],"inLanguage":"fr-FR"},{"@type":"Organization","@id":"https:\/\/contactfm72.fr\/#organization","name":"Contact FM 99.3","url":"https:\/\/contactfm72.fr\/","logo":{"@type":"ImageObject","inLanguage":"fr-FR","@id":"https:\/\/contactfm72.fr\/#\/schema\/logo\/image\/","url":"https:\/\/contactfm72.fr\/wp-content\/uploads\/2025\/04\/2025-04-18-2.jpg","contentUrl":"https:\/\/contactfm72.fr\/wp-content\/uploads\/2025\/04\/2025-04-18-2.jpg","width":680,"height":307,"caption":"Contact FM 99.3"},"image":{"@id":"https:\/\/contactfm72.fr\/#\/schema\/logo\/image\/"},"sameAs":["https:\/\/www.facebook.com\/Contactfm.Chateauduloir","https:\/\/x.com\/contactfm72","https:\/\/www.instagram.com\/contact.fm.72?igsh=cGhlMHQ5N2JlNnpp","https:\/\/www.tiktok.com\/@contact.fm"]},{"@type":"Person","@id":"https:\/\/contactfm72.fr\/#\/schema\/person\/9fdc9d1c2eb029354a4f1535b90ba82d","name":"Val\u00e9rie C.","image":{"@type":"ImageObject","inLanguage":"fr-FR","@id":"https:\/\/secure.gravatar.com\/avatar\/2f8aa28f8dfbd7d4420afd1fdcdd0a349923e2c8a38ab28198b0f9d0601e4737?s=96&d=mm&r=g","url":"https:\/\/secure.gravatar.com\/avatar\/2f8aa28f8dfbd7d4420afd1fdcdd0a349923e2c8a38ab28198b0f9d0601e4737?s=96&d=mm&r=g","contentUrl":"https:\/\/secure.gravatar.com\/avatar\/2f8aa28f8dfbd7d4420afd1fdcdd0a349923e2c8a38ab28198b0f9d0601e4737?s=96&d=mm&r=g","caption":"Val\u00e9rie C."},"url":"https:\/\/contactfm72.fr\/?author=4"}]}},"_links":{"self":[{"href":"https:\/\/contactfm72.fr\/index.php?rest_route=\/wp\/v2\/posts\/12548","targetHints":{"allow":["GET"]}}],"collection":[{"href":"https:\/\/contactfm72.fr\/index.php?rest_route=\/wp\/v2\/posts"}],"about":[{"href":"https:\/\/contactfm72.fr\/index.php?rest_route=\/wp\/v2\/types\/post"}],"author":[{"embeddable":true,"href":"https:\/\/contactfm72.fr\/index.php?rest_route=\/wp\/v2\/users\/4"}],"replies":[{"embeddable":true,"href":"https:\/\/contactfm72.fr\/index.php?rest_route=%2Fwp%2Fv2%2Fcomments&post=12548"}],"version-history":[{"count":1,"href":"https:\/\/contactfm72.fr\/index.php?rest_route=\/wp\/v2\/posts\/12548\/revisions"}],"predecessor-version":[{"id":12550,"href":"https:\/\/contactfm72.fr\/index.php?rest_route=\/wp\/v2\/posts\/12548\/revisions\/12550"}],"wp:featuredmedia":[{"embeddable":true,"href":"https:\/\/contactfm72.fr\/index.php?rest_route=\/wp\/v2\/media\/12549"}],"wp:attachment":[{"href":"https:\/\/contactfm72.fr\/index.php?rest_route=%2Fwp%2Fv2%2Fmedia&parent=12548"}],"wp:term":[{"taxonomy":"category","embeddable":true,"href":"https:\/\/contactfm72.fr\/index.php?rest_route=%2Fwp%2Fv2%2Fcategories&post=12548"},{"taxonomy":"post_tag","embeddable":true,"href":"https:\/\/contactfm72.fr\/index.php?rest_route=%2Fwp%2Fv2%2Ftags&post=12548"}],"curies":[{"name":"wp","href":"https:\/\/api.w.org\/{rel}","templated":true}]}}