{"id":12239,"date":"2023-01-13T13:00:52","date_gmt":"2023-01-13T12:00:52","guid":{"rendered":"https:\/\/contactfm72.fr\/?p=12239"},"modified":"2023-01-13T14:34:33","modified_gmt":"2023-01-13T13:34:33","slug":"les-actualites-de-pole-emploi-de-ce-debut-dannee-dans-mode-demploi","status":"publish","type":"post","link":"https:\/\/contactfm72.fr\/?p=12239","title":{"rendered":"Les actualit\u00e9s de P\u00f4le Emploi de ce d\u00e9but d&#8217;ann\u00e9e dans &#8220;Mode d&#8217;emploi&#8221;"},"content":{"rendered":"<p>Le magazine &#8220;Mode d&#8217;emploi&#8221; re\u00e7oit pour ce premier num\u00e9ro de l&#8217;ann\u00e9e, Sarah Collet, conseill\u00e8re relation entreprises, et Cl\u00e9mence Wozniak, r\u00e9f\u00e9rence m\u00e9tiers, \u00e0 l&#8217;agence P\u00f4le Emploi Montval-sur-Loir. Elles abordent les actualit\u00e9s de ce d\u00e9but d&#8217;ann\u00e9e au sein de P\u00f4le Emploi.<\/p>\n<p>Diffus\u00e9e vendredi 13 janvier \u00e0 17h30 et mardi 17 \u00e0 12h30, il est question dans cette \u00e9mission de l\u2019actualisation r\u00e9nov\u00e9e, la mobilisation viviers sectoriels et des mesuses possibles pour faciliter les recrutements.<\/p>\n<p>&nbsp;<\/p>\n\n<!-- AddThis Advanced Settings generic via filter on the_content --><!-- AddThis Share Buttons generic via filter on the_content -->","protected":false},"excerpt":{"rendered":"<p>Le magazine &#8220;Mode d&#8217;emploi&#8221; re\u00e7oit pour ce premier num\u00e9ro de l&#8217;ann\u00e9e, Sarah Collet, conseill\u00e8re relation entreprises, et Cl\u00e9mence Wozniak, r\u00e9f\u00e9rence m\u00e9tiers, \u00e0 l&#8217;agence P\u00f4le Emploi Montval-sur-Loir. Elles abordent les actualit\u00e9s de ce d\u00e9but d&#8217;ann\u00e9e au sein de P\u00f4le Emploi. Diffus\u00e9e vendredi 13 janvier \u00e0 17h30 et mardi 17 \u00e0 12h30, il est question dans cette&hellip;<!-- AddThis Advanced Settings generic via filter on get_the_excerpt --><!-- AddThis Share Buttons generic via filter on get_the_excerpt --><\/p>\n","protected":false},"author":4,"featured_media":12240,"comment_status":"closed","ping_status":"open","sticky":false,"template":"","format":"standard","meta":{"footnotes":""},"categories":[1],"tags":[],"class_list":["post-12239","post","type-post","status-publish","format-standard","has-post-thumbnail","hentry","category-contact-fm-72","category-1","description-off"],"yoast_head":"<!-- This site is optimized with the Yoast SEO plugin v27.4 - https:\/\/yoast.com\/product\/yoast-seo-wordpress\/ -->\n<title>Les actualit\u00e9s de P\u00f4le Emploi de ce d\u00e9but d&#039;ann\u00e9e dans &quot;Mode d&#039;emploi&quot; - Contact FM 99.3<\/title>\n<meta name=\"robots\" content=\"index, follow, max-snippet:-1, max-image-preview:large, max-video-preview:-1\" \/>\n<link rel=\"canonical\" href=\"https:\/\/contactfm72.fr\/?p=12239\" \/>\n<meta property=\"og:locale\" content=\"fr_FR\" \/>\n<meta property=\"og:type\" content=\"article\" \/>\n<meta property=\"og:title\" content=\"Les actualit\u00e9s de P\u00f4le Emploi de ce d\u00e9but d&#039;ann\u00e9e dans &quot;Mode d&#039;emploi&quot; - Contact FM 99.3\" \/>\n<meta property=\"og:description\" content=\"Le magazine &#8220;Mode d&#8217;emploi&#8221; re\u00e7oit pour ce premier num\u00e9ro de l&#8217;ann\u00e9e, Sarah Collet, conseill\u00e8re relation entreprises, et Cl\u00e9mence Wozniak, r\u00e9f\u00e9rence m\u00e9tiers, \u00e0 l&#8217;agence P\u00f4le Emploi Montval-sur-Loir. Elles abordent les actualit\u00e9s de ce d\u00e9but d&#8217;ann\u00e9e au sein de P\u00f4le Emploi. Diffus\u00e9e vendredi 13 janvier \u00e0 17h30 et mardi 17 \u00e0 12h30, il est question dans cette&hellip;\" \/>\n<meta property=\"og:url\" content=\"https:\/\/contactfm72.fr\/?p=12239\" \/>\n<meta property=\"og:site_name\" content=\"Contact FM 99.3\" \/>\n<meta property=\"article:publisher\" content=\"https:\/\/www.facebook.com\/Contactfm.Chateauduloir\" \/>\n<meta property=\"article:published_time\" content=\"2023-01-13T12:00:52+00:00\" \/>\n<meta property=\"article:modified_time\" content=\"2023-01-13T13:34:33+00:00\" \/>\n<meta property=\"og:image\" content=\"http:\/\/contactfm72.fr\/wp-content\/uploads\/2023\/01\/IMG_6214.jpg\" \/>\n\t<meta property=\"og:image:width\" content=\"2016\" \/>\n\t<meta property=\"og:image:height\" content=\"1512\" \/>\n\t<meta property=\"og:image:type\" content=\"image\/jpeg\" \/>\n<meta name=\"author\" content=\"Val\u00e9rie C.\" \/>\n<meta name=\"twitter:card\" content=\"summary_large_image\" \/>\n<meta name=\"twitter:creator\" content=\"@contactfm72\" \/>\n<meta name=\"twitter:site\" content=\"@contactfm72\" \/>\n<meta name=\"twitter:label1\" content=\"\u00c9crit par\" \/>\n\t<meta name=\"twitter:data1\" content=\"Val\u00e9rie C.\" \/>\n\t<meta name=\"twitter:label2\" content=\"Dur\u00e9e de lecture estim\u00e9e\" \/>\n\t<meta name=\"twitter:data2\" content=\"1 minute\" \/>\n<script type=\"application\/ld+json\" class=\"yoast-schema-graph\">{\"@context\":\"https:\\\/\\\/schema.org\",\"@graph\":[{\"@type\":\"Article\",\"@id\":\"https:\\\/\\\/contactfm72.fr\\\/?p=12239#article\",\"isPartOf\":{\"@id\":\"https:\\\/\\\/contactfm72.fr\\\/?p=12239\"},\"author\":{\"name\":\"Val\u00e9rie C.\",\"@id\":\"https:\\\/\\\/contactfm72.fr\\\/#\\\/schema\\\/person\\\/9fdc9d1c2eb029354a4f1535b90ba82d\"},\"headline\":\"Les actualit\u00e9s de P\u00f4le Emploi de ce d\u00e9but d&#8217;ann\u00e9e dans &#8220;Mode d&#8217;emploi&#8221;\",\"datePublished\":\"2023-01-13T12:00:52+00:00\",\"dateModified\":\"2023-01-13T13:34:33+00:00\",\"mainEntityOfPage\":{\"@id\":\"https:\\\/\\\/contactfm72.fr\\\/?p=12239\"},\"wordCount\":109,\"publisher\":{\"@id\":\"https:\\\/\\\/contactfm72.fr\\\/#organization\"},\"image\":{\"@id\":\"https:\\\/\\\/contactfm72.fr\\\/?p=12239#primaryimage\"},\"thumbnailUrl\":\"https:\\\/\\\/contactfm72.fr\\\/wp-content\\\/uploads\\\/2023\\\/01\\\/IMG_6214.jpg\",\"articleSection\":[\"Contact FM 72\"],\"inLanguage\":\"fr-FR\"},{\"@type\":\"WebPage\",\"@id\":\"https:\\\/\\\/contactfm72.fr\\\/?p=12239\",\"url\":\"https:\\\/\\\/contactfm72.fr\\\/?p=12239\",\"name\":\"Les actualit\u00e9s de P\u00f4le Emploi de ce d\u00e9but d'ann\u00e9e dans \\\"Mode d'emploi\\\" - Contact FM 99.3\",\"isPartOf\":{\"@id\":\"https:\\\/\\\/contactfm72.fr\\\/#website\"},\"primaryImageOfPage\":{\"@id\":\"https:\\\/\\\/contactfm72.fr\\\/?p=12239#primaryimage\"},\"image\":{\"@id\":\"https:\\\/\\\/contactfm72.fr\\\/?p=12239#primaryimage\"},\"thumbnailUrl\":\"https:\\\/\\\/contactfm72.fr\\\/wp-content\\\/uploads\\\/2023\\\/01\\\/IMG_6214.jpg\",\"datePublished\":\"2023-01-13T12:00:52+00:00\",\"dateModified\":\"2023-01-13T13:34:33+00:00\",\"breadcrumb\":{\"@id\":\"https:\\\/\\\/contactfm72.fr\\\/?p=12239#breadcrumb\"},\"inLanguage\":\"fr-FR\",\"potentialAction\":[{\"@type\":\"ReadAction\",\"target\":[\"https:\\\/\\\/contactfm72.fr\\\/?p=12239\"]}]},{\"@type\":\"ImageObject\",\"inLanguage\":\"fr-FR\",\"@id\":\"https:\\\/\\\/contactfm72.fr\\\/?p=12239#primaryimage\",\"url\":\"https:\\\/\\\/contactfm72.fr\\\/wp-content\\\/uploads\\\/2023\\\/01\\\/IMG_6214.jpg\",\"contentUrl\":\"https:\\\/\\\/contactfm72.fr\\\/wp-content\\\/uploads\\\/2023\\\/01\\\/IMG_6214.jpg\",\"width\":2016,\"height\":1512},{\"@type\":\"BreadcrumbList\",\"@id\":\"https:\\\/\\\/contactfm72.fr\\\/?p=12239#breadcrumb\",\"itemListElement\":[{\"@type\":\"ListItem\",\"position\":1,\"name\":\"Accueil\",\"item\":\"https:\\\/\\\/contactfm72.fr\\\/\"},{\"@type\":\"ListItem\",\"position\":2,\"name\":\"Les actualit\u00e9s de P\u00f4le Emploi de ce d\u00e9but d&#8217;ann\u00e9e dans &#8220;Mode d&#8217;emploi&#8221;\"}]},{\"@type\":\"WebSite\",\"@id\":\"https:\\\/\\\/contactfm72.fr\\\/#website\",\"url\":\"https:\\\/\\\/contactfm72.fr\\\/\",\"name\":\"Contact FM 99.3\",\"description\":\"Votre radio en vall\u00e9e du Loir\",\"publisher\":{\"@id\":\"https:\\\/\\\/contactfm72.fr\\\/#organization\"},\"potentialAction\":[{\"@type\":\"SearchAction\",\"target\":{\"@type\":\"EntryPoint\",\"urlTemplate\":\"https:\\\/\\\/contactfm72.fr\\\/?s={search_term_string}\"},\"query-input\":{\"@type\":\"PropertyValueSpecification\",\"valueRequired\":true,\"valueName\":\"search_term_string\"}}],\"inLanguage\":\"fr-FR\"},{\"@type\":\"Organization\",\"@id\":\"https:\\\/\\\/contactfm72.fr\\\/#organization\",\"name\":\"Contact FM 99.3\",\"url\":\"https:\\\/\\\/contactfm72.fr\\\/\",\"logo\":{\"@type\":\"ImageObject\",\"inLanguage\":\"fr-FR\",\"@id\":\"https:\\\/\\\/contactfm72.fr\\\/#\\\/schema\\\/logo\\\/image\\\/\",\"url\":\"https:\\\/\\\/contactfm72.fr\\\/wp-content\\\/uploads\\\/2025\\\/04\\\/2025-04-18-2.jpg\",\"contentUrl\":\"https:\\\/\\\/contactfm72.fr\\\/wp-content\\\/uploads\\\/2025\\\/04\\\/2025-04-18-2.jpg\",\"width\":680,\"height\":307,\"caption\":\"Contact FM 99.3\"},\"image\":{\"@id\":\"https:\\\/\\\/contactfm72.fr\\\/#\\\/schema\\\/logo\\\/image\\\/\"},\"sameAs\":[\"https:\\\/\\\/www.facebook.com\\\/Contactfm.Chateauduloir\",\"https:\\\/\\\/x.com\\\/contactfm72\",\"https:\\\/\\\/www.instagram.com\\\/contact.fm.72?igsh=cGhlMHQ5N2JlNnpp\",\"https:\\\/\\\/www.tiktok.com\\\/@contact.fm\"]},{\"@type\":\"Person\",\"@id\":\"https:\\\/\\\/contactfm72.fr\\\/#\\\/schema\\\/person\\\/9fdc9d1c2eb029354a4f1535b90ba82d\",\"name\":\"Val\u00e9rie C.\",\"image\":{\"@type\":\"ImageObject\",\"inLanguage\":\"fr-FR\",\"@id\":\"https:\\\/\\\/secure.gravatar.com\\\/avatar\\\/2f8aa28f8dfbd7d4420afd1fdcdd0a349923e2c8a38ab28198b0f9d0601e4737?s=96&d=mm&r=g\",\"url\":\"https:\\\/\\\/secure.gravatar.com\\\/avatar\\\/2f8aa28f8dfbd7d4420afd1fdcdd0a349923e2c8a38ab28198b0f9d0601e4737?s=96&d=mm&r=g\",\"contentUrl\":\"https:\\\/\\\/secure.gravatar.com\\\/avatar\\\/2f8aa28f8dfbd7d4420afd1fdcdd0a349923e2c8a38ab28198b0f9d0601e4737?s=96&d=mm&r=g\",\"caption\":\"Val\u00e9rie C.\"},\"url\":\"https:\\\/\\\/contactfm72.fr\\\/?author=4\"}]}<\/script>\n<!-- \/ Yoast SEO plugin. -->","yoast_head_json":{"title":"Les actualit\u00e9s de P\u00f4le Emploi de ce d\u00e9but d'ann\u00e9e dans \"Mode d'emploi\" - Contact FM 99.3","robots":{"index":"index","follow":"follow","max-snippet":"max-snippet:-1","max-image-preview":"max-image-preview:large","max-video-preview":"max-video-preview:-1"},"canonical":"https:\/\/contactfm72.fr\/?p=12239","og_locale":"fr_FR","og_type":"article","og_title":"Les actualit\u00e9s de P\u00f4le Emploi de ce d\u00e9but d'ann\u00e9e dans \"Mode d'emploi\" - Contact FM 99.3","og_description":"Le magazine &#8220;Mode d&#8217;emploi&#8221; re\u00e7oit pour ce premier num\u00e9ro de l&#8217;ann\u00e9e, Sarah Collet, conseill\u00e8re relation entreprises, et Cl\u00e9mence Wozniak, r\u00e9f\u00e9rence m\u00e9tiers, \u00e0 l&#8217;agence P\u00f4le Emploi Montval-sur-Loir. Elles abordent les actualit\u00e9s de ce d\u00e9but d&#8217;ann\u00e9e au sein de P\u00f4le Emploi. Diffus\u00e9e vendredi 13 janvier \u00e0 17h30 et mardi 17 \u00e0 12h30, il est question dans cette&hellip;","og_url":"https:\/\/contactfm72.fr\/?p=12239","og_site_name":"Contact FM 99.3","article_publisher":"https:\/\/www.facebook.com\/Contactfm.Chateauduloir","article_published_time":"2023-01-13T12:00:52+00:00","article_modified_time":"2023-01-13T13:34:33+00:00","og_image":[{"width":2016,"height":1512,"url":"http:\/\/contactfm72.fr\/wp-content\/uploads\/2023\/01\/IMG_6214.jpg","type":"image\/jpeg"}],"author":"Val\u00e9rie C.","twitter_card":"summary_large_image","twitter_creator":"@contactfm72","twitter_site":"@contactfm72","twitter_misc":{"\u00c9crit par":"Val\u00e9rie C.","Dur\u00e9e de lecture estim\u00e9e":"1 minute"},"schema":{"@context":"https:\/\/schema.org","@graph":[{"@type":"Article","@id":"https:\/\/contactfm72.fr\/?p=12239#article","isPartOf":{"@id":"https:\/\/contactfm72.fr\/?p=12239"},"author":{"name":"Val\u00e9rie C.","@id":"https:\/\/contactfm72.fr\/#\/schema\/person\/9fdc9d1c2eb029354a4f1535b90ba82d"},"headline":"Les actualit\u00e9s de P\u00f4le Emploi de ce d\u00e9but d&#8217;ann\u00e9e dans &#8220;Mode d&#8217;emploi&#8221;","datePublished":"2023-01-13T12:00:52+00:00","dateModified":"2023-01-13T13:34:33+00:00","mainEntityOfPage":{"@id":"https:\/\/contactfm72.fr\/?p=12239"},"wordCount":109,"publisher":{"@id":"https:\/\/contactfm72.fr\/#organization"},"image":{"@id":"https:\/\/contactfm72.fr\/?p=12239#primaryimage"},"thumbnailUrl":"https:\/\/contactfm72.fr\/wp-content\/uploads\/2023\/01\/IMG_6214.jpg","articleSection":["Contact FM 72"],"inLanguage":"fr-FR"},{"@type":"WebPage","@id":"https:\/\/contactfm72.fr\/?p=12239","url":"https:\/\/contactfm72.fr\/?p=12239","name":"Les actualit\u00e9s de P\u00f4le Emploi de ce d\u00e9but d'ann\u00e9e dans \"Mode d'emploi\" - Contact FM 99.3","isPartOf":{"@id":"https:\/\/contactfm72.fr\/#website"},"primaryImageOfPage":{"@id":"https:\/\/contactfm72.fr\/?p=12239#primaryimage"},"image":{"@id":"https:\/\/contactfm72.fr\/?p=12239#primaryimage"},"thumbnailUrl":"https:\/\/contactfm72.fr\/wp-content\/uploads\/2023\/01\/IMG_6214.jpg","datePublished":"2023-01-13T12:00:52+00:00","dateModified":"2023-01-13T13:34:33+00:00","breadcrumb":{"@id":"https:\/\/contactfm72.fr\/?p=12239#breadcrumb"},"inLanguage":"fr-FR","potentialAction":[{"@type":"ReadAction","target":["https:\/\/contactfm72.fr\/?p=12239"]}]},{"@type":"ImageObject","inLanguage":"fr-FR","@id":"https:\/\/contactfm72.fr\/?p=12239#primaryimage","url":"https:\/\/contactfm72.fr\/wp-content\/uploads\/2023\/01\/IMG_6214.jpg","contentUrl":"https:\/\/contactfm72.fr\/wp-content\/uploads\/2023\/01\/IMG_6214.jpg","width":2016,"height":1512},{"@type":"BreadcrumbList","@id":"https:\/\/contactfm72.fr\/?p=12239#breadcrumb","itemListElement":[{"@type":"ListItem","position":1,"name":"Accueil","item":"https:\/\/contactfm72.fr\/"},{"@type":"ListItem","position":2,"name":"Les actualit\u00e9s de P\u00f4le Emploi de ce d\u00e9but d&#8217;ann\u00e9e dans &#8220;Mode d&#8217;emploi&#8221;"}]},{"@type":"WebSite","@id":"https:\/\/contactfm72.fr\/#website","url":"https:\/\/contactfm72.fr\/","name":"Contact FM 99.3","description":"Votre radio en vall\u00e9e du Loir","publisher":{"@id":"https:\/\/contactfm72.fr\/#organization"},"potentialAction":[{"@type":"SearchAction","target":{"@type":"EntryPoint","urlTemplate":"https:\/\/contactfm72.fr\/?s={search_term_string}"},"query-input":{"@type":"PropertyValueSpecification","valueRequired":true,"valueName":"search_term_string"}}],"inLanguage":"fr-FR"},{"@type":"Organization","@id":"https:\/\/contactfm72.fr\/#organization","name":"Contact FM 99.3","url":"https:\/\/contactfm72.fr\/","logo":{"@type":"ImageObject","inLanguage":"fr-FR","@id":"https:\/\/contactfm72.fr\/#\/schema\/logo\/image\/","url":"https:\/\/contactfm72.fr\/wp-content\/uploads\/2025\/04\/2025-04-18-2.jpg","contentUrl":"https:\/\/contactfm72.fr\/wp-content\/uploads\/2025\/04\/2025-04-18-2.jpg","width":680,"height":307,"caption":"Contact FM 99.3"},"image":{"@id":"https:\/\/contactfm72.fr\/#\/schema\/logo\/image\/"},"sameAs":["https:\/\/www.facebook.com\/Contactfm.Chateauduloir","https:\/\/x.com\/contactfm72","https:\/\/www.instagram.com\/contact.fm.72?igsh=cGhlMHQ5N2JlNnpp","https:\/\/www.tiktok.com\/@contact.fm"]},{"@type":"Person","@id":"https:\/\/contactfm72.fr\/#\/schema\/person\/9fdc9d1c2eb029354a4f1535b90ba82d","name":"Val\u00e9rie C.","image":{"@type":"ImageObject","inLanguage":"fr-FR","@id":"https:\/\/secure.gravatar.com\/avatar\/2f8aa28f8dfbd7d4420afd1fdcdd0a349923e2c8a38ab28198b0f9d0601e4737?s=96&d=mm&r=g","url":"https:\/\/secure.gravatar.com\/avatar\/2f8aa28f8dfbd7d4420afd1fdcdd0a349923e2c8a38ab28198b0f9d0601e4737?s=96&d=mm&r=g","contentUrl":"https:\/\/secure.gravatar.com\/avatar\/2f8aa28f8dfbd7d4420afd1fdcdd0a349923e2c8a38ab28198b0f9d0601e4737?s=96&d=mm&r=g","caption":"Val\u00e9rie C."},"url":"https:\/\/contactfm72.fr\/?author=4"}]}},"_links":{"self":[{"href":"https:\/\/contactfm72.fr\/index.php?rest_route=\/wp\/v2\/posts\/12239","targetHints":{"allow":["GET"]}}],"collection":[{"href":"https:\/\/contactfm72.fr\/index.php?rest_route=\/wp\/v2\/posts"}],"about":[{"href":"https:\/\/contactfm72.fr\/index.php?rest_route=\/wp\/v2\/types\/post"}],"author":[{"embeddable":true,"href":"https:\/\/contactfm72.fr\/index.php?rest_route=\/wp\/v2\/users\/4"}],"replies":[{"embeddable":true,"href":"https:\/\/contactfm72.fr\/index.php?rest_route=%2Fwp%2Fv2%2Fcomments&post=12239"}],"version-history":[{"count":5,"href":"https:\/\/contactfm72.fr\/index.php?rest_route=\/wp\/v2\/posts\/12239\/revisions"}],"predecessor-version":[{"id":12281,"href":"https:\/\/contactfm72.fr\/index.php?rest_route=\/wp\/v2\/posts\/12239\/revisions\/12281"}],"wp:featuredmedia":[{"embeddable":true,"href":"https:\/\/contactfm72.fr\/index.php?rest_route=\/wp\/v2\/media\/12240"}],"wp:attachment":[{"href":"https:\/\/contactfm72.fr\/index.php?rest_route=%2Fwp%2Fv2%2Fmedia&parent=12239"}],"wp:term":[{"taxonomy":"category","embeddable":true,"href":"https:\/\/contactfm72.fr\/index.php?rest_route=%2Fwp%2Fv2%2Fcategories&post=12239"},{"taxonomy":"post_tag","embeddable":true,"href":"https:\/\/contactfm72.fr\/index.php?rest_route=%2Fwp%2Fv2%2Ftags&post=12239"}],"curies":[{"name":"wp","href":"https:\/\/api.w.org\/{rel}","templated":true}]}}