{"id":12018,"date":"2022-12-16T14:30:41","date_gmt":"2022-12-16T13:30:41","guid":{"rendered":"https:\/\/contactfm72.fr\/?p=12018"},"modified":"2022-12-13T12:24:49","modified_gmt":"2022-12-13T11:24:49","slug":"chateau-du-loir-la-poste-renovee-du-sol-au-plafond","status":"publish","type":"post","link":"https:\/\/contactfm72.fr\/?p=12018","title":{"rendered":"Ch\u00e2teau-du-Loir. La Poste r\u00e9nov\u00e9e \u00ab du sol au plafond \u00bb"},"content":{"rendered":"<h2>Apr\u00e8s huit semaines de travaux, les locaux de la Poste de Ch\u00e2teau-du-Loir ont rouvert ses portes. Avec des locaux totalement r\u00e9nov\u00e9s, la soci\u00e9t\u00e9 op\u00e9ratrice de services postaux et de banque notamment met en avant le relationnel au client.<\/h2>\n<p>&nbsp;<\/p>\n<p>&nbsp;<\/p>\n<p>La Poste de Ch\u00e2teau-du-Loir (<strong>Sarthe<\/strong>) s&#8217;est refait une petite beaut\u00e9. Isabelle Bayle, directrice de la Poste du secteur de Montval-sur-Loir, qui comprend diff\u00e9rents bureaux dont celui de Montval, d&#8217;\u00c9commoy, de la Chartre-sur-le-Loir, du Grand-Luc\u00e9, de Parign\u00e9 L&#8217;\u00c9v\u00eaque et de Mayet, confie :<\/p>\n<blockquote><p>&#8220;Les locaux n&#8217;ont pas \u00e9t\u00e9 refait depuis au moins 10 ans. C&#8217;\u00e9tait assez vieillot, tr\u00e8s v\u00e9tuste&#8221;.<\/p><\/blockquote>\n<p>Apr\u00e8s huit semaines de travaux, l&#8217;antenne de Ch\u00e2teau-du-Loir a donc ouvert ses portes le lundi 21 novembre.<\/p>\n<blockquote><p>La directrice poursuit : &#8220;Nous avons repens\u00e9 tout l&#8217;espace commercial et notamment les guichets, du sol au plafond&#8221;.<\/p><\/blockquote>\n<p>&nbsp;<\/p>\n<h3>&#8220;Plus agr\u00e9able&#8221;<\/h3>\n<p>La soci\u00e9t\u00e9 a &#8220;d\u00e9cid\u00e9 de mettre en avant le relationnel avec la client\u00e8le&#8221; de fa\u00e7on \u00e0 ce que les clients soient accueillis dans un environnement &#8220;plus agr\u00e9able&#8221;. L&#8217;accueil se faisant directement au contact des clients, ils peuvent \u00eatre guid\u00e9s plus facilement vers ce dont il a besoin, \u00e0 savoir les guichets bancaires et courrier, et l&#8217;espace gestionnaire clients professionnel, dans un lieu totalement modernis\u00e9.<\/p>\n<p>Un nouveau bureau a \u00e9t\u00e9 m\u00eame \u00e9t\u00e9 cr\u00e9e pour &#8220;les conseillers banquiers et patrimoine qui sont pr\u00e9sents jusqu&#8217;\u00e0 deux jours par semaine&#8221; afin qu&#8217;ils puissent &#8220;recevoir leurs clients, particuliers et professionnels, en toute confidentialit\u00e9&#8221; dans des locaux \u00e0 pr\u00e9sent lumineux.<\/p>\n<p>&nbsp;<\/p>\n<h5>Infos pratiques\u00a0: La poste de Montval-sur-Loir, 9, place Lemonnier. Ouvert du lundi au vendredi de 9 h \u00e0 12 h et de 14 h \u00e0 17 h, et le samedi de 9 h \u00e0 12 h.<\/h5>\n<!-- AddThis Advanced Settings generic via filter on the_content --><!-- AddThis Share Buttons generic via filter on the_content -->","protected":false},"excerpt":{"rendered":"<p>Apr\u00e8s huit semaines de travaux, les locaux de la Poste de Ch\u00e2teau-du-Loir ont rouvert ses portes. Avec des locaux totalement r\u00e9nov\u00e9s, la soci\u00e9t\u00e9 op\u00e9ratrice de services postaux et de banque notamment met en avant le relationnel au client. &nbsp; &nbsp; La Poste de Ch\u00e2teau-du-Loir (Sarthe) s&#8217;est refait une petite beaut\u00e9. Isabelle Bayle, directrice de la&hellip;<!-- AddThis Advanced Settings generic via filter on get_the_excerpt --><!-- AddThis Share Buttons generic via filter on get_the_excerpt --><\/p>\n","protected":false},"author":4,"featured_media":12019,"comment_status":"closed","ping_status":"open","sticky":false,"template":"","format":"standard","meta":{"footnotes":""},"categories":[1],"tags":[],"class_list":["post-12018","post","type-post","status-publish","format-standard","has-post-thumbnail","hentry","category-contact-fm-72","category-1","description-off"],"yoast_head":"<!-- This site is optimized with the Yoast SEO plugin v27.4 - https:\/\/yoast.com\/product\/yoast-seo-wordpress\/ -->\n<title>Ch\u00e2teau-du-Loir. La Poste r\u00e9nov\u00e9e \u00ab du sol au plafond \u00bb - Contact FM 99.3<\/title>\n<meta name=\"robots\" content=\"index, follow, max-snippet:-1, max-image-preview:large, max-video-preview:-1\" \/>\n<link rel=\"canonical\" href=\"https:\/\/contactfm72.fr\/?p=12018\" \/>\n<meta property=\"og:locale\" content=\"fr_FR\" \/>\n<meta property=\"og:type\" content=\"article\" \/>\n<meta property=\"og:title\" content=\"Ch\u00e2teau-du-Loir. La Poste r\u00e9nov\u00e9e \u00ab du sol au plafond \u00bb - Contact FM 99.3\" \/>\n<meta property=\"og:description\" content=\"Apr\u00e8s huit semaines de travaux, les locaux de la Poste de Ch\u00e2teau-du-Loir ont rouvert ses portes. Avec des locaux totalement r\u00e9nov\u00e9s, la soci\u00e9t\u00e9 op\u00e9ratrice de services postaux et de banque notamment met en avant le relationnel au client. &nbsp; &nbsp; La Poste de Ch\u00e2teau-du-Loir (Sarthe) s&#8217;est refait une petite beaut\u00e9. Isabelle Bayle, directrice de la&hellip;\" \/>\n<meta property=\"og:url\" content=\"https:\/\/contactfm72.fr\/?p=12018\" \/>\n<meta property=\"og:site_name\" content=\"Contact FM 99.3\" \/>\n<meta property=\"article:publisher\" content=\"https:\/\/www.facebook.com\/Contactfm.Chateauduloir\" \/>\n<meta property=\"article:published_time\" content=\"2022-12-16T13:30:41+00:00\" \/>\n<meta property=\"og:image\" content=\"https:\/\/contactfm72.fr\/wp-content\/uploads\/2022\/12\/la-poste.jpg\" \/>\n\t<meta property=\"og:image:width\" content=\"2048\" \/>\n\t<meta property=\"og:image:height\" content=\"1536\" \/>\n\t<meta property=\"og:image:type\" content=\"image\/jpeg\" \/>\n<meta name=\"author\" content=\"Val\u00e9rie C.\" \/>\n<meta name=\"twitter:card\" content=\"summary_large_image\" \/>\n<meta name=\"twitter:creator\" content=\"@contactfm72\" \/>\n<meta name=\"twitter:site\" content=\"@contactfm72\" \/>\n<meta name=\"twitter:label1\" content=\"\u00c9crit par\" \/>\n\t<meta name=\"twitter:data1\" content=\"Val\u00e9rie C.\" \/>\n\t<meta name=\"twitter:label2\" content=\"Dur\u00e9e de lecture estim\u00e9e\" \/>\n\t<meta name=\"twitter:data2\" content=\"2 minutes\" \/>\n<script type=\"application\/ld+json\" class=\"yoast-schema-graph\">{\"@context\":\"https:\\\/\\\/schema.org\",\"@graph\":[{\"@type\":\"Article\",\"@id\":\"https:\\\/\\\/contactfm72.fr\\\/?p=12018#article\",\"isPartOf\":{\"@id\":\"https:\\\/\\\/contactfm72.fr\\\/?p=12018\"},\"author\":{\"name\":\"Val\u00e9rie C.\",\"@id\":\"https:\\\/\\\/contactfm72.fr\\\/#\\\/schema\\\/person\\\/9fdc9d1c2eb029354a4f1535b90ba82d\"},\"headline\":\"Ch\u00e2teau-du-Loir. La Poste r\u00e9nov\u00e9e \u00ab du sol au plafond \u00bb\",\"datePublished\":\"2022-12-16T13:30:41+00:00\",\"mainEntityOfPage\":{\"@id\":\"https:\\\/\\\/contactfm72.fr\\\/?p=12018\"},\"wordCount\":305,\"publisher\":{\"@id\":\"https:\\\/\\\/contactfm72.fr\\\/#organization\"},\"image\":{\"@id\":\"https:\\\/\\\/contactfm72.fr\\\/?p=12018#primaryimage\"},\"thumbnailUrl\":\"https:\\\/\\\/contactfm72.fr\\\/wp-content\\\/uploads\\\/2022\\\/12\\\/la-poste.jpg\",\"articleSection\":[\"Contact FM 72\"],\"inLanguage\":\"fr-FR\"},{\"@type\":\"WebPage\",\"@id\":\"https:\\\/\\\/contactfm72.fr\\\/?p=12018\",\"url\":\"https:\\\/\\\/contactfm72.fr\\\/?p=12018\",\"name\":\"Ch\u00e2teau-du-Loir. La Poste r\u00e9nov\u00e9e \u00ab du sol au plafond \u00bb - Contact FM 99.3\",\"isPartOf\":{\"@id\":\"https:\\\/\\\/contactfm72.fr\\\/#website\"},\"primaryImageOfPage\":{\"@id\":\"https:\\\/\\\/contactfm72.fr\\\/?p=12018#primaryimage\"},\"image\":{\"@id\":\"https:\\\/\\\/contactfm72.fr\\\/?p=12018#primaryimage\"},\"thumbnailUrl\":\"https:\\\/\\\/contactfm72.fr\\\/wp-content\\\/uploads\\\/2022\\\/12\\\/la-poste.jpg\",\"datePublished\":\"2022-12-16T13:30:41+00:00\",\"breadcrumb\":{\"@id\":\"https:\\\/\\\/contactfm72.fr\\\/?p=12018#breadcrumb\"},\"inLanguage\":\"fr-FR\",\"potentialAction\":[{\"@type\":\"ReadAction\",\"target\":[\"https:\\\/\\\/contactfm72.fr\\\/?p=12018\"]}]},{\"@type\":\"ImageObject\",\"inLanguage\":\"fr-FR\",\"@id\":\"https:\\\/\\\/contactfm72.fr\\\/?p=12018#primaryimage\",\"url\":\"https:\\\/\\\/contactfm72.fr\\\/wp-content\\\/uploads\\\/2022\\\/12\\\/la-poste.jpg\",\"contentUrl\":\"https:\\\/\\\/contactfm72.fr\\\/wp-content\\\/uploads\\\/2022\\\/12\\\/la-poste.jpg\",\"width\":2048,\"height\":1536,\"caption\":\"Les nouveaux locaux de la Poste de Ch\u00e2teau-du-Loir, dans la Sarthe.\"},{\"@type\":\"BreadcrumbList\",\"@id\":\"https:\\\/\\\/contactfm72.fr\\\/?p=12018#breadcrumb\",\"itemListElement\":[{\"@type\":\"ListItem\",\"position\":1,\"name\":\"Accueil\",\"item\":\"https:\\\/\\\/contactfm72.fr\\\/\"},{\"@type\":\"ListItem\",\"position\":2,\"name\":\"Ch\u00e2teau-du-Loir. La Poste r\u00e9nov\u00e9e \u00ab du sol au plafond \u00bb\"}]},{\"@type\":\"WebSite\",\"@id\":\"https:\\\/\\\/contactfm72.fr\\\/#website\",\"url\":\"https:\\\/\\\/contactfm72.fr\\\/\",\"name\":\"Contact FM 99.3\",\"description\":\"Votre radio en vall\u00e9e du Loir\",\"publisher\":{\"@id\":\"https:\\\/\\\/contactfm72.fr\\\/#organization\"},\"potentialAction\":[{\"@type\":\"SearchAction\",\"target\":{\"@type\":\"EntryPoint\",\"urlTemplate\":\"https:\\\/\\\/contactfm72.fr\\\/?s={search_term_string}\"},\"query-input\":{\"@type\":\"PropertyValueSpecification\",\"valueRequired\":true,\"valueName\":\"search_term_string\"}}],\"inLanguage\":\"fr-FR\"},{\"@type\":\"Organization\",\"@id\":\"https:\\\/\\\/contactfm72.fr\\\/#organization\",\"name\":\"Contact FM 99.3\",\"url\":\"https:\\\/\\\/contactfm72.fr\\\/\",\"logo\":{\"@type\":\"ImageObject\",\"inLanguage\":\"fr-FR\",\"@id\":\"https:\\\/\\\/contactfm72.fr\\\/#\\\/schema\\\/logo\\\/image\\\/\",\"url\":\"https:\\\/\\\/contactfm72.fr\\\/wp-content\\\/uploads\\\/2025\\\/04\\\/2025-04-18-2.jpg\",\"contentUrl\":\"https:\\\/\\\/contactfm72.fr\\\/wp-content\\\/uploads\\\/2025\\\/04\\\/2025-04-18-2.jpg\",\"width\":680,\"height\":307,\"caption\":\"Contact FM 99.3\"},\"image\":{\"@id\":\"https:\\\/\\\/contactfm72.fr\\\/#\\\/schema\\\/logo\\\/image\\\/\"},\"sameAs\":[\"https:\\\/\\\/www.facebook.com\\\/Contactfm.Chateauduloir\",\"https:\\\/\\\/x.com\\\/contactfm72\",\"https:\\\/\\\/www.instagram.com\\\/contact.fm.72?igsh=cGhlMHQ5N2JlNnpp\",\"https:\\\/\\\/www.tiktok.com\\\/@contact.fm\"]},{\"@type\":\"Person\",\"@id\":\"https:\\\/\\\/contactfm72.fr\\\/#\\\/schema\\\/person\\\/9fdc9d1c2eb029354a4f1535b90ba82d\",\"name\":\"Val\u00e9rie C.\",\"image\":{\"@type\":\"ImageObject\",\"inLanguage\":\"fr-FR\",\"@id\":\"https:\\\/\\\/secure.gravatar.com\\\/avatar\\\/2f8aa28f8dfbd7d4420afd1fdcdd0a349923e2c8a38ab28198b0f9d0601e4737?s=96&d=mm&r=g\",\"url\":\"https:\\\/\\\/secure.gravatar.com\\\/avatar\\\/2f8aa28f8dfbd7d4420afd1fdcdd0a349923e2c8a38ab28198b0f9d0601e4737?s=96&d=mm&r=g\",\"contentUrl\":\"https:\\\/\\\/secure.gravatar.com\\\/avatar\\\/2f8aa28f8dfbd7d4420afd1fdcdd0a349923e2c8a38ab28198b0f9d0601e4737?s=96&d=mm&r=g\",\"caption\":\"Val\u00e9rie C.\"},\"url\":\"https:\\\/\\\/contactfm72.fr\\\/?author=4\"}]}<\/script>\n<!-- \/ Yoast SEO plugin. -->","yoast_head_json":{"title":"Ch\u00e2teau-du-Loir. La Poste r\u00e9nov\u00e9e \u00ab du sol au plafond \u00bb - Contact FM 99.3","robots":{"index":"index","follow":"follow","max-snippet":"max-snippet:-1","max-image-preview":"max-image-preview:large","max-video-preview":"max-video-preview:-1"},"canonical":"https:\/\/contactfm72.fr\/?p=12018","og_locale":"fr_FR","og_type":"article","og_title":"Ch\u00e2teau-du-Loir. La Poste r\u00e9nov\u00e9e \u00ab du sol au plafond \u00bb - Contact FM 99.3","og_description":"Apr\u00e8s huit semaines de travaux, les locaux de la Poste de Ch\u00e2teau-du-Loir ont rouvert ses portes. Avec des locaux totalement r\u00e9nov\u00e9s, la soci\u00e9t\u00e9 op\u00e9ratrice de services postaux et de banque notamment met en avant le relationnel au client. &nbsp; &nbsp; La Poste de Ch\u00e2teau-du-Loir (Sarthe) s&#8217;est refait une petite beaut\u00e9. Isabelle Bayle, directrice de la&hellip;","og_url":"https:\/\/contactfm72.fr\/?p=12018","og_site_name":"Contact FM 99.3","article_publisher":"https:\/\/www.facebook.com\/Contactfm.Chateauduloir","article_published_time":"2022-12-16T13:30:41+00:00","og_image":[{"width":2048,"height":1536,"url":"https:\/\/contactfm72.fr\/wp-content\/uploads\/2022\/12\/la-poste.jpg","type":"image\/jpeg"}],"author":"Val\u00e9rie C.","twitter_card":"summary_large_image","twitter_creator":"@contactfm72","twitter_site":"@contactfm72","twitter_misc":{"\u00c9crit par":"Val\u00e9rie C.","Dur\u00e9e de lecture estim\u00e9e":"2 minutes"},"schema":{"@context":"https:\/\/schema.org","@graph":[{"@type":"Article","@id":"https:\/\/contactfm72.fr\/?p=12018#article","isPartOf":{"@id":"https:\/\/contactfm72.fr\/?p=12018"},"author":{"name":"Val\u00e9rie C.","@id":"https:\/\/contactfm72.fr\/#\/schema\/person\/9fdc9d1c2eb029354a4f1535b90ba82d"},"headline":"Ch\u00e2teau-du-Loir. La Poste r\u00e9nov\u00e9e \u00ab du sol au plafond \u00bb","datePublished":"2022-12-16T13:30:41+00:00","mainEntityOfPage":{"@id":"https:\/\/contactfm72.fr\/?p=12018"},"wordCount":305,"publisher":{"@id":"https:\/\/contactfm72.fr\/#organization"},"image":{"@id":"https:\/\/contactfm72.fr\/?p=12018#primaryimage"},"thumbnailUrl":"https:\/\/contactfm72.fr\/wp-content\/uploads\/2022\/12\/la-poste.jpg","articleSection":["Contact FM 72"],"inLanguage":"fr-FR"},{"@type":"WebPage","@id":"https:\/\/contactfm72.fr\/?p=12018","url":"https:\/\/contactfm72.fr\/?p=12018","name":"Ch\u00e2teau-du-Loir. La Poste r\u00e9nov\u00e9e \u00ab du sol au plafond \u00bb - Contact FM 99.3","isPartOf":{"@id":"https:\/\/contactfm72.fr\/#website"},"primaryImageOfPage":{"@id":"https:\/\/contactfm72.fr\/?p=12018#primaryimage"},"image":{"@id":"https:\/\/contactfm72.fr\/?p=12018#primaryimage"},"thumbnailUrl":"https:\/\/contactfm72.fr\/wp-content\/uploads\/2022\/12\/la-poste.jpg","datePublished":"2022-12-16T13:30:41+00:00","breadcrumb":{"@id":"https:\/\/contactfm72.fr\/?p=12018#breadcrumb"},"inLanguage":"fr-FR","potentialAction":[{"@type":"ReadAction","target":["https:\/\/contactfm72.fr\/?p=12018"]}]},{"@type":"ImageObject","inLanguage":"fr-FR","@id":"https:\/\/contactfm72.fr\/?p=12018#primaryimage","url":"https:\/\/contactfm72.fr\/wp-content\/uploads\/2022\/12\/la-poste.jpg","contentUrl":"https:\/\/contactfm72.fr\/wp-content\/uploads\/2022\/12\/la-poste.jpg","width":2048,"height":1536,"caption":"Les nouveaux locaux de la Poste de Ch\u00e2teau-du-Loir, dans la Sarthe."},{"@type":"BreadcrumbList","@id":"https:\/\/contactfm72.fr\/?p=12018#breadcrumb","itemListElement":[{"@type":"ListItem","position":1,"name":"Accueil","item":"https:\/\/contactfm72.fr\/"},{"@type":"ListItem","position":2,"name":"Ch\u00e2teau-du-Loir. La Poste r\u00e9nov\u00e9e \u00ab du sol au plafond \u00bb"}]},{"@type":"WebSite","@id":"https:\/\/contactfm72.fr\/#website","url":"https:\/\/contactfm72.fr\/","name":"Contact FM 99.3","description":"Votre radio en vall\u00e9e du Loir","publisher":{"@id":"https:\/\/contactfm72.fr\/#organization"},"potentialAction":[{"@type":"SearchAction","target":{"@type":"EntryPoint","urlTemplate":"https:\/\/contactfm72.fr\/?s={search_term_string}"},"query-input":{"@type":"PropertyValueSpecification","valueRequired":true,"valueName":"search_term_string"}}],"inLanguage":"fr-FR"},{"@type":"Organization","@id":"https:\/\/contactfm72.fr\/#organization","name":"Contact FM 99.3","url":"https:\/\/contactfm72.fr\/","logo":{"@type":"ImageObject","inLanguage":"fr-FR","@id":"https:\/\/contactfm72.fr\/#\/schema\/logo\/image\/","url":"https:\/\/contactfm72.fr\/wp-content\/uploads\/2025\/04\/2025-04-18-2.jpg","contentUrl":"https:\/\/contactfm72.fr\/wp-content\/uploads\/2025\/04\/2025-04-18-2.jpg","width":680,"height":307,"caption":"Contact FM 99.3"},"image":{"@id":"https:\/\/contactfm72.fr\/#\/schema\/logo\/image\/"},"sameAs":["https:\/\/www.facebook.com\/Contactfm.Chateauduloir","https:\/\/x.com\/contactfm72","https:\/\/www.instagram.com\/contact.fm.72?igsh=cGhlMHQ5N2JlNnpp","https:\/\/www.tiktok.com\/@contact.fm"]},{"@type":"Person","@id":"https:\/\/contactfm72.fr\/#\/schema\/person\/9fdc9d1c2eb029354a4f1535b90ba82d","name":"Val\u00e9rie C.","image":{"@type":"ImageObject","inLanguage":"fr-FR","@id":"https:\/\/secure.gravatar.com\/avatar\/2f8aa28f8dfbd7d4420afd1fdcdd0a349923e2c8a38ab28198b0f9d0601e4737?s=96&d=mm&r=g","url":"https:\/\/secure.gravatar.com\/avatar\/2f8aa28f8dfbd7d4420afd1fdcdd0a349923e2c8a38ab28198b0f9d0601e4737?s=96&d=mm&r=g","contentUrl":"https:\/\/secure.gravatar.com\/avatar\/2f8aa28f8dfbd7d4420afd1fdcdd0a349923e2c8a38ab28198b0f9d0601e4737?s=96&d=mm&r=g","caption":"Val\u00e9rie C."},"url":"https:\/\/contactfm72.fr\/?author=4"}]}},"_links":{"self":[{"href":"https:\/\/contactfm72.fr\/index.php?rest_route=\/wp\/v2\/posts\/12018","targetHints":{"allow":["GET"]}}],"collection":[{"href":"https:\/\/contactfm72.fr\/index.php?rest_route=\/wp\/v2\/posts"}],"about":[{"href":"https:\/\/contactfm72.fr\/index.php?rest_route=\/wp\/v2\/types\/post"}],"author":[{"embeddable":true,"href":"https:\/\/contactfm72.fr\/index.php?rest_route=\/wp\/v2\/users\/4"}],"replies":[{"embeddable":true,"href":"https:\/\/contactfm72.fr\/index.php?rest_route=%2Fwp%2Fv2%2Fcomments&post=12018"}],"version-history":[{"count":1,"href":"https:\/\/contactfm72.fr\/index.php?rest_route=\/wp\/v2\/posts\/12018\/revisions"}],"predecessor-version":[{"id":12020,"href":"https:\/\/contactfm72.fr\/index.php?rest_route=\/wp\/v2\/posts\/12018\/revisions\/12020"}],"wp:featuredmedia":[{"embeddable":true,"href":"https:\/\/contactfm72.fr\/index.php?rest_route=\/wp\/v2\/media\/12019"}],"wp:attachment":[{"href":"https:\/\/contactfm72.fr\/index.php?rest_route=%2Fwp%2Fv2%2Fmedia&parent=12018"}],"wp:term":[{"taxonomy":"category","embeddable":true,"href":"https:\/\/contactfm72.fr\/index.php?rest_route=%2Fwp%2Fv2%2Fcategories&post=12018"},{"taxonomy":"post_tag","embeddable":true,"href":"https:\/\/contactfm72.fr\/index.php?rest_route=%2Fwp%2Fv2%2Ftags&post=12018"}],"curies":[{"name":"wp","href":"https:\/\/api.w.org\/{rel}","templated":true}]}}