{"id":11853,"date":"2022-11-25T16:30:12","date_gmt":"2022-11-25T15:30:12","guid":{"rendered":"http:\/\/contactfm72.fr\/?p=11853"},"modified":"2022-11-22T17:09:38","modified_gmt":"2022-11-22T16:09:38","slug":"tremplin-musical-le-groupe-leaf-va-sortir-son-premier-ep","status":"publish","type":"post","link":"https:\/\/contactfm72.fr\/?p=11853","title":{"rendered":"Tremplin musical. Le groupe LEAF va sortir son premier EP"},"content":{"rendered":"<h2>Gagnant du dernier tremplin musical organis\u00e9 \u00e0 Montval-sur-Loir (Sarthe), le groupe de musique LEAF a enregistr\u00e9 leur premier EP \u00ab Labyrinth \u00bb au sein du studio dissay\u00e9en \u00ab Old School Palace \u00bb.<\/h2>\n<p>&nbsp;<\/p>\n<p>Souvenez-vous\u00a0: le groupe <strong>LEAF<\/strong> avait remport\u00e9 le dernier tremplin musical organis\u00e9 sous une chaleur \u00e9crasante lors de la derni\u00e8re f\u00eate de la musique \u00e0 <strong>Montval-sur-Loir.<\/strong> Six mois plus tard, les quatre membres du groupe se sont retrouv\u00e9s \u00e0 <strong>Dissay-sous-Courcillon<\/strong> pour enregistrer leur tout premier EP, extended play, un format plus court qu\u2019un album.<\/p>\n<p>&nbsp;<\/p>\n<h3><strong>\u00ab\u00a0Labyrinth\u00a0\u00bb<\/strong><\/h3>\n<p>Originaire du Mans, LEAF se compose de <strong>quatre membres<\/strong>\u00a0: Adrien et Killian, guitaristes, Tony, \u00e0 la batterie, et Marion, au chant. \u00ab\u00a0On s\u2019est rencontr\u00e9 gr\u00e2ce \u00e0 une petite annonce d\u00e9pos\u00e9e sur un site sp\u00e9cialis\u00e9. Le feeling est tout de suite pass\u00e9\u00a0\u00bb, pr\u00e9sente la chanteuse.<\/p>\n<p>Suite \u00e0 leur victoire, LEAF a donc choisi de confectionner leur premier EP\u00a0: \u00ab\u00a0Nous proposons <strong>cinq titres<\/strong> originaux qu\u2019on avait interpr\u00e9t\u00e9 lors du tremplin\u00a0\u00bb, continuent les membres.<\/p>\n<p>Appel\u00e9 \u00ab\u00a0Labyrinth\u00a0\u00bb, cet EP a \u00e9t\u00e9 enregistr\u00e9 en cinq jours au <strong>\u00ab\u00a0Old School Palace\u00a0\u00bb<\/strong>, le studio d\u2019enregistrement de <strong>Lena\u00efc Hureau, r\u00e9gisseur technicien<\/strong>.<\/p>\n<blockquote><p>\u00ab\u00a0On esp\u00e8re que notre EP nous servira de promotion et augmentera notre visibilit\u00e9. On veut se faire conna\u00eetre, et c\u2019est une sorte de carte de visite pour nous, pour montrer ce que l\u2019on sait faire\u00a0\u00bb, exprime LEAF.<\/p><\/blockquote>\n<p>&nbsp;<\/p>\n<h3><strong>Accompagnement professionnel<\/strong><\/h3>\n<p><strong>Sophie Jousse<\/strong>, directrice des affaires culturelles de la Cast\u00e9lorienne, tenait \u00e0 accompagner le groupe laur\u00e9at\u00a0: \u00ab\u00a0C\u2019est un r\u00e9el accompagnement professionnel en fonction de leurs besoins et envies. LEAF avait besoin de promotion via un EP. Sur notre territoire, on a la chance d\u2019avoir un studio d\u2019enregistrement. Ils ont pu b\u00e9n\u00e9ficier des comp\u00e9tences et conseils de L\u00e9na\u00efc\u00a0\u00bb.<\/p>\n<blockquote><p>L\u2019enregistrement d\u00e9sormais termin\u00e9, L\u00e9na\u00efc Hureau va s\u2019occuper maintenant de tout le mixage et arrangements\u00a0: \u00ab\u00a0J\u2019attends l\u2019avis du groupe qui a le dernier mot sur leur EP. Les sons seront ensuite envoy\u00e9s vers la derni\u00e8re \u00e9tape\u00a0: le mastering\u00a0\u00bb, termine le professionnel.<\/p><\/blockquote>\n<p>Sorti pr\u00e9vu de \u00ab\u00a0Labyrinth\u00a0\u00bb en <strong>2023<\/strong>.<\/p>\n<p>&nbsp;<\/p>\n<h5>\nPour plus d&#8217;informations sur LEAF : site internet : https:\/\/www.leaf-band.com. Facebook : LEAF et Instagram : leaf_band_<\/h5>\n<!-- AddThis Advanced Settings generic via filter on the_content --><!-- AddThis Share Buttons generic via filter on the_content -->","protected":false},"excerpt":{"rendered":"<p>Gagnant du dernier tremplin musical organis\u00e9 \u00e0 Montval-sur-Loir (Sarthe), le groupe de musique LEAF a enregistr\u00e9 leur premier EP \u00ab Labyrinth \u00bb au sein du studio dissay\u00e9en \u00ab Old School Palace \u00bb. &nbsp; Souvenez-vous\u00a0: le groupe LEAF avait remport\u00e9 le dernier tremplin musical organis\u00e9 sous une chaleur \u00e9crasante lors de la derni\u00e8re f\u00eate de la&hellip;<!-- AddThis Advanced Settings generic via filter on get_the_excerpt --><!-- AddThis Share Buttons generic via filter on get_the_excerpt --><\/p>\n","protected":false},"author":4,"featured_media":11854,"comment_status":"closed","ping_status":"open","sticky":false,"template":"","format":"standard","meta":{"footnotes":""},"categories":[1],"tags":[],"class_list":["post-11853","post","type-post","status-publish","format-standard","has-post-thumbnail","hentry","category-contact-fm-72","category-1","description-off"],"yoast_head":"<!-- This site is optimized with the Yoast SEO plugin v27.4 - https:\/\/yoast.com\/product\/yoast-seo-wordpress\/ -->\n<title>Tremplin musical. Le groupe LEAF va sortir son premier EP - Contact FM 99.3<\/title>\n<meta name=\"robots\" content=\"index, follow, max-snippet:-1, max-image-preview:large, max-video-preview:-1\" \/>\n<link rel=\"canonical\" href=\"https:\/\/contactfm72.fr\/?p=11853\" \/>\n<meta property=\"og:locale\" content=\"fr_FR\" \/>\n<meta property=\"og:type\" content=\"article\" \/>\n<meta property=\"og:title\" content=\"Tremplin musical. Le groupe LEAF va sortir son premier EP - Contact FM 99.3\" \/>\n<meta property=\"og:description\" content=\"Gagnant du dernier tremplin musical organis\u00e9 \u00e0 Montval-sur-Loir (Sarthe), le groupe de musique LEAF a enregistr\u00e9 leur premier EP \u00ab Labyrinth \u00bb au sein du studio dissay\u00e9en \u00ab Old School Palace \u00bb. &nbsp; Souvenez-vous\u00a0: le groupe LEAF avait remport\u00e9 le dernier tremplin musical organis\u00e9 sous une chaleur \u00e9crasante lors de la derni\u00e8re f\u00eate de la&hellip;\" \/>\n<meta property=\"og:url\" content=\"https:\/\/contactfm72.fr\/?p=11853\" \/>\n<meta property=\"og:site_name\" content=\"Contact FM 99.3\" \/>\n<meta property=\"article:publisher\" content=\"https:\/\/www.facebook.com\/Contactfm.Chateauduloir\" \/>\n<meta property=\"article:published_time\" content=\"2022-11-25T15:30:12+00:00\" \/>\n<meta property=\"og:image\" content=\"https:\/\/contactfm72.fr\/wp-content\/uploads\/2022\/11\/leaf.jpg\" \/>\n\t<meta property=\"og:image:width\" content=\"2048\" \/>\n\t<meta property=\"og:image:height\" content=\"1536\" \/>\n\t<meta property=\"og:image:type\" content=\"image\/jpeg\" \/>\n<meta name=\"author\" content=\"Val\u00e9rie C.\" \/>\n<meta name=\"twitter:card\" content=\"summary_large_image\" \/>\n<meta name=\"twitter:creator\" content=\"@contactfm72\" \/>\n<meta name=\"twitter:site\" content=\"@contactfm72\" \/>\n<meta name=\"twitter:label1\" content=\"\u00c9crit par\" \/>\n\t<meta name=\"twitter:data1\" content=\"Val\u00e9rie C.\" \/>\n\t<meta name=\"twitter:label2\" content=\"Dur\u00e9e de lecture estim\u00e9e\" \/>\n\t<meta name=\"twitter:data2\" content=\"2 minutes\" \/>\n<script type=\"application\/ld+json\" class=\"yoast-schema-graph\">{\"@context\":\"https:\\\/\\\/schema.org\",\"@graph\":[{\"@type\":\"Article\",\"@id\":\"https:\\\/\\\/contactfm72.fr\\\/?p=11853#article\",\"isPartOf\":{\"@id\":\"https:\\\/\\\/contactfm72.fr\\\/?p=11853\"},\"author\":{\"name\":\"Val\u00e9rie C.\",\"@id\":\"https:\\\/\\\/contactfm72.fr\\\/#\\\/schema\\\/person\\\/9fdc9d1c2eb029354a4f1535b90ba82d\"},\"headline\":\"Tremplin musical. Le groupe LEAF va sortir son premier EP\",\"datePublished\":\"2022-11-25T15:30:12+00:00\",\"mainEntityOfPage\":{\"@id\":\"https:\\\/\\\/contactfm72.fr\\\/?p=11853\"},\"wordCount\":381,\"publisher\":{\"@id\":\"https:\\\/\\\/contactfm72.fr\\\/#organization\"},\"image\":{\"@id\":\"https:\\\/\\\/contactfm72.fr\\\/?p=11853#primaryimage\"},\"thumbnailUrl\":\"https:\\\/\\\/contactfm72.fr\\\/wp-content\\\/uploads\\\/2022\\\/11\\\/leaf.jpg\",\"articleSection\":[\"Contact FM 72\"],\"inLanguage\":\"fr-FR\"},{\"@type\":\"WebPage\",\"@id\":\"https:\\\/\\\/contactfm72.fr\\\/?p=11853\",\"url\":\"https:\\\/\\\/contactfm72.fr\\\/?p=11853\",\"name\":\"Tremplin musical. Le groupe LEAF va sortir son premier EP - Contact FM 99.3\",\"isPartOf\":{\"@id\":\"https:\\\/\\\/contactfm72.fr\\\/#website\"},\"primaryImageOfPage\":{\"@id\":\"https:\\\/\\\/contactfm72.fr\\\/?p=11853#primaryimage\"},\"image\":{\"@id\":\"https:\\\/\\\/contactfm72.fr\\\/?p=11853#primaryimage\"},\"thumbnailUrl\":\"https:\\\/\\\/contactfm72.fr\\\/wp-content\\\/uploads\\\/2022\\\/11\\\/leaf.jpg\",\"datePublished\":\"2022-11-25T15:30:12+00:00\",\"breadcrumb\":{\"@id\":\"https:\\\/\\\/contactfm72.fr\\\/?p=11853#breadcrumb\"},\"inLanguage\":\"fr-FR\",\"potentialAction\":[{\"@type\":\"ReadAction\",\"target\":[\"https:\\\/\\\/contactfm72.fr\\\/?p=11853\"]}]},{\"@type\":\"ImageObject\",\"inLanguage\":\"fr-FR\",\"@id\":\"https:\\\/\\\/contactfm72.fr\\\/?p=11853#primaryimage\",\"url\":\"https:\\\/\\\/contactfm72.fr\\\/wp-content\\\/uploads\\\/2022\\\/11\\\/leaf.jpg\",\"contentUrl\":\"https:\\\/\\\/contactfm72.fr\\\/wp-content\\\/uploads\\\/2022\\\/11\\\/leaf.jpg\",\"width\":2048,\"height\":1536,\"caption\":\"Les membres du groupe LEAF, accompagn\u00e9s de L\u00e9na\u00efc Hureau, deuxi\u00e8me \u00e0 gauche, et Claire Coulonnier, adjointe \u00e0 la Culture montvaloise, \u00e0 droite.\"},{\"@type\":\"BreadcrumbList\",\"@id\":\"https:\\\/\\\/contactfm72.fr\\\/?p=11853#breadcrumb\",\"itemListElement\":[{\"@type\":\"ListItem\",\"position\":1,\"name\":\"Accueil\",\"item\":\"https:\\\/\\\/contactfm72.fr\\\/\"},{\"@type\":\"ListItem\",\"position\":2,\"name\":\"Tremplin musical. Le groupe LEAF va sortir son premier EP\"}]},{\"@type\":\"WebSite\",\"@id\":\"https:\\\/\\\/contactfm72.fr\\\/#website\",\"url\":\"https:\\\/\\\/contactfm72.fr\\\/\",\"name\":\"Contact FM 99.3\",\"description\":\"Votre radio en vall\u00e9e du Loir\",\"publisher\":{\"@id\":\"https:\\\/\\\/contactfm72.fr\\\/#organization\"},\"potentialAction\":[{\"@type\":\"SearchAction\",\"target\":{\"@type\":\"EntryPoint\",\"urlTemplate\":\"https:\\\/\\\/contactfm72.fr\\\/?s={search_term_string}\"},\"query-input\":{\"@type\":\"PropertyValueSpecification\",\"valueRequired\":true,\"valueName\":\"search_term_string\"}}],\"inLanguage\":\"fr-FR\"},{\"@type\":\"Organization\",\"@id\":\"https:\\\/\\\/contactfm72.fr\\\/#organization\",\"name\":\"Contact FM 99.3\",\"url\":\"https:\\\/\\\/contactfm72.fr\\\/\",\"logo\":{\"@type\":\"ImageObject\",\"inLanguage\":\"fr-FR\",\"@id\":\"https:\\\/\\\/contactfm72.fr\\\/#\\\/schema\\\/logo\\\/image\\\/\",\"url\":\"https:\\\/\\\/contactfm72.fr\\\/wp-content\\\/uploads\\\/2025\\\/04\\\/2025-04-18-2.jpg\",\"contentUrl\":\"https:\\\/\\\/contactfm72.fr\\\/wp-content\\\/uploads\\\/2025\\\/04\\\/2025-04-18-2.jpg\",\"width\":680,\"height\":307,\"caption\":\"Contact FM 99.3\"},\"image\":{\"@id\":\"https:\\\/\\\/contactfm72.fr\\\/#\\\/schema\\\/logo\\\/image\\\/\"},\"sameAs\":[\"https:\\\/\\\/www.facebook.com\\\/Contactfm.Chateauduloir\",\"https:\\\/\\\/x.com\\\/contactfm72\",\"https:\\\/\\\/www.instagram.com\\\/contact.fm.72?igsh=cGhlMHQ5N2JlNnpp\",\"https:\\\/\\\/www.tiktok.com\\\/@contact.fm\"]},{\"@type\":\"Person\",\"@id\":\"https:\\\/\\\/contactfm72.fr\\\/#\\\/schema\\\/person\\\/9fdc9d1c2eb029354a4f1535b90ba82d\",\"name\":\"Val\u00e9rie C.\",\"image\":{\"@type\":\"ImageObject\",\"inLanguage\":\"fr-FR\",\"@id\":\"https:\\\/\\\/secure.gravatar.com\\\/avatar\\\/2f8aa28f8dfbd7d4420afd1fdcdd0a349923e2c8a38ab28198b0f9d0601e4737?s=96&d=mm&r=g\",\"url\":\"https:\\\/\\\/secure.gravatar.com\\\/avatar\\\/2f8aa28f8dfbd7d4420afd1fdcdd0a349923e2c8a38ab28198b0f9d0601e4737?s=96&d=mm&r=g\",\"contentUrl\":\"https:\\\/\\\/secure.gravatar.com\\\/avatar\\\/2f8aa28f8dfbd7d4420afd1fdcdd0a349923e2c8a38ab28198b0f9d0601e4737?s=96&d=mm&r=g\",\"caption\":\"Val\u00e9rie C.\"},\"url\":\"https:\\\/\\\/contactfm72.fr\\\/?author=4\"}]}<\/script>\n<!-- \/ Yoast SEO plugin. -->","yoast_head_json":{"title":"Tremplin musical. Le groupe LEAF va sortir son premier EP - Contact FM 99.3","robots":{"index":"index","follow":"follow","max-snippet":"max-snippet:-1","max-image-preview":"max-image-preview:large","max-video-preview":"max-video-preview:-1"},"canonical":"https:\/\/contactfm72.fr\/?p=11853","og_locale":"fr_FR","og_type":"article","og_title":"Tremplin musical. Le groupe LEAF va sortir son premier EP - Contact FM 99.3","og_description":"Gagnant du dernier tremplin musical organis\u00e9 \u00e0 Montval-sur-Loir (Sarthe), le groupe de musique LEAF a enregistr\u00e9 leur premier EP \u00ab Labyrinth \u00bb au sein du studio dissay\u00e9en \u00ab Old School Palace \u00bb. &nbsp; Souvenez-vous\u00a0: le groupe LEAF avait remport\u00e9 le dernier tremplin musical organis\u00e9 sous une chaleur \u00e9crasante lors de la derni\u00e8re f\u00eate de la&hellip;","og_url":"https:\/\/contactfm72.fr\/?p=11853","og_site_name":"Contact FM 99.3","article_publisher":"https:\/\/www.facebook.com\/Contactfm.Chateauduloir","article_published_time":"2022-11-25T15:30:12+00:00","og_image":[{"width":2048,"height":1536,"url":"https:\/\/contactfm72.fr\/wp-content\/uploads\/2022\/11\/leaf.jpg","type":"image\/jpeg"}],"author":"Val\u00e9rie C.","twitter_card":"summary_large_image","twitter_creator":"@contactfm72","twitter_site":"@contactfm72","twitter_misc":{"\u00c9crit par":"Val\u00e9rie C.","Dur\u00e9e de lecture estim\u00e9e":"2 minutes"},"schema":{"@context":"https:\/\/schema.org","@graph":[{"@type":"Article","@id":"https:\/\/contactfm72.fr\/?p=11853#article","isPartOf":{"@id":"https:\/\/contactfm72.fr\/?p=11853"},"author":{"name":"Val\u00e9rie C.","@id":"https:\/\/contactfm72.fr\/#\/schema\/person\/9fdc9d1c2eb029354a4f1535b90ba82d"},"headline":"Tremplin musical. Le groupe LEAF va sortir son premier EP","datePublished":"2022-11-25T15:30:12+00:00","mainEntityOfPage":{"@id":"https:\/\/contactfm72.fr\/?p=11853"},"wordCount":381,"publisher":{"@id":"https:\/\/contactfm72.fr\/#organization"},"image":{"@id":"https:\/\/contactfm72.fr\/?p=11853#primaryimage"},"thumbnailUrl":"https:\/\/contactfm72.fr\/wp-content\/uploads\/2022\/11\/leaf.jpg","articleSection":["Contact FM 72"],"inLanguage":"fr-FR"},{"@type":"WebPage","@id":"https:\/\/contactfm72.fr\/?p=11853","url":"https:\/\/contactfm72.fr\/?p=11853","name":"Tremplin musical. Le groupe LEAF va sortir son premier EP - Contact FM 99.3","isPartOf":{"@id":"https:\/\/contactfm72.fr\/#website"},"primaryImageOfPage":{"@id":"https:\/\/contactfm72.fr\/?p=11853#primaryimage"},"image":{"@id":"https:\/\/contactfm72.fr\/?p=11853#primaryimage"},"thumbnailUrl":"https:\/\/contactfm72.fr\/wp-content\/uploads\/2022\/11\/leaf.jpg","datePublished":"2022-11-25T15:30:12+00:00","breadcrumb":{"@id":"https:\/\/contactfm72.fr\/?p=11853#breadcrumb"},"inLanguage":"fr-FR","potentialAction":[{"@type":"ReadAction","target":["https:\/\/contactfm72.fr\/?p=11853"]}]},{"@type":"ImageObject","inLanguage":"fr-FR","@id":"https:\/\/contactfm72.fr\/?p=11853#primaryimage","url":"https:\/\/contactfm72.fr\/wp-content\/uploads\/2022\/11\/leaf.jpg","contentUrl":"https:\/\/contactfm72.fr\/wp-content\/uploads\/2022\/11\/leaf.jpg","width":2048,"height":1536,"caption":"Les membres du groupe LEAF, accompagn\u00e9s de L\u00e9na\u00efc Hureau, deuxi\u00e8me \u00e0 gauche, et Claire Coulonnier, adjointe \u00e0 la Culture montvaloise, \u00e0 droite."},{"@type":"BreadcrumbList","@id":"https:\/\/contactfm72.fr\/?p=11853#breadcrumb","itemListElement":[{"@type":"ListItem","position":1,"name":"Accueil","item":"https:\/\/contactfm72.fr\/"},{"@type":"ListItem","position":2,"name":"Tremplin musical. Le groupe LEAF va sortir son premier EP"}]},{"@type":"WebSite","@id":"https:\/\/contactfm72.fr\/#website","url":"https:\/\/contactfm72.fr\/","name":"Contact FM 99.3","description":"Votre radio en vall\u00e9e du Loir","publisher":{"@id":"https:\/\/contactfm72.fr\/#organization"},"potentialAction":[{"@type":"SearchAction","target":{"@type":"EntryPoint","urlTemplate":"https:\/\/contactfm72.fr\/?s={search_term_string}"},"query-input":{"@type":"PropertyValueSpecification","valueRequired":true,"valueName":"search_term_string"}}],"inLanguage":"fr-FR"},{"@type":"Organization","@id":"https:\/\/contactfm72.fr\/#organization","name":"Contact FM 99.3","url":"https:\/\/contactfm72.fr\/","logo":{"@type":"ImageObject","inLanguage":"fr-FR","@id":"https:\/\/contactfm72.fr\/#\/schema\/logo\/image\/","url":"https:\/\/contactfm72.fr\/wp-content\/uploads\/2025\/04\/2025-04-18-2.jpg","contentUrl":"https:\/\/contactfm72.fr\/wp-content\/uploads\/2025\/04\/2025-04-18-2.jpg","width":680,"height":307,"caption":"Contact FM 99.3"},"image":{"@id":"https:\/\/contactfm72.fr\/#\/schema\/logo\/image\/"},"sameAs":["https:\/\/www.facebook.com\/Contactfm.Chateauduloir","https:\/\/x.com\/contactfm72","https:\/\/www.instagram.com\/contact.fm.72?igsh=cGhlMHQ5N2JlNnpp","https:\/\/www.tiktok.com\/@contact.fm"]},{"@type":"Person","@id":"https:\/\/contactfm72.fr\/#\/schema\/person\/9fdc9d1c2eb029354a4f1535b90ba82d","name":"Val\u00e9rie C.","image":{"@type":"ImageObject","inLanguage":"fr-FR","@id":"https:\/\/secure.gravatar.com\/avatar\/2f8aa28f8dfbd7d4420afd1fdcdd0a349923e2c8a38ab28198b0f9d0601e4737?s=96&d=mm&r=g","url":"https:\/\/secure.gravatar.com\/avatar\/2f8aa28f8dfbd7d4420afd1fdcdd0a349923e2c8a38ab28198b0f9d0601e4737?s=96&d=mm&r=g","contentUrl":"https:\/\/secure.gravatar.com\/avatar\/2f8aa28f8dfbd7d4420afd1fdcdd0a349923e2c8a38ab28198b0f9d0601e4737?s=96&d=mm&r=g","caption":"Val\u00e9rie C."},"url":"https:\/\/contactfm72.fr\/?author=4"}]}},"_links":{"self":[{"href":"https:\/\/contactfm72.fr\/index.php?rest_route=\/wp\/v2\/posts\/11853","targetHints":{"allow":["GET"]}}],"collection":[{"href":"https:\/\/contactfm72.fr\/index.php?rest_route=\/wp\/v2\/posts"}],"about":[{"href":"https:\/\/contactfm72.fr\/index.php?rest_route=\/wp\/v2\/types\/post"}],"author":[{"embeddable":true,"href":"https:\/\/contactfm72.fr\/index.php?rest_route=\/wp\/v2\/users\/4"}],"replies":[{"embeddable":true,"href":"https:\/\/contactfm72.fr\/index.php?rest_route=%2Fwp%2Fv2%2Fcomments&post=11853"}],"version-history":[{"count":1,"href":"https:\/\/contactfm72.fr\/index.php?rest_route=\/wp\/v2\/posts\/11853\/revisions"}],"predecessor-version":[{"id":11855,"href":"https:\/\/contactfm72.fr\/index.php?rest_route=\/wp\/v2\/posts\/11853\/revisions\/11855"}],"wp:featuredmedia":[{"embeddable":true,"href":"https:\/\/contactfm72.fr\/index.php?rest_route=\/wp\/v2\/media\/11854"}],"wp:attachment":[{"href":"https:\/\/contactfm72.fr\/index.php?rest_route=%2Fwp%2Fv2%2Fmedia&parent=11853"}],"wp:term":[{"taxonomy":"category","embeddable":true,"href":"https:\/\/contactfm72.fr\/index.php?rest_route=%2Fwp%2Fv2%2Fcategories&post=11853"},{"taxonomy":"post_tag","embeddable":true,"href":"https:\/\/contactfm72.fr\/index.php?rest_route=%2Fwp%2Fv2%2Ftags&post=11853"}],"curies":[{"name":"wp","href":"https:\/\/api.w.org\/{rel}","templated":true}]}}