{"id":11849,"date":"2022-11-24T17:30:09","date_gmt":"2022-11-24T16:30:09","guid":{"rendered":"http:\/\/contactfm72.fr\/?p=11849"},"modified":"2022-11-21T16:59:21","modified_gmt":"2022-11-21T15:59:21","slug":"sud-sarthe-le-studio-du-cheveu-nouveau-salon-de-coiffure-de-la-galerie-marchande-leclerc","status":"publish","type":"post","link":"https:\/\/contactfm72.fr\/?p=11849","title":{"rendered":"Sud-Sarthe : Le studio du cheveu, nouveau salon de coiffure de la galerie marchande &#8220;Leclerc&#8221;"},"content":{"rendered":"<h2>A 37 ans, St\u00e9phanie Boiss\u00e9 lance son propre concept et est g\u00e9rante de \u00ab Le studio du cheveu \u00bb, le nouveau salon de coiffure de la galerie marchande de l\u2019espace Leclerc de Vouvray-sur-Loir (Sarthe).<\/h2>\n<p>&nbsp;<\/p>\n<p>Adieu le rouge et blanc. La franchise <strong>Shampoo<\/strong> a disparu de la galerie commerciale du centre <strong>Leclerc, <\/strong>de <strong>Vouvray-sur-Loir (Sarthe)<\/strong>, et St\u00e9phanie Boiss\u00e9, g\u00e9rante, est fi\u00e8re de pr\u00e9senter son nouveau salon de coiffure\u00a0: <strong>Le studio du cheveu<\/strong>.<\/p>\n<p>Originaire du territoire, la trentenaire a effectu\u00e9 son apprentissage au salon de coiffure du centre ville de Ch\u00e2teau-du-Loir appel\u00e9 \u00ab\u00a0H2O\u00a0\u00bb \u00e0 l\u2019\u00e9poque.<\/p>\n<blockquote><p>\u00ab\u00a0Tr\u00e8s vite, je suis devenue responsable du salon Shampoo pendant sept ans au sein de Leclerc. J\u2019\u00e9tais en charge du salon et de la cr\u00e9ation,\u00a0j\u2019avais carte blanche \u00bb, se rappelle St\u00e9phanie Boiss\u00e9.<\/p><\/blockquote>\n<p>Au bout de sept ann\u00e9es, la coiffeuse d\u00e9cide donc de \u00ab\u00a0racheter les fonds du commerce\u00a0\u00bb. Or, lorsqu\u2019elle a repris la franchise, St\u00e9phanie explique :<\/p>\n<blockquote><p>\u00ab\u00a0J\u2019\u00e9tais sous contrat avec la franchise pendant dix ans. Je ne pouvais pas faire ce que je voulais, c\u2019\u00e9tait une vraie barri\u00e8re\u00a0\u00bb. Par la suite, Shampoo est alors plac\u00e9 sous liquidation judiciaire plus t\u00f4t dans l\u2019ann\u00e9e, et St\u00e9phanie Boiss\u00e9 a pu lancer son propre concept\u00a0: Le studio du cheveu.<\/p><\/blockquote>\n<p>&nbsp;<\/p>\n<h3><strong>Chaleureux et chic<\/strong><\/h3>\n<p>En mai 2022, une nouvelle aventure commence alors pour St\u00e9phanie Boiss\u00e9. \u00ab\u00a0J\u2019avais d\u00e9j\u00e0 tout en t\u00eate\u00a0: la d\u00e9coration, la disposition de mon salon\u2026 tout\u00a0! Il ne manquait plus que les travaux\u00a0\u00bb, se r\u00e9jouit la coiffeuse.<\/p>\n<p>Son salon fait donc peau neuve et ouvre le 8 octobre\u00a0: \u00ab\u00a0J\u2019ai fait en fonction de mes go\u00fbts, mais aussi pour mes clients. Je voulais qu\u2019ils se sentent bien dans une <strong>ambiance chaleureuse et chic<\/strong>\u00a0\u00bb.<\/p>\n<p>&nbsp;<\/p>\n<h3><strong>Soins personnalis\u00e9s<\/strong><\/h3>\n<p>Dans ce salon de coiffure, les cinq salari\u00e9s de St\u00e9phanie et elle-m\u00eame proposent tout un tas de prestations, mais toujours de qualit\u00e9. Bacs massant, suivi de beaut\u00e9, ou encore <strong>diagnostics personnels<\/strong>\u00a0:<\/p>\n<blockquote><p>\u00ab\u00a0On propose un suivi de notre client\u00e8le dans le sens o\u00f9 la qualit\u00e9 du cheveu sera toujours notre priorit\u00e9. Si un client nous demande une prestation mais qui ab\u00eemera son cheveu ou tout simplement qui ne lui ira pas, on refusera. Mais on l\u2019accompagnera dans sa d\u00e9marche\u00a0\u00bb, explique la professionnelle.<\/p><\/blockquote>\n<p>&nbsp;<\/p>\n<h3><strong>Avantage du centre commercial<\/strong><\/h3>\n<p>St\u00e9phanie Boiss\u00e9 est satisfaite de l\u2019emplacement de son salon. Localis\u00e9 dans l\u2019enceinte du<strong> centre Leclerc<\/strong>, c\u2019est un r\u00e9el avantage pour celle qui a d\u00e9j\u00e0 v\u00e9cu l\u2019exp\u00e9rience du centre ville cast\u00e9lorien\u00a0:\u00a0\u00ab\u00a0Pour rien au monde j\u2019aurais voulu \u00eatre dans le centre-ville. La galerie est tr\u00e8s <strong>dynamique<\/strong>, il y a toujours du passage. On a aucun souci pour le <strong>parking<\/strong> et le centre commercial est toujours anim\u00e9\u00a0\u00bb, \u00e9num\u00e8re St\u00e9phanie Boiss\u00e9.<\/p>\n<p>&nbsp;<\/p>\n<h3><strong>Fid\u00e9liser les clients<\/strong><\/h3>\n<p>Face \u00e0 l\u2019inflation, la g\u00e9rante n\u2019est pas du tout inqui\u00e8te\u00a0: \u00ab Les clients continueront de prendre soin d\u2019eux, et notre client\u00e8le est tr\u00e8s fid\u00e8le. Des personnes de Tours et du Mans viennent jusque dans notre salon\u00a0\u00bb. En ce sens, elle tient \u00e0 fid\u00e9liser ses clients\u00a0: carte de fid\u00e9lit\u00e9, pr\u00e9sence sur les r\u00e9seaux sociaux, et un espace boutique de vente tr\u00e8s complet.<\/p>\n<p>Elle conclut : \u00ab On est en recherche d\u2019une personne suppl\u00e9mentaire pour lib\u00e9rer du temps pour l\u2019\u00e9quipe. L\u2019id\u00e9al serait donc d\u2019\u00eatre sept coiffeurs afin de ne pas \u00eatre d\u00e9bord\u00e9s, et notamment avec la p\u00e9riode des f\u00eates qui approche, une p\u00e9riode charg\u00e9e pour nous \u00bb.<\/p>\n<p>&nbsp;<\/p>\n<p>&nbsp;<\/p>\n<h5>Infos pratiques\u00a0: Le studio du cheveu, Leclerc Zac Du Ch\u00eane Vert, \u00e0 Vouvray-sur-Loir. Ouvert du lundi au vendredi de 9 h \u00e0 19 h, et le samedi de 9 h \u00e0 18 h 30, sans interruption et sur rendez-vous au 02 43 44 49 17. Facebook\u00a0: Le studio du cheveu, et Instagram\u00a0: lestudioducheveu.<\/h5>\n<!-- AddThis Advanced Settings generic via filter on the_content --><!-- AddThis Share Buttons generic via filter on the_content -->","protected":false},"excerpt":{"rendered":"<p>A 37 ans, St\u00e9phanie Boiss\u00e9 lance son propre concept et est g\u00e9rante de \u00ab Le studio du cheveu \u00bb, le nouveau salon de coiffure de la galerie marchande de l\u2019espace Leclerc de Vouvray-sur-Loir (Sarthe). &nbsp; Adieu le rouge et blanc. La franchise Shampoo a disparu de la galerie commerciale du centre Leclerc, de Vouvray-sur-Loir (Sarthe),&hellip;<!-- AddThis Advanced Settings generic via filter on get_the_excerpt --><!-- AddThis Share Buttons generic via filter on get_the_excerpt --><\/p>\n","protected":false},"author":4,"featured_media":11850,"comment_status":"closed","ping_status":"open","sticky":false,"template":"","format":"standard","meta":{"footnotes":""},"categories":[1],"tags":[],"class_list":["post-11849","post","type-post","status-publish","format-standard","has-post-thumbnail","hentry","category-contact-fm-72","category-1","description-off"],"yoast_head":"<!-- This site is optimized with the Yoast SEO plugin v27.4 - https:\/\/yoast.com\/product\/yoast-seo-wordpress\/ -->\n<title>Sud-Sarthe : Le studio du cheveu, nouveau salon de coiffure de la galerie marchande &quot;Leclerc&quot; - Contact FM 99.3<\/title>\n<meta name=\"robots\" content=\"index, follow, max-snippet:-1, max-image-preview:large, max-video-preview:-1\" \/>\n<link rel=\"canonical\" href=\"https:\/\/contactfm72.fr\/?p=11849\" \/>\n<meta property=\"og:locale\" content=\"fr_FR\" \/>\n<meta property=\"og:type\" content=\"article\" \/>\n<meta property=\"og:title\" content=\"Sud-Sarthe : Le studio du cheveu, nouveau salon de coiffure de la galerie marchande &quot;Leclerc&quot; - Contact FM 99.3\" \/>\n<meta property=\"og:description\" content=\"A 37 ans, St\u00e9phanie Boiss\u00e9 lance son propre concept et est g\u00e9rante de \u00ab Le studio du cheveu \u00bb, le nouveau salon de coiffure de la galerie marchande de l\u2019espace Leclerc de Vouvray-sur-Loir (Sarthe). &nbsp; Adieu le rouge et blanc. La franchise Shampoo a disparu de la galerie commerciale du centre Leclerc, de Vouvray-sur-Loir (Sarthe),&hellip;\" \/>\n<meta property=\"og:url\" content=\"https:\/\/contactfm72.fr\/?p=11849\" \/>\n<meta property=\"og:site_name\" content=\"Contact FM 99.3\" \/>\n<meta property=\"article:publisher\" content=\"https:\/\/www.facebook.com\/Contactfm.Chateauduloir\" \/>\n<meta property=\"article:published_time\" content=\"2022-11-24T16:30:09+00:00\" \/>\n<meta property=\"og:image\" content=\"https:\/\/contactfm72.fr\/wp-content\/uploads\/2022\/11\/coiffure-leclerc.jpg\" \/>\n\t<meta property=\"og:image:width\" content=\"1200\" \/>\n\t<meta property=\"og:image:height\" content=\"976\" \/>\n\t<meta property=\"og:image:type\" content=\"image\/jpeg\" \/>\n<meta name=\"author\" content=\"Val\u00e9rie C.\" \/>\n<meta name=\"twitter:card\" content=\"summary_large_image\" \/>\n<meta name=\"twitter:creator\" content=\"@contactfm72\" \/>\n<meta name=\"twitter:site\" content=\"@contactfm72\" \/>\n<meta name=\"twitter:label1\" content=\"\u00c9crit par\" \/>\n\t<meta name=\"twitter:data1\" content=\"Val\u00e9rie C.\" \/>\n\t<meta name=\"twitter:label2\" content=\"Dur\u00e9e de lecture estim\u00e9e\" \/>\n\t<meta name=\"twitter:data2\" content=\"3 minutes\" \/>\n<script type=\"application\/ld+json\" class=\"yoast-schema-graph\">{\"@context\":\"https:\\\/\\\/schema.org\",\"@graph\":[{\"@type\":\"Article\",\"@id\":\"https:\\\/\\\/contactfm72.fr\\\/?p=11849#article\",\"isPartOf\":{\"@id\":\"https:\\\/\\\/contactfm72.fr\\\/?p=11849\"},\"author\":{\"name\":\"Val\u00e9rie C.\",\"@id\":\"https:\\\/\\\/contactfm72.fr\\\/#\\\/schema\\\/person\\\/9fdc9d1c2eb029354a4f1535b90ba82d\"},\"headline\":\"Sud-Sarthe : Le studio du cheveu, nouveau salon de coiffure de la galerie marchande &#8220;Leclerc&#8221;\",\"datePublished\":\"2022-11-24T16:30:09+00:00\",\"mainEntityOfPage\":{\"@id\":\"https:\\\/\\\/contactfm72.fr\\\/?p=11849\"},\"wordCount\":667,\"publisher\":{\"@id\":\"https:\\\/\\\/contactfm72.fr\\\/#organization\"},\"image\":{\"@id\":\"https:\\\/\\\/contactfm72.fr\\\/?p=11849#primaryimage\"},\"thumbnailUrl\":\"https:\\\/\\\/contactfm72.fr\\\/wp-content\\\/uploads\\\/2022\\\/11\\\/coiffure-leclerc.jpg\",\"articleSection\":[\"Contact FM 72\"],\"inLanguage\":\"fr-FR\"},{\"@type\":\"WebPage\",\"@id\":\"https:\\\/\\\/contactfm72.fr\\\/?p=11849\",\"url\":\"https:\\\/\\\/contactfm72.fr\\\/?p=11849\",\"name\":\"Sud-Sarthe : Le studio du cheveu, nouveau salon de coiffure de la galerie marchande \\\"Leclerc\\\" - Contact FM 99.3\",\"isPartOf\":{\"@id\":\"https:\\\/\\\/contactfm72.fr\\\/#website\"},\"primaryImageOfPage\":{\"@id\":\"https:\\\/\\\/contactfm72.fr\\\/?p=11849#primaryimage\"},\"image\":{\"@id\":\"https:\\\/\\\/contactfm72.fr\\\/?p=11849#primaryimage\"},\"thumbnailUrl\":\"https:\\\/\\\/contactfm72.fr\\\/wp-content\\\/uploads\\\/2022\\\/11\\\/coiffure-leclerc.jpg\",\"datePublished\":\"2022-11-24T16:30:09+00:00\",\"breadcrumb\":{\"@id\":\"https:\\\/\\\/contactfm72.fr\\\/?p=11849#breadcrumb\"},\"inLanguage\":\"fr-FR\",\"potentialAction\":[{\"@type\":\"ReadAction\",\"target\":[\"https:\\\/\\\/contactfm72.fr\\\/?p=11849\"]}]},{\"@type\":\"ImageObject\",\"inLanguage\":\"fr-FR\",\"@id\":\"https:\\\/\\\/contactfm72.fr\\\/?p=11849#primaryimage\",\"url\":\"https:\\\/\\\/contactfm72.fr\\\/wp-content\\\/uploads\\\/2022\\\/11\\\/coiffure-leclerc.jpg\",\"contentUrl\":\"https:\\\/\\\/contactfm72.fr\\\/wp-content\\\/uploads\\\/2022\\\/11\\\/coiffure-leclerc.jpg\",\"width\":1200,\"height\":976,\"caption\":\"L'\u00e9quipe de St\u00e9phanie Boiss\u00e9, assise \u00e0 gauche, dans leur nouveau salon de coiffure : Le studio du cheveu, \u00e0 Vouvray-sur-Loir.\"},{\"@type\":\"BreadcrumbList\",\"@id\":\"https:\\\/\\\/contactfm72.fr\\\/?p=11849#breadcrumb\",\"itemListElement\":[{\"@type\":\"ListItem\",\"position\":1,\"name\":\"Accueil\",\"item\":\"https:\\\/\\\/contactfm72.fr\\\/\"},{\"@type\":\"ListItem\",\"position\":2,\"name\":\"Sud-Sarthe : Le studio du cheveu, nouveau salon de coiffure de la galerie marchande &#8220;Leclerc&#8221;\"}]},{\"@type\":\"WebSite\",\"@id\":\"https:\\\/\\\/contactfm72.fr\\\/#website\",\"url\":\"https:\\\/\\\/contactfm72.fr\\\/\",\"name\":\"Contact FM 99.3\",\"description\":\"Votre radio en vall\u00e9e du Loir\",\"publisher\":{\"@id\":\"https:\\\/\\\/contactfm72.fr\\\/#organization\"},\"potentialAction\":[{\"@type\":\"SearchAction\",\"target\":{\"@type\":\"EntryPoint\",\"urlTemplate\":\"https:\\\/\\\/contactfm72.fr\\\/?s={search_term_string}\"},\"query-input\":{\"@type\":\"PropertyValueSpecification\",\"valueRequired\":true,\"valueName\":\"search_term_string\"}}],\"inLanguage\":\"fr-FR\"},{\"@type\":\"Organization\",\"@id\":\"https:\\\/\\\/contactfm72.fr\\\/#organization\",\"name\":\"Contact FM 99.3\",\"url\":\"https:\\\/\\\/contactfm72.fr\\\/\",\"logo\":{\"@type\":\"ImageObject\",\"inLanguage\":\"fr-FR\",\"@id\":\"https:\\\/\\\/contactfm72.fr\\\/#\\\/schema\\\/logo\\\/image\\\/\",\"url\":\"https:\\\/\\\/contactfm72.fr\\\/wp-content\\\/uploads\\\/2025\\\/04\\\/2025-04-18-2.jpg\",\"contentUrl\":\"https:\\\/\\\/contactfm72.fr\\\/wp-content\\\/uploads\\\/2025\\\/04\\\/2025-04-18-2.jpg\",\"width\":680,\"height\":307,\"caption\":\"Contact FM 99.3\"},\"image\":{\"@id\":\"https:\\\/\\\/contactfm72.fr\\\/#\\\/schema\\\/logo\\\/image\\\/\"},\"sameAs\":[\"https:\\\/\\\/www.facebook.com\\\/Contactfm.Chateauduloir\",\"https:\\\/\\\/x.com\\\/contactfm72\",\"https:\\\/\\\/www.instagram.com\\\/contact.fm.72?igsh=cGhlMHQ5N2JlNnpp\",\"https:\\\/\\\/www.tiktok.com\\\/@contact.fm\"]},{\"@type\":\"Person\",\"@id\":\"https:\\\/\\\/contactfm72.fr\\\/#\\\/schema\\\/person\\\/9fdc9d1c2eb029354a4f1535b90ba82d\",\"name\":\"Val\u00e9rie C.\",\"image\":{\"@type\":\"ImageObject\",\"inLanguage\":\"fr-FR\",\"@id\":\"https:\\\/\\\/secure.gravatar.com\\\/avatar\\\/2f8aa28f8dfbd7d4420afd1fdcdd0a349923e2c8a38ab28198b0f9d0601e4737?s=96&d=mm&r=g\",\"url\":\"https:\\\/\\\/secure.gravatar.com\\\/avatar\\\/2f8aa28f8dfbd7d4420afd1fdcdd0a349923e2c8a38ab28198b0f9d0601e4737?s=96&d=mm&r=g\",\"contentUrl\":\"https:\\\/\\\/secure.gravatar.com\\\/avatar\\\/2f8aa28f8dfbd7d4420afd1fdcdd0a349923e2c8a38ab28198b0f9d0601e4737?s=96&d=mm&r=g\",\"caption\":\"Val\u00e9rie C.\"},\"url\":\"https:\\\/\\\/contactfm72.fr\\\/?author=4\"}]}<\/script>\n<!-- \/ Yoast SEO plugin. -->","yoast_head_json":{"title":"Sud-Sarthe : Le studio du cheveu, nouveau salon de coiffure de la galerie marchande \"Leclerc\" - Contact FM 99.3","robots":{"index":"index","follow":"follow","max-snippet":"max-snippet:-1","max-image-preview":"max-image-preview:large","max-video-preview":"max-video-preview:-1"},"canonical":"https:\/\/contactfm72.fr\/?p=11849","og_locale":"fr_FR","og_type":"article","og_title":"Sud-Sarthe : Le studio du cheveu, nouveau salon de coiffure de la galerie marchande \"Leclerc\" - Contact FM 99.3","og_description":"A 37 ans, St\u00e9phanie Boiss\u00e9 lance son propre concept et est g\u00e9rante de \u00ab Le studio du cheveu \u00bb, le nouveau salon de coiffure de la galerie marchande de l\u2019espace Leclerc de Vouvray-sur-Loir (Sarthe). &nbsp; Adieu le rouge et blanc. La franchise Shampoo a disparu de la galerie commerciale du centre Leclerc, de Vouvray-sur-Loir (Sarthe),&hellip;","og_url":"https:\/\/contactfm72.fr\/?p=11849","og_site_name":"Contact FM 99.3","article_publisher":"https:\/\/www.facebook.com\/Contactfm.Chateauduloir","article_published_time":"2022-11-24T16:30:09+00:00","og_image":[{"width":1200,"height":976,"url":"https:\/\/contactfm72.fr\/wp-content\/uploads\/2022\/11\/coiffure-leclerc.jpg","type":"image\/jpeg"}],"author":"Val\u00e9rie C.","twitter_card":"summary_large_image","twitter_creator":"@contactfm72","twitter_site":"@contactfm72","twitter_misc":{"\u00c9crit par":"Val\u00e9rie C.","Dur\u00e9e de lecture estim\u00e9e":"3 minutes"},"schema":{"@context":"https:\/\/schema.org","@graph":[{"@type":"Article","@id":"https:\/\/contactfm72.fr\/?p=11849#article","isPartOf":{"@id":"https:\/\/contactfm72.fr\/?p=11849"},"author":{"name":"Val\u00e9rie C.","@id":"https:\/\/contactfm72.fr\/#\/schema\/person\/9fdc9d1c2eb029354a4f1535b90ba82d"},"headline":"Sud-Sarthe : Le studio du cheveu, nouveau salon de coiffure de la galerie marchande &#8220;Leclerc&#8221;","datePublished":"2022-11-24T16:30:09+00:00","mainEntityOfPage":{"@id":"https:\/\/contactfm72.fr\/?p=11849"},"wordCount":667,"publisher":{"@id":"https:\/\/contactfm72.fr\/#organization"},"image":{"@id":"https:\/\/contactfm72.fr\/?p=11849#primaryimage"},"thumbnailUrl":"https:\/\/contactfm72.fr\/wp-content\/uploads\/2022\/11\/coiffure-leclerc.jpg","articleSection":["Contact FM 72"],"inLanguage":"fr-FR"},{"@type":"WebPage","@id":"https:\/\/contactfm72.fr\/?p=11849","url":"https:\/\/contactfm72.fr\/?p=11849","name":"Sud-Sarthe : Le studio du cheveu, nouveau salon de coiffure de la galerie marchande \"Leclerc\" - Contact FM 99.3","isPartOf":{"@id":"https:\/\/contactfm72.fr\/#website"},"primaryImageOfPage":{"@id":"https:\/\/contactfm72.fr\/?p=11849#primaryimage"},"image":{"@id":"https:\/\/contactfm72.fr\/?p=11849#primaryimage"},"thumbnailUrl":"https:\/\/contactfm72.fr\/wp-content\/uploads\/2022\/11\/coiffure-leclerc.jpg","datePublished":"2022-11-24T16:30:09+00:00","breadcrumb":{"@id":"https:\/\/contactfm72.fr\/?p=11849#breadcrumb"},"inLanguage":"fr-FR","potentialAction":[{"@type":"ReadAction","target":["https:\/\/contactfm72.fr\/?p=11849"]}]},{"@type":"ImageObject","inLanguage":"fr-FR","@id":"https:\/\/contactfm72.fr\/?p=11849#primaryimage","url":"https:\/\/contactfm72.fr\/wp-content\/uploads\/2022\/11\/coiffure-leclerc.jpg","contentUrl":"https:\/\/contactfm72.fr\/wp-content\/uploads\/2022\/11\/coiffure-leclerc.jpg","width":1200,"height":976,"caption":"L'\u00e9quipe de St\u00e9phanie Boiss\u00e9, assise \u00e0 gauche, dans leur nouveau salon de coiffure : Le studio du cheveu, \u00e0 Vouvray-sur-Loir."},{"@type":"BreadcrumbList","@id":"https:\/\/contactfm72.fr\/?p=11849#breadcrumb","itemListElement":[{"@type":"ListItem","position":1,"name":"Accueil","item":"https:\/\/contactfm72.fr\/"},{"@type":"ListItem","position":2,"name":"Sud-Sarthe : Le studio du cheveu, nouveau salon de coiffure de la galerie marchande &#8220;Leclerc&#8221;"}]},{"@type":"WebSite","@id":"https:\/\/contactfm72.fr\/#website","url":"https:\/\/contactfm72.fr\/","name":"Contact FM 99.3","description":"Votre radio en vall\u00e9e du Loir","publisher":{"@id":"https:\/\/contactfm72.fr\/#organization"},"potentialAction":[{"@type":"SearchAction","target":{"@type":"EntryPoint","urlTemplate":"https:\/\/contactfm72.fr\/?s={search_term_string}"},"query-input":{"@type":"PropertyValueSpecification","valueRequired":true,"valueName":"search_term_string"}}],"inLanguage":"fr-FR"},{"@type":"Organization","@id":"https:\/\/contactfm72.fr\/#organization","name":"Contact FM 99.3","url":"https:\/\/contactfm72.fr\/","logo":{"@type":"ImageObject","inLanguage":"fr-FR","@id":"https:\/\/contactfm72.fr\/#\/schema\/logo\/image\/","url":"https:\/\/contactfm72.fr\/wp-content\/uploads\/2025\/04\/2025-04-18-2.jpg","contentUrl":"https:\/\/contactfm72.fr\/wp-content\/uploads\/2025\/04\/2025-04-18-2.jpg","width":680,"height":307,"caption":"Contact FM 99.3"},"image":{"@id":"https:\/\/contactfm72.fr\/#\/schema\/logo\/image\/"},"sameAs":["https:\/\/www.facebook.com\/Contactfm.Chateauduloir","https:\/\/x.com\/contactfm72","https:\/\/www.instagram.com\/contact.fm.72?igsh=cGhlMHQ5N2JlNnpp","https:\/\/www.tiktok.com\/@contact.fm"]},{"@type":"Person","@id":"https:\/\/contactfm72.fr\/#\/schema\/person\/9fdc9d1c2eb029354a4f1535b90ba82d","name":"Val\u00e9rie C.","image":{"@type":"ImageObject","inLanguage":"fr-FR","@id":"https:\/\/secure.gravatar.com\/avatar\/2f8aa28f8dfbd7d4420afd1fdcdd0a349923e2c8a38ab28198b0f9d0601e4737?s=96&d=mm&r=g","url":"https:\/\/secure.gravatar.com\/avatar\/2f8aa28f8dfbd7d4420afd1fdcdd0a349923e2c8a38ab28198b0f9d0601e4737?s=96&d=mm&r=g","contentUrl":"https:\/\/secure.gravatar.com\/avatar\/2f8aa28f8dfbd7d4420afd1fdcdd0a349923e2c8a38ab28198b0f9d0601e4737?s=96&d=mm&r=g","caption":"Val\u00e9rie C."},"url":"https:\/\/contactfm72.fr\/?author=4"}]}},"_links":{"self":[{"href":"https:\/\/contactfm72.fr\/index.php?rest_route=\/wp\/v2\/posts\/11849","targetHints":{"allow":["GET"]}}],"collection":[{"href":"https:\/\/contactfm72.fr\/index.php?rest_route=\/wp\/v2\/posts"}],"about":[{"href":"https:\/\/contactfm72.fr\/index.php?rest_route=\/wp\/v2\/types\/post"}],"author":[{"embeddable":true,"href":"https:\/\/contactfm72.fr\/index.php?rest_route=\/wp\/v2\/users\/4"}],"replies":[{"embeddable":true,"href":"https:\/\/contactfm72.fr\/index.php?rest_route=%2Fwp%2Fv2%2Fcomments&post=11849"}],"version-history":[{"count":1,"href":"https:\/\/contactfm72.fr\/index.php?rest_route=\/wp\/v2\/posts\/11849\/revisions"}],"predecessor-version":[{"id":11851,"href":"https:\/\/contactfm72.fr\/index.php?rest_route=\/wp\/v2\/posts\/11849\/revisions\/11851"}],"wp:featuredmedia":[{"embeddable":true,"href":"https:\/\/contactfm72.fr\/index.php?rest_route=\/wp\/v2\/media\/11850"}],"wp:attachment":[{"href":"https:\/\/contactfm72.fr\/index.php?rest_route=%2Fwp%2Fv2%2Fmedia&parent=11849"}],"wp:term":[{"taxonomy":"category","embeddable":true,"href":"https:\/\/contactfm72.fr\/index.php?rest_route=%2Fwp%2Fv2%2Fcategories&post=11849"},{"taxonomy":"post_tag","embeddable":true,"href":"https:\/\/contactfm72.fr\/index.php?rest_route=%2Fwp%2Fv2%2Ftags&post=11849"}],"curies":[{"name":"wp","href":"https:\/\/api.w.org\/{rel}","templated":true}]}}